{"id":40039,"date":"2019-10-04T10:40:36","date_gmt":"2019-10-04T15:40:36","guid":{"rendered":"http:\/\/www.grieta.org.mx\/?p=40039"},"modified":"2019-10-06T10:57:42","modified_gmt":"2019-10-06T15:57:42","slug":"ejidatarios-interponen-denuncia-por-invasion-con-maquinaria-zacatecas","status":"publish","type":"post","link":"https:\/\/www.grieta.org.mx\/index.php\/2019\/10\/04\/ejidatarios-interponen-denuncia-por-invasion-con-maquinaria-zacatecas\/","title":{"rendered":"Ejidatarios interponen denuncia por invasi\u00f3n con maquinaria (Zacatecas)"},"content":{"rendered":"<figure id=\"attachment_40040\" aria-describedby=\"caption-attachment-40040\" style=\"width: 800px\" class=\"wp-caption aligncenter\"><img loading=\"lazy\" decoding=\"async\" data-attachment-id=\"40040\" data-permalink=\"https:\/\/www.grieta.org.mx\/index.php\/2019\/10\/04\/ejidatarios-interponen-denuncia-por-invasion-con-maquinaria-zacatecas\/whatsapp-image-2019-10-04-at-9-07-18-am\/\" data-orig-file=\"https:\/\/www.grieta.org.mx\/wp-content\/uploads\/2019\/10\/whatsapp-image-2019-10-04-at-9.07.18-am.jpeg\" data-orig-size=\"1280,720\" data-comments-opened=\"0\" data-image-meta=\"{&quot;aperture&quot;:&quot;0&quot;,&quot;credit&quot;:&quot;&quot;,&quot;camera&quot;:&quot;&quot;,&quot;caption&quot;:&quot;&quot;,&quot;created_timestamp&quot;:&quot;0&quot;,&quot;copyright&quot;:&quot;&quot;,&quot;focal_length&quot;:&quot;0&quot;,&quot;iso&quot;:&quot;0&quot;,&quot;shutter_speed&quot;:&quot;0&quot;,&quot;title&quot;:&quot;&quot;,&quot;orientation&quot;:&quot;0&quot;}\" data-image-title=\"whatsapp-image-2019-10-04-at-9.07.18-am\" data-image-description=\"\" data-image-caption=\"&lt;p&gt;Foto: NTR Zacatecas&lt;\/p&gt;\n\" data-medium-file=\"https:\/\/www.grieta.org.mx\/wp-content\/uploads\/2019\/10\/whatsapp-image-2019-10-04-at-9.07.18-am-300x169.jpeg\" data-large-file=\"https:\/\/www.grieta.org.mx\/wp-content\/uploads\/2019\/10\/whatsapp-image-2019-10-04-at-9.07.18-am-1024x576.jpeg\" class=\"wp-image-40040\" src=\"http:\/\/www.grieta.org.mx\/wp-content\/uploads\/2019\/10\/whatsapp-image-2019-10-04-at-9.07.18-am-1024x576.jpeg\" alt=\"\" width=\"800\" height=\"450\" srcset=\"https:\/\/www.grieta.org.mx\/wp-content\/uploads\/2019\/10\/whatsapp-image-2019-10-04-at-9.07.18-am-1024x576.jpeg 1024w, https:\/\/www.grieta.org.mx\/wp-content\/uploads\/2019\/10\/whatsapp-image-2019-10-04-at-9.07.18-am-300x169.jpeg 300w, https:\/\/www.grieta.org.mx\/wp-content\/uploads\/2019\/10\/whatsapp-image-2019-10-04-at-9.07.18-am-768x432.jpeg 768w, https:\/\/www.grieta.org.mx\/wp-content\/uploads\/2019\/10\/whatsapp-image-2019-10-04-at-9.07.18-am-889x500.jpeg 889w, https:\/\/www.grieta.org.mx\/wp-content\/uploads\/2019\/10\/whatsapp-image-2019-10-04-at-9.07.18-am.jpeg 1280w\" sizes=\"auto, (max-width: 800px) 100vw, 800px\" \/><figcaption id=\"caption-attachment-40040\" class=\"wp-caption-text\">Foto: NTR Zacatecas<\/figcaption><\/figure>\n<p>NTR Zacatecas, 04 de octubre de 2019<\/p>\n<p>El Comisariado Ejidal del Ejido El Potrero, ubicado en el municipio de Jim\u00e9nez del Teul, interpuso otra denuncia penal en el M\u00f3dulo de Atenci\u00f3n Temprana del Distrito Judicial en Sombrerete, perteneciente a la Procuradur\u00eda General de Justicia del Estado de Zacatecas radicada con el folio 618\/2019-10.<\/p>\n<p>Esta nueva denuncia se suma a una vasta lista de acciones jur\u00eddicas impulsadas por los campesinos de los ejidos ante las constantes irregularidades y delitos cometidos por el gobierno del estado de Zacatecas en su afanoso inter\u00e9s por imponer la construcci\u00f3n de la Presa Milpillas. Del mismo modo, el jueves 03 de octubre se entreg\u00f3 una solicitud en el H. Ayuntamiento de Jim\u00e9nez del Teul dirigido a Victoriana Espinosa S\u00e1nchez, actual presidenta municipal, exigiendo que respete la autonom\u00eda del ejido y se informe con el debido procedimiento al Comisariado Ejidal cualquier acci\u00f3n que pretendan llevar a cabo sobre su territorio.<\/p>\n<p>Toda vez, que el pasado jueves 26 de septiembre alrededor de las 10:00 am, las y los ejidatarios se percataron de dos camiones de carga con la leyenda de \u201cObras P\u00fablicas\u201d en sus ejidos, contrario a lo que dice Maldonado.<\/p>\n<p>Uno de los veh\u00edculos responde al c\u00f3digo VY-37 con placas XG-0995-A, adem\u00e1s, se identificaron dos m\u00e1quinas: una retroexcavadora tipo CAT y otra motoconformadora.<\/p>\n<p>Es importante se\u00f1alar que el ejido no ha otorgado permiso alguno al gobierno municipal y estatal para el acceso de maquinaria y realizar trabajos sobre los terrenos de uso com\u00fan. Por lo tanto, consideramos que una vez m\u00e1s, los gobiernos encabezados por Alejandro Tello Cristerna y Victoriana Espinosa S\u00e1nchez violentan la tranquilidad y los derechos colectivos de las y los campesinos zacatecanos establecidos en la Ley Agraria. Esto, debido a que no conformes con introducir la maquinaria de forma ilegal, los automotores se encuentran extrayendo material de tepetate para el revestimiento de caminos, ocasionando un da\u00f1o irreversible al territorio al extraer los recursos sin autorizaci\u00f3n, esto significa, que tambi\u00e9n est\u00e1n robando al ejido.<\/p>\n<p>Los impactos por la destrucci\u00f3n ambiental y la p\u00e9rdida de biodiversidad para ampliar un camino de 3 metros a 4 metros de ancho por un kil\u00f3metro de largo y que va rumbo a la ubicaci\u00f3n de la pretendida Presa Milpillas es muy visible.<\/p>\n<p>Denunciamos que las acciones y estrategias de quienes promueven el Megaproyecto Hidr\u00e1ulico \u201cMilpillas\u201d, encabezado por el gobierno del estado de Zacatecas, demuestran desesperaci\u00f3n y una urgencia plagada de violencia, corrupci\u00f3n, actos ilegales y autoritarios, a pesar de que dicho proyecto no es social ni ambientalmente viable.<\/p>\n<p>Responsabilizamos al Gobernador Alejandro Tello Cristerna de cualquier agresi\u00f3n f\u00edsica y\/o conato de violencia en los ejidos de El Potrero, Atotonilco, Estancia de Guadalupe y Corrales, sobre todo, por la integridad de las y los campesinos que conforman el Movimiento en Defensa del Territorio y del R\u00edo Atenco.<\/p>\n<p>Finalmente, el Movimiento en Defensa del Territorio y del R\u00edo Atenco, el Observatorio de Conflictos Mineros de Zacatecas y la Red Mexicana de Afectadas\/os por la Miner\u00eda, nos deslindamos de cualquier figura, caudillo o l\u00edder pol\u00edtico-partidista. Somos y seremos un movimiento aut\u00f3nomo que lucha por combatir al modelo extractivo, que indistintamente del partido que ostente el poder, est\u00e1 depredando al pa\u00eds y despojando a los pueblos y comunidades con el objetivo de obtener ganancias econ\u00f3micas para unos y pobreza para otros.<\/p>\n<figure id=\"attachment_40041\" aria-describedby=\"caption-attachment-40041\" style=\"width: 800px\" class=\"wp-caption aligncenter\"><img loading=\"lazy\" decoding=\"async\" data-attachment-id=\"40041\" data-permalink=\"https:\/\/www.grieta.org.mx\/index.php\/2019\/10\/04\/ejidatarios-interponen-denuncia-por-invasion-con-maquinaria-zacatecas\/whatsapp-image-2019-10-04-at-9-07-16-am1\/\" data-orig-file=\"https:\/\/www.grieta.org.mx\/wp-content\/uploads\/2019\/10\/whatsapp-image-2019-10-04-at-9.07.16-am1.jpeg\" data-orig-size=\"689,897\" data-comments-opened=\"0\" data-image-meta=\"{&quot;aperture&quot;:&quot;0&quot;,&quot;credit&quot;:&quot;&quot;,&quot;camera&quot;:&quot;&quot;,&quot;caption&quot;:&quot;&quot;,&quot;created_timestamp&quot;:&quot;0&quot;,&quot;copyright&quot;:&quot;&quot;,&quot;focal_length&quot;:&quot;0&quot;,&quot;iso&quot;:&quot;0&quot;,&quot;shutter_speed&quot;:&quot;0&quot;,&quot;title&quot;:&quot;&quot;,&quot;orientation&quot;:&quot;0&quot;}\" data-image-title=\"whatsapp-image-2019-10-04-at-9.07.16-am1\" data-image-description=\"\" data-image-caption=\"&lt;p&gt;Imagen: NTR Zacatecas&lt;\/p&gt;\n\" data-medium-file=\"https:\/\/www.grieta.org.mx\/wp-content\/uploads\/2019\/10\/whatsapp-image-2019-10-04-at-9.07.16-am1-230x300.jpeg\" data-large-file=\"https:\/\/www.grieta.org.mx\/wp-content\/uploads\/2019\/10\/whatsapp-image-2019-10-04-at-9.07.16-am1.jpeg\" class=\"wp-image-40041\" src=\"http:\/\/www.grieta.org.mx\/wp-content\/uploads\/2019\/10\/whatsapp-image-2019-10-04-at-9.07.16-am1.jpeg\" alt=\"\" width=\"800\" height=\"1042\" srcset=\"https:\/\/www.grieta.org.mx\/wp-content\/uploads\/2019\/10\/whatsapp-image-2019-10-04-at-9.07.16-am1.jpeg 689w, https:\/\/www.grieta.org.mx\/wp-content\/uploads\/2019\/10\/whatsapp-image-2019-10-04-at-9.07.16-am1-230x300.jpeg 230w, https:\/\/www.grieta.org.mx\/wp-content\/uploads\/2019\/10\/whatsapp-image-2019-10-04-at-9.07.16-am1-384x500.jpeg 384w\" sizes=\"auto, (max-width: 800px) 100vw, 800px\" \/><figcaption id=\"caption-attachment-40041\" class=\"wp-caption-text\">Imagen: NTR Zacatecas<\/figcaption><\/figure>\n<figure id=\"attachment_40042\" aria-describedby=\"caption-attachment-40042\" style=\"width: 800px\" class=\"wp-caption aligncenter\"><img loading=\"lazy\" decoding=\"async\" data-attachment-id=\"40042\" data-permalink=\"https:\/\/www.grieta.org.mx\/index.php\/2019\/10\/04\/ejidatarios-interponen-denuncia-por-invasion-con-maquinaria-zacatecas\/whatsapp-image-2019-10-04-at-9-07-16-am\/\" data-orig-file=\"https:\/\/www.grieta.org.mx\/wp-content\/uploads\/2019\/10\/whatsapp-image-2019-10-04-at-9.07.16-am.jpeg\" data-orig-size=\"779,1280\" data-comments-opened=\"0\" data-image-meta=\"{&quot;aperture&quot;:&quot;0&quot;,&quot;credit&quot;:&quot;&quot;,&quot;camera&quot;:&quot;&quot;,&quot;caption&quot;:&quot;&quot;,&quot;created_timestamp&quot;:&quot;0&quot;,&quot;copyright&quot;:&quot;&quot;,&quot;focal_length&quot;:&quot;0&quot;,&quot;iso&quot;:&quot;0&quot;,&quot;shutter_speed&quot;:&quot;0&quot;,&quot;title&quot;:&quot;&quot;,&quot;orientation&quot;:&quot;0&quot;}\" data-image-title=\"whatsapp-image-2019-10-04-at-9.07.16-am\" data-image-description=\"\" data-image-caption=\"&lt;p&gt;Imagen: NTR Zacatecas&lt;\/p&gt;\n\" data-medium-file=\"https:\/\/www.grieta.org.mx\/wp-content\/uploads\/2019\/10\/whatsapp-image-2019-10-04-at-9.07.16-am-183x300.jpeg\" data-large-file=\"https:\/\/www.grieta.org.mx\/wp-content\/uploads\/2019\/10\/whatsapp-image-2019-10-04-at-9.07.16-am-623x1024.jpeg\" class=\"wp-image-40042\" src=\"http:\/\/www.grieta.org.mx\/wp-content\/uploads\/2019\/10\/whatsapp-image-2019-10-04-at-9.07.16-am-623x1024.jpeg\" alt=\"\" width=\"800\" height=\"1315\" srcset=\"https:\/\/www.grieta.org.mx\/wp-content\/uploads\/2019\/10\/whatsapp-image-2019-10-04-at-9.07.16-am-623x1024.jpeg 623w, https:\/\/www.grieta.org.mx\/wp-content\/uploads\/2019\/10\/whatsapp-image-2019-10-04-at-9.07.16-am-183x300.jpeg 183w, https:\/\/www.grieta.org.mx\/wp-content\/uploads\/2019\/10\/whatsapp-image-2019-10-04-at-9.07.16-am-768x1262.jpeg 768w, https:\/\/www.grieta.org.mx\/wp-content\/uploads\/2019\/10\/whatsapp-image-2019-10-04-at-9.07.16-am-304x500.jpeg 304w, https:\/\/www.grieta.org.mx\/wp-content\/uploads\/2019\/10\/whatsapp-image-2019-10-04-at-9.07.16-am.jpeg 779w\" sizes=\"auto, (max-width: 800px) 100vw, 800px\" \/><figcaption id=\"caption-attachment-40042\" class=\"wp-caption-text\">Imagen: NTR Zacatecas<\/figcaption><\/figure>\n","protected":false},"excerpt":{"rendered":"<p>NTR Zacatecas, 04 de octubre de 2019 El Comisariado Ejidal del Ejido El Potrero, ubicado en el municipio de Jim\u00e9nez del Teul, interpuso otra denuncia penal en el M\u00f3dulo de &hellip; <a href=\"https:\/\/www.grieta.org.mx\/index.php\/2019\/10\/04\/ejidatarios-interponen-denuncia-por-invasion-con-maquinaria-zacatecas\/\" class=\"more-link\">Leer m\u00e1s<\/a><\/p>\n","protected":false},"author":2,"featured_media":40040,"comment_status":"closed","ping_status":"closed","sticky":false,"template":"","format":"standard","meta":{"ngg_post_thumbnail":0,"_jetpack_newsletter_access":"","_jetpack_dont_email_post_to_subs":false,"_jetpack_newsletter_tier_id":0,"_jetpack_memberships_contains_paywalled_content":false,"_jetpack_memberships_contains_paid_content":false,"footnotes":""},"categories":[80,1973,1505,1974,76],"tags":[2216,1065,2846],"class_list":["post-40039","post","type-post","status-publish","format-standard","has-post-thumbnail","hentry","category-cintillo","category-conflictos-mineros-en-zacatecas","category-danos-ambientales-y-a-la-salud-por-mineria-en-zacatecas","category-despojo-en-el-municipio-de-mazapil","category-zacatecas","tag-conflictos-por-mineria","tag-despojo-de-agua-y-tierras","tag-lucha-contra-la-mineria","entry"],"jetpack_featured_media_url":"https:\/\/www.grieta.org.mx\/wp-content\/uploads\/2019\/10\/whatsapp-image-2019-10-04-at-9.07.18-am.jpeg","jetpack_sharing_enabled":true,"jetpack_shortlink":"https:\/\/wp.me\/p7ZJR4-apN","jetpack_likes_enabled":false,"jetpack-related-posts":[{"id":38782,"url":"https:\/\/www.grieta.org.mx\/index.php\/2019\/09\/03\/rema-interpone-nuevo-juicio-zacatecas\/","url_meta":{"origin":40039,"position":0},"title":"REMA interpone nuevo juicio (Zacatecas)","author":"grieta","date":"3 septiembre, 2019","format":false,"excerpt":"Silvia Alvarado \/ NTR Zacatecas, 03 de septiembre de 2019 La Red Mexicana de Afectados por la Miner\u00eda (REMA) inform\u00f3 que fue interpuesto ante el Tribunal Unitario Agrario, el segundo juicio de nulidad del acta de asamblea realizada el 14 de octubre de 218 en El Potrero, en el que\u2026","rel":"","context":"En &quot;CINTILLO&quot;","block_context":{"text":"CINTILLO","link":"https:\/\/www.grieta.org.mx\/index.php\/category\/cintillo\/"},"img":{"alt_text":"","src":"https:\/\/i0.wp.com\/www.grieta.org.mx\/wp-content\/uploads\/2019\/09\/rema-1.jpeg?resize=350%2C200&ssl=1","width":350,"height":200,"srcset":"https:\/\/i0.wp.com\/www.grieta.org.mx\/wp-content\/uploads\/2019\/09\/rema-1.jpeg?resize=350%2C200&ssl=1 1x, https:\/\/i0.wp.com\/www.grieta.org.mx\/wp-content\/uploads\/2019\/09\/rema-1.jpeg?resize=525%2C300&ssl=1 1.5x, https:\/\/i0.wp.com\/www.grieta.org.mx\/wp-content\/uploads\/2019\/09\/rema-1.jpeg?resize=700%2C400&ssl=1 2x"},"classes":[]},{"id":43062,"url":"https:\/\/www.grieta.org.mx\/index.php\/2020\/01\/13\/ratifican-ejidatarios-rechazo-a-presa-milpillas-zacatecas\/","url_meta":{"origin":40039,"position":1},"title":"Ratifican ejidatarios rechazo a presa Milpillas (Zacatecas)","author":"grieta","date":"13 enero, 2020","format":false,"excerpt":"MIRIAM SERRANO\/ NTR Zacatecas, 13 de enero de 2020 JIM\u00c9NEZ DEL TE\u00daL.- Luego de que el pasado 4 enero se llev\u00f3 a cabo una asamblea en el Ejido Atotonilco, se inform\u00f3 que ejidatarios de esta localidad y de El Potrero de manera un\u00e1nime ratificaron su rechazo a la autorizaci\u00f3n de\u2026","rel":"","context":"En &quot;CINTILLO&quot;","block_context":{"text":"CINTILLO","link":"https:\/\/www.grieta.org.mx\/index.php\/category\/cintillo\/"},"img":{"alt_text":"","src":"https:\/\/i0.wp.com\/www.grieta.org.mx\/wp-content\/uploads\/2018\/03\/14524434_1106112876131411_958039263622046936_o.jpg?resize=350%2C200&ssl=1","width":350,"height":200,"srcset":"https:\/\/i0.wp.com\/www.grieta.org.mx\/wp-content\/uploads\/2018\/03\/14524434_1106112876131411_958039263622046936_o.jpg?resize=350%2C200&ssl=1 1x, https:\/\/i0.wp.com\/www.grieta.org.mx\/wp-content\/uploads\/2018\/03\/14524434_1106112876131411_958039263622046936_o.jpg?resize=525%2C300&ssl=1 1.5x, https:\/\/i0.wp.com\/www.grieta.org.mx\/wp-content\/uploads\/2018\/03\/14524434_1106112876131411_958039263622046936_o.jpg?resize=700%2C400&ssl=1 2x"},"classes":[]},{"id":56058,"url":"https:\/\/www.grieta.org.mx\/index.php\/2020\/12\/26\/acusan-contubernio-de-municipio-con-empresa-minera-zacatecas\/","url_meta":{"origin":40039,"position":2},"title":"Acusan contubernio de Municipio con empresa minera (Zacatecas)","author":"grieta","date":"26 diciembre, 2020","format":false,"excerpt":"MIRIAM SERRANO \/ NTRZACATECAS.COM, 26 de diciembre de 2020 MAZAPIL. Roberto de la Rosa D\u00e1vila, l\u00edder comunitario de Salaverna, denunci\u00f3 que existe contubernio entre el presidente municipal, Gregorio Mac\u00edas Z\u00fa\u00f1iga, y directivos de la empresa minera Frisco-Tayahua, de Carlos Slim, al violar los derechos humanos de los habitantes del municipio.\u2026","rel":"","context":"En &quot;CINTILLO&quot;","block_context":{"text":"CINTILLO","link":"https:\/\/www.grieta.org.mx\/index.php\/category\/cintillo\/"},"img":{"alt_text":"","src":"https:\/\/i0.wp.com\/www.grieta.org.mx\/wp-content\/uploads\/2020\/12\/mazapil-1.jpg?resize=350%2C200&ssl=1","width":350,"height":200,"srcset":"https:\/\/i0.wp.com\/www.grieta.org.mx\/wp-content\/uploads\/2020\/12\/mazapil-1.jpg?resize=350%2C200&ssl=1 1x, https:\/\/i0.wp.com\/www.grieta.org.mx\/wp-content\/uploads\/2020\/12\/mazapil-1.jpg?resize=525%2C300&ssl=1 1.5x, https:\/\/i0.wp.com\/www.grieta.org.mx\/wp-content\/uploads\/2020\/12\/mazapil-1.jpg?resize=700%2C400&ssl=1 2x"},"classes":[]},{"id":63198,"url":"https:\/\/www.grieta.org.mx\/index.php\/2022\/01\/02\/defiende-ocmal-a-lideres-de-salaverna-zacatecas\/","url_meta":{"origin":40039,"position":3},"title":"Defiende OCMAL a l\u00edderes de Salaverna (Zacatecas)","author":"grieta","date":"2 enero, 2022","format":false,"excerpt":"domingo, 2 de enero de 2022 KAREN CALDER\u00d3N | NTRZACATECAS.COM La Red del Observatorio de Conflictos Mineros de Am\u00e9rica Latina (OCMAL), a trav\u00e9s de un comunicado, solicit\u00f3 al presidente de la Rep\u00fablica Mexicana, Andr\u00e9s Manuel L\u00f3pez Obrador, y al gobernador del estado, David Monreal \u00c1vila, poner un alto a la\u2026","rel":"","context":"En &quot;CINTILLO&quot;","block_context":{"text":"CINTILLO","link":"https:\/\/www.grieta.org.mx\/index.php\/category\/cintillo\/"},"img":{"alt_text":"","src":"https:\/\/i0.wp.com\/www.grieta.org.mx\/wp-content\/uploads\/2018\/03\/14524434_1106112876131411_958039263622046936_o.jpg?resize=350%2C200&ssl=1","width":350,"height":200,"srcset":"https:\/\/i0.wp.com\/www.grieta.org.mx\/wp-content\/uploads\/2018\/03\/14524434_1106112876131411_958039263622046936_o.jpg?resize=350%2C200&ssl=1 1x, https:\/\/i0.wp.com\/www.grieta.org.mx\/wp-content\/uploads\/2018\/03\/14524434_1106112876131411_958039263622046936_o.jpg?resize=525%2C300&ssl=1 1.5x, https:\/\/i0.wp.com\/www.grieta.org.mx\/wp-content\/uploads\/2018\/03\/14524434_1106112876131411_958039263622046936_o.jpg?resize=700%2C400&ssl=1 2x"},"classes":[]},{"id":678,"url":"https:\/\/www.grieta.org.mx\/index.php\/2016\/02\/15\/conflictos-en-la-universidad-autonoma-de-zacatecas\/","url_meta":{"origin":40039,"position":4},"title":"Conflictos en la Universidad Aut\u00f3noma de Zacatecas","author":"grieta","date":"15 febrero, 2016","format":false,"excerpt":"15\/02\/16. Otro Paro en la UAZ NTR Zacatecas 12\/02\/16. Planta rector a SPAUAZ; STUAZ rechaza huelga NTR Zacatecas 27\/01\/16. Paro general en la UAZ NTR Zacatecas 26\/01\/16. Condicionan a alumnos de medicina de la UAZ NTR Zacatecas 18\/01\/16. Denuncia SPAUAZ a rector por peculado NTR Zacatecas 17\/12\/15. Prestar\u00e1 SPAUAZ dinero\u2026","rel":"","context":"En &quot;Zacatecas&quot;","block_context":{"text":"Zacatecas","link":"https:\/\/www.grieta.org.mx\/index.php\/category\/noticias-nacionales\/zacatecas\/"},"img":{"alt_text":"","src":"https:\/\/i0.wp.com\/www.grieta.org.mx\/wp-content\/uploads\/2018\/03\/14524434_1106112876131411_958039263622046936_o.jpg?resize=350%2C200&ssl=1","width":350,"height":200,"srcset":"https:\/\/i0.wp.com\/www.grieta.org.mx\/wp-content\/uploads\/2018\/03\/14524434_1106112876131411_958039263622046936_o.jpg?resize=350%2C200&ssl=1 1x, https:\/\/i0.wp.com\/www.grieta.org.mx\/wp-content\/uploads\/2018\/03\/14524434_1106112876131411_958039263622046936_o.jpg?resize=525%2C300&ssl=1 1.5x, https:\/\/i0.wp.com\/www.grieta.org.mx\/wp-content\/uploads\/2018\/03\/14524434_1106112876131411_958039263622046936_o.jpg?resize=700%2C400&ssl=1 2x"},"classes":[]},{"id":40737,"url":"https:\/\/www.grieta.org.mx\/index.php\/2019\/10\/31\/ejidatarios-acusan-dano-en-zacatecas\/","url_meta":{"origin":40039,"position":5},"title":"Ejidatarios acusan da\u00f1o en Zacatecas","author":"grieta","date":"31 octubre, 2019","format":false,"excerpt":"Los ejidatarios de El Potrero, han llevado a cabo varias acciones penales contra el gobierno de Zacatecas, la \u00faltima de ellas por extraer tepetate de sus terrenos, sin autorizaci\u00f3n previa Georgina Olson, Excelsior, 31\/10\/2019 CIUDAD DE M\u00c9XICO. Los ejidatarios de El Potrero, municipio de Jim\u00e9nez de Teul, han llevado a\u2026","rel":"","context":"En &quot;CINTILLO&quot;","block_context":{"text":"CINTILLO","link":"https:\/\/www.grieta.org.mx\/index.php\/category\/cintillo\/"},"img":{"alt_text":"","src":"https:\/\/i0.wp.com\/www.grieta.org.mx\/wp-content\/uploads\/2019\/11\/2246244.jpg?resize=350%2C200&ssl=1","width":350,"height":200,"srcset":"https:\/\/i0.wp.com\/www.grieta.org.mx\/wp-content\/uploads\/2019\/11\/2246244.jpg?resize=350%2C200&ssl=1 1x, https:\/\/i0.wp.com\/www.grieta.org.mx\/wp-content\/uploads\/2019\/11\/2246244.jpg?resize=525%2C300&ssl=1 1.5x"},"classes":[]}],"_links":{"self":[{"href":"https:\/\/www.grieta.org.mx\/index.php\/wp-json\/wp\/v2\/posts\/40039","targetHints":{"allow":["GET"]}}],"collection":[{"href":"https:\/\/www.grieta.org.mx\/index.php\/wp-json\/wp\/v2\/posts"}],"about":[{"href":"https:\/\/www.grieta.org.mx\/index.php\/wp-json\/wp\/v2\/types\/post"}],"author":[{"embeddable":true,"href":"https:\/\/www.grieta.org.mx\/index.php\/wp-json\/wp\/v2\/users\/2"}],"replies":[{"embeddable":true,"href":"https:\/\/www.grieta.org.mx\/index.php\/wp-json\/wp\/v2\/comments?post=40039"}],"version-history":[{"count":1,"href":"https:\/\/www.grieta.org.mx\/index.php\/wp-json\/wp\/v2\/posts\/40039\/revisions"}],"predecessor-version":[{"id":40043,"href":"https:\/\/www.grieta.org.mx\/index.php\/wp-json\/wp\/v2\/posts\/40039\/revisions\/40043"}],"wp:featuredmedia":[{"embeddable":true,"href":"https:\/\/www.grieta.org.mx\/index.php\/wp-json\/wp\/v2\/media\/40040"}],"wp:attachment":[{"href":"https:\/\/www.grieta.org.mx\/index.php\/wp-json\/wp\/v2\/media?parent=40039"}],"wp:term":[{"taxonomy":"category","embeddable":true,"href":"https:\/\/www.grieta.org.mx\/index.php\/wp-json\/wp\/v2\/categories?post=40039"},{"taxonomy":"post_tag","embeddable":true,"href":"https:\/\/www.grieta.org.mx\/index.php\/wp-json\/wp\/v2\/tags?post=40039"}],"curies":[{"name":"wp","href":"https:\/\/api.w.org\/{rel}","templated":true}]}}