{"id":40016,"date":"2019-10-03T23:34:03","date_gmt":"2019-10-04T04:34:03","guid":{"rendered":"http:\/\/www.grieta.org.mx\/?p=40016"},"modified":"2019-10-05T23:50:31","modified_gmt":"2019-10-06T04:50:31","slug":"alumnos-y-padres-protestan-en-oficinas-de-derechos-humanos-en-mazatlan-sinaloa","status":"publish","type":"post","link":"https:\/\/www.grieta.org.mx\/index.php\/2019\/10\/03\/alumnos-y-padres-protestan-en-oficinas-de-derechos-humanos-en-mazatlan-sinaloa\/","title":{"rendered":"Alumnos y padres protestan en oficinas de Derechos Humanos en Mazatl\u00e1n (Sinaloa)"},"content":{"rendered":"<p><img loading=\"lazy\" decoding=\"async\" data-attachment-id=\"40017\" data-permalink=\"https:\/\/www.grieta.org.mx\/index.php\/2019\/10\/03\/alumnos-y-padres-protestan-en-oficinas-de-derechos-humanos-en-mazatlan-sinaloa\/alumnos_y_padres_protestan_en_oficinas_de_derechos_humanos_crop1570218237280-jpg_219914347\/\" data-orig-file=\"https:\/\/www.grieta.org.mx\/wp-content\/uploads\/2019\/10\/alumnos_y_padres_protestan_en_oficinas_de_derechos_humanos_crop1570218237280.jpg_219914347.jpg\" data-orig-size=\"960,540\" data-comments-opened=\"0\" data-image-meta=\"{&quot;aperture&quot;:&quot;0&quot;,&quot;credit&quot;:&quot;&quot;,&quot;camera&quot;:&quot;&quot;,&quot;caption&quot;:&quot;&quot;,&quot;created_timestamp&quot;:&quot;0&quot;,&quot;copyright&quot;:&quot;&quot;,&quot;focal_length&quot;:&quot;0&quot;,&quot;iso&quot;:&quot;0&quot;,&quot;shutter_speed&quot;:&quot;0&quot;,&quot;title&quot;:&quot;&quot;,&quot;orientation&quot;:&quot;0&quot;}\" data-image-title=\"alumnos_y_padres_protestan_en_oficinas_de_derechos_humanos_crop1570218237280.jpg_219914347\" data-image-description=\"\" data-image-caption=\"\" data-medium-file=\"https:\/\/www.grieta.org.mx\/wp-content\/uploads\/2019\/10\/alumnos_y_padres_protestan_en_oficinas_de_derechos_humanos_crop1570218237280.jpg_219914347-300x169.jpg\" data-large-file=\"https:\/\/www.grieta.org.mx\/wp-content\/uploads\/2019\/10\/alumnos_y_padres_protestan_en_oficinas_de_derechos_humanos_crop1570218237280.jpg_219914347.jpg\" class=\"aligncenter wp-image-40017\" src=\"http:\/\/www.grieta.org.mx\/wp-content\/uploads\/2019\/10\/alumnos_y_padres_protestan_en_oficinas_de_derechos_humanos_crop1570218237280.jpg_219914347.jpg\" alt=\"\" width=\"800\" height=\"450\" srcset=\"https:\/\/www.grieta.org.mx\/wp-content\/uploads\/2019\/10\/alumnos_y_padres_protestan_en_oficinas_de_derechos_humanos_crop1570218237280.jpg_219914347.jpg 960w, https:\/\/www.grieta.org.mx\/wp-content\/uploads\/2019\/10\/alumnos_y_padres_protestan_en_oficinas_de_derechos_humanos_crop1570218237280.jpg_219914347-300x169.jpg 300w, https:\/\/www.grieta.org.mx\/wp-content\/uploads\/2019\/10\/alumnos_y_padres_protestan_en_oficinas_de_derechos_humanos_crop1570218237280.jpg_219914347-768x432.jpg 768w, https:\/\/www.grieta.org.mx\/wp-content\/uploads\/2019\/10\/alumnos_y_padres_protestan_en_oficinas_de_derechos_humanos_crop1570218237280.jpg_219914347-889x500.jpg 889w\" sizes=\"auto, (max-width: 800px) 100vw, 800px\" \/><\/p>\n<p>Foto: El Debate<\/p>\n<p><em>El recorte al presupuesto del 2020 desata la incertidumbre en padres con hijos discapacitados<\/em><\/p>\n<p>Mayreli Cort\u00e9s \/ El Debate<\/p>\n<p><strong>Mazatl\u00e1n.-<\/strong>\u00a0Padres de familia de alumnos inscritos en el Centro de Atenci\u00f3n para Estudiantes con Discapacidad (CAED) del Cetmar 08 protestaron la ma\u00f1ana de ayer en las oficinas de los Derechos Humanos. Solicitaron que el derecho a la educaci\u00f3n sea respetado.<\/p>\n<p>Cerca de 20 alumnos se manifestaron. Con pancarta en mano y gritando al un\u00edsono: \u201c\u00a1Queremos CAED, queremos CAED!\u201d, exigieron que no se recorte el presupuesto al centro de atenci\u00f3n para que los contin\u00fae ayudando.<\/p>\n<p>Los padres entregaron un escrito al visitador adjunto, Ad\u00e1n Barr\u00f3n Hern\u00e1ndez, dirigida al presidente de la Comisi\u00f3n Estatal de Derechos Humanos, en el que exigieron que el Centro de Atenci\u00f3n para Estudiantes con Discapacidad contin\u00fae laborando; \u00a0papel que fue turnado a la Comisi\u00f3n Nacional de los Derechos Humanos por raz\u00f3n de competencia.<\/p>\n<p>Por tratarse de una queja federal, esto se turna a M\u00e9xico&#8221;, explic\u00f3 el visitador adjunto.<\/p>\n<p>Ante esto, los padres nombraron a un representante para recibir notificaciones del tema para conocer a detalle el seguimiento de la petici\u00f3n.<\/p>\n<p>Ren\u00e9 Zamudio, representante y vocero de los padres de familia, dijo que \u00a0buscan no perder la ayuda, ya que cerca de 60 alumnos con discapacidad est\u00e1n inscritos en el centro de atenci\u00f3n<\/p>\n<p><strong>La incertidumbre<\/strong><\/p>\n<p>Al borde de las l\u00e1grimas y la desesperaci\u00f3n, las madres narraron lo dif\u00edcil que ha resultado encontrar una escuela capaz de atender a sus hijos que padecen alguna discapacidad y para ellos la instituci\u00f3n ha influido de manera ben\u00e9fica en el desarrollo estudiantil de sus hijos.<\/p>\n<p>Por ende, piden al presidente de la Rep\u00fablica que no les quite el apoyo a los estudiantes con discapacidad.<\/p>\n<p>\u201cMi hijo tiene s\u00edndrome de Asperger y gracias al CAED aprende y socializa&#8230; No podemos permitir que lo cierren\u201d, expresa Noelia Moraga, madre de dos hijos m\u00e1s.<\/p>\n<p>Patricia Cruz, de 47 a\u00f1os \u00a0y con osteoporosis, pide que su hijo Christopher contin\u00fae siendo atendido mediante el programa.<\/p>\n<p><strong>Otro caso<\/strong><\/p>\n<p>Anteriormente, una asesora del CAED del CBTIS \u00a043, que atend\u00eda a m\u00e1s de 50 alumnos con discapacidad en ese plantel, fue despedida debido a las medidas de austeridad que emprende el Gobierno Federal.<\/p>\n<p>Sin embargo, Mazatl\u00e1n no es el \u00fanico caso, otras ciudades est\u00e1n pasando por el despido de personal.<\/p>\n<p><strong>La atenci\u00f3n<\/strong><\/p>\n<p>En el plantel se atiende a j\u00f3venes con s\u00edndrome Down, lento aprendizaje, \u00a0discapacidad motriz y discapacidad intelectual.<br \/>\nEl programa, que por a\u00f1os ha beneficiado a miles de j\u00f3venes con discapacidad en el tema de estudios, se encuentra a punto de desaparecer, pues no se encuentra contemplado para el pr\u00f3ximo a\u00f1o debido a la austeridad del gobierno de L\u00f3pez Obrador.<\/p>\n<p>CAED apoya a m\u00e1s de 50 mil personas discapacitadas que contin\u00faan con sus estudios en cerca de 300 centros en el pa\u00eds, ubicados principalmente en planteles federales de la Rep\u00fablica Mexicana.<br \/>\nLos CAED est\u00e1n basados en el acuerdo 445 de la Secretar\u00eda de Educaci\u00f3n P\u00fablica, que contempla la certificaci\u00f3n del bachillerato por evaluaciones parciales.<\/p>\n<p>LOS DATOS<\/p>\n<p>El testimonio<\/p>\n<p>Los padres de familia expresan que el CAED es un centro que ha apoyado el desarrollo estudiantil de sus hijos con discapacidad, al grado que pueden socializar con otros alumnos.<\/p>\n<p>El temor<\/p>\n<p>Los afectados temen que el programa desaparezca, ya que actualmente otras escuelas no cuentan con el programa en el que se basa el CAED para ense\u00f1ar a los alumnos.<\/p>\n<p><a href=\"https:\/\/www.debate.com.mx\/mazatlan\/Alumnos-y-padres-protestan-en-oficinas-de-Derechos-Humanos-en-Mazatlan-20191004-0183.html\">https:\/\/www.debate.com.mx\/mazatlan\/Alumnos-y-padres-protestan-en-oficinas-de-Derechos-Humanos-en-Mazatlan-20191004-0183.html<\/a><\/p>\n","protected":false},"excerpt":{"rendered":"<p>Foto: El Debate El recorte al presupuesto del 2020 desata la incertidumbre en padres con hijos discapacitados Mayreli Cort\u00e9s \/ El Debate Mazatl\u00e1n.-\u00a0Padres de familia de alumnos inscritos en el &hellip; <a href=\"https:\/\/www.grieta.org.mx\/index.php\/2019\/10\/03\/alumnos-y-padres-protestan-en-oficinas-de-derechos-humanos-en-mazatlan-sinaloa\/\" class=\"more-link\">Leer m\u00e1s<\/a><\/p>\n","protected":false},"author":2,"featured_media":40017,"comment_status":"closed","ping_status":"closed","sticky":false,"template":"","format":"standard","meta":{"ngg_post_thumbnail":0,"_jetpack_newsletter_access":"","_jetpack_dont_email_post_to_subs":false,"_jetpack_newsletter_tier_id":0,"_jetpack_memberships_contains_paywalled_content":false,"_jetpack_memberships_contains_paid_content":false,"footnotes":""},"categories":[80,916,1827,2546,2,30,83],"tags":[102,2362,2197],"class_list":["post-40016","post","type-post","status-publish","format-standard","has-post-thumbnail","hentry","category-cintillo","category-privatizacion-del-la-educacion-publica","category-la-ninez-en-la-tormenta-capitalista","category-la-ninez-en-la-tormenta-en-sinaloa","category-noticias-nacionales","category-sinaloa","category-temas-nacionales","tag-derecho-a-la-educacion","tag-la-ninez-en-la-tormenta","tag-reduccion-presupuesto-educacion","entry"],"jetpack_featured_media_url":"https:\/\/www.grieta.org.mx\/wp-content\/uploads\/2019\/10\/alumnos_y_padres_protestan_en_oficinas_de_derechos_humanos_crop1570218237280.jpg_219914347.jpg","jetpack_sharing_enabled":true,"jetpack_shortlink":"https:\/\/wp.me\/p7ZJR4-apq","jetpack_likes_enabled":false,"jetpack-related-posts":[{"id":40022,"url":"https:\/\/www.grieta.org.mx\/index.php\/2019\/10\/02\/emprenden-manifestacion-en-caed-para-evitar-recorte-de-docentes-sinaloa\/","url_meta":{"origin":40016,"position":0},"title":"Emprenden manifestaci\u00f3n en CAED para evitar recorte de docentes (Sinaloa)","author":"grieta","date":"2 octubre, 2019","format":false,"excerpt":"Foto: El Debate Mar\u00eda de Jes\u00fas Estrada \/ El Debate Los Mochis, Sinaloa.- De manera pac\u00edfica, padres de familia, estudiantes y maestros del Centro de Atenci\u00f3n para Estudiantes con Discapacidad (CAED), con sede en el CBTIS 43, emprendieron una manifestaci\u00f3n pac\u00edfica para defender a los docentes de este centro educativo\u2026","rel":"","context":"En &quot;CINTILLO&quot;","block_context":{"text":"CINTILLO","link":"https:\/\/www.grieta.org.mx\/index.php\/category\/cintillo\/"},"img":{"alt_text":"","src":"https:\/\/i0.wp.com\/www.grieta.org.mx\/wp-content\/uploads\/2019\/10\/caed_manifestacion.jpg_219914347.jpg?resize=350%2C200&ssl=1","width":350,"height":200,"srcset":"https:\/\/i0.wp.com\/www.grieta.org.mx\/wp-content\/uploads\/2019\/10\/caed_manifestacion.jpg_219914347.jpg?resize=350%2C200&ssl=1 1x, https:\/\/i0.wp.com\/www.grieta.org.mx\/wp-content\/uploads\/2019\/10\/caed_manifestacion.jpg_219914347.jpg?resize=525%2C300&ssl=1 1.5x, https:\/\/i0.wp.com\/www.grieta.org.mx\/wp-content\/uploads\/2019\/10\/caed_manifestacion.jpg_219914347.jpg?resize=700%2C400&ssl=1 2x"},"classes":[]},{"id":26078,"url":"https:\/\/www.grieta.org.mx\/index.php\/2018\/09\/01\/alumnos-se-quedan-sin-clases-por-protesta-sinaloa\/","url_meta":{"origin":40016,"position":1},"title":"Alumnos se quedan sin clases por protesta (Sinaloa)","author":"grieta","date":"1 septiembre, 2018","format":false,"excerpt":"Los alumnos del turno vespertino van llegando al plantel. Foto: V\u00edctor Hugo Olivas\/EL DEBATE En la regi\u00f3n paran las secundarias generales 4 y 5 de Mazatl\u00e1n, 7 de Villa Uni\u00f3n y la de Escuinapa; entre todas son m\u00e1s de 3 mil estudiantes afectados Blanca Regalado Mazatl\u00e1n, Sinaloa.- Mil alumnos de\u2026","rel":"","context":"En &quot;CINTILLO&quot;","block_context":{"text":"CINTILLO","link":"https:\/\/www.grieta.org.mx\/index.php\/category\/cintillo\/"},"img":{"alt_text":"","src":"https:\/\/i0.wp.com\/www.grieta.org.mx\/wp-content\/uploads\/2018\/09\/alumnos4.jpg_539665225.jpg?resize=350%2C200&ssl=1","width":350,"height":200,"srcset":"https:\/\/i0.wp.com\/www.grieta.org.mx\/wp-content\/uploads\/2018\/09\/alumnos4.jpg_539665225.jpg?resize=350%2C200&ssl=1 1x, https:\/\/i0.wp.com\/www.grieta.org.mx\/wp-content\/uploads\/2018\/09\/alumnos4.jpg_539665225.jpg?resize=525%2C300&ssl=1 1.5x"},"classes":[]},{"id":39091,"url":"https:\/\/www.grieta.org.mx\/index.php\/2019\/09\/09\/ninos-enferman-por-derrame-de-aguas-negras-en-escuela-sinaloa\/","url_meta":{"origin":40016,"position":2},"title":"Ni\u00f1os enferman por derrame de aguas negras en escuela (Sinaloa)","author":"grieta","date":"9 septiembre, 2019","format":false,"excerpt":"Fot: Ra\u00fal Briones - El Debate Ra\u00fal Briones \/ El Debate Mazatl\u00e1n, Sinaloa.- Padres de familia y alumnos de la escuela\u00a0primaria Jos\u00e9 Cayetano Valad\u00e9s, ubicada en la colonia Luis Echevarr\u00eda, la ma\u00f1ana de hoy se manifestaron afuera del plantel educativo, el cual tomaron sin dejar pasar a nadie, tambi\u00e9n en\u2026","rel":"","context":"En &quot;CINTILLO&quot;","block_context":{"text":"CINTILLO","link":"https:\/\/www.grieta.org.mx\/index.php\/category\/cintillo\/"},"img":{"alt_text":"","src":"https:\/\/i0.wp.com\/www.grieta.org.mx\/wp-content\/uploads\/2019\/09\/prmaria_echeverria_crop1568052510854.jpg_219914347.jpg?resize=350%2C200&ssl=1","width":350,"height":200,"srcset":"https:\/\/i0.wp.com\/www.grieta.org.mx\/wp-content\/uploads\/2019\/09\/prmaria_echeverria_crop1568052510854.jpg_219914347.jpg?resize=350%2C200&ssl=1 1x, https:\/\/i0.wp.com\/www.grieta.org.mx\/wp-content\/uploads\/2019\/09\/prmaria_echeverria_crop1568052510854.jpg_219914347.jpg?resize=525%2C300&ssl=1 1.5x, https:\/\/i0.wp.com\/www.grieta.org.mx\/wp-content\/uploads\/2019\/09\/prmaria_echeverria_crop1568052510854.jpg_219914347.jpg?resize=700%2C400&ssl=1 2x"},"classes":[]},{"id":54804,"url":"https:\/\/www.grieta.org.mx\/index.php\/2020\/09\/22\/588-escuelas-de-tiempo-completo-en-aguascalientes-podrian-quedarse-sin-presupuesto\/","url_meta":{"origin":40016,"position":3},"title":"588 ESCUELAS DE TIEMPO COMPLETO EN AGUASCALIENTES PODR\u00cdAN QUEDARSE SIN PRESUPUESTO","author":"grieta","date":"22 septiembre, 2020","format":false,"excerpt":"Gabriel Soriano\/La Jornada Aguascalientes 22 septiembre 2020 Afectar\u00eda gravemente a las familias donde los padres tienen largas jornadas de trabajo Estudiantes se quedar\u00e1n sin acceso a materias extracurriculares y una alimentaci\u00f3n adecuada Posible eliminaci\u00f3n del programa de Escuelas de Tiempo Completo afectar\u00e1 gravemente a los padres que tienen largas jornadas\u2026","rel":"","context":"En &quot;Aguascalientes&quot;","block_context":{"text":"Aguascalientes","link":"https:\/\/www.grieta.org.mx\/index.php\/category\/noticias-nacionales\/aguascalientes\/"},"img":{"alt_text":"","src":"https:\/\/i0.wp.com\/www.grieta.org.mx\/wp-content\/uploads\/2020\/11\/escuelas-tiempo-completo.jpg?resize=350%2C200","width":350,"height":200},"classes":[]},{"id":43087,"url":"https:\/\/www.grieta.org.mx\/index.php\/2020\/01\/13\/exigen-atencion-de-usebeq-en-preescolar-de-san-juan-del-rio-queretaro\/","url_meta":{"origin":40016,"position":4},"title":"Exigen atenci\u00f3n de USEBEQ en preescolar de San Juan del R\u00edo (Quer\u00e9taro)","author":"grieta","date":"13 enero, 2020","format":false,"excerpt":"Cris Mesa Ram\u00edrez \/ Rotativo Padres de familia exigieron a la Unidad de Servicios para la Educaci\u00f3n B\u00e1sica en el Estado de Quer\u00e9taro (USEBEQ), atienda sus peticiones de seguridad. San Juan del R\u00edo, 13 Enero 2019.- Debido a los constantes robos ocurridos en el jard\u00edn de ni\u00f1os, Jos\u00e9 Nieto Dorantes,\u2026","rel":"","context":"En &quot;CINTILLO&quot;","block_context":{"text":"CINTILLO","link":"https:\/\/www.grieta.org.mx\/index.php\/category\/cintillo\/"},"img":{"alt_text":"","src":"https:\/\/i0.wp.com\/www.grieta.org.mx\/wp-content\/uploads\/2020\/01\/Exigen-atenci%C3%B3n-de-USEBEQ-en-preescolar-de-San-Juan-del-R%C3%ADo-qro-ene.jpeg?resize=350%2C200&ssl=1","width":350,"height":200,"srcset":"https:\/\/i0.wp.com\/www.grieta.org.mx\/wp-content\/uploads\/2020\/01\/Exigen-atenci%C3%B3n-de-USEBEQ-en-preescolar-de-San-Juan-del-R%C3%ADo-qro-ene.jpeg?resize=350%2C200&ssl=1 1x, https:\/\/i0.wp.com\/www.grieta.org.mx\/wp-content\/uploads\/2020\/01\/Exigen-atenci%C3%B3n-de-USEBEQ-en-preescolar-de-San-Juan-del-R%C3%ADo-qro-ene.jpeg?resize=525%2C300&ssl=1 1.5x"},"classes":[]},{"id":26109,"url":"https:\/\/www.grieta.org.mx\/index.php\/2018\/09\/01\/el-lunes-reanudaran-clases-en-las-escuelas-con-paro-sinaloa\/","url_meta":{"origin":40016,"position":5},"title":"El lunes reanudar\u00e1n clases en las escuelas con paro (Sinaloa)","author":"grieta","date":"1 septiembre, 2018","format":false,"excerpt":"Foto ilustrativa El Debate Directores de los planteles piden que les den la base a los maestros para que tengan seguridad laboral Angelina Corral Culiac\u00e1n, Sinaloa.- Este lunes se reanudar\u00e1n las clases en las escuelas secundarias generales que realizaron plant\u00f3n el pasado jueves y ayer, ante la falta de respuesta\u2026","rel":"","context":"En &quot;CINTILLO&quot;","block_context":{"text":"CINTILLO","link":"https:\/\/www.grieta.org.mx\/index.php\/category\/cintillo\/"},"img":{"alt_text":"","src":"https:\/\/i0.wp.com\/www.grieta.org.mx\/wp-content\/uploads\/2018\/09\/paro_laboral.jpeg_539665225.jpeg?resize=350%2C200&ssl=1","width":350,"height":200,"srcset":"https:\/\/i0.wp.com\/www.grieta.org.mx\/wp-content\/uploads\/2018\/09\/paro_laboral.jpeg_539665225.jpeg?resize=350%2C200&ssl=1 1x, https:\/\/i0.wp.com\/www.grieta.org.mx\/wp-content\/uploads\/2018\/09\/paro_laboral.jpeg_539665225.jpeg?resize=525%2C300&ssl=1 1.5x"},"classes":[]}],"_links":{"self":[{"href":"https:\/\/www.grieta.org.mx\/index.php\/wp-json\/wp\/v2\/posts\/40016","targetHints":{"allow":["GET"]}}],"collection":[{"href":"https:\/\/www.grieta.org.mx\/index.php\/wp-json\/wp\/v2\/posts"}],"about":[{"href":"https:\/\/www.grieta.org.mx\/index.php\/wp-json\/wp\/v2\/types\/post"}],"author":[{"embeddable":true,"href":"https:\/\/www.grieta.org.mx\/index.php\/wp-json\/wp\/v2\/users\/2"}],"replies":[{"embeddable":true,"href":"https:\/\/www.grieta.org.mx\/index.php\/wp-json\/wp\/v2\/comments?post=40016"}],"version-history":[{"count":1,"href":"https:\/\/www.grieta.org.mx\/index.php\/wp-json\/wp\/v2\/posts\/40016\/revisions"}],"predecessor-version":[{"id":40021,"href":"https:\/\/www.grieta.org.mx\/index.php\/wp-json\/wp\/v2\/posts\/40016\/revisions\/40021"}],"wp:featuredmedia":[{"embeddable":true,"href":"https:\/\/www.grieta.org.mx\/index.php\/wp-json\/wp\/v2\/media\/40017"}],"wp:attachment":[{"href":"https:\/\/www.grieta.org.mx\/index.php\/wp-json\/wp\/v2\/media?parent=40016"}],"wp:term":[{"taxonomy":"category","embeddable":true,"href":"https:\/\/www.grieta.org.mx\/index.php\/wp-json\/wp\/v2\/categories?post=40016"},{"taxonomy":"post_tag","embeddable":true,"href":"https:\/\/www.grieta.org.mx\/index.php\/wp-json\/wp\/v2\/tags?post=40016"}],"curies":[{"name":"wp","href":"https:\/\/api.w.org\/{rel}","templated":true}]}}