{"id":39997,"date":"2019-10-01T21:56:31","date_gmt":"2019-10-02T02:56:31","guid":{"rendered":"http:\/\/www.grieta.org.mx\/?p=39997"},"modified":"2019-10-05T22:06:50","modified_gmt":"2019-10-06T03:06:50","slug":"homicidios-al-alza-en-2019-segun-observatorio-de-seguridad-y-justicia-de-la-udg-jalisco","status":"publish","type":"post","link":"https:\/\/www.grieta.org.mx\/index.php\/2019\/10\/01\/homicidios-al-alza-en-2019-segun-observatorio-de-seguridad-y-justicia-de-la-udg-jalisco\/","title":{"rendered":"Homicidios al alza en 2019, seg\u00fan Observatorio de Seguridad y Justicia de la UdG  (Jalisco)"},"content":{"rendered":"<p><img loading=\"lazy\" decoding=\"async\" data-attachment-id=\"39998\" data-permalink=\"https:\/\/www.grieta.org.mx\/index.php\/2019\/10\/01\/homicidios-al-alza-en-2019-segun-observatorio-de-seguridad-y-justicia-de-la-udg-jalisco\/cinta_ilustrativa\/\" data-orig-file=\"https:\/\/www.grieta.org.mx\/wp-content\/uploads\/2019\/10\/Cinta_ilustrativa.jpeg\" data-orig-size=\"768,479\" data-comments-opened=\"0\" data-image-meta=\"{&quot;aperture&quot;:&quot;0&quot;,&quot;credit&quot;:&quot;&quot;,&quot;camera&quot;:&quot;&quot;,&quot;caption&quot;:&quot;&quot;,&quot;created_timestamp&quot;:&quot;0&quot;,&quot;copyright&quot;:&quot;&quot;,&quot;focal_length&quot;:&quot;0&quot;,&quot;iso&quot;:&quot;0&quot;,&quot;shutter_speed&quot;:&quot;0&quot;,&quot;title&quot;:&quot;&quot;,&quot;orientation&quot;:&quot;0&quot;}\" data-image-title=\"Cinta_ilustrativa\" data-image-description=\"\" data-image-caption=\"\" data-medium-file=\"https:\/\/www.grieta.org.mx\/wp-content\/uploads\/2019\/10\/Cinta_ilustrativa-300x187.jpeg\" data-large-file=\"https:\/\/www.grieta.org.mx\/wp-content\/uploads\/2019\/10\/Cinta_ilustrativa.jpeg\" class=\"aligncenter wp-image-39998\" src=\"http:\/\/www.grieta.org.mx\/wp-content\/uploads\/2019\/10\/Cinta_ilustrativa.jpeg\" alt=\"\" width=\"800\" height=\"499\" srcset=\"https:\/\/www.grieta.org.mx\/wp-content\/uploads\/2019\/10\/Cinta_ilustrativa.jpeg 768w, https:\/\/www.grieta.org.mx\/wp-content\/uploads\/2019\/10\/Cinta_ilustrativa-300x187.jpeg 300w\" sizes=\"auto, (max-width: 800px) 100vw, 800px\" \/><\/p>\n<p>Foto: El Occidental<\/p>\n<div class=\"content-body clearfix \">\n<div id=\"content-body-225-4257855\">\n<p>El Observatorio de Seguridad y Justicia del Departamento de Derecho P\u00fablico, de la Universidad de Guadalajara, dio a conocer una gr\u00e1fica sobre homicidios en los nueve municipios metropolitanos, la cual muestra un considerable en la cantidad de homicidios de 2018 a 2019 principalmente en los municipios de Tonal\u00e1, Zapopan, Tlajomulco y Tlaquepaque.<\/p>\n<p><img loading=\"lazy\" decoding=\"async\" class=\"aligncenter\" src=\"https:\/\/www.eloccidental.com.mx\/incoming\/rk458-tabla.jpg\/alternates\/FREE_720\/tabla.jpg\" width=\"801\" height=\"507\" \/><\/p>\n<p>La tabla difundida en la redes sociales del Observatorio, se\u00f1ala que se realiz\u00f3 comparando la cantidad de homicidios de enero a junio de ambos a\u00f1os, en base a las cifras de la p\u00e1gina de transparencia de la Fiscal\u00eda Estatal.<\/p>\n<p>Se observa que el \u00fanico municipio que mantuvo la cantidad de homicidios fue Juanacatl\u00e1n, con dos, seguido de Ixtlahuac\u00e1n de los Membrillos que el a\u00f1o pasado tuvo cinco y ocho en el presente.<\/p>\n<p>Le sigue Zapotlanejo con cuatro del a\u00f1o anterior y siete en el actual. Contin\u00faa El Salto con 44 en 2018 y 51 en 2019. En Tonal\u00e1 se dispar\u00f3 la cifra de homicidios de 65 a 111. En Zapopan la cantidad pas\u00f3 de 98 a 143 en el a\u00f1o que transcurre.<\/p>\n<p>Mientras que en Tlajomulco de 108 homicidios el a\u00f1o pasado, en el presente de enero a junio hubo 145. Tlaquepaque subi\u00f3 de 133 a 165. Finalmente Guadalajara s\u00f3lo tuvo un incremento de seis asesinatos, es decir de 208 a 214.<\/p>\n<p><a href=\"https:\/\/www.eloccidental.com.mx\/local\/homicidios-al-alza-en-2019-segun-observatorio-de-seguridad-y-justicia-de-la-udg-4257855.html\">https:\/\/www.eloccidental.com.mx\/local\/homicidios-al-alza-en-2019-segun-observatorio-de-seguridad-y-justicia-de-la-udg-4257855.html<\/a><\/p>\n<\/div>\n<\/div>\n","protected":false},"excerpt":{"rendered":"<p>Foto: El Occidental El Observatorio de Seguridad y Justicia del Departamento de Derecho P\u00fablico, de la Universidad de Guadalajara, dio a conocer una gr\u00e1fica sobre homicidios en los nueve municipios &hellip; <a href=\"https:\/\/www.grieta.org.mx\/index.php\/2019\/10\/01\/homicidios-al-alza-en-2019-segun-observatorio-de-seguridad-y-justicia-de-la-udg-jalisco\/\" class=\"more-link\">Leer m\u00e1s<\/a><\/p>\n","protected":false},"author":2,"featured_media":39998,"comment_status":"closed","ping_status":"closed","sticky":false,"template":"","format":"standard","meta":{"ngg_post_thumbnail":0,"_jetpack_newsletter_access":"","_jetpack_dont_email_post_to_subs":false,"_jetpack_newsletter_tier_id":0,"_jetpack_memberships_contains_paywalled_content":false,"_jetpack_memberships_contains_paid_content":false,"footnotes":""},"categories":[80,1771,20,2],"tags":[1133,1777],"class_list":["post-39997","post","type-post","status-publish","format-standard","has-post-thumbnail","hentry","category-cintillo","category-incremento-de-la-violencia-en-jalisco","category-jalisco","category-noticias-nacionales","tag-incremento-en-la-violencia","tag-incremento-en-los-homicidios-en-mexico","entry"],"jetpack_featured_media_url":"https:\/\/www.grieta.org.mx\/wp-content\/uploads\/2019\/10\/Cinta_ilustrativa.jpeg","jetpack_sharing_enabled":true,"jetpack_shortlink":"https:\/\/wp.me\/p7ZJR4-ap7","jetpack_likes_enabled":false,"jetpack-related-posts":[{"id":33238,"url":"https:\/\/www.grieta.org.mx\/index.php\/2019\/04\/10\/tlajomulco-con-la-tasa-mas-alta-de-homicidios-jalisco\/","url_meta":{"origin":39997,"position":0},"title":"Tlajomulco, con la tasa m\u00e1s alta de homicidios (Jalisco)","author":"grieta","date":"10 abril, 2019","format":false,"excerpt":"En 2018, el municipio alcanz\u00f3 una tasa de 50.7 homicidios por cada 100 mil habitantes Marisela Mu\u00f1oz \/ Vallarta Opina Mientras que en 2013 Tlajomulco registr\u00f3 una tasa de 20.3 homicidios por cada 100 mil habitantes, en 2018 increment\u00f3 m\u00e1s del doble, alcanzando una tasa 50.7 homicidios. Con esta cifra,\u2026","rel":"","context":"En &quot;CINTILLO&quot;","block_context":{"text":"CINTILLO","link":"https:\/\/www.grieta.org.mx\/index.php\/category\/cintillo\/"},"img":{"alt_text":"","src":"https:\/\/i0.wp.com\/www.grieta.org.mx\/wp-content\/uploads\/2019\/05\/TLAJO.jpg?resize=350%2C200&ssl=1","width":350,"height":200,"srcset":"https:\/\/i0.wp.com\/www.grieta.org.mx\/wp-content\/uploads\/2019\/05\/TLAJO.jpg?resize=350%2C200&ssl=1 1x, https:\/\/i0.wp.com\/www.grieta.org.mx\/wp-content\/uploads\/2019\/05\/TLAJO.jpg?resize=525%2C300&ssl=1 1.5x, https:\/\/i0.wp.com\/www.grieta.org.mx\/wp-content\/uploads\/2019\/05\/TLAJO.jpg?resize=700%2C400&ssl=1 2x"},"classes":[]},{"id":43540,"url":"https:\/\/www.grieta.org.mx\/index.php\/2020\/01\/21\/el-ano-mas-violento-en-lagos-de-moreno-fue-2019-con-98-homicidios-jalisco\/","url_meta":{"origin":39997,"position":1},"title":"El a\u00f1o m\u00e1s violento en Lagos de Moreno fue 2019 con 98 homicidios (Jalisco)","author":"grieta","date":"21 enero, 2020","format":false,"excerpt":"Foto: Cuadrante 7 Redacci\u00f3n \/ Cuadrante 7 21 de enero de 2020.-\u00a0\u00a0Lagos de Moreno, el municipio que tiene cuatro nombramientos de atracci\u00f3n tur\u00edstica, durante\u00a02019\u00a0registr\u00f3\u00a098 homicidios dolosos, lo que lo hace el a\u00f1o\u00a0 m\u00e1s violento. De acuerdo a una nota publicada por el diario\u00a0A.M.\u00a0este lunes 20 de enero, se destaca que\u2026","rel":"","context":"En &quot;CINTILLO&quot;","block_context":{"text":"CINTILLO","link":"https:\/\/www.grieta.org.mx\/index.php\/category\/cintillo\/"},"img":{"alt_text":"","src":"https:\/\/i0.wp.com\/www.grieta.org.mx\/wp-content\/uploads\/2020\/01\/2d865172-6edd-403a-ad75-dfff8f30e5e5-700x525.jpg?resize=350%2C200&ssl=1","width":350,"height":200,"srcset":"https:\/\/i0.wp.com\/www.grieta.org.mx\/wp-content\/uploads\/2020\/01\/2d865172-6edd-403a-ad75-dfff8f30e5e5-700x525.jpg?resize=350%2C200&ssl=1 1x, https:\/\/i0.wp.com\/www.grieta.org.mx\/wp-content\/uploads\/2020\/01\/2d865172-6edd-403a-ad75-dfff8f30e5e5-700x525.jpg?resize=525%2C300&ssl=1 1.5x, https:\/\/i0.wp.com\/www.grieta.org.mx\/wp-content\/uploads\/2020\/01\/2d865172-6edd-403a-ad75-dfff8f30e5e5-700x525.jpg?resize=700%2C400&ssl=1 2x"},"classes":[]},{"id":3157,"url":"https:\/\/www.grieta.org.mx\/index.php\/2015\/12\/17\/matan-a-3-mujeres-por-semana-en-jalisco\/","url_meta":{"origin":39997,"position":2},"title":"Matan a 3 mujeres por semana en Jalisco","author":"grieta","date":"17 diciembre, 2015","format":false,"excerpt":"Por: Redacci\u00f3n (@ProyectoDiez) 17 de diciembre 2015.- Todav\u00eda no termina el a\u00f1o, pero la cantidad de mujeres v\u00edctimas de homicidio ya rebas\u00f3 la registrada el a\u00f1o pasado. El Instituto Jalisciense de Ciencias Forenses registra 142 v\u00edctimas en lo que va del a\u00f1o, mientras que durante todo el 2014 fueron contabilizadas\u2026","rel":"","context":"En &quot;CINTILLO&quot;","block_context":{"text":"CINTILLO","link":"https:\/\/www.grieta.org.mx\/index.php\/category\/cintillo\/"},"img":{"alt_text":"","src":"https:\/\/i0.wp.com\/www.grieta.org.mx\/wp-content\/uploads\/2018\/03\/14524434_1106112876131411_958039263622046936_o.jpg?resize=350%2C200&ssl=1","width":350,"height":200,"srcset":"https:\/\/i0.wp.com\/www.grieta.org.mx\/wp-content\/uploads\/2018\/03\/14524434_1106112876131411_958039263622046936_o.jpg?resize=350%2C200&ssl=1 1x, https:\/\/i0.wp.com\/www.grieta.org.mx\/wp-content\/uploads\/2018\/03\/14524434_1106112876131411_958039263622046936_o.jpg?resize=525%2C300&ssl=1 1.5x, https:\/\/i0.wp.com\/www.grieta.org.mx\/wp-content\/uploads\/2018\/03\/14524434_1106112876131411_958039263622046936_o.jpg?resize=700%2C400&ssl=1 2x"},"classes":[]},{"id":37363,"url":"https:\/\/www.grieta.org.mx\/index.php\/2019\/07\/26\/revela-inegi-maquillaje-en-homicidios-de-2018-jalisco\/","url_meta":{"origin":39997,"position":3},"title":"Revela Inegi maquillaje en homicidios de 2018 (Jalisco)","author":"grieta","date":"26 julio, 2019","format":false,"excerpt":"Foto: El informador Confirma dos mil 919 asesinatos en Jalisco durante el a\u00f1o pasado; la Fiscal\u00eda report\u00f3 dos mil 418; el subregistro es de 501 casos En medio de la ola de homicidios que registr\u00f3 Jalisco en el primer semestre de 2019, el Instituto Nacional de Estad\u00edstica y Geograf\u00eda (Inegi)\u2026","rel":"","context":"En &quot;CINTILLO&quot;","block_context":{"text":"CINTILLO","link":"https:\/\/www.grieta.org.mx\/index.php\/category\/cintillo\/"},"img":{"alt_text":"","src":"https:\/\/i0.wp.com\/www.grieta.org.mx\/wp-content\/uploads\/2019\/08\/rs1147104__24w1806_crop1564137603942.jpg_2024461655.jpg?resize=350%2C200&ssl=1","width":350,"height":200,"srcset":"https:\/\/i0.wp.com\/www.grieta.org.mx\/wp-content\/uploads\/2019\/08\/rs1147104__24w1806_crop1564137603942.jpg_2024461655.jpg?resize=350%2C200&ssl=1 1x, https:\/\/i0.wp.com\/www.grieta.org.mx\/wp-content\/uploads\/2019\/08\/rs1147104__24w1806_crop1564137603942.jpg_2024461655.jpg?resize=525%2C300&ssl=1 1.5x"},"classes":[]},{"id":30446,"url":"https:\/\/www.grieta.org.mx\/index.php\/2019\/03\/07\/aumentan-homicidios-de-mujeres-en-guerrero-observatorio-de-violencia-de-genero\/","url_meta":{"origin":39997,"position":4},"title":"Aumentan homicidios de mujeres en Guerrero: Observatorio de Violencia de G\u00e9nero","author":"grieta","date":"7 marzo, 2019","format":false,"excerpt":"Enrique Hern\u00e1ndez Campos \/ El Sol de Acapulco En Guerrero la alerta de g\u00e9nero no ha funcionado, debido a que no hay avances en cuanto a la erradicaci\u00f3n de la violencia contra las mujeres, afirm\u00f3 Rosa Isela Ojeda Rivero, coordinadora del Observatorio de Violencia de G\u00e9nero Hannah Arent de la\u2026","rel":"","context":"En &quot;CINTILLO&quot;","block_context":{"text":"CINTILLO","link":"https:\/\/www.grieta.org.mx\/index.php\/category\/cintillo\/"},"img":{"alt_text":"","src":"https:\/\/i0.wp.com\/www.grieta.org.mx\/wp-content\/uploads\/2019\/03\/Feminicidios_Guerrero_M%C3%A9xico.jpg?resize=350%2C200&ssl=1","width":350,"height":200,"srcset":"https:\/\/i0.wp.com\/www.grieta.org.mx\/wp-content\/uploads\/2019\/03\/Feminicidios_Guerrero_M%C3%A9xico.jpg?resize=350%2C200&ssl=1 1x, https:\/\/i0.wp.com\/www.grieta.org.mx\/wp-content\/uploads\/2019\/03\/Feminicidios_Guerrero_M%C3%A9xico.jpg?resize=525%2C300&ssl=1 1.5x, https:\/\/i0.wp.com\/www.grieta.org.mx\/wp-content\/uploads\/2019\/03\/Feminicidios_Guerrero_M%C3%A9xico.jpg?resize=700%2C400&ssl=1 2x"},"classes":[]},{"id":41662,"url":"https:\/\/www.grieta.org.mx\/index.php\/2019\/11\/29\/jalisco-rompe-record-de-homicidios-este-ano\/","url_meta":{"origin":39997,"position":5},"title":"Jalisco rompe r\u00e9cord de homicidios este a\u00f1o","author":"grieta","date":"29 noviembre, 2019","format":false,"excerpt":"Foto: Vallarta Opina Marisela Mu\u00f1oz \/ Vallarta Opina El estado de Jalisco enfrenta el peor a\u00f1o de su historia en materia de violencia y homicidios, al superar las cifras m\u00e1s recientes todos los n\u00fameros del 2018, que fue el m\u00e1s violento de que se tenga memoria en la entidad. Ni\u2026","rel":"","context":"En &quot;CINTILLO&quot;","block_context":{"text":"CINTILLO","link":"https:\/\/www.grieta.org.mx\/index.php\/category\/cintillo\/"},"img":{"alt_text":"","src":"https:\/\/i0.wp.com\/www.grieta.org.mx\/wp-content\/uploads\/2019\/11\/HOMICIDIOS.jpg?resize=350%2C200&ssl=1","width":350,"height":200,"srcset":"https:\/\/i0.wp.com\/www.grieta.org.mx\/wp-content\/uploads\/2019\/11\/HOMICIDIOS.jpg?resize=350%2C200&ssl=1 1x, https:\/\/i0.wp.com\/www.grieta.org.mx\/wp-content\/uploads\/2019\/11\/HOMICIDIOS.jpg?resize=525%2C300&ssl=1 1.5x, https:\/\/i0.wp.com\/www.grieta.org.mx\/wp-content\/uploads\/2019\/11\/HOMICIDIOS.jpg?resize=700%2C400&ssl=1 2x, https:\/\/i0.wp.com\/www.grieta.org.mx\/wp-content\/uploads\/2019\/11\/HOMICIDIOS.jpg?resize=1050%2C600&ssl=1 3x"},"classes":[]}],"_links":{"self":[{"href":"https:\/\/www.grieta.org.mx\/index.php\/wp-json\/wp\/v2\/posts\/39997","targetHints":{"allow":["GET"]}}],"collection":[{"href":"https:\/\/www.grieta.org.mx\/index.php\/wp-json\/wp\/v2\/posts"}],"about":[{"href":"https:\/\/www.grieta.org.mx\/index.php\/wp-json\/wp\/v2\/types\/post"}],"author":[{"embeddable":true,"href":"https:\/\/www.grieta.org.mx\/index.php\/wp-json\/wp\/v2\/users\/2"}],"replies":[{"embeddable":true,"href":"https:\/\/www.grieta.org.mx\/index.php\/wp-json\/wp\/v2\/comments?post=39997"}],"version-history":[{"count":1,"href":"https:\/\/www.grieta.org.mx\/index.php\/wp-json\/wp\/v2\/posts\/39997\/revisions"}],"predecessor-version":[{"id":39999,"href":"https:\/\/www.grieta.org.mx\/index.php\/wp-json\/wp\/v2\/posts\/39997\/revisions\/39999"}],"wp:featuredmedia":[{"embeddable":true,"href":"https:\/\/www.grieta.org.mx\/index.php\/wp-json\/wp\/v2\/media\/39998"}],"wp:attachment":[{"href":"https:\/\/www.grieta.org.mx\/index.php\/wp-json\/wp\/v2\/media?parent=39997"}],"wp:term":[{"taxonomy":"category","embeddable":true,"href":"https:\/\/www.grieta.org.mx\/index.php\/wp-json\/wp\/v2\/categories?post=39997"},{"taxonomy":"post_tag","embeddable":true,"href":"https:\/\/www.grieta.org.mx\/index.php\/wp-json\/wp\/v2\/tags?post=39997"}],"curies":[{"name":"wp","href":"https:\/\/api.w.org\/{rel}","templated":true}]}}