{"id":39971,"date":"2019-09-28T19:47:46","date_gmt":"2019-09-29T00:47:46","guid":{"rendered":"http:\/\/www.grieta.org.mx\/?p=39971"},"modified":"2019-10-03T20:01:48","modified_gmt":"2019-10-04T01:01:48","slug":"inconformidad-en-ucu-yucatan","status":"publish","type":"post","link":"https:\/\/www.grieta.org.mx\/index.php\/2019\/09\/28\/inconformidad-en-ucu-yucatan\/","title":{"rendered":"Inconformidad en Uc\u00fa (Yucat\u00e1n)"},"content":{"rendered":"<p><img loading=\"lazy\" decoding=\"async\" data-attachment-id=\"39972\" data-permalink=\"https:\/\/www.grieta.org.mx\/index.php\/2019\/09\/28\/inconformidad-en-ucu-yucatan\/img-ucu\/\" data-orig-file=\"https:\/\/www.grieta.org.mx\/wp-content\/uploads\/2019\/10\/IMG-Ucu.jpg\" data-orig-size=\"800,490\" data-comments-opened=\"0\" data-image-meta=\"{&quot;aperture&quot;:&quot;0&quot;,&quot;credit&quot;:&quot;&quot;,&quot;camera&quot;:&quot;&quot;,&quot;caption&quot;:&quot;&quot;,&quot;created_timestamp&quot;:&quot;0&quot;,&quot;copyright&quot;:&quot;&quot;,&quot;focal_length&quot;:&quot;0&quot;,&quot;iso&quot;:&quot;0&quot;,&quot;shutter_speed&quot;:&quot;0&quot;,&quot;title&quot;:&quot;&quot;,&quot;orientation&quot;:&quot;0&quot;}\" data-image-title=\"IMG-Ucu\" data-image-description=\"\" data-image-caption=\"\" data-medium-file=\"https:\/\/www.grieta.org.mx\/wp-content\/uploads\/2019\/10\/IMG-Ucu-300x184.jpg\" data-large-file=\"https:\/\/www.grieta.org.mx\/wp-content\/uploads\/2019\/10\/IMG-Ucu.jpg\" src=\"http:\/\/www.grieta.org.mx\/wp-content\/uploads\/2019\/10\/IMG-Ucu.jpg\" alt=\"\" width=\"800\" height=\"490\" class=\"aligncenter size-full wp-image-39972\" srcset=\"https:\/\/www.grieta.org.mx\/wp-content\/uploads\/2019\/10\/IMG-Ucu.jpg 800w, https:\/\/www.grieta.org.mx\/wp-content\/uploads\/2019\/10\/IMG-Ucu-300x184.jpg 300w, https:\/\/www.grieta.org.mx\/wp-content\/uploads\/2019\/10\/IMG-Ucu-768x470.jpg 768w\" sizes=\"auto, (max-width: 800px) 100vw, 800px\" \/><\/p>\n<p>  Hern\u00e1n Casares C\u00e1mara\/Diario de Yucat\u00e1n<br \/>\nEjidatarios se oponen al remate de sus tierras<\/p>\n<p>Un grupo de 62 ejidatarios de Uc\u00fa, de un total de 355, se oponen a la venta de 690 hect\u00e1reas de ese ejido ubicadas entre Sierra Papacal y Chuburn\u00e1 Puerto, a un grupo de supuestos empresarios, que se concretar\u00eda este domingo, mediante una asamblea para cambiar el destino de esas tierras, de usufructo a cesi\u00f3n de derechos.<\/p>\n<p>Los inconformes rechazan la venta porque los compradores ofrecen 17.50 pesos por metro cuadrado, cuando en diciembre los ejidatarios de Chuburn\u00e1 vendieron a 30 y 35 pesos el metro a un complejo habitacional cercano, \u201cseg\u00fan declar\u00f3 el comisario de ese ejido a Diario de Yucat\u00e1n\u201d, se\u00f1ala Felipe Quintal Dzul, uno de los l\u00edderes de los inconformes.<\/p>\n<p>El complejo habitacional, cuyos due\u00f1os tienen desarrollos similares en Quer\u00e9taro, Guanajuato y San Luis Potos\u00ed, \u201cest\u00e1 exactamente enfrente del predio que se pretende vender este domingo\u201d, dice Quintal y pregunta: \u00bfpor qu\u00e9 si Chuburn\u00e1 vendi\u00f3 a ese precio nosotros debemos vender a la mitad? Esas tierras valen en realidad 60 pesos el metro, seg\u00fan el aval\u00fao que encargamos\u201d, dice.<\/p>\n<p>El economista Antonio Osorio Acevedo, director de Informaci\u00f3n Sistem\u00e1tica de la Pen\u00ednsula, una empresa especializada en estudios de mercado, entrevistado por Central 9, la Unidad de Investigaci\u00f3n Period\u00edstica de Grupo Megamedia, se\u00f1ala que el precio de la tierra en esa zona podr\u00eda ser a\u00fan mayor, \u201cno solo porque hay un acelerado proceso de urbanizaci\u00f3n all\u00ed, sino debido tambi\u00e9n a un fuerte movimiento especulativo surgido a partir de que trascendi\u00f3 el proyecto del gobierno del Estado de vender las m\u00e1s de tres mil hect\u00e1reas del ejido de Uc\u00fa en poder del fideicomiso que se form\u00f3 para pagar las deudas que el gobierno de Ivonne Ortega Pacheco le dej\u00f3 a ese instituto\u201d.<\/p>\n<p>Esto aumentar\u00e1 autom\u00e1ticamente los precios de los terrenos en esa \u00e1rea, a\u00f1ade Osorio Acevedo, y \u201cpor eso pienso que los ejidatarios inconformes tienen raz\u00f3n: les est\u00e1n ofreciendo una miseria por sus tierras\u201d.<\/p>\n<p>De acuerdo con averiguaciones de Central 9, la operaci\u00f3n de compra la encabeza \u00c1ngel Azael Ruiz L\u00f3pez, un traficante de tierras ejidales, acusado de participar en operaciones fraudulentas para apoderarse de terrenos.<\/p>\n<p>Ruiz L\u00f3pez se present\u00f3 al ejido como representante de un grupo de \u201cempresarios\u201d interesado en las tierras, que primero solicit\u00f3 200 hect\u00e1reas en usufructo y luego otro de 490. Ahora quiere la cesi\u00f3n de derechos y dice que ya tiene comprometida la venta con inversionistas de aqu\u00ed y de M\u00e9xico, afirma Quintal Dzul.<\/p>\n<p>Los miembros del grupo de \u201cempresarios\u201d que aparecen formalmente ante el ejido, y quienes ya obtuvieron su car\u00e1cter de avecindados, son, adem\u00e1s de Ruiz L\u00f3pez, sus familiares Diana L\u00eda Ruiz L\u00f3pez, Javier Adonay Ruiz Nicol\u00edn y Javier Azael Ruiz Rivero, todos oriundos de Progreso y sin antecedentes de ser gente de dinero.<\/p>\n<p>Igual integran el grupo Jos\u00e9 Rub\u00e9n Sansores Chuil, quien hasta hace unos a\u00f1os era beneficiario de los programas de ayuda alimentaria del gobierno; Luis Alberto Chac\u00f3n Bucio, Juan Carlos P\u00e9rez Hinojosa, empresarios de Irapuato, Guanajuato, y Carlos Rub\u00e9n Elizondo Jacobo, de San Luis Potos\u00ed.<\/p>\n<p>\u201cEste es el otro fen\u00f3meno relativamente nuevo en el tr\u00e1fico de tierras en Yucat\u00e1n\u201d, afirma Osorio Acevedo: \u201cla silenciosa llegada de personas de fuera, metidos de lleno en la especulaci\u00f3n con terrenos ejidales, algo que a\u00fan no sabemos qu\u00e9 consecuencias traer\u00e1\u201d.<\/p>\n<p>Ruiz L\u00f3pez y su grupo prometen pagar a cada ejidatario de Uc\u00fa que acepte su oferta de cederle sus derechos, 323,300 pesos, por 1.8 hect\u00e1reas aproximadamente, que ser\u00eda la parte proporcional que le corresponder\u00eda a cada uno de las 690 hect\u00e1reas que est\u00e1n en la negociaci\u00f3n.<\/p>\n<p>Seg\u00fan Quintal Dzul, Ruiz L\u00f3pez ya les adelant\u00f3 23,300 pesos a quienes aceptaron la oferta y el domingo deber\u00e1 darles un primer pago de cien mil pesos en efectivo y 200, 000 en los siguientes meses.<\/p>\n<p>\u201cSi todos los ejidatarios aceptaran ceder sus derechos, \u00e9l deber\u00e1 de presentarse a la asamblea del domingo con 35.5 millones de pesos en efectivo, una situaci\u00f3n muy rara\u201d, advierte el dirigente.<\/p>\n<p>Quintal Dzul dice que \u00e9l y sus seguidores no firmar\u00e1n la cesi\u00f3n de derechos y piden que se les respete 115 hect\u00e1reas que les corresponder\u00edan dentro de ese pol\u00edgono de 690, y Ruiz L\u00f3pez ofrece d\u00e1rselas, pero fuera de esa extensi\u00f3n, en la ci\u00e9nega.<\/p>\n<p>\u201cNo lo aceptaremos e impugnaremos la asamblea\u201d, indica Quintal. \u201cEn la Procuradur\u00eda Agraria ya nos dijeron que tenemos todas las de ganar\u201d. (Continuar\u00e1).\u2014 <\/p>\n<p><a href=\"https:\/\/www.yucatan.com.mx\/yucatan\/inconformidad-en-ucu\" rel=\"noopener noreferrer\" target=\"_blank\">https:\/\/www.yucatan.com.mx\/yucatan\/inconformidad-en-ucu<\/a><\/p>\n","protected":false},"excerpt":{"rendered":"<p>Hern\u00e1n Casares C\u00e1mara\/Diario de Yucat\u00e1n Ejidatarios se oponen al remate de sus tierras Un grupo de 62 ejidatarios de Uc\u00fa, de un total de 355, se oponen a la venta &hellip; <a href=\"https:\/\/www.grieta.org.mx\/index.php\/2019\/09\/28\/inconformidad-en-ucu-yucatan\/\" class=\"more-link\">Leer m\u00e1s<\/a><\/p>\n","protected":false},"author":2,"featured_media":39972,"comment_status":"closed","ping_status":"closed","sticky":false,"template":"","format":"standard","meta":{"ngg_post_thumbnail":0,"_jetpack_newsletter_access":"","_jetpack_dont_email_post_to_subs":false,"_jetpack_newsletter_tier_id":0,"_jetpack_memberships_contains_paywalled_content":false,"_jetpack_memberships_contains_paid_content":false,"footnotes":""},"categories":[80,1269,2,36],"tags":[1704,1817],"class_list":["post-39971","post","type-post","status-publish","format-standard","has-post-thumbnail","hentry","category-cintillo","category-protestas-ante-despojo-por-proyectos-inmobiliarios-en-yucatan","category-noticias-nacionales","category-yucatan","tag-desarrollos-inmobiliarios","tag-tierras-ejidales","entry"],"jetpack_featured_media_url":"https:\/\/www.grieta.org.mx\/wp-content\/uploads\/2019\/10\/IMG-Ucu.jpg","jetpack_sharing_enabled":true,"jetpack_shortlink":"https:\/\/wp.me\/p7ZJR4-aoH","jetpack_likes_enabled":false,"jetpack-related-posts":[{"id":63961,"url":"https:\/\/www.grieta.org.mx\/index.php\/2022\/04\/08\/los-ejidatarios-de-ucu-denuncian-el-despojo-de-tierras-yucatan\/","url_meta":{"origin":39971,"position":0},"title":"Los ejidatarios de Uc\u00fa denuncian el despojo de tierras (Yucat\u00e1n)","author":"grieta","date":"8 abril, 2022","format":false,"excerpt":"\u201cNo todas las adquisiciones de terrenos ejidales son ilegales, pero muchas son inmorales porque quienes las realizan se aprovechan de los propietarios, que ven malbaratado y perdido su patrimonio por necesidad o por ignorancia\u201d, se\u00f1al\u00f3 Jes\u00fas Alberto Campos N\u00fa\u00f1ez, jefe distrital n\u00famero 8 del Consejo Nacional Mexicano de Pueblos Originarios,\u2026","rel":"","context":"En &quot;CINTILLO&quot;","block_context":{"text":"CINTILLO","link":"https:\/\/www.grieta.org.mx\/index.php\/category\/cintillo\/"},"img":{"alt_text":"","src":"https:\/\/i0.wp.com\/www.grieta.org.mx\/wp-content\/uploads\/2022\/04\/Ucu-e1649692228577.png?resize=350%2C200&ssl=1","width":350,"height":200,"srcset":"https:\/\/i0.wp.com\/www.grieta.org.mx\/wp-content\/uploads\/2022\/04\/Ucu-e1649692228577.png?resize=350%2C200&ssl=1 1x, https:\/\/i0.wp.com\/www.grieta.org.mx\/wp-content\/uploads\/2022\/04\/Ucu-e1649692228577.png?resize=525%2C300&ssl=1 1.5x, https:\/\/i0.wp.com\/www.grieta.org.mx\/wp-content\/uploads\/2022\/04\/Ucu-e1649692228577.png?resize=700%2C400&ssl=1 2x"},"classes":[]},{"id":40898,"url":"https:\/\/www.grieta.org.mx\/index.php\/2019\/11\/02\/pretenden-obligar-a-desistirse-de-su-denuncia-contra-venta-amanada-de-tierras-a-ejidatarios-que-se-oponen-en-chochola-yucatan\/","url_meta":{"origin":39971,"position":1},"title":"Pretenden obligar a desistirse de su denuncia contra venta ama\u00f1ada de tierras a ejidatarios que se oponen en Chochol\u00e1 (Yucat\u00e1n)","author":"grieta","date":"2 noviembre, 2019","format":false,"excerpt":"https:\/\/youtu.be\/hBL2UFMSF2M Redacci\u00f3n\/ Infolliteras Los ejidatarios que han denunciado las maniobras empresariales para apropiarse ilegalmente de tierras en el municipio de Chochol\u00e1 y que se oponen a la venta de tierras a empresarios conocidos en Yucat\u00e1n, dieron a conocer las amenazas a trav\u00e9s de las cuales se les pretende obligar a\u2026","rel":"","context":"En &quot;CINTILLO&quot;","block_context":{"text":"CINTILLO","link":"https:\/\/www.grieta.org.mx\/index.php\/category\/cintillo\/"},"img":{"alt_text":"","src":"https:\/\/i0.wp.com\/www.grieta.org.mx\/wp-content\/uploads\/2019\/11\/RechazanChochola.png?resize=350%2C200&ssl=1","width":350,"height":200,"srcset":"https:\/\/i0.wp.com\/www.grieta.org.mx\/wp-content\/uploads\/2019\/11\/RechazanChochola.png?resize=350%2C200&ssl=1 1x, https:\/\/i0.wp.com\/www.grieta.org.mx\/wp-content\/uploads\/2019\/11\/RechazanChochola.png?resize=525%2C300&ssl=1 1.5x, https:\/\/i0.wp.com\/www.grieta.org.mx\/wp-content\/uploads\/2019\/11\/RechazanChochola.png?resize=700%2C400&ssl=1 2x"},"classes":[]},{"id":56989,"url":"https:\/\/www.grieta.org.mx\/index.php\/2021\/02\/11\/ejidatarios-protestan-por-venta-ilegal-de-tierras-en-muxupip-yucatan\/","url_meta":{"origin":39971,"position":2},"title":"Ejidatarios protestan por venta ilegal de tierras en Muxupip (Yucat\u00e1n)","author":"grieta","date":"11 febrero, 2021","format":false,"excerpt":"Reporteros Hoy M\u00e9rida, Yucat\u00e1n; 11 de febrero de 2021 (ACOM).- Unos 80 ejidatarios del municipio de Muxupip se manifestaron en el Tribunal Agrario Unitario de M\u00e9rida para exigir la devoluci\u00f3n de mil 600 hect\u00e1reas de terreno que habr\u00edan sido vendidas de manera ilegal a 3 empresarios. Los quejosos, quienes gritaban\u2026","rel":"","context":"En &quot;CINTILLO&quot;","block_context":{"text":"CINTILLO","link":"https:\/\/www.grieta.org.mx\/index.php\/category\/cintillo\/"},"img":{"alt_text":"","src":"https:\/\/i0.wp.com\/www.grieta.org.mx\/wp-content\/uploads\/2021\/02\/Ejidatarios-de-Muxupip-scaled-1.jpg?resize=350%2C200&ssl=1","width":350,"height":200,"srcset":"https:\/\/i0.wp.com\/www.grieta.org.mx\/wp-content\/uploads\/2021\/02\/Ejidatarios-de-Muxupip-scaled-1.jpg?resize=350%2C200&ssl=1 1x, https:\/\/i0.wp.com\/www.grieta.org.mx\/wp-content\/uploads\/2021\/02\/Ejidatarios-de-Muxupip-scaled-1.jpg?resize=525%2C300&ssl=1 1.5x, https:\/\/i0.wp.com\/www.grieta.org.mx\/wp-content\/uploads\/2021\/02\/Ejidatarios-de-Muxupip-scaled-1.jpg?resize=700%2C400&ssl=1 2x"},"classes":[]},{"id":52562,"url":"https:\/\/www.grieta.org.mx\/index.php\/2020\/08\/09\/condenan-amenazas-contra-habitantes-que-defienden-ejido-de-xcalakdzonot-yucatan\/","url_meta":{"origin":39971,"position":3},"title":"Condenan amenazas contra habitantes que defienden ejido de Xcalakdzonot  (Yucat\u00e1n)","author":"grieta","date":"9 agosto, 2020","format":false,"excerpt":"Karen Clemente \/ Quadrat\u00edn Yucat\u00e1n CHANKOM, Yuc.\u2013 Integrantes de la asamblea de defensores del territorio maya M\u00fauch\u2019 X\u00edinbal denunci\u00f3 y conden\u00f3 las presuntas amenazas y actos de intimidaci\u00f3n del que fueron objeto un grupo de personas al defender el ejido de Xcalakdzonot. Mediante un comunicado se\u00f1alaron que al menos mil\u2026","rel":"","context":"En &quot;Agresiones y amenazas a defensor@s de derechos humanos y activistas en Yucat\u00e1n&quot;","block_context":{"text":"Agresiones y amenazas a defensor@s de derechos humanos y activistas en Yucat\u00e1n","link":"https:\/\/www.grieta.org.mx\/index.php\/category\/noticias-nacionales\/yucatan\/ataques-a-defensors-de-derechos-humanos-en-yucatan\/"},"img":{"alt_text":"","src":"https:\/\/i0.wp.com\/www.grieta.org.mx\/wp-content\/uploads\/2020\/08\/Xcalakdzonot.-1160x700.png?resize=350%2C200&ssl=1","width":350,"height":200,"srcset":"https:\/\/i0.wp.com\/www.grieta.org.mx\/wp-content\/uploads\/2020\/08\/Xcalakdzonot.-1160x700.png?resize=350%2C200&ssl=1 1x, https:\/\/i0.wp.com\/www.grieta.org.mx\/wp-content\/uploads\/2020\/08\/Xcalakdzonot.-1160x700.png?resize=525%2C300&ssl=1 1.5x, https:\/\/i0.wp.com\/www.grieta.org.mx\/wp-content\/uploads\/2020\/08\/Xcalakdzonot.-1160x700.png?resize=700%2C400&ssl=1 2x, https:\/\/i0.wp.com\/www.grieta.org.mx\/wp-content\/uploads\/2020\/08\/Xcalakdzonot.-1160x700.png?resize=1050%2C600&ssl=1 3x"},"classes":[]},{"id":50990,"url":"https:\/\/www.grieta.org.mx\/index.php\/2020\/06\/18\/en-plena-pandemia-convocan-a-ejidatarios-de-yucatan-para-una-venta-de-tierras\/","url_meta":{"origin":39971,"position":4},"title":"En plena pandemia, convocan a ejidatarios de Yucatan para una venta de tierras","author":"grieta","date":"18 junio, 2020","format":false,"excerpt":"Xkalakdzonot se ubica al sur de Chich\u00e9n Itz\u00e1, abajo de Pist\u00e9. MayaPolitikon En plena pandemia de coronavirus COVID19, ejidatarios de Xkalakdzonot, comisar\u00eda de Chankom, Yucat\u00e1n, fueron convocados de manera urgente la noche de este mi\u00e9rcoles 17, para una asamblea en que se decidir\u00e1 sobre la venta de 2,000 hect\u00e1reas de\u2026","rel":"","context":"En &quot;CINTILLO&quot;","block_context":{"text":"CINTILLO","link":"https:\/\/www.grieta.org.mx\/index.php\/category\/cintillo\/"},"img":{"alt_text":"","src":"https:\/\/i0.wp.com\/www.grieta.org.mx\/wp-content\/uploads\/2020\/06\/tramosdeltrenmaya--e1592489959898.png?resize=350%2C200&ssl=1","width":350,"height":200,"srcset":"https:\/\/i0.wp.com\/www.grieta.org.mx\/wp-content\/uploads\/2020\/06\/tramosdeltrenmaya--e1592489959898.png?resize=350%2C200&ssl=1 1x, https:\/\/i0.wp.com\/www.grieta.org.mx\/wp-content\/uploads\/2020\/06\/tramosdeltrenmaya--e1592489959898.png?resize=525%2C300&ssl=1 1.5x, https:\/\/i0.wp.com\/www.grieta.org.mx\/wp-content\/uploads\/2020\/06\/tramosdeltrenmaya--e1592489959898.png?resize=700%2C400&ssl=1 2x"},"classes":[]},{"id":28592,"url":"https:\/\/www.grieta.org.mx\/index.php\/2019\/01\/18\/desaparecen-el-ejido-de-ixil-yucatan\/","url_meta":{"origin":39971,"position":5},"title":"\u201cDesaparecen\u201d el Ejido de Ixil (Yucat\u00e1n)","author":"grieta","date":"18 enero, 2019","format":false,"excerpt":"(InformaTe Yucat\u00e1n) M\u00e9rida, Yucat\u00e1n .- Ejidatarios de Ixil est\u00e1n en riesgo de perder m\u00e1s de 5,700 hect\u00e1reas, tierras que se est\u00e1n vendiendo a ciudadanos de Baja California, Guadalajara, Sinaloa, Puebla, Veracruz, Ciudad de M\u00e9xico, Yucat\u00e1n y hasta de los Estados Unidos, denunci\u00f3 este viernes el comisario ejidal de ese municipio,\u2026","rel":"","context":"En &quot;CINTILLO&quot;","block_context":{"text":"CINTILLO","link":"https:\/\/www.grieta.org.mx\/index.php\/category\/cintillo\/"},"img":{"alt_text":"","src":"https:\/\/i0.wp.com\/www.grieta.org.mx\/wp-content\/uploads\/2019\/01\/EJIDDATARIOS-IXIL-.jpg?resize=350%2C200","width":350,"height":200,"srcset":"https:\/\/i0.wp.com\/www.grieta.org.mx\/wp-content\/uploads\/2019\/01\/EJIDDATARIOS-IXIL-.jpg?resize=350%2C200 1x, https:\/\/i0.wp.com\/www.grieta.org.mx\/wp-content\/uploads\/2019\/01\/EJIDDATARIOS-IXIL-.jpg?resize=525%2C300 1.5x, https:\/\/i0.wp.com\/www.grieta.org.mx\/wp-content\/uploads\/2019\/01\/EJIDDATARIOS-IXIL-.jpg?resize=700%2C400 2x"},"classes":[]}],"_links":{"self":[{"href":"https:\/\/www.grieta.org.mx\/index.php\/wp-json\/wp\/v2\/posts\/39971","targetHints":{"allow":["GET"]}}],"collection":[{"href":"https:\/\/www.grieta.org.mx\/index.php\/wp-json\/wp\/v2\/posts"}],"about":[{"href":"https:\/\/www.grieta.org.mx\/index.php\/wp-json\/wp\/v2\/types\/post"}],"author":[{"embeddable":true,"href":"https:\/\/www.grieta.org.mx\/index.php\/wp-json\/wp\/v2\/users\/2"}],"replies":[{"embeddable":true,"href":"https:\/\/www.grieta.org.mx\/index.php\/wp-json\/wp\/v2\/comments?post=39971"}],"version-history":[{"count":1,"href":"https:\/\/www.grieta.org.mx\/index.php\/wp-json\/wp\/v2\/posts\/39971\/revisions"}],"predecessor-version":[{"id":39973,"href":"https:\/\/www.grieta.org.mx\/index.php\/wp-json\/wp\/v2\/posts\/39971\/revisions\/39973"}],"wp:featuredmedia":[{"embeddable":true,"href":"https:\/\/www.grieta.org.mx\/index.php\/wp-json\/wp\/v2\/media\/39972"}],"wp:attachment":[{"href":"https:\/\/www.grieta.org.mx\/index.php\/wp-json\/wp\/v2\/media?parent=39971"}],"wp:term":[{"taxonomy":"category","embeddable":true,"href":"https:\/\/www.grieta.org.mx\/index.php\/wp-json\/wp\/v2\/categories?post=39971"},{"taxonomy":"post_tag","embeddable":true,"href":"https:\/\/www.grieta.org.mx\/index.php\/wp-json\/wp\/v2\/tags?post=39971"}],"curies":[{"name":"wp","href":"https:\/\/api.w.org\/{rel}","templated":true}]}}