{"id":39959,"date":"2019-09-23T14:02:12","date_gmt":"2019-09-23T19:02:12","guid":{"rendered":"http:\/\/www.grieta.org.mx\/?p=39959"},"modified":"2019-10-03T14:11:10","modified_gmt":"2019-10-03T19:11:10","slug":"comunidades-indigenas-se-oponen-al-proyecto-hidroelectrico-de-san-felipe-teopantlan-puebla","status":"publish","type":"post","link":"https:\/\/www.grieta.org.mx\/index.php\/2019\/09\/23\/comunidades-indigenas-se-oponen-al-proyecto-hidroelectrico-de-san-felipe-teopantlan-puebla\/","title":{"rendered":"Comunidades ind\u00edgenas se oponen al proyecto hidroel\u00e9ctrico de San Felipe Teopantl\u00e1n (Puebla)"},"content":{"rendered":"<p><a href=\"http:\/\/www.grieta.org.mx\/wp-content\/uploads\/2019\/10\/DSC03028.jpg\"><img loading=\"lazy\" decoding=\"async\" data-attachment-id=\"39961\" data-permalink=\"https:\/\/www.grieta.org.mx\/index.php\/2019\/09\/23\/comunidades-indigenas-se-oponen-al-proyecto-hidroelectrico-de-san-felipe-teopantlan-puebla\/dsc03028\/\" data-orig-file=\"https:\/\/www.grieta.org.mx\/wp-content\/uploads\/2019\/10\/DSC03028.jpg\" data-orig-size=\"1920,1080\" data-comments-opened=\"0\" data-image-meta=\"{&quot;aperture&quot;:&quot;4.5&quot;,&quot;credit&quot;:&quot;&quot;,&quot;camera&quot;:&quot;DSC-W830&quot;,&quot;caption&quot;:&quot;&quot;,&quot;created_timestamp&quot;:&quot;1569316590&quot;,&quot;copyright&quot;:&quot;&quot;,&quot;focal_length&quot;:&quot;10.87&quot;,&quot;iso&quot;:&quot;800&quot;,&quot;shutter_speed&quot;:&quot;0.033333333333333&quot;,&quot;title&quot;:&quot;&quot;,&quot;orientation&quot;:&quot;1&quot;}\" data-image-title=\"DSC03028\" data-image-description=\"\" data-image-caption=\"\" data-medium-file=\"https:\/\/www.grieta.org.mx\/wp-content\/uploads\/2019\/10\/DSC03028-300x169.jpg\" data-large-file=\"https:\/\/www.grieta.org.mx\/wp-content\/uploads\/2019\/10\/DSC03028-1024x576.jpg\" class=\"aligncenter wp-image-39961\" src=\"http:\/\/www.grieta.org.mx\/wp-content\/uploads\/2019\/10\/DSC03028-300x169.jpg\" alt=\"\" width=\"800\" height=\"450\" srcset=\"https:\/\/www.grieta.org.mx\/wp-content\/uploads\/2019\/10\/DSC03028-300x169.jpg 300w, https:\/\/www.grieta.org.mx\/wp-content\/uploads\/2019\/10\/DSC03028-768x432.jpg 768w, https:\/\/www.grieta.org.mx\/wp-content\/uploads\/2019\/10\/DSC03028-1024x576.jpg 1024w, https:\/\/www.grieta.org.mx\/wp-content\/uploads\/2019\/10\/DSC03028-889x500.jpg 889w, https:\/\/www.grieta.org.mx\/wp-content\/uploads\/2019\/10\/DSC03028.jpg 1920w\" sizes=\"auto, (max-width: 800px) 100vw, 800px\" \/><\/a><\/p>\n<p>Hip\u00f3lito Contreras \/ Desde Puebla<\/p>\n<p>&#8220;Soy Joaqu\u00edn Hern\u00e1ndez, vengo del municipio de San Felipe Teopantl\u00e1n, estamos defendiendo el r\u00edo porque con el proyecto hidroel\u00e9ctrico Puebla Uno se va a desviar cuatro y medio kil\u00f3metros, lo que va a dejar sin agua a las comunidades&#8221;, expres\u00f3 el dirigente ind\u00edgena.<\/p>\n<p>Ese r\u00edo, dijo, nos beneficia mucho, los ganaderos tienen sus potreros a orilla del r\u00edo, tenemos una tradici\u00f3n, cuando no llueve en el municipio tenemos ah\u00ed un lugar sagrado en el r\u00edo, llevamos la imagen de San Felipe Ap\u00f3stol a pedir el agua, todas esas costumbre que tenemos como pueblos ind\u00edgenas nos las quitan.<\/p>\n<p>Expuso que donde va a estar la Casa de M\u00e1quina hay una zona arqueol\u00f3gica, \u201cpor eso estamos defendiendo el r\u00edo, ese proyecto no nos beneficia para nada, como pueblos ind\u00edgenas nos violaron nuestros derechos, la libre determinaci\u00f3n de los pueblos, el derecho al agua, el derecho de territorio, por eso estamos defendiendo al r\u00edo, nos oponemos, nunca nos preguntaron\u201d.<\/p>\n<p>Destac\u00f3 que de enero a septiembre de este a\u00f1o ha llovido muy poco, est\u00e1 muy bajo el r\u00edo, con la presa que proyectan nos van a dejar s\u00f3lo el 10 por ciento del agua, los peces se van a acabar.<\/p>\n<p>El ri\u00f3 nos beneficia mucho, se\u00f1al\u00f3, porque aunque no llueve hoy siempre hay humedad, en cuatro y medio kil\u00f3metros de desv\u00edo va a quedar todo seco, buscamos d\u00f3nde defender nuestros derechos, nos ven muy bajitos porque somos ind\u00edgenas, porque no nos sabemos defender, por eso los empresarios entraron sin permiso de nosotros, nunca en una asamblea preguntaron nuestra opini\u00f3n al proyecto.<\/p>\n<p>Por su parte Aid\u00e9 P\u00e9rez, directora ejecutiva de la asociaci\u00f3n Fundar Centro de An\u00e1lisis e Investigaci\u00f3n, inform\u00f3 que desde que presentaron la demanda de amparo le solicitaron al juzgado que suspendiera cualquier actividad relacionada con el proyecto hidroel\u00e9ctrico, el juzgado autoriz\u00f3 la suspensi\u00f3n con lo que se logr\u00f3 parar el proyecto, lo que empez\u00f3 a generar una serie de situaciones de hostigamiento al la poblaci\u00f3n y a las organizaciones que se han sumado.<\/p>\n<p><a href=\"http:\/\/www.grieta.org.mx\/wp-content\/uploads\/2019\/10\/DSC03025-768x432.jpg\"><img loading=\"lazy\" decoding=\"async\" data-attachment-id=\"39960\" data-permalink=\"https:\/\/www.grieta.org.mx\/index.php\/2019\/09\/23\/comunidades-indigenas-se-oponen-al-proyecto-hidroelectrico-de-san-felipe-teopantlan-puebla\/dsc03025-768x432\/\" data-orig-file=\"https:\/\/www.grieta.org.mx\/wp-content\/uploads\/2019\/10\/DSC03025-768x432.jpg\" data-orig-size=\"768,432\" data-comments-opened=\"0\" data-image-meta=\"{&quot;aperture&quot;:&quot;0&quot;,&quot;credit&quot;:&quot;&quot;,&quot;camera&quot;:&quot;&quot;,&quot;caption&quot;:&quot;&quot;,&quot;created_timestamp&quot;:&quot;0&quot;,&quot;copyright&quot;:&quot;&quot;,&quot;focal_length&quot;:&quot;0&quot;,&quot;iso&quot;:&quot;0&quot;,&quot;shutter_speed&quot;:&quot;0&quot;,&quot;title&quot;:&quot;&quot;,&quot;orientation&quot;:&quot;0&quot;}\" data-image-title=\"DSC03025-768&amp;#215;432\" data-image-description=\"\" data-image-caption=\"\" data-medium-file=\"https:\/\/www.grieta.org.mx\/wp-content\/uploads\/2019\/10\/DSC03025-768x432-300x169.jpg\" data-large-file=\"https:\/\/www.grieta.org.mx\/wp-content\/uploads\/2019\/10\/DSC03025-768x432.jpg\" class=\"aligncenter wp-image-39960\" src=\"http:\/\/www.grieta.org.mx\/wp-content\/uploads\/2019\/10\/DSC03025-768x432-300x169.jpg\" alt=\"\" width=\"800\" height=\"450\" srcset=\"https:\/\/www.grieta.org.mx\/wp-content\/uploads\/2019\/10\/DSC03025-768x432-300x169.jpg 300w, https:\/\/www.grieta.org.mx\/wp-content\/uploads\/2019\/10\/DSC03025-768x432.jpg 768w\" sizes=\"auto, (max-width: 800px) 100vw, 800px\" \/><\/a><\/p>\n<p><a href=\"https:\/\/desdepuebla.com\/2019\/09\/25\/comunidades-indigenas-se-oponen-al-proyecto-hidroelectrico-de-san-felipe-teopantlan\/\">https:\/\/desdepuebla.com\/2019\/09\/25\/comunidades-indigenas-se-oponen-al-proyecto-hidroelectrico-de-san-felipe-teopantlan\/<\/a><\/p>\n","protected":false},"excerpt":{"rendered":"<p>Hip\u00f3lito Contreras \/ Desde Puebla &#8220;Soy Joaqu\u00edn Hern\u00e1ndez, vengo del municipio de San Felipe Teopantl\u00e1n, estamos defendiendo el r\u00edo porque con el proyecto hidroel\u00e9ctrico Puebla Uno se va a desviar &hellip; <a href=\"https:\/\/www.grieta.org.mx\/index.php\/2019\/09\/23\/comunidades-indigenas-se-oponen-al-proyecto-hidroelectrico-de-san-felipe-teopantlan-puebla\/\" class=\"more-link\">Leer m\u00e1s<\/a><\/p>\n","protected":false},"author":1,"featured_media":39961,"comment_status":"closed","ping_status":"closed","sticky":false,"template":"","format":"standard","meta":{"ngg_post_thumbnail":0,"_jetpack_newsletter_access":"","_jetpack_dont_email_post_to_subs":false,"_jetpack_newsletter_tier_id":0,"_jetpack_memberships_contains_paywalled_content":false,"_jetpack_memberships_contains_paid_content":false,"footnotes":""},"categories":[80,2703,1443,3,922,942,2,1245,38,26],"tags":[319,732],"class_list":["post-39959","post","type-post","status-publish","format-standard","has-post-thumbnail","hentry","category-cintillo","category-defensa-de-los-recursos-naturales-en-puebla","category-hidroelectrica-puebla-1","category-megaproyectos","category-megaproyectos-estados","category-mp-puebla","category-noticias-nacionales","category-oposicion-a-las-hidroelectricas-en-puebla","category-proyectos-hidricos","category-puebla","tag-hidroelectrica-puebla-1","tag-hidroelectricas","entry"],"jetpack_featured_media_url":"https:\/\/www.grieta.org.mx\/wp-content\/uploads\/2019\/10\/DSC03028.jpg","jetpack_sharing_enabled":true,"jetpack_shortlink":"https:\/\/wp.me\/p7ZJR4-aov","jetpack_likes_enabled":false,"jetpack-related-posts":[{"id":39284,"url":"https:\/\/www.grieta.org.mx\/index.php\/2019\/09\/19\/los-pueblos-totonacos-que-defienden-su-rio-contra-walmart-documental-puebla\/","url_meta":{"origin":39959,"position":0},"title":"Los pueblos totonacos que defienden su r\u00edo contra Walmart (Documental) (Puebla)","author":"Admin","date":"19 septiembre, 2019","format":false,"excerpt":"EDUCA \/ Kaos en la Red En julio del 2019, las comunidades totonacas firmaron una petici\u00f3n para exigir que se cancele el Proyecto Hidroel\u00e9ctrico Puebla 1, que fue autorizado por el Estado Mexicano. Un nuevo documental resume la cosmovisi\u00f3n de los pueblos totonacos de la Sierra de Puebla de Ahuacatl\u00e1n\u2026","rel":"","context":"En &quot;26. Sierra Puebla&quot;","block_context":{"text":"26. Sierra Puebla","link":"https:\/\/www.grieta.org.mx\/index.php\/category\/espejos-de-la-resistencia\/26-sierra-puebla\/"},"img":{"alt_text":"","src":"https:\/\/i0.wp.com\/www.grieta.org.mx\/wp-content\/uploads\/2019\/09\/hidro-300x200.jpg?resize=350%2C200","width":350,"height":200,"srcset":"https:\/\/i0.wp.com\/www.grieta.org.mx\/wp-content\/uploads\/2019\/09\/hidro-300x200.jpg?resize=350%2C200 1x, https:\/\/i0.wp.com\/www.grieta.org.mx\/wp-content\/uploads\/2019\/09\/hidro-300x200.jpg?resize=525%2C300 1.5x, https:\/\/i0.wp.com\/www.grieta.org.mx\/wp-content\/uploads\/2019\/09\/hidro-300x200.jpg?resize=700%2C400 2x"},"classes":[]},{"id":3824,"url":"https:\/\/www.grieta.org.mx\/index.php\/2015\/07\/16\/en-riesgo-la-sierra-norte-de-puebla\/","url_meta":{"origin":39959,"position":1},"title":"En riesgo la Sierra Norte de Puebla","author":"grieta","date":"16 julio, 2015","format":false,"excerpt":"Redacci\u00f3n\/ Fundar https:\/\/www.youtube.com\/watch?v=FpKWJ0HNJ6Q&feature=youtu.be En la comunidad de San Felipe Tepatl\u00e1n, existe el proyecto hidroel\u00e9ctrico Puebla 1, propuesto por la empresa Deselect-Comexhidro, mismo que pone en riesgo recursos naturales como el R\u00edo Ajajalpan, el cual es usado por la comunidad para el cultivo de sus tierras as\u00ed como para actividades tradicionales\u2026","rel":"","context":"En &quot;CINTILLO&quot;","block_context":{"text":"CINTILLO","link":"https:\/\/www.grieta.org.mx\/index.php\/category\/cintillo\/"},"img":{"alt_text":"","src":"https:\/\/i0.wp.com\/www.grieta.org.mx\/wp-content\/uploads\/2018\/03\/14524434_1106112876131411_958039263622046936_o.jpg?resize=350%2C200&ssl=1","width":350,"height":200,"srcset":"https:\/\/i0.wp.com\/www.grieta.org.mx\/wp-content\/uploads\/2018\/03\/14524434_1106112876131411_958039263622046936_o.jpg?resize=350%2C200&ssl=1 1x, https:\/\/i0.wp.com\/www.grieta.org.mx\/wp-content\/uploads\/2018\/03\/14524434_1106112876131411_958039263622046936_o.jpg?resize=525%2C300&ssl=1 1.5x, https:\/\/i0.wp.com\/www.grieta.org.mx\/wp-content\/uploads\/2018\/03\/14524434_1106112876131411_958039263622046936_o.jpg?resize=700%2C400&ssl=1 2x"},"classes":[]},{"id":20926,"url":"https:\/\/www.grieta.org.mx\/index.php\/2016\/08\/24\/acusan-en-tepatlan-a-comexhidro-de-provocaciones-para-justificar-la-represion-puebla\/","url_meta":{"origin":39959,"position":2},"title":"Acusan en Tepatl\u00e1n a Comexhidro de provocaciones para justificar la represi\u00f3n (Puebla)","author":"grieta","date":"24 agosto, 2016","format":false,"excerpt":"Por Mart\u00edn Hern\u00e1ndez Alc\u00e1ntara Campesinos de San Felipe Tepatl\u00e1n denunciaron que emisarios de Comexhidro, quienes supuestamente hacen investigaciones de campo en biolog\u00eda y antropolog\u00eda, acuden al pueblo para intentar provocar una agresi\u00f3n y as\u00ed justificar una intervenci\u00f3n policiaca que ayude a la imposici\u00f3n de la hidroel\u00e9ctrica. Los labriegos se\u00f1alaron a\u2026","rel":"","context":"En &quot;26. Sierra Puebla&quot;","block_context":{"text":"26. Sierra Puebla","link":"https:\/\/www.grieta.org.mx\/index.php\/category\/espejos-de-la-resistencia\/26-sierra-puebla\/"},"img":{"alt_text":"","src":"https:\/\/i0.wp.com\/www.grieta.org.mx\/wp-content\/uploads\/2018\/03\/14524434_1106112876131411_958039263622046936_o.jpg?resize=350%2C200&ssl=1","width":350,"height":200,"srcset":"https:\/\/i0.wp.com\/www.grieta.org.mx\/wp-content\/uploads\/2018\/03\/14524434_1106112876131411_958039263622046936_o.jpg?resize=350%2C200&ssl=1 1x, https:\/\/i0.wp.com\/www.grieta.org.mx\/wp-content\/uploads\/2018\/03\/14524434_1106112876131411_958039263622046936_o.jpg?resize=525%2C300&ssl=1 1.5x, https:\/\/i0.wp.com\/www.grieta.org.mx\/wp-content\/uploads\/2018\/03\/14524434_1106112876131411_958039263622046936_o.jpg?resize=700%2C400&ssl=1 2x"},"classes":[]},{"id":36706,"url":"https:\/\/www.grieta.org.mx\/index.php\/2019\/07\/18\/exigen-la-cancelacion-de-los-permisos-del-proyecto-hidroelectrico-puebla-1\/","url_meta":{"origin":39959,"position":3},"title":"Exigen la cancelaci\u00f3n de los permisos del Proyecto Hidroel\u00e9ctrico Puebla 1","author":"Admin","date":"18 julio, 2019","format":false,"excerpt":"La sentencia debe reconocer que los permisos violaron, entre otros, el derecho a la consulta y al consentimiento previo, libre e informado, as\u00ed como la obligaci\u00f3n de realizar estudios de impacto social. La construcci\u00f3n de la hidroel\u00e9ctrica traer\u00e1 como consecuencia la disminuci\u00f3n en la calidad del agua, generaci\u00f3n de gases\u2026","rel":"","context":"En &quot;26. Sierra Puebla&quot;","block_context":{"text":"26. Sierra Puebla","link":"https:\/\/www.grieta.org.mx\/index.php\/category\/espejos-de-la-resistencia\/26-sierra-puebla\/"},"img":{"alt_text":"","src":"https:\/\/i0.wp.com\/www.grieta.org.mx\/wp-content\/uploads\/2019\/07\/Hidroel%C3%A9ctrica_11-696x464.jpg?resize=350%2C200&ssl=1","width":350,"height":200,"srcset":"https:\/\/i0.wp.com\/www.grieta.org.mx\/wp-content\/uploads\/2019\/07\/Hidroel%C3%A9ctrica_11-696x464.jpg?resize=350%2C200&ssl=1 1x, https:\/\/i0.wp.com\/www.grieta.org.mx\/wp-content\/uploads\/2019\/07\/Hidroel%C3%A9ctrica_11-696x464.jpg?resize=525%2C300&ssl=1 1.5x"},"classes":[]},{"id":36781,"url":"https:\/\/www.grieta.org.mx\/index.php\/2019\/07\/19\/comunidades-totonacas-confian-que-juez-cancele-permisos-del-proyecto-hidroelectrico-puebla-1\/","url_meta":{"origin":39959,"position":4},"title":"Comunidades totonacas conf\u00edan que juez cancele permisos del Proyecto Hidroel\u00e9ctrico Puebla 1","author":"Admin","date":"19 julio, 2019","format":false,"excerpt":"Gabriela Hern\u00e1ndez \/ Proceso PUEBLA, Pue. (apro).- Las comunidades totonacas de San Felipe Tepatl\u00e1n, Altica y San Mateo Tlacotepec manifestaron su confianza de que el Juzgado Primero de Distrito en Materia de Amparo Civil y Administrativa de Puebla cancele los permisos del proyecto hidroel\u00e9ctrico Puebla 1, que busca abastecer de\u2026","rel":"","context":"En &quot;26. Sierra Puebla&quot;","block_context":{"text":"26. Sierra Puebla","link":"https:\/\/www.grieta.org.mx\/index.php\/category\/espejos-de-la-resistencia\/26-sierra-puebla\/"},"img":{"alt_text":"","src":"https:\/\/i0.wp.com\/www.grieta.org.mx\/wp-content\/uploads\/2019\/07\/Hidroel%C3%A9ctrica_11-696x464.jpg?resize=350%2C200&ssl=1","width":350,"height":200,"srcset":"https:\/\/i0.wp.com\/www.grieta.org.mx\/wp-content\/uploads\/2019\/07\/Hidroel%C3%A9ctrica_11-696x464.jpg?resize=350%2C200&ssl=1 1x, https:\/\/i0.wp.com\/www.grieta.org.mx\/wp-content\/uploads\/2019\/07\/Hidroel%C3%A9ctrica_11-696x464.jpg?resize=525%2C300&ssl=1 1.5x"},"classes":[]},{"id":69852,"url":"https:\/\/www.grieta.org.mx\/index.php\/2024\/09\/26\/ayuntamiento-de-ahuacatlan-revoca-permisos-a-hidroelectrica-que-busca-suministrar-energia-a-walmart-puebla\/","url_meta":{"origin":39959,"position":5},"title":"Ayuntamiento de Ahuacatl\u00e1n revoca permisos a hidroel\u00e9ctrica que busca suministrar energ\u00eda a Walmart (Puebla)","author":"Admin","date":"26 septiembre, 2024","format":false,"excerpt":"Por Gabriela Hern\u00e1ndez \/ Proceso PUEBLA, Pue. (apro).- El ayuntamiento de Ahuacatl\u00e1n revoc\u00f3 permisos que esa comuna hab\u00eda otorgado en 2009 a la empresa Comexhidro-Deselec para construir una hidroel\u00e9ctrica sobre el r\u00edo Ajajalpan, en la Sierra Norte de Puebla, que pretende suministrar energ\u00eda a las tiendas Walmart. En sesi\u00f3n celebrada\u2026","rel":"","context":"En &quot;26. Sierra Puebla&quot;","block_context":{"text":"26. Sierra Puebla","link":"https:\/\/www.grieta.org.mx\/index.php\/category\/espejos-de-la-resistencia\/26-sierra-puebla\/"},"img":{"alt_text":"","src":"https:\/\/i0.wp.com\/www.grieta.org.mx\/wp-content\/uploads\/2019\/06\/hidroel%C3%A9ctrica.jpg?resize=350%2C200&ssl=1","width":350,"height":200,"srcset":"https:\/\/i0.wp.com\/www.grieta.org.mx\/wp-content\/uploads\/2019\/06\/hidroel%C3%A9ctrica.jpg?resize=350%2C200&ssl=1 1x, https:\/\/i0.wp.com\/www.grieta.org.mx\/wp-content\/uploads\/2019\/06\/hidroel%C3%A9ctrica.jpg?resize=525%2C300&ssl=1 1.5x, https:\/\/i0.wp.com\/www.grieta.org.mx\/wp-content\/uploads\/2019\/06\/hidroel%C3%A9ctrica.jpg?resize=700%2C400&ssl=1 2x"},"classes":[]}],"_links":{"self":[{"href":"https:\/\/www.grieta.org.mx\/index.php\/wp-json\/wp\/v2\/posts\/39959","targetHints":{"allow":["GET"]}}],"collection":[{"href":"https:\/\/www.grieta.org.mx\/index.php\/wp-json\/wp\/v2\/posts"}],"about":[{"href":"https:\/\/www.grieta.org.mx\/index.php\/wp-json\/wp\/v2\/types\/post"}],"author":[{"embeddable":true,"href":"https:\/\/www.grieta.org.mx\/index.php\/wp-json\/wp\/v2\/users\/1"}],"replies":[{"embeddable":true,"href":"https:\/\/www.grieta.org.mx\/index.php\/wp-json\/wp\/v2\/comments?post=39959"}],"version-history":[{"count":1,"href":"https:\/\/www.grieta.org.mx\/index.php\/wp-json\/wp\/v2\/posts\/39959\/revisions"}],"predecessor-version":[{"id":39964,"href":"https:\/\/www.grieta.org.mx\/index.php\/wp-json\/wp\/v2\/posts\/39959\/revisions\/39964"}],"wp:featuredmedia":[{"embeddable":true,"href":"https:\/\/www.grieta.org.mx\/index.php\/wp-json\/wp\/v2\/media\/39961"}],"wp:attachment":[{"href":"https:\/\/www.grieta.org.mx\/index.php\/wp-json\/wp\/v2\/media?parent=39959"}],"wp:term":[{"taxonomy":"category","embeddable":true,"href":"https:\/\/www.grieta.org.mx\/index.php\/wp-json\/wp\/v2\/categories?post=39959"},{"taxonomy":"post_tag","embeddable":true,"href":"https:\/\/www.grieta.org.mx\/index.php\/wp-json\/wp\/v2\/tags?post=39959"}],"curies":[{"name":"wp","href":"https:\/\/api.w.org\/{rel}","templated":true}]}}