{"id":39917,"date":"2019-10-01T10:15:12","date_gmt":"2019-10-01T15:15:12","guid":{"rendered":"http:\/\/www.grieta.org.mx\/?p=39917"},"modified":"2019-10-03T10:32:24","modified_gmt":"2019-10-03T15:32:24","slug":"riegan-quimicos-en-nopala-causando-danos-a-la-salud-responsabilizan-a-empresa-fotovoltaica-hidalgo","status":"publish","type":"post","link":"https:\/\/www.grieta.org.mx\/index.php\/2019\/10\/01\/riegan-quimicos-en-nopala-causando-danos-a-la-salud-responsabilizan-a-empresa-fotovoltaica-hidalgo\/","title":{"rendered":"Riegan qu\u00edmicos en Nopala causando da\u00f1os a la salud; responsabilizan a empresa fotovoltaica (Hidalgo)"},"content":{"rendered":"<p><a href=\"http:\/\/www.grieta.org.mx\/wp-content\/uploads\/2019\/10\/circulo-1160x700.jpg\"><img loading=\"lazy\" decoding=\"async\" data-attachment-id=\"39918\" data-permalink=\"https:\/\/www.grieta.org.mx\/index.php\/2019\/10\/01\/riegan-quimicos-en-nopala-causando-danos-a-la-salud-responsabilizan-a-empresa-fotovoltaica-hidalgo\/circulo-1160x700\/\" data-orig-file=\"https:\/\/www.grieta.org.mx\/wp-content\/uploads\/2019\/10\/circulo-1160x700.jpg\" data-orig-size=\"1160,700\" data-comments-opened=\"0\" data-image-meta=\"{&quot;aperture&quot;:&quot;0&quot;,&quot;credit&quot;:&quot;&quot;,&quot;camera&quot;:&quot;&quot;,&quot;caption&quot;:&quot;&quot;,&quot;created_timestamp&quot;:&quot;0&quot;,&quot;copyright&quot;:&quot;&quot;,&quot;focal_length&quot;:&quot;0&quot;,&quot;iso&quot;:&quot;0&quot;,&quot;shutter_speed&quot;:&quot;0&quot;,&quot;title&quot;:&quot;&quot;,&quot;orientation&quot;:&quot;0&quot;}\" data-image-title=\"circulo-1160&amp;#215;700\" data-image-description=\"\" data-image-caption=\"\" data-medium-file=\"https:\/\/www.grieta.org.mx\/wp-content\/uploads\/2019\/10\/circulo-1160x700-300x181.jpg\" data-large-file=\"https:\/\/www.grieta.org.mx\/wp-content\/uploads\/2019\/10\/circulo-1160x700-1024x618.jpg\" class=\"aligncenter wp-image-39918\" src=\"http:\/\/www.grieta.org.mx\/wp-content\/uploads\/2019\/10\/circulo-1160x700-300x181.jpg\" alt=\"\" width=\"800\" height=\"483\" srcset=\"https:\/\/www.grieta.org.mx\/wp-content\/uploads\/2019\/10\/circulo-1160x700-300x181.jpg 300w, https:\/\/www.grieta.org.mx\/wp-content\/uploads\/2019\/10\/circulo-1160x700-768x463.jpg 768w, https:\/\/www.grieta.org.mx\/wp-content\/uploads\/2019\/10\/circulo-1160x700-1024x618.jpg 1024w, https:\/\/www.grieta.org.mx\/wp-content\/uploads\/2019\/10\/circulo-1160x700-829x500.jpg 829w, https:\/\/www.grieta.org.mx\/wp-content\/uploads\/2019\/10\/circulo-1160x700.jpg 1160w\" sizes=\"auto, (max-width: 800px) 100vw, 800px\" \/><\/a><\/p>\n<p>Por Alan Jim\u00e9nez y Erika Guti\u00e9rrez \/ Quadrat\u00edn Hidalgo<\/p>\n<p>NOPALA DE VILLAGR\u00c1N, Hgo., 1 de octubre de 2019.- Pobladores del municipio de Nopala de Villagran y demarcaciones aleda\u00f1as, denunciaron que mediante una avioneta que sobrevuela la regi\u00f3n en c\u00edrculo, la empresa fotovoltaica asentada en la regi\u00f3n suelta sustancias para disipar las nubes para bajar el torrencial de lluvias, lo cual est\u00e1 afectando sus cultivos y generando enfermedades.<\/p>\n<p>Los afectados solicitaron al gobierno local informaci\u00f3n respecto al funcionamiento de la central fotovoltaica Guajiro, adem\u00e1s de los permisos otorgados para el asentamiento de dicha empresa en ese municipio, pues presumentamente la avioneta es propiedad de la empresa.<\/p>\n<p>Para buscar una soluci\u00f3n a esta problem\u00e1tica se han realizado tres reuniones, la primera el pasado 21 de septiembre en el Telebachillerato de la comunidad de Da\u00f1u con la empresa Atlas Renewable Energy, presidida por Miguel Ch\u00e1vez Loeza, donde se abord\u00f3 el tema de la presencia de avionetas que sobrevuelan la zona y que disipan sustancias en las nubes, presuntamente por la instalaci\u00f3n de paneles solares en m\u00e1s de 400 hect\u00e1reas.<\/p>\n<p>Ante el cuestionamiento, el representante de la empresa Atlas, neg\u00f3 que las avionetas fueran propiedad de la empresa, respecto a los permisos otorgados por las diferentes instancias y dijo no llevarlos, por lo cual se program\u00f3 una nueva reuni\u00f3n para el pasado s\u00e1bado 28 de septiembre en el mismo lugar, en donde estar\u00eda tambi\u00e9n el presidente municipal David Padilla Guerrero, el gerente de la empresa Atlas, Camilo Serrano y de un representante de Gobierno del Estado, sin embargo, ninguna autoridad se present\u00f3.<\/p>\n<p>En esa ocasi\u00f3n acudieron pobladores de comunidades de los municipios de Nopala de Villagr\u00e1n, Huichapan, Chapantongo, Tepeji del R\u00edo, Aculco, Polotitl\u00e1n, Jilotepec, San Juan del R\u00edo, Paso de Mata.<\/p>\n<p>Ante la situaci\u00f3n los vecinos acordaron una asamblea p\u00fablica el lunes 30 de septiembre a las 9 horas frente a la presidencia municipal de Nopala de Villagr\u00e1n para exigir que una explicaci\u00f3n a las autoridades.<\/p>\n<p>Frente al Palacio Municipal y en presencia del alcalde, varios lugare\u00f1os tomaron la palabra y externaron sus dudas y exigieron informaci\u00f3n respecto a la avioneta, as\u00ed como el motivo de su presencia en la zona y los permisos expedidos a la empresa para su asentamiento.<\/p>\n<p>Adem\u00e1s, pidieron que se convoque a la asamblea municipal a una sesi\u00f3n de cabildo extraordinaria para que se comprometan a que no habr\u00e1 permisos de cambio de usos de suelo en tanto no se aclaren sus dudas, as\u00ed como la presencia de la avioneta.<\/p>\n<p>Ah\u00ed los pobladores expusieron que no est\u00e1n en contra del asentamiento de empresas, s\u00f3lo piden que no se haga con enga\u00f1os.<\/p>\n<p>Durante su intervenci\u00f3n el presidente municipal se comprometi\u00f3 a realizar una investigaci\u00f3n en coordinaci\u00f3n con Gobierno del Estado respecto a la procedencia de la avioneta, y ley\u00f3 un comunicado que le envi\u00f3 la empresa en donde se deslindan de la presencia de la avioneta, as\u00ed como los da\u00f1os al clima, al tiempo que tambi\u00e9n pidieron que se investigue la situaci\u00f3n.<\/p>\n<p>Por separado en el Congreso local el diputado local Armando Quintanar Trejo dijo que ante la intriga que viven habitantes del municipio de Nopala por sobrevuelos de avionetas de la central fotovoltaica de la empresa Atlas Renewable Energy, en la que se presume que por medio de qu\u00edmicos dispersan las nubes y con esto se evitan lluvias, pidi\u00f3 al gobernador, a la Secretar\u00eda del Medio Ambiente y Recursos Naturales (Semarnath) y de la Procuradur\u00eda de Protecci\u00f3n al Ambiente estatal y municipales de Nopala de Villagr\u00e1n, atender e informar sobre el funcionamiento de dicha central en Guajiro.<\/p>\n<p>El legislador detall\u00f3 que entre los habitantes hay inquietud en torno a sobrevuelos de avionetas en los cielos de Nopala, ya que los han asociado con la intenci\u00f3n de lanzar sustancias qu\u00edmicas a las nubes y dispersar las lluvias, con la central fotovoltaica Guajiro, por lo que han solicitado, (sin obtener respuesta hasta el momento), conocer el impacto real y las acciones que se toman para el adecuado funcionamiento de la central, as\u00ed como los efectos secundarios, tras la puesta en marcha del complejo.<\/p>\n<p>Armando Quintanar manifest\u00f3 que es importante reconocer los efectos positivos que tienen las energ\u00edas renovables, pero tambi\u00e9n rendir cuentas a la ciudadan\u00eda sobre las acciones en cuanto al funcionamiento de la central.<\/p>\n<p>Explic\u00f3 que los ciudadanos de Nopala convocaron a reuni\u00f3n el s\u00e1bado 28 de septiembre con la empresa, autoridades del ayuntamiento y del estado, pero ninguna de las autoridades se present\u00f3, aunque ya se hab\u00eda realizado un encuentro, el 21 de septiembre, con el representante de la empresa, donde se habl\u00f3 del vuelo de las avionetas en Nopala para atomizar las nubes y evitar las lluvias, lo cual causa problemas de sequ\u00eda en el campo, y conjuntivitis, dolores de cabeza, dermatitis y sinusitis en las personas.<\/p>\n<p>El representante de la empresa neg\u00f3 que las avionetas fueran de su propiedad.<\/p>\n<p>\u201cHago un llamado para que autoridades estatales y municipales atiendan el problema de forma directa, que se esclarezca la relaci\u00f3n del sobrevuelo de las avionetas con la central fotovoltaica Guajiro en el municipio de Nopala de Villagr\u00e1n y se especifique cu\u00e1l es su prop\u00f3sito, e informen de manera detallada el funcionamiento de la central fotovoltaica, para que la poblaci\u00f3n conozca el impacto real y las acciones que se toman para el adecuado funcionamiento de la central, as\u00ed como los efectos secundarios\u201d, demand\u00f3 el legislador.<\/p>\n<p>El exhorto considera que el gobernador informe sobre el funcionamiento de la central fotovoltaica y su relaci\u00f3n con las avionetas; que Semarnath supervise que la empresa cumpla con acciones que favorezcan al ambiente y haga entrega de los permisos necesarios para cualquier acto o medida que la empresa tome, adem\u00e1s de proteger y garantizar la estabilidad y resguardo adecuado de los recursos naturales.<\/p>\n<p><a href=\"https:\/\/hidalgo.quadratin.com.mx\/principal\/riegan-quimicos-en-nopala-causando-danos-a-la-salud-responsabilizan-a-empresa-fotovoltaica\/\">https:\/\/hidalgo.quadratin.com.mx\/principal\/riegan-quimicos-en-nopala-causando-danos-a-la-salud-responsabilizan-a-empresa-fotovoltaica\/<\/a><\/p>\n","protected":false},"excerpt":{"rendered":"<p>Por Alan Jim\u00e9nez y Erika Guti\u00e9rrez \/ Quadrat\u00edn Hidalgo NOPALA DE VILLAGR\u00c1N, Hgo., 1 de octubre de 2019.- Pobladores del municipio de Nopala de Villagran y demarcaciones aleda\u00f1as, denunciaron que &hellip; <a href=\"https:\/\/www.grieta.org.mx\/index.php\/2019\/10\/01\/riegan-quimicos-en-nopala-causando-danos-a-la-salud-responsabilizan-a-empresa-fotovoltaica-hidalgo\/\" class=\"more-link\">Leer m\u00e1s<\/a><\/p>\n","protected":false},"author":1,"featured_media":39918,"comment_status":"closed","ping_status":"closed","sticky":false,"template":"","format":"standard","meta":{"ngg_post_thumbnail":0,"_jetpack_newsletter_access":"","_jetpack_dont_email_post_to_subs":false,"_jetpack_newsletter_tier_id":0,"_jetpack_memberships_contains_paywalled_content":false,"_jetpack_memberships_contains_paid_content":false,"footnotes":""},"categories":[80,2188,19,2],"tags":[262,516],"class_list":["post-39917","post","type-post","status-publish","format-standard","has-post-thumbnail","hentry","category-cintillo","category-escasez-de-agua-en-hidalgo","category-hidalgo","category-noticias-nacionales","tag-parque-solar","tag-parques-eolicos","entry"],"jetpack_featured_media_url":"https:\/\/www.grieta.org.mx\/wp-content\/uploads\/2019\/10\/circulo-1160x700.jpg","jetpack_sharing_enabled":true,"jetpack_shortlink":"https:\/\/wp.me\/p7ZJR4-anP","jetpack_likes_enabled":false,"jetpack-related-posts":[{"id":38871,"url":"https:\/\/www.grieta.org.mx\/index.php\/2019\/09\/05\/ejidatarios-de-tamaulipas-acusan-que-un-grupo-de-autodefensas-los-obliga-a-asistir-a-mitin-de-amlo\/","url_meta":{"origin":39917,"position":0},"title":"Ejidatarios de Tamaulipas acusan que un grupo de autodefensas los obliga a asistir a mitin de AMLO","author":"grieta","date":"5 septiembre, 2019","format":false,"excerpt":"Juan Alberto Cedillo \/ Proceso REYNOSA, Tamps. (apro). \u2013 Ejidatarios de Hidalgo, Villagr\u00e1n y Mainero, en Tamaulipas, acusaron que un grupo de autodefensas les orden\u00f3 asistir al mitin que el presidente L\u00f3pez Obrador realizar\u00e1 este viernes en el primero de esos municipios. De acuerdo con testimonios, a los ejidatarios les\u2026","rel":"","context":"En &quot;CINTILLO&quot;","block_context":{"text":"CINTILLO","link":"https:\/\/www.grieta.org.mx\/index.php\/category\/cintillo\/"},"img":{"alt_text":"","src":"https:\/\/i0.wp.com\/www.grieta.org.mx\/wp-content\/uploads\/2019\/09\/https-_cdn.proceso.com_.mx_media_2019_06_D9Nx0QSWwAUMxjP.jpg?resize=350%2C200&ssl=1","width":350,"height":200,"srcset":"https:\/\/i0.wp.com\/www.grieta.org.mx\/wp-content\/uploads\/2019\/09\/https-_cdn.proceso.com_.mx_media_2019_06_D9Nx0QSWwAUMxjP.jpg?resize=350%2C200&ssl=1 1x, https:\/\/i0.wp.com\/www.grieta.org.mx\/wp-content\/uploads\/2019\/09\/https-_cdn.proceso.com_.mx_media_2019_06_D9Nx0QSWwAUMxjP.jpg?resize=525%2C300&ssl=1 1.5x"},"classes":[]},{"id":3069,"url":"https:\/\/www.grieta.org.mx\/index.php\/2015\/07\/01\/marchan-maestros-en-tamaulipas-contra-la-reforma-educativa\/","url_meta":{"origin":39917,"position":1},"title":"Marchan maestros en Tamaulipas contra la reforma educativa","author":"grieta","date":"1 julio, 2015","format":false,"excerpt":"La Jornada Mart\u00edn S\u00e1nchez Trevi\u00f1o Cd. Victoria, Tamps. Unos 600 profesores y padres de familia de los municipios de Villagr\u00e1n, Mainero e Hidalgo, en los l\u00edmites con Nuevo Le\u00f3n, marcharon esta ma\u00f1ana sobre la carretera nacional, y la bloquearon temporalmente para protestar contra la reforma educativa. Entre sus demandas, los\u2026","rel":"","context":"En &quot;CINTILLO&quot;","block_context":{"text":"CINTILLO","link":"https:\/\/www.grieta.org.mx\/index.php\/category\/cintillo\/"},"img":{"alt_text":"","src":"https:\/\/i0.wp.com\/www.grieta.org.mx\/wp-content\/uploads\/2018\/03\/14524434_1106112876131411_958039263622046936_o.jpg?resize=350%2C200&ssl=1","width":350,"height":200,"srcset":"https:\/\/i0.wp.com\/www.grieta.org.mx\/wp-content\/uploads\/2018\/03\/14524434_1106112876131411_958039263622046936_o.jpg?resize=350%2C200&ssl=1 1x, https:\/\/i0.wp.com\/www.grieta.org.mx\/wp-content\/uploads\/2018\/03\/14524434_1106112876131411_958039263622046936_o.jpg?resize=525%2C300&ssl=1 1.5x, https:\/\/i0.wp.com\/www.grieta.org.mx\/wp-content\/uploads\/2018\/03\/14524434_1106112876131411_958039263622046936_o.jpg?resize=700%2C400&ssl=1 2x"},"classes":[]},{"id":62877,"url":"https:\/\/www.grieta.org.mx\/index.php\/2021\/11\/10\/con-marcha-retoman-lucha-contra-mina-a-cielo-abierto-en-dolores-hidalgo-guanajuato\/","url_meta":{"origin":39917,"position":2},"title":"Con marcha, retoman lucha contra mina a cielo abierto en Dolores Hidalgo (Guanajuato)","author":"grieta","date":"10 noviembre, 2021","format":false,"excerpt":"por Alfonsina Avila noviembre 10, 2021, Zona Franca Guanajuato. Organizaciones y ciudadanos convocan a una manifestaci\u00f3n para el 21 de noviembre para defender el territorio y evitar la instalaci\u00f3n de una mina a cielo abierto en el Cerro del Gallo, en Dolores Hidalgo, por parte de la empresa canadiense Argonaut\u2026","rel":"","context":"En &quot;CINTILLO&quot;","block_context":{"text":"CINTILLO","link":"https:\/\/www.grieta.org.mx\/index.php\/category\/cintillo\/"},"img":{"alt_text":"","src":"https:\/\/i0.wp.com\/www.grieta.org.mx\/wp-content\/uploads\/2021\/11\/unnamed-3-5.png?resize=350%2C200&ssl=1","width":350,"height":200},"classes":[]},{"id":61549,"url":"https:\/\/www.grieta.org.mx\/index.php\/2021\/08\/26\/comerciantes-inconformes-por-reordenamiento-frente-a-mercado-hidalgo-en-celaya-guanajuato\/","url_meta":{"origin":39917,"position":3},"title":"Comerciantes, inconformes por reordenamiento frente a Mercado Hidalgo, en Celaya (Guanajuato)","author":"grieta","date":"26 agosto, 2021","format":false,"excerpt":"Ricardo Aguilar, Zona Franca agosto 26, 2021 Celaya; Gto.- El reordenamiento de los comerciantes ambulantes lleg\u00f3 ahora a la zona frente al Mercado Hidalgo en el Boulevard Adolfo L\u00f3pez Mateos, donde se tiene detectados 24 puestos, de los cuales 12 no tienen permiso y los otros exceden su metraje. Lograr\u2026","rel":"","context":"En &quot;CINTILLO&quot;","block_context":{"text":"CINTILLO","link":"https:\/\/www.grieta.org.mx\/index.php\/category\/cintillo\/"},"img":{"alt_text":"","src":"https:\/\/i0.wp.com\/www.grieta.org.mx\/wp-content\/uploads\/2021\/09\/unnamed-2-10.jpg?resize=350%2C200&ssl=1","width":350,"height":200},"classes":[]},{"id":39154,"url":"https:\/\/www.grieta.org.mx\/index.php\/2019\/09\/09\/en-zimapan-mineras-provocan-tolvaneras-contaminantes-por-remover-jales-hidalgo\/","url_meta":{"origin":39917,"position":4},"title":"En Zimap\u00e1n mineras provocan tolvaneras contaminantes por remover jales (Hidalgo)","author":"Admin","date":"9 septiembre, 2019","format":false,"excerpt":"Juan Ricardo Montoya \/ Todochicolapan Sin tomar ninguna precauci\u00f3n, empleados de la empresa minera Sago, luego de remover con maquinaria pesada los jales o monta\u00f1as de desechos producto de la actividad metal\u00fargica, ubicados a escasos metros de San Miguel y otras comunidades del municipio de Zimap\u00e1n, transportan en camiones los\u2026","rel":"","context":"En &quot;CINTILLO&quot;","block_context":{"text":"CINTILLO","link":"https:\/\/www.grieta.org.mx\/index.php\/category\/cintillo\/"},"img":{"alt_text":"","src":"https:\/\/i0.wp.com\/www.grieta.org.mx\/wp-content\/uploads\/2019\/09\/noticias_20190909182313_1669.jpg?resize=350%2C200&ssl=1","width":350,"height":200,"srcset":"https:\/\/i0.wp.com\/www.grieta.org.mx\/wp-content\/uploads\/2019\/09\/noticias_20190909182313_1669.jpg?resize=350%2C200&ssl=1 1x, https:\/\/i0.wp.com\/www.grieta.org.mx\/wp-content\/uploads\/2019\/09\/noticias_20190909182313_1669.jpg?resize=525%2C300&ssl=1 1.5x, https:\/\/i0.wp.com\/www.grieta.org.mx\/wp-content\/uploads\/2019\/09\/noticias_20190909182313_1669.jpg?resize=700%2C400&ssl=1 2x, https:\/\/i0.wp.com\/www.grieta.org.mx\/wp-content\/uploads\/2019\/09\/noticias_20190909182313_1669.jpg?resize=1050%2C600&ssl=1 3x"},"classes":[]},{"id":36323,"url":"https:\/\/www.grieta.org.mx\/index.php\/2019\/06\/26\/va-guardia-nacional-a-13-municipios-de-hidalgo\/","url_meta":{"origin":39917,"position":5},"title":"Va Guardia Nacional a 13 municipios de Hidalgo","author":"grieta","date":"26 junio, 2019","format":false,"excerpt":"Redacci\u00f3n \/ Criterio esde la siguiente semana, la Guardia Nacional entrar\u00e1 a Hidalgo, y en el municipio de Actopan tendr\u00e1 su cabecera, esto para sumarse a las labores de seguridad de la regi\u00f3n que forma la estrategia \u201cHidalgo 2\u201d. Seg\u00fan dio a conocer el \u00e1rea de Comunicaci\u00f3n Social municipal, la\u2026","rel":"","context":"En &quot;CINTILLO&quot;","block_context":{"text":"CINTILLO","link":"https:\/\/www.grieta.org.mx\/index.php\/category\/cintillo\/"},"img":{"alt_text":"","src":"https:\/\/i0.wp.com\/www.grieta.org.mx\/wp-content\/uploads\/2019\/07\/https-_www.criteriohidalgo.com_wp-content_uploads_2019_06_actopan-660x330.jpg?resize=350%2C200&ssl=1","width":350,"height":200,"srcset":"https:\/\/i0.wp.com\/www.grieta.org.mx\/wp-content\/uploads\/2019\/07\/https-_www.criteriohidalgo.com_wp-content_uploads_2019_06_actopan-660x330.jpg?resize=350%2C200&ssl=1 1x, https:\/\/i0.wp.com\/www.grieta.org.mx\/wp-content\/uploads\/2019\/07\/https-_www.criteriohidalgo.com_wp-content_uploads_2019_06_actopan-660x330.jpg?resize=525%2C300&ssl=1 1.5x"},"classes":[]}],"_links":{"self":[{"href":"https:\/\/www.grieta.org.mx\/index.php\/wp-json\/wp\/v2\/posts\/39917","targetHints":{"allow":["GET"]}}],"collection":[{"href":"https:\/\/www.grieta.org.mx\/index.php\/wp-json\/wp\/v2\/posts"}],"about":[{"href":"https:\/\/www.grieta.org.mx\/index.php\/wp-json\/wp\/v2\/types\/post"}],"author":[{"embeddable":true,"href":"https:\/\/www.grieta.org.mx\/index.php\/wp-json\/wp\/v2\/users\/1"}],"replies":[{"embeddable":true,"href":"https:\/\/www.grieta.org.mx\/index.php\/wp-json\/wp\/v2\/comments?post=39917"}],"version-history":[{"count":1,"href":"https:\/\/www.grieta.org.mx\/index.php\/wp-json\/wp\/v2\/posts\/39917\/revisions"}],"predecessor-version":[{"id":39919,"href":"https:\/\/www.grieta.org.mx\/index.php\/wp-json\/wp\/v2\/posts\/39917\/revisions\/39919"}],"wp:featuredmedia":[{"embeddable":true,"href":"https:\/\/www.grieta.org.mx\/index.php\/wp-json\/wp\/v2\/media\/39918"}],"wp:attachment":[{"href":"https:\/\/www.grieta.org.mx\/index.php\/wp-json\/wp\/v2\/media?parent=39917"}],"wp:term":[{"taxonomy":"category","embeddable":true,"href":"https:\/\/www.grieta.org.mx\/index.php\/wp-json\/wp\/v2\/categories?post=39917"},{"taxonomy":"post_tag","embeddable":true,"href":"https:\/\/www.grieta.org.mx\/index.php\/wp-json\/wp\/v2\/tags?post=39917"}],"curies":[{"name":"wp","href":"https:\/\/api.w.org\/{rel}","templated":true}]}}