{"id":39913,"date":"2019-10-01T10:00:10","date_gmt":"2019-10-01T15:00:10","guid":{"rendered":"http:\/\/www.grieta.org.mx\/?p=39913"},"modified":"2019-10-03T10:05:47","modified_gmt":"2019-10-03T15:05:47","slug":"contaminacion-del-atoyac-por-corrupcion-en-puebla","status":"publish","type":"post","link":"https:\/\/www.grieta.org.mx\/index.php\/2019\/10\/01\/contaminacion-del-atoyac-por-corrupcion-en-puebla\/","title":{"rendered":"Contaminaci\u00f3n del Atoyac, por corrupci\u00f3n en Puebla"},"content":{"rendered":"<p><a href=\"http:\/\/www.grieta.org.mx\/wp-content\/uploads\/2019\/10\/efe4127836c64d4186b054b5aa0f69a1_nota_685x411_thumb.jpg\"><img loading=\"lazy\" decoding=\"async\" data-attachment-id=\"39914\" data-permalink=\"https:\/\/www.grieta.org.mx\/index.php\/2019\/10\/01\/contaminacion-del-atoyac-por-corrupcion-en-puebla\/efe4127836c64d4186b054b5aa0f69a1_nota_685x411_thumb\/\" data-orig-file=\"https:\/\/www.grieta.org.mx\/wp-content\/uploads\/2019\/10\/efe4127836c64d4186b054b5aa0f69a1_nota_685x411_thumb.jpg\" data-orig-size=\"685,411\" data-comments-opened=\"0\" data-image-meta=\"{&quot;aperture&quot;:&quot;0&quot;,&quot;credit&quot;:&quot;&quot;,&quot;camera&quot;:&quot;&quot;,&quot;caption&quot;:&quot;&quot;,&quot;created_timestamp&quot;:&quot;0&quot;,&quot;copyright&quot;:&quot;&quot;,&quot;focal_length&quot;:&quot;0&quot;,&quot;iso&quot;:&quot;0&quot;,&quot;shutter_speed&quot;:&quot;0&quot;,&quot;title&quot;:&quot;&quot;,&quot;orientation&quot;:&quot;0&quot;}\" data-image-title=\"efe4127836c64d4186b054b5aa0f69a1_nota_685x411_thumb\" data-image-description=\"\" data-image-caption=\"\" data-medium-file=\"https:\/\/www.grieta.org.mx\/wp-content\/uploads\/2019\/10\/efe4127836c64d4186b054b5aa0f69a1_nota_685x411_thumb-300x180.jpg\" data-large-file=\"https:\/\/www.grieta.org.mx\/wp-content\/uploads\/2019\/10\/efe4127836c64d4186b054b5aa0f69a1_nota_685x411_thumb.jpg\" class=\"aligncenter wp-image-39914\" src=\"http:\/\/www.grieta.org.mx\/wp-content\/uploads\/2019\/10\/efe4127836c64d4186b054b5aa0f69a1_nota_685x411_thumb-300x180.jpg\" alt=\"\" width=\"800\" height=\"480\" srcset=\"https:\/\/www.grieta.org.mx\/wp-content\/uploads\/2019\/10\/efe4127836c64d4186b054b5aa0f69a1_nota_685x411_thumb-300x180.jpg 300w, https:\/\/www.grieta.org.mx\/wp-content\/uploads\/2019\/10\/efe4127836c64d4186b054b5aa0f69a1_nota_685x411_thumb.jpg 685w\" sizes=\"auto, (max-width: 800px) 100vw, 800px\" \/><\/a><\/p>\n<p>Redacci\u00f3n \/ El Popular<\/p>\n<p>Entre 2013 y 2017, el gobierno federal destin\u00f3 m\u00e1s de 940 millones de pesos para la instalaci\u00f3n de 16 plantas de tratamiento de agua en Puebla y Tlaxcala; sin embargo, esto ha propiciado casos de desv\u00edo de dinero y complejos construidos, pero sin entrar en operaciones en la entidad.<\/p>\n<p>De acuerdo con el estudio \u201cCorrupci\u00f3n en el sector del agua \u00bfQui\u00e9n es el responsable de la crisis?\u201d, se destaca al R\u00edo Atoyac como uno de los caudales m\u00e1s contaminados del pa\u00eds, pues se han detectado part\u00edculas fecales, metales pesados, desechos qu\u00edmicos y compuestos cancer\u00edgenos.<\/p>\n<p>El principal argumento de los investigadores sugiere que gobiernos locales \u201chan privilegiado el negocio con la construcci\u00f3n de plantas municipales\u201d, en el que aseguran que grupos empresariales construyen Plantas de Tratamiento de Aguas Residuales (PTARs), pero no las ponen en marcha.<\/p>\n<p><a href=\"http:\/\/www.grieta.org.mx\/wp-content\/uploads\/2019\/10\/89e2f0ad5a543f934d89a02284ab49ce.jpg\"><img loading=\"lazy\" decoding=\"async\" data-attachment-id=\"39915\" data-permalink=\"https:\/\/www.grieta.org.mx\/index.php\/2019\/10\/01\/contaminacion-del-atoyac-por-corrupcion-en-puebla\/89e2f0ad5a543f934d89a02284ab49ce\/\" data-orig-file=\"https:\/\/www.grieta.org.mx\/wp-content\/uploads\/2019\/10\/89e2f0ad5a543f934d89a02284ab49ce.jpg\" data-orig-size=\"1000,600\" data-comments-opened=\"0\" data-image-meta=\"{&quot;aperture&quot;:&quot;0&quot;,&quot;credit&quot;:&quot;&quot;,&quot;camera&quot;:&quot;&quot;,&quot;caption&quot;:&quot;&quot;,&quot;created_timestamp&quot;:&quot;0&quot;,&quot;copyright&quot;:&quot;&quot;,&quot;focal_length&quot;:&quot;0&quot;,&quot;iso&quot;:&quot;0&quot;,&quot;shutter_speed&quot;:&quot;0&quot;,&quot;title&quot;:&quot;&quot;,&quot;orientation&quot;:&quot;0&quot;}\" data-image-title=\"89e2f0ad5a543f934d89a02284ab49ce\" data-image-description=\"\" data-image-caption=\"\" data-medium-file=\"https:\/\/www.grieta.org.mx\/wp-content\/uploads\/2019\/10\/89e2f0ad5a543f934d89a02284ab49ce-300x180.jpg\" data-large-file=\"https:\/\/www.grieta.org.mx\/wp-content\/uploads\/2019\/10\/89e2f0ad5a543f934d89a02284ab49ce.jpg\" class=\"aligncenter wp-image-39915\" src=\"http:\/\/www.grieta.org.mx\/wp-content\/uploads\/2019\/10\/89e2f0ad5a543f934d89a02284ab49ce-300x180.jpg\" alt=\"\" width=\"800\" height=\"480\" srcset=\"https:\/\/www.grieta.org.mx\/wp-content\/uploads\/2019\/10\/89e2f0ad5a543f934d89a02284ab49ce-300x180.jpg 300w, https:\/\/www.grieta.org.mx\/wp-content\/uploads\/2019\/10\/89e2f0ad5a543f934d89a02284ab49ce-768x461.jpg 768w, https:\/\/www.grieta.org.mx\/wp-content\/uploads\/2019\/10\/89e2f0ad5a543f934d89a02284ab49ce-833x500.jpg 833w, https:\/\/www.grieta.org.mx\/wp-content\/uploads\/2019\/10\/89e2f0ad5a543f934d89a02284ab49ce.jpg 1000w\" sizes=\"auto, (max-width: 800px) 100vw, 800px\" \/><\/a><\/p>\n<p>\u201cLos dejan como meros elefantes blancos\u201d, se\u00f1al\u00f3 Alejandra M\u00e9ndez, directora del Centro \u201cFray Juli\u00e1n Garc\u00e9s\u201d, de Derechos Humanos y Desarrollo Local.<\/p>\n<p><a href=\"https:\/\/www.elpopular.mx\/2019\/10\/01\/local\/corrupcion-en-puebla-responsable-de-contaminar-el-atoyac\">https:\/\/www.elpopular.mx\/2019\/10\/01\/local\/corrupcion-en-puebla-responsable-de-contaminar-el-atoyac<\/a><\/p>\n","protected":false},"excerpt":{"rendered":"<p>Redacci\u00f3n \/ El Popular Entre 2013 y 2017, el gobierno federal destin\u00f3 m\u00e1s de 940 millones de pesos para la instalaci\u00f3n de 16 plantas de tratamiento de agua en Puebla &hellip; <a href=\"https:\/\/www.grieta.org.mx\/index.php\/2019\/10\/01\/contaminacion-del-atoyac-por-corrupcion-en-puebla\/\" class=\"more-link\">Leer m\u00e1s<\/a><\/p>\n","protected":false},"author":1,"featured_media":39914,"comment_status":"closed","ping_status":"closed","sticky":false,"template":"","format":"standard","meta":{"ngg_post_thumbnail":0,"_jetpack_newsletter_access":"","_jetpack_dont_email_post_to_subs":false,"_jetpack_newsletter_tier_id":0,"_jetpack_memberships_contains_paywalled_content":false,"_jetpack_memberships_contains_paid_content":false,"footnotes":""},"categories":[80,1255,914,2,1253,26,83],"tags":[425],"class_list":["post-39913","post","type-post","status-publish","format-standard","has-post-thumbnail","hentry","category-cintillo","category-contaminacion-del-agua-por-industria-en-puebla","category-privatizacion-del-agua","category-noticias-nacionales","category-privatizacion-del-agua-y-el-drenaje-en-puebla","category-puebla","category-temas-nacionales","tag-contaminacion-agua","entry"],"jetpack_featured_media_url":"https:\/\/www.grieta.org.mx\/wp-content\/uploads\/2019\/10\/efe4127836c64d4186b054b5aa0f69a1_nota_685x411_thumb.jpg","jetpack_sharing_enabled":true,"jetpack_shortlink":"https:\/\/wp.me\/p7ZJR4-anL","jetpack_likes_enabled":false,"jetpack-related-posts":[{"id":12257,"url":"https:\/\/www.grieta.org.mx\/index.php\/2016\/07\/25\/danos-ambientales-por-industria-maquiladora-en-puebla\/","url_meta":{"origin":39913,"position":0},"title":"Contaminaci\u00f3n del agua por industria maquiladora en Puebla","author":"grieta","date":"25 julio, 2016","format":false,"excerpt":"26\/07\/16. No funcionan 20 plantas de tratamiento de aguas residuales en Puebla: Conagua Contraparte 18\/07\/16. R\u00edo Atoyac: responsabilidad compartida o corrupci\u00f3n ininterrumpida (Puebla) e-consulta 11\/05\/16. Lavander\u00eda contamina r\u00edo y tierras en comunidad de Huejotzingo (Puebla) Municipios Puebla","rel":"","context":"En &quot;NOTICIAS NACIONALES&quot;","block_context":{"text":"NOTICIAS NACIONALES","link":"https:\/\/www.grieta.org.mx\/index.php\/category\/noticias-nacionales\/"},"img":{"alt_text":"","src":"https:\/\/i0.wp.com\/www.grieta.org.mx\/wp-content\/uploads\/2018\/03\/14524434_1106112876131411_958039263622046936_o.jpg?resize=350%2C200&ssl=1","width":350,"height":200,"srcset":"https:\/\/i0.wp.com\/www.grieta.org.mx\/wp-content\/uploads\/2018\/03\/14524434_1106112876131411_958039263622046936_o.jpg?resize=350%2C200&ssl=1 1x, https:\/\/i0.wp.com\/www.grieta.org.mx\/wp-content\/uploads\/2018\/03\/14524434_1106112876131411_958039263622046936_o.jpg?resize=525%2C300&ssl=1 1.5x, https:\/\/i0.wp.com\/www.grieta.org.mx\/wp-content\/uploads\/2018\/03\/14524434_1106112876131411_958039263622046936_o.jpg?resize=700%2C400&ssl=1 2x"},"classes":[]},{"id":27736,"url":"https:\/\/www.grieta.org.mx\/index.php\/2018\/11\/22\/mueren-ninos-en-puebla-por-agua-contaminada\/","url_meta":{"origin":39913,"position":1},"title":"Mueren ni\u00f1os en Puebla por agua contaminada","author":"grieta","date":"22 noviembre, 2018","format":false,"excerpt":"Alba Espejel \/ El Popular Violeta Trinidad, directora ejecutiva de la organizaci\u00f3n Dale la Cara al Atoyac AC, inform\u00f3 que de acuerdo con cifras de la Comisi\u00f3n Nacional del Agua (Conagua), Puebla tiene el primer lugar en mortandad infantil por el contacto del agua contaminada; dijo que hay varios contaminantes\u2026","rel":"","context":"En &quot;CINTILLO&quot;","block_context":{"text":"CINTILLO","link":"https:\/\/www.grieta.org.mx\/index.php\/category\/cintillo\/"},"img":{"alt_text":"","src":"https:\/\/i0.wp.com\/www.grieta.org.mx\/wp-content\/uploads\/2018\/11\/Captura-de-pantalla-2018-11-29-10.02.11.png?resize=350%2C200&ssl=1","width":350,"height":200,"srcset":"https:\/\/i0.wp.com\/www.grieta.org.mx\/wp-content\/uploads\/2018\/11\/Captura-de-pantalla-2018-11-29-10.02.11.png?resize=350%2C200&ssl=1 1x, https:\/\/i0.wp.com\/www.grieta.org.mx\/wp-content\/uploads\/2018\/11\/Captura-de-pantalla-2018-11-29-10.02.11.png?resize=525%2C300&ssl=1 1.5x, https:\/\/i0.wp.com\/www.grieta.org.mx\/wp-content\/uploads\/2018\/11\/Captura-de-pantalla-2018-11-29-10.02.11.png?resize=700%2C400&ssl=1 2x"},"classes":[]},{"id":41362,"url":"https:\/\/www.grieta.org.mx\/index.php\/2019\/10\/20\/contaminacion-en-rio-atoyac-deja-mas-de-25-mil-muertos-puebla-y-tlaxcala\/","url_meta":{"origin":39913,"position":2},"title":"Contaminaci\u00f3n en r\u00edo Atoyac deja m\u00e1s de 25 mil muertos (Puebla y Tlaxcala)","author":"Admin","date":"20 octubre, 2019","format":false,"excerpt":"Redacci\u00f3n \/ Milenio digital PUEBLA.- A lo largo de su vida, Isabel Cano Flores no solo vio morir al r\u00edo Atoyac, tambi\u00e9n sufri\u00f3 la muerte de una de sus hijas a causa de c\u00e1ncer en la sangre que adquiri\u00f3 por la exposici\u00f3n a t\u00f3xicos como el benceno, plomo y ars\u00e9nico\u2026","rel":"","context":"En &quot;CINTILLO&quot;","block_context":{"text":"CINTILLO","link":"https:\/\/www.grieta.org.mx\/index.php\/category\/cintillo\/"},"img":{"alt_text":"","src":"https:\/\/i0.wp.com\/www.grieta.org.mx\/wp-content\/uploads\/2019\/11\/rio-atoyac-andres-lobato_0_28_640_398.jpg?resize=350%2C200&ssl=1","width":350,"height":200,"srcset":"https:\/\/i0.wp.com\/www.grieta.org.mx\/wp-content\/uploads\/2019\/11\/rio-atoyac-andres-lobato_0_28_640_398.jpg?resize=350%2C200&ssl=1 1x, https:\/\/i0.wp.com\/www.grieta.org.mx\/wp-content\/uploads\/2019\/11\/rio-atoyac-andres-lobato_0_28_640_398.jpg?resize=525%2C300&ssl=1 1.5x, https:\/\/i0.wp.com\/www.grieta.org.mx\/wp-content\/uploads\/2019\/11\/rio-atoyac-andres-lobato_0_28_640_398.jpg?resize=700%2C400&ssl=1 2x"},"classes":[]},{"id":43431,"url":"https:\/\/www.grieta.org.mx\/index.php\/2020\/01\/22\/desechos-industriales-vertidos-en-rio-atoyac-llevan-muerte-a-tlaxcala-y-puebla\/","url_meta":{"origin":39913,"position":3},"title":"Desechos industriales vertidos en R\u00edo Atoyac llevan muerte a Tlaxcala y Puebla","author":"Admin","date":"22 enero, 2020","format":false,"excerpt":"Redacci\u00f3n \/ La Verdad Poblados de Tlaxcala y Puebla, se han envuelto en contaminantes, luego de que, el R\u00edo Atoyac, corriente fluvial que atraviesa ambos estados, lleva la muerte a los seres vivos con los que se cruza a su paso. R\u00edo Atoyac mata todo a su paso Las que\u2026","rel":"","context":"En &quot;CINTILLO&quot;","block_context":{"text":"CINTILLO","link":"https:\/\/www.grieta.org.mx\/index.php\/category\/cintillo\/"},"img":{"alt_text":"","src":"https:\/\/i0.wp.com\/www.grieta.org.mx\/wp-content\/uploads\/2020\/01\/Captura-de-pantalla-2020-01-24-a-las-1.25.49-p.m..png?resize=350%2C200&ssl=1","width":350,"height":200,"srcset":"https:\/\/i0.wp.com\/www.grieta.org.mx\/wp-content\/uploads\/2020\/01\/Captura-de-pantalla-2020-01-24-a-las-1.25.49-p.m..png?resize=350%2C200&ssl=1 1x, https:\/\/i0.wp.com\/www.grieta.org.mx\/wp-content\/uploads\/2020\/01\/Captura-de-pantalla-2020-01-24-a-las-1.25.49-p.m..png?resize=525%2C300&ssl=1 1.5x"},"classes":[]},{"id":17702,"url":"https:\/\/www.grieta.org.mx\/index.php\/2016\/07\/18\/rio-atoyac-responsabilidad-compartida-o-corrupcion-ininterrumpida-puebla\/","url_meta":{"origin":39913,"position":4},"title":"R\u00edo Atoyac: responsabilidad compartida o corrupci\u00f3n ininterrumpida (Puebla)","author":"grieta","date":"18 julio, 2016","format":false,"excerpt":"Por Denisse Ortiz P\u00e9rez \u201cEl mundo es un lugar peligroso, no a causa de los que hacen el mal sino por aquellos que no hacen nada para evitarlo\u201d Albert Einstein. El objetivo de las pol\u00edticas sociales deber\u00e1 retomarse en protecci\u00f3n de los derechos sociales a nivel general se\u00f1alizando las obligaciones\u2026","rel":"","context":"En &quot;CINTILLO&quot;","block_context":{"text":"CINTILLO","link":"https:\/\/www.grieta.org.mx\/index.php\/category\/cintillo\/"},"img":{"alt_text":"","src":"https:\/\/i0.wp.com\/www.grieta.org.mx\/wp-content\/uploads\/2018\/03\/14524434_1106112876131411_958039263622046936_o.jpg?resize=350%2C200&ssl=1","width":350,"height":200,"srcset":"https:\/\/i0.wp.com\/www.grieta.org.mx\/wp-content\/uploads\/2018\/03\/14524434_1106112876131411_958039263622046936_o.jpg?resize=350%2C200&ssl=1 1x, https:\/\/i0.wp.com\/www.grieta.org.mx\/wp-content\/uploads\/2018\/03\/14524434_1106112876131411_958039263622046936_o.jpg?resize=525%2C300&ssl=1 1.5x, https:\/\/i0.wp.com\/www.grieta.org.mx\/wp-content\/uploads\/2018\/03\/14524434_1106112876131411_958039263622046936_o.jpg?resize=700%2C400&ssl=1 2x"},"classes":[]},{"id":41390,"url":"https:\/\/www.grieta.org.mx\/index.php\/2019\/11\/20\/poblanos-enferman-por-agua-contaminada\/","url_meta":{"origin":39913,"position":5},"title":"Poblanos enferman por agua contaminada","author":"Admin","date":"20 noviembre, 2019","format":false,"excerpt":"Puebla. La contaminaci\u00f3n que generan las empresas de autopartes y textiles instaladas entre los municipios de Juan C. Bonilla y Huejotzingo es una realidad fuera de control. Producto de las descargas residuales que incumplen las normas de Semarnat y Conagua, los efectos nocivos ya son evidentes. El agua para consumo\u2026","rel":"","context":"En &quot;CINTILLO&quot;","block_context":{"text":"CINTILLO","link":"https:\/\/www.grieta.org.mx\/index.php\/category\/cintillo\/"},"img":{"alt_text":"","src":"https:\/\/i0.wp.com\/www.grieta.org.mx\/wp-content\/uploads\/2019\/11\/Captura-de-pantalla-2019-11-21-12.03.08.png?resize=350%2C200&ssl=1","width":350,"height":200,"srcset":"https:\/\/i0.wp.com\/www.grieta.org.mx\/wp-content\/uploads\/2019\/11\/Captura-de-pantalla-2019-11-21-12.03.08.png?resize=350%2C200&ssl=1 1x, https:\/\/i0.wp.com\/www.grieta.org.mx\/wp-content\/uploads\/2019\/11\/Captura-de-pantalla-2019-11-21-12.03.08.png?resize=525%2C300&ssl=1 1.5x, https:\/\/i0.wp.com\/www.grieta.org.mx\/wp-content\/uploads\/2019\/11\/Captura-de-pantalla-2019-11-21-12.03.08.png?resize=700%2C400&ssl=1 2x, https:\/\/i0.wp.com\/www.grieta.org.mx\/wp-content\/uploads\/2019\/11\/Captura-de-pantalla-2019-11-21-12.03.08.png?resize=1050%2C600&ssl=1 3x"},"classes":[]}],"_links":{"self":[{"href":"https:\/\/www.grieta.org.mx\/index.php\/wp-json\/wp\/v2\/posts\/39913","targetHints":{"allow":["GET"]}}],"collection":[{"href":"https:\/\/www.grieta.org.mx\/index.php\/wp-json\/wp\/v2\/posts"}],"about":[{"href":"https:\/\/www.grieta.org.mx\/index.php\/wp-json\/wp\/v2\/types\/post"}],"author":[{"embeddable":true,"href":"https:\/\/www.grieta.org.mx\/index.php\/wp-json\/wp\/v2\/users\/1"}],"replies":[{"embeddable":true,"href":"https:\/\/www.grieta.org.mx\/index.php\/wp-json\/wp\/v2\/comments?post=39913"}],"version-history":[{"count":1,"href":"https:\/\/www.grieta.org.mx\/index.php\/wp-json\/wp\/v2\/posts\/39913\/revisions"}],"predecessor-version":[{"id":39916,"href":"https:\/\/www.grieta.org.mx\/index.php\/wp-json\/wp\/v2\/posts\/39913\/revisions\/39916"}],"wp:featuredmedia":[{"embeddable":true,"href":"https:\/\/www.grieta.org.mx\/index.php\/wp-json\/wp\/v2\/media\/39914"}],"wp:attachment":[{"href":"https:\/\/www.grieta.org.mx\/index.php\/wp-json\/wp\/v2\/media?parent=39913"}],"wp:term":[{"taxonomy":"category","embeddable":true,"href":"https:\/\/www.grieta.org.mx\/index.php\/wp-json\/wp\/v2\/categories?post=39913"},{"taxonomy":"post_tag","embeddable":true,"href":"https:\/\/www.grieta.org.mx\/index.php\/wp-json\/wp\/v2\/tags?post=39913"}],"curies":[{"name":"wp","href":"https:\/\/api.w.org\/{rel}","templated":true}]}}