{"id":39875,"date":"2019-10-01T20:35:12","date_gmt":"2019-10-02T01:35:12","guid":{"rendered":"http:\/\/www.grieta.org.mx\/?p=39875"},"modified":"2019-10-02T21:20:38","modified_gmt":"2019-10-03T02:20:38","slug":"academicos-de-la-upn-realizan-paro-en-demanda-de-pago-total-de-estimulos","status":"publish","type":"post","link":"https:\/\/www.grieta.org.mx\/index.php\/2019\/10\/01\/academicos-de-la-upn-realizan-paro-en-demanda-de-pago-total-de-estimulos\/","title":{"rendered":"Acad\u00e9micos de la UPN realizan paro en demanda de pago total de est\u00edmulos"},"content":{"rendered":"<figure id=\"attachment_39878\" aria-describedby=\"caption-attachment-39878\" style=\"width: 870px\" class=\"wp-caption aligncenter\"><img loading=\"lazy\" decoding=\"async\" data-attachment-id=\"39878\" data-permalink=\"https:\/\/www.grieta.org.mx\/index.php\/2019\/10\/01\/academicos-de-la-upn-realizan-paro-en-demanda-de-pago-total-de-estimulos\/upn1-870x522\/\" data-orig-file=\"https:\/\/www.grieta.org.mx\/wp-content\/uploads\/2019\/10\/upn1-870x522.jpg\" data-orig-size=\"870,522\" data-comments-opened=\"0\" data-image-meta=\"{&quot;aperture&quot;:&quot;4.6&quot;,&quot;credit&quot;:&quot;&quot;,&quot;camera&quot;:&quot;COOLPIX S210&quot;,&quot;caption&quot;:&quot;&quot;,&quot;created_timestamp&quot;:&quot;1354273612&quot;,&quot;copyright&quot;:&quot;&quot;,&quot;focal_length&quot;:&quot;6.3&quot;,&quot;iso&quot;:&quot;64&quot;,&quot;shutter_speed&quot;:&quot;0.0068166325835037&quot;,&quot;title&quot;:&quot;&quot;,&quot;orientation&quot;:&quot;1&quot;}\" data-image-title=\"upn1-870&amp;#215;522\" data-image-description=\"\" data-image-caption=\"&lt;p&gt;Las instalaciones de la UPN. Foto: Tomada de Wikipedia&lt;\/p&gt;\n\" data-medium-file=\"https:\/\/www.grieta.org.mx\/wp-content\/uploads\/2019\/10\/upn1-870x522-300x180.jpg\" data-large-file=\"https:\/\/www.grieta.org.mx\/wp-content\/uploads\/2019\/10\/upn1-870x522.jpg\" src=\"http:\/\/www.grieta.org.mx\/wp-content\/uploads\/2019\/10\/upn1-870x522.jpg\" alt=\"\" width=\"870\" height=\"522\" class=\"size-full wp-image-39878\" srcset=\"https:\/\/www.grieta.org.mx\/wp-content\/uploads\/2019\/10\/upn1-870x522.jpg 870w, https:\/\/www.grieta.org.mx\/wp-content\/uploads\/2019\/10\/upn1-870x522-300x180.jpg 300w, https:\/\/www.grieta.org.mx\/wp-content\/uploads\/2019\/10\/upn1-870x522-768x461.jpg 768w, https:\/\/www.grieta.org.mx\/wp-content\/uploads\/2019\/10\/upn1-870x522-833x500.jpg 833w\" sizes=\"auto, (max-width: 870px) 100vw, 870px\" \/><figcaption id=\"caption-attachment-39878\" class=\"wp-caption-text\">Las instalaciones de la UPN. Foto: Tomada de Wikipedia<\/figcaption><\/figure>\n<p>Ixtlix\u00f3chitl L\u00f3pez\/Proceso<\/p>\n<blockquote><p>CIUDAD DE M\u00c9XICO (apro).- La Asamblea Permanente de Acad\u00e9micos de la Universidad Pedag\u00f3gica Nacional (UPN) plantel Ajusco realiz\u00f3 este martes un paro de labores para exigir el pago total de est\u00edmulos sin impuestos y mayor presupuesto para la instituci\u00f3n.<\/p><\/blockquote>\n<p>Adem\u00e1s, los profesores inconformes solicitaron la sustituci\u00f3n de la rectora Rosa Mar\u00eda Torres Hern\u00e1ndez.<\/p>\n<p>La semana pasada la Asociaci\u00f3n Nacional de Universidades e Instituciones de Educaci\u00f3n Superior (ANUIES) alert\u00f3 sobre la situaci\u00f3n de la UPN, pues advirti\u00f3 que, a pesar de estar considerada como instituci\u00f3n formadora de docentes en la nueva reforma educativa, no tuvo un incremento real en el proyecto de presupuesto de Egresos de la federaci\u00f3n.<\/p>\n<p>El organismo precis\u00f3 que este a\u00f1o la UPN recibi\u00f3 un presupuesto de 858. 3 millones de pesos y que para 2020 se prev\u00e9 que obtenga 889.6 millones de pesos, lo que considerando la inflaci\u00f3n representa un incremento real de 0.1%.<\/p>\n<p>A trav\u00e9s de sus redes sociales, las autoridades del plantel informaron la suspensi\u00f3n de los servicios administrativos y acad\u00e9micos en la unidad Ajusco.<\/p>\n<p><a href=\"https:\/\/www.proceso.com.mx\/601607\/academicos-de-la-upn-realizan-paro-en-demanda-de-pago-total-de-estimulos\" rel=\"noopener noreferrer\" target=\"_blank\">https:\/\/www.proceso.com.mx\/601607\/academicos-de-la-upn-realizan-paro-en-demanda-de-pago-total-de-estimulos<\/a><\/p>\n","protected":false},"excerpt":{"rendered":"<p>Ixtlix\u00f3chitl L\u00f3pez\/Proceso CIUDAD DE M\u00c9XICO (apro).- La Asamblea Permanente de Acad\u00e9micos de la Universidad Pedag\u00f3gica Nacional (UPN) plantel Ajusco realiz\u00f3 este martes un paro de labores para exigir el pago &hellip; <a href=\"https:\/\/www.grieta.org.mx\/index.php\/2019\/10\/01\/academicos-de-la-upn-realizan-paro-en-demanda-de-pago-total-de-estimulos\/\" class=\"more-link\">Leer m\u00e1s<\/a><\/p>\n","protected":false},"author":2,"featured_media":39878,"comment_status":"closed","ping_status":"closed","sticky":false,"template":"","format":"standard","meta":{"ngg_post_thumbnail":0,"_jetpack_newsletter_access":"","_jetpack_dont_email_post_to_subs":false,"_jetpack_newsletter_tier_id":0,"_jetpack_memberships_contains_paywalled_content":false,"_jetpack_memberships_contains_paid_content":false,"footnotes":""},"categories":[80,14,1080,1225,910,2,2119,83],"tags":[113,2841,133],"class_list":["post-39875","post","type-post","status-publish","format-standard","has-post-thumbnail","hentry","category-cintillo","category-ciudad-de-mexico","category-conflictos-laborales-en-la-ciudad-de-mexico","category-explotacion-laboral-en-la-ciudad-de-mexico","category-explotacion-y-precariedad-laboral","category-noticias-nacionales","category-precarizacion-de-las-condiciones-laborales-en-la-ciudad-de-mexico","category-temas-nacionales","tag-conflictos-laborales","tag-explotacion-y-precariedad-laboral","tag-maestros","entry"],"jetpack_featured_media_url":"https:\/\/www.grieta.org.mx\/wp-content\/uploads\/2019\/10\/upn1-870x522.jpg","jetpack_sharing_enabled":true,"jetpack_shortlink":"https:\/\/wp.me\/p7ZJR4-an9","jetpack_likes_enabled":false,"jetpack-related-posts":[{"id":15166,"url":"https:\/\/www.grieta.org.mx\/index.php\/2016\/06\/18\/entraran-en-paro-normalistas-de-aguascalientes\/","url_meta":{"origin":39875,"position":0},"title":"Entrar\u00e1n en paro normalistas de Aguascalientes","author":"grieta","date":"18 junio, 2016","format":false,"excerpt":"Karla M\u00e9ndez, Aguascalientes Todas las Escuelas Normales del estado de Aguascalientes entrar\u00e1n en un paro de labores el pr\u00f3ximo lunes, inform\u00f3 el l\u00edder del Sindicato de Trabajadores de la Educaci\u00f3n Secci\u00f3n 1, Mario Armando Valdez. \"En todas las normales del estado por la situaci\u00f3n de los corrimientos que est\u00e1 detenido\u2026","rel":"","context":"En &quot;Aguascalientes&quot;","block_context":{"text":"Aguascalientes","link":"https:\/\/www.grieta.org.mx\/index.php\/category\/noticias-nacionales\/aguascalientes\/"},"img":{"alt_text":"","src":"https:\/\/i0.wp.com\/www.grieta.org.mx\/wp-content\/uploads\/2018\/03\/14524434_1106112876131411_958039263622046936_o.jpg?resize=350%2C200&ssl=1","width":350,"height":200,"srcset":"https:\/\/i0.wp.com\/www.grieta.org.mx\/wp-content\/uploads\/2018\/03\/14524434_1106112876131411_958039263622046936_o.jpg?resize=350%2C200&ssl=1 1x, https:\/\/i0.wp.com\/www.grieta.org.mx\/wp-content\/uploads\/2018\/03\/14524434_1106112876131411_958039263622046936_o.jpg?resize=525%2C300&ssl=1 1.5x, https:\/\/i0.wp.com\/www.grieta.org.mx\/wp-content\/uploads\/2018\/03\/14524434_1106112876131411_958039263622046936_o.jpg?resize=700%2C400&ssl=1 2x"},"classes":[]},{"id":42525,"url":"https:\/\/www.grieta.org.mx\/index.php\/2019\/12\/23\/bloquean-artistas-accesos-a-palacio-nacional-ante-adeudos-ciudad-de-mexico\/","url_meta":{"origin":39875,"position":1},"title":"Bloquean artistas accesos a Palacio Nacional ante adeudos (Ciudad de M\u00e9xico)","author":"grieta","date":"23 diciembre, 2019","format":false,"excerpt":"La Silla Rota Los inconformes dicen que con la falta de pagos se vulneran los derechos culturales\u00a0de todos los mexicanos Un grupo de artistas y trabajadores en dependencias culturales bloquean la\u00a0ma\u00f1ana de este lunes los accesos a Palacio Nacional para exigir pagos\u00a0pendientes. Los manifestantes llegaron desde las 6:00 de la\u2026","rel":"","context":"En &quot;CINTILLO&quot;","block_context":{"text":"CINTILLO","link":"https:\/\/www.grieta.org.mx\/index.php\/category\/cintillo\/"},"img":{"alt_text":"","src":"https:\/\/i0.wp.com\/www.grieta.org.mx\/wp-content\/uploads\/2019\/12\/VIDEOS-Bloquean-artistas-cdmx-dic.jpg?resize=350%2C200","width":350,"height":200},"classes":[]},{"id":28526,"url":"https:\/\/www.grieta.org.mx\/index.php\/2019\/01\/09\/bomberos-protesta-en-palacio-nacional-por-falta-de-pago\/","url_meta":{"origin":39875,"position":2},"title":"Bomberos protesta en Palacio Nacional por falta de pago","author":"grieta","date":"9 enero, 2019","format":false,"excerpt":"Redacci\u00f3n \/ El Universal CDMX.- Al menos mil bomberos de la Ciudad de M\u00e9xico mantienen una manifestaci\u00f3n frente a Palacio Nacional para exigir que les descongelen los salarios de 330 de sus integrantes y el alza en sueldos que les correspond\u00eda en 2018. El segundo inspector Carlos Isa\u00edas Hern\u00e1ndez Mendoza\u2026","rel":"","context":"En &quot;CINTILLO&quot;","block_context":{"text":"CINTILLO","link":"https:\/\/www.grieta.org.mx\/index.php\/category\/cintillo\/"},"img":{"alt_text":"","src":"https:\/\/i0.wp.com\/www.grieta.org.mx\/wp-content\/uploads\/2019\/01\/bomberospalacionaciona%C3%B1.jpg?resize=350%2C200&ssl=1","width":350,"height":200,"srcset":"https:\/\/i0.wp.com\/www.grieta.org.mx\/wp-content\/uploads\/2019\/01\/bomberospalacionaciona%C3%B1.jpg?resize=350%2C200&ssl=1 1x, https:\/\/i0.wp.com\/www.grieta.org.mx\/wp-content\/uploads\/2019\/01\/bomberospalacionaciona%C3%B1.jpg?resize=525%2C300&ssl=1 1.5x, https:\/\/i0.wp.com\/www.grieta.org.mx\/wp-content\/uploads\/2019\/01\/bomberospalacionaciona%C3%B1.jpg?resize=700%2C400&ssl=1 2x"},"classes":[]},{"id":40522,"url":"https:\/\/www.grieta.org.mx\/index.php\/2019\/10\/25\/sindicato-de-trabajadores-del-instituto-de-educacion-media-superior-emplazan-a-huelga-ciudad-de-mexico\/","url_meta":{"origin":39875,"position":3},"title":"Sindicato de trabajadores del Instituto de Educaci\u00f3n Media Superior emplazan a huelga (Ciudad de M\u00e9xico)","author":"grieta","date":"25 octubre, 2019","format":false,"excerpt":"\u00a0 La Izquierda Diario de M\u00e9xico El Sindicato pidi\u00f3 crear oportunamente plazas para los nuevos planteles y basificar a los profesores de modalidad semiescolar El Sindicato de la Uni\u00f3n de Trabajadores del Instituto de Educaci\u00f3n Media Superior (Sutiems) emplaz\u00f3 a huelga el pr\u00f3ximo 5 de noviembre. Hizo un llamado a\u2026","rel":"","context":"En &quot;CINTILLO&quot;","block_context":{"text":"CINTILLO","link":"https:\/\/www.grieta.org.mx\/index.php\/category\/cintillo\/"},"img":{"alt_text":"","src":"https:\/\/i0.wp.com\/www.grieta.org.mx\/wp-content\/uploads\/2019\/10\/Sindicato-de-trabajadores-del-Instituto-de-Educaci%C3%B3n-Media-Superior-emplazan-a-huelga-cdmx-oct.jpg?resize=350%2C200&ssl=1","width":350,"height":200},"classes":[]},{"id":45204,"url":"https:\/\/www.grieta.org.mx\/index.php\/2020\/02\/25\/por-violaciones-a-su-contrato-trabajadores-de-la-facultad-de-economia-realizaron-bloqueo-ciudad-de-mexico\/","url_meta":{"origin":39875,"position":4},"title":"Por violaciones a su contrato, trabajadores de la Facultad de Econom\u00eda realizaron bloqueo (Ciudad de M\u00e9xico)","author":"grieta","date":"25 febrero, 2020","format":false,"excerpt":"Fotograf\u00eda: Laura Gallegos Miriam Hern\u00e1ndez, trabajadora de la UNAM \/ La Izquierda Diario de M\u00e9xico Trabajadores de la Facultad de Econom\u00eda bloquean circuito en CU de la UNAM Este 25 de febrero trabajadores administrativos de la Facultad de Econom\u00eda, en acuerdo de asamblea, determinaron manifestarse cerrando circuito escolar a la\u2026","rel":"","context":"En &quot;CINTILLO&quot;","block_context":{"text":"CINTILLO","link":"https:\/\/www.grieta.org.mx\/index.php\/category\/cintillo\/"},"img":{"alt_text":"","src":"https:\/\/i0.wp.com\/www.grieta.org.mx\/wp-content\/uploads\/2020\/02\/Por-violaciones-a-su-contrato-trabajadores-de-la-Facultad-de-Econom%C3%ADa-realizaron-bloqueo-cdmx-feb.jpg?resize=350%2C200&ssl=1","width":350,"height":200,"srcset":"https:\/\/i0.wp.com\/www.grieta.org.mx\/wp-content\/uploads\/2020\/02\/Por-violaciones-a-su-contrato-trabajadores-de-la-Facultad-de-Econom%C3%ADa-realizaron-bloqueo-cdmx-feb.jpg?resize=350%2C200&ssl=1 1x, https:\/\/i0.wp.com\/www.grieta.org.mx\/wp-content\/uploads\/2020\/02\/Por-violaciones-a-su-contrato-trabajadores-de-la-Facultad-de-Econom%C3%ADa-realizaron-bloqueo-cdmx-feb.jpg?resize=525%2C300&ssl=1 1.5x, https:\/\/i0.wp.com\/www.grieta.org.mx\/wp-content\/uploads\/2020\/02\/Por-violaciones-a-su-contrato-trabajadores-de-la-Facultad-de-Econom%C3%ADa-realizaron-bloqueo-cdmx-feb.jpg?resize=700%2C400&ssl=1 2x"},"classes":[]},{"id":50038,"url":"https:\/\/www.grieta.org.mx\/index.php\/2020\/05\/28\/mueren-trabajadores-de-limpia-de-la-ciudad-de-mexico-por-covid-19-sin-apoyo-ni-reconocimiento\/","url_meta":{"origin":39875,"position":5},"title":"Mueren trabajadores de limpia de la Ciudad de M\u00e9xico por COVID-19 sin apoyo, ni reconocimiento","author":"grieta","date":"28 mayo, 2020","format":false,"excerpt":"Imagen tomada de: http:\/\/cdmx.com\/ CDMX.COM Los trabajadores de limpia de la capital arriesgan su salud y la de sus familias al salir a las calles a recopilar la basura que generamos todos en camiones recolectores y por barrido. CDMX.COM entrevist\u00f3 a varios trabajadores de limpia y pudimos constatar que la\u2026","rel":"","context":"En &quot;CINTILLO&quot;","block_context":{"text":"CINTILLO","link":"https:\/\/www.grieta.org.mx\/index.php\/category\/cintillo\/"},"img":{"alt_text":"","src":"https:\/\/i0.wp.com\/www.grieta.org.mx\/wp-content\/uploads\/2020\/05\/Mueren-trabajadores-de-limpia-de-la-ciudad-de-M%C3%A9xico-por-COVID-19-sin-apoyo-ni-reconocimiento-cdmx-may.jpeg?resize=350%2C200&ssl=1","width":350,"height":200,"srcset":"https:\/\/i0.wp.com\/www.grieta.org.mx\/wp-content\/uploads\/2020\/05\/Mueren-trabajadores-de-limpia-de-la-ciudad-de-M%C3%A9xico-por-COVID-19-sin-apoyo-ni-reconocimiento-cdmx-may.jpeg?resize=350%2C200&ssl=1 1x, https:\/\/i0.wp.com\/www.grieta.org.mx\/wp-content\/uploads\/2020\/05\/Mueren-trabajadores-de-limpia-de-la-ciudad-de-M%C3%A9xico-por-COVID-19-sin-apoyo-ni-reconocimiento-cdmx-may.jpeg?resize=525%2C300&ssl=1 1.5x"},"classes":[]}],"_links":{"self":[{"href":"https:\/\/www.grieta.org.mx\/index.php\/wp-json\/wp\/v2\/posts\/39875","targetHints":{"allow":["GET"]}}],"collection":[{"href":"https:\/\/www.grieta.org.mx\/index.php\/wp-json\/wp\/v2\/posts"}],"about":[{"href":"https:\/\/www.grieta.org.mx\/index.php\/wp-json\/wp\/v2\/types\/post"}],"author":[{"embeddable":true,"href":"https:\/\/www.grieta.org.mx\/index.php\/wp-json\/wp\/v2\/users\/2"}],"replies":[{"embeddable":true,"href":"https:\/\/www.grieta.org.mx\/index.php\/wp-json\/wp\/v2\/comments?post=39875"}],"version-history":[{"count":1,"href":"https:\/\/www.grieta.org.mx\/index.php\/wp-json\/wp\/v2\/posts\/39875\/revisions"}],"predecessor-version":[{"id":39879,"href":"https:\/\/www.grieta.org.mx\/index.php\/wp-json\/wp\/v2\/posts\/39875\/revisions\/39879"}],"wp:featuredmedia":[{"embeddable":true,"href":"https:\/\/www.grieta.org.mx\/index.php\/wp-json\/wp\/v2\/media\/39878"}],"wp:attachment":[{"href":"https:\/\/www.grieta.org.mx\/index.php\/wp-json\/wp\/v2\/media?parent=39875"}],"wp:term":[{"taxonomy":"category","embeddable":true,"href":"https:\/\/www.grieta.org.mx\/index.php\/wp-json\/wp\/v2\/categories?post=39875"},{"taxonomy":"post_tag","embeddable":true,"href":"https:\/\/www.grieta.org.mx\/index.php\/wp-json\/wp\/v2\/tags?post=39875"}],"curies":[{"name":"wp","href":"https:\/\/api.w.org\/{rel}","templated":true}]}}