{"id":39859,"date":"2019-09-29T18:54:15","date_gmt":"2019-09-29T23:54:15","guid":{"rendered":"http:\/\/www.grieta.org.mx\/?p=39859"},"modified":"2019-10-02T19:07:54","modified_gmt":"2019-10-03T00:07:54","slug":"detengan-la-tala-de-la-selva-maya-piden-universitarios-de-san-francisco-california","status":"publish","type":"post","link":"https:\/\/www.grieta.org.mx\/index.php\/2019\/09\/29\/detengan-la-tala-de-la-selva-maya-piden-universitarios-de-san-francisco-california\/","title":{"rendered":"Detengan la tala de la selva maya, piden universitarios de San Francisco, California"},"content":{"rendered":"<p><img loading=\"lazy\" decoding=\"async\" data-attachment-id=\"39860\" data-permalink=\"https:\/\/www.grieta.org.mx\/index.php\/2019\/09\/29\/detengan-la-tala-de-la-selva-maya-piden-universitarios-de-san-francisco-california\/pedrousa\/\" data-orig-file=\"https:\/\/www.grieta.org.mx\/wp-content\/uploads\/2019\/10\/pedrousa-e1570060783615.jpg\" data-orig-size=\"800,600\" data-comments-opened=\"0\" data-image-meta=\"{&quot;aperture&quot;:&quot;0&quot;,&quot;credit&quot;:&quot;&quot;,&quot;camera&quot;:&quot;&quot;,&quot;caption&quot;:&quot;&quot;,&quot;created_timestamp&quot;:&quot;0&quot;,&quot;copyright&quot;:&quot;&quot;,&quot;focal_length&quot;:&quot;0&quot;,&quot;iso&quot;:&quot;0&quot;,&quot;shutter_speed&quot;:&quot;0&quot;,&quot;title&quot;:&quot;&quot;,&quot;orientation&quot;:&quot;1&quot;}\" data-image-title=\"pedrousa\" data-image-description=\"\" data-image-caption=\"\" data-medium-file=\"https:\/\/www.grieta.org.mx\/wp-content\/uploads\/2019\/10\/pedrousa-300x225.jpg\" data-large-file=\"https:\/\/www.grieta.org.mx\/wp-content\/uploads\/2019\/10\/pedrousa-e1570060783615.jpg\" src=\"http:\/\/www.grieta.org.mx\/wp-content\/uploads\/2019\/10\/pedrousa-e1570060783615.jpg\" alt=\"\" width=\"800\" height=\"600\" class=\"aligncenter size-full wp-image-39860\" \/><br \/>\nMayapolitikon<br \/>\nEstudiantes y profesores del City College de San Francisco, California, exhortaron al gobierno mexicano y a otros a detener la destrucci\u00f3n de los montes de Yucat\u00e1n con la instalaci\u00f3n de megaproyectos.<\/p>\n<p>\u201cEscribimos en apoyo a los activistas mayas quienes se oponen a la destrucci\u00f3n causada por el tren maya, la urbanizaci\u00f3n planificada en Yucat\u00e1n, las granjas de cerdos y la energ\u00eda solar\u201d, dicen los firmantes en un bolet\u00edn en cuyo pie figuran las firmas.<\/p>\n<p>Con el t\u00edtulo \u201cAl gobierno mexicano, corporaciones multinacionales, industria tur\u00edstica y al liderazgo menonita\u201d, los estudiantes y profesores piden preocuparse m\u00e1s en el medio ambiente.<\/p>\n<p>\u201cEstos proyectos amenazan con destruir las tierras mayas y sitios sagrados, as\u00ed como desplazar a los mayas lejos de sus casas tradicionales\u201d, advierten.<\/p>\n<p>\u201cLas enormes granjas de cerdos est\u00e1n envenenando los cenotes \u2013agregan\u00ad\u2013. M\u00e1s all\u00e1 de todo lo mencionado, estos proyectos da\u00f1an complejos ecosistemas naturales y amenazan el bienestar del planeta\u201d.<\/p>\n<p>\u201cNosotros firmamos en apoyo a los esfuerzos de la resistencia de activistas mayas, incluyendo al [maestro] Pedro Uc Be y a las personas con quienes \u00e9l est\u00e1 trabajando en equipo. Los exhortamos a detener la destrucci\u00f3n del bosque y a remediar los impactos ambientales negativos\u201d.<\/p>\n<p>Asimismo, \u201cles imploramos concretar beneficios equitativos para la comunidad maya y que la administraci\u00f3n de planes futuros para Yucat\u00e1n se centre en el ambiente&#8221;, agregaron.<\/p>\n<p>En Yucat\u00e1n hay una resistencia a un pu\u00f1ado de megaproyectos de firmas trasnacionales cuya instalaci\u00f3n requiere la deforestaci\u00f3n de cientos de hect\u00e1reas de monte, muchos de ellos de monte alto intocados.<\/p>\n<p>La deforestaci\u00f3n pone en peligro la cosecha de miel y la instalaci\u00f3n de cientos de hect\u00e1reas de paneles solares amenaza a comunidades con grandes olas de calor que no tendr\u00e1n vuelta atr\u00e1s una vez instalados los proyectos.<\/p>\n<p>Al frente de esta resistencia se encuentra la  organizaci\u00f3n M\u00fauch\u2019 X\u00edinbal que aglutina a representes de tres decenas de municipios y ejidos, y su lema es \u201cla tierra ni se renta ni se vende&#8221;.\u2013 (Traducci\u00f3n del ingl\u00e9s al espa\u00f1ol: maestra Mirna Canul Ak\u00e9)<\/p>\n<p><a href=\"https:\/\/mayapolitikon.com\/selva-maya\/\" rel=\"noopener noreferrer\" target=\"_blank\">https:\/\/mayapolitikon.com\/selva-maya\/<\/a><\/p>\n","protected":false},"excerpt":{"rendered":"<p>Mayapolitikon Estudiantes y profesores del City College de San Francisco, California, exhortaron al gobierno mexicano y a otros a detener la destrucci\u00f3n de los montes de Yucat\u00e1n con la instalaci\u00f3n &hellip; <a href=\"https:\/\/www.grieta.org.mx\/index.php\/2019\/09\/29\/detengan-la-tala-de-la-selva-maya-piden-universitarios-de-san-francisco-california\/\" class=\"more-link\">Leer m\u00e1s<\/a><\/p>\n","protected":false},"author":2,"featured_media":39860,"comment_status":"closed","ping_status":"closed","sticky":false,"template":"","format":"standard","meta":{"ngg_post_thumbnail":0,"_jetpack_newsletter_access":"","_jetpack_dont_email_post_to_subs":false,"_jetpack_newsletter_tier_id":0,"_jetpack_memberships_contains_paywalled_content":false,"_jetpack_memberships_contains_paid_content":false,"footnotes":""},"categories":[11,80,2749,2258,922,926,944,952,2,1051,1058,28,36],"tags":[162,1022,516,2528],"class_list":["post-39859","post","type-post","status-publish","format-standard","has-post-thumbnail","hentry","category-campeche","category-cintillo","category-destruccion-y-contaminacion-ambiental-en-quintana-roo","category-ecocidio-en-campeche","category-megaproyectos-estados","category-mp-campeche","category-mp-quintana-roo","category-mp-yucatan","category-noticias-nacionales","category-parques-eolicos-y-solares-en-yucatan","category-parques-eolicos-y-solares-en-yucatan-mp-yucatan","category-quintana-roo","category-yucatan","tag-deforestacion","tag-granja-porcicola","tag-parques-eolicos","tag-resistencia-contra-megaproyectos","entry"],"jetpack_featured_media_url":"https:\/\/www.grieta.org.mx\/wp-content\/uploads\/2019\/10\/pedrousa-e1570060783615.jpg","jetpack_sharing_enabled":true,"jetpack_shortlink":"https:\/\/wp.me\/p7ZJR4-amT","jetpack_likes_enabled":false,"jetpack-related-posts":[{"id":35945,"url":"https:\/\/www.grieta.org.mx\/index.php\/2019\/07\/05\/expansion-de-megaproyectos-en-la-peninsula-de-yucatan-video\/","url_meta":{"origin":39859,"position":0},"title":"Expansi\u00f3n de Megaproyectos en la Pen\u00ednsula de Yucat\u00e1n (Video)","author":"grieta","date":"5 julio, 2019","format":false,"excerpt":"https:\/\/youtu.be\/qLBARIAaBsI","rel":"","context":"En &quot;Campeche&quot;","block_context":{"text":"Campeche","link":"https:\/\/www.grieta.org.mx\/index.php\/category\/noticias-nacionales\/campeche\/"},"img":{"alt_text":"","src":"https:\/\/i0.wp.com\/img.youtube.com\/vi\/qLBARIAaBsI\/0.jpg?resize=350%2C200","width":350,"height":200},"classes":[]},{"id":58003,"url":"https:\/\/www.grieta.org.mx\/index.php\/2021\/03\/27\/son-proyectos-que-no-estan-siendo-consultados-por-tren-maya-se-harian-10-parques-solares-activistas-de-yucatan-no-quieren-mas-despojo-de-tierras\/","url_meta":{"origin":39859,"position":1},"title":"\u201cSon proyectos que no est\u00e1n siendo consultados\u201d: Por Tren Maya, se har\u00edan 10 parques solares; activistas de Yucat\u00e1n no quieren m\u00e1s despojo de tierras","author":"grieta","date":"27 marzo, 2021","format":false,"excerpt":"Itzel Chan \/ Noticaribe M\u00c9RIDA, MX.- Ante el anuncio relacionado con la construcci\u00f3n de 10 parques de energ\u00eda solar para abastecer los tramos electrificados del Tren Maya, integrantes de la Asamblea de Defensores del Territorio Maya M\u00fauch\u2019 X\u00edinbal, se pronuncian desde ahora que se oponen a m\u00e1s despojo de tierras.\u2026","rel":"","context":"En &quot;Campeche&quot;","block_context":{"text":"Campeche","link":"https:\/\/www.grieta.org.mx\/index.php\/category\/noticias-nacionales\/campeche\/"},"img":{"alt_text":"","src":"https:\/\/i0.wp.com\/www.grieta.org.mx\/wp-content\/uploads\/2021\/03\/ParquesSolaresTrenMalla-e1616978369383.png?resize=350%2C200&ssl=1","width":350,"height":200,"srcset":"https:\/\/i0.wp.com\/www.grieta.org.mx\/wp-content\/uploads\/2021\/03\/ParquesSolaresTrenMalla-e1616978369383.png?resize=350%2C200&ssl=1 1x, https:\/\/i0.wp.com\/www.grieta.org.mx\/wp-content\/uploads\/2021\/03\/ParquesSolaresTrenMalla-e1616978369383.png?resize=525%2C300&ssl=1 1.5x, https:\/\/i0.wp.com\/www.grieta.org.mx\/wp-content\/uploads\/2021\/03\/ParquesSolaresTrenMalla-e1616978369383.png?resize=700%2C400&ssl=1 2x"},"classes":[]},{"id":27851,"url":"https:\/\/www.grieta.org.mx\/index.php\/2018\/12\/02\/mayas-de-la-peninsula-de-yucatan-refrendan-su-compromiso-de-defender-su-territorio\/","url_meta":{"origin":39859,"position":2},"title":"Mayas de la Pen\u00ednsula de Yucat\u00e1n refrendan su compromiso de defender su territorio","author":"grieta","date":"2 diciembre, 2018","format":false,"excerpt":"MayaPolitikon Dziuch\u00e9, Quintana Roo .\u00ad\u2013 Representantes de pueblos mayas de la Pen\u00ednsula de Yucat\u00e1n refrendaron su compromiso de trabajar juntos en la protecci\u00f3n de su territorio, sus tierras y su manera de vivir. Reunidos hoy en Dziuch\u00e9, Quintana Roo, expresaron asimismo su profunda desconfianza en los gobiernos de los tres\u2026","rel":"","context":"En &quot;16. Pueblo Maya&quot;","block_context":{"text":"16. Pueblo Maya","link":"https:\/\/www.grieta.org.mx\/index.php\/category\/espejos-de-la-resistencia\/16-pueblo-maya\/"},"img":{"alt_text":"","src":"https:\/\/i0.wp.com\/www.grieta.org.mx\/wp-content\/uploads\/2018\/12\/abejas.jpg?resize=350%2C200&ssl=1","width":350,"height":200,"srcset":"https:\/\/i0.wp.com\/www.grieta.org.mx\/wp-content\/uploads\/2018\/12\/abejas.jpg?resize=350%2C200&ssl=1 1x, https:\/\/i0.wp.com\/www.grieta.org.mx\/wp-content\/uploads\/2018\/12\/abejas.jpg?resize=525%2C300&ssl=1 1.5x, https:\/\/i0.wp.com\/www.grieta.org.mx\/wp-content\/uploads\/2018\/12\/abejas.jpg?resize=700%2C400&ssl=1 2x"},"classes":[]},{"id":47874,"url":"https:\/\/www.grieta.org.mx\/index.php\/2020\/04\/13\/las-vias-torcidas-del-tren-maya-video\/","url_meta":{"origin":39859,"position":3},"title":"Las v\u00edas torcidas del tren maya (Video)","author":"grieta","date":"13 abril, 2020","format":false,"excerpt":"https:\/\/www.youtube.com\/watch?v=k8FRX9eT0YY","rel":"","context":"En &quot;16. Pueblo Maya&quot;","block_context":{"text":"16. Pueblo Maya","link":"https:\/\/www.grieta.org.mx\/index.php\/category\/espejos-de-la-resistencia\/16-pueblo-maya\/"},"img":{"alt_text":"","src":"https:\/\/i0.wp.com\/www.grieta.org.mx\/wp-content\/uploads\/2020\/04\/ViasTorcidasTrenMaya.png?resize=350%2C200&ssl=1","width":350,"height":200,"srcset":"https:\/\/i0.wp.com\/www.grieta.org.mx\/wp-content\/uploads\/2020\/04\/ViasTorcidasTrenMaya.png?resize=350%2C200&ssl=1 1x, https:\/\/i0.wp.com\/www.grieta.org.mx\/wp-content\/uploads\/2020\/04\/ViasTorcidasTrenMaya.png?resize=525%2C300&ssl=1 1.5x, https:\/\/i0.wp.com\/www.grieta.org.mx\/wp-content\/uploads\/2020\/04\/ViasTorcidasTrenMaya.png?resize=700%2C400&ssl=1 2x"},"classes":[]},{"id":68957,"url":"https:\/\/www.grieta.org.mx\/index.php\/2024\/05\/14\/en-cuatro-anos-se-han-perdido-285-mil-hectareas-de-selva-en-la-peninsula-campeche-quintana-roo-yucatan\/","url_meta":{"origin":39859,"position":4},"title":"En cuatro a\u00f1os, se han perdido 285 mil hect\u00e1reas de selva en la Pen\u00ednsula (Campeche, Quintana Roo, Yucat\u00e1n)","author":"grieta","date":"14 mayo, 2024","format":false,"excerpt":"Itzel Chan \/ Haz Ruido La zona tiene una tasa anual de p\u00e9rdida de 0.4% y es la m\u00e1s alta en las \u00faltimas d\u00e9cadas, incluso por encima de la media nacional que es de 0.1%. M\u00e9rida, Yucat\u00e1n, 14 de mayo de 2024.- Cada d\u00eda, entre Campeche, Quintana Roo y Yucat\u00e1n\u2026","rel":"","context":"En &quot;Agroindustria&quot;","block_context":{"text":"Agroindustria","link":"https:\/\/www.grieta.org.mx\/index.php\/category\/megaproyectos\/agroindustria\/"},"img":{"alt_text":"","src":"https:\/\/i0.wp.com\/www.grieta.org.mx\/wp-content\/uploads\/2024\/05\/Deforestacion-e1716423920624.jpg?resize=350%2C200&ssl=1","width":350,"height":200,"srcset":"https:\/\/i0.wp.com\/www.grieta.org.mx\/wp-content\/uploads\/2024\/05\/Deforestacion-e1716423920624.jpg?resize=350%2C200&ssl=1 1x, https:\/\/i0.wp.com\/www.grieta.org.mx\/wp-content\/uploads\/2024\/05\/Deforestacion-e1716423920624.jpg?resize=525%2C300&ssl=1 1.5x, https:\/\/i0.wp.com\/www.grieta.org.mx\/wp-content\/uploads\/2024\/05\/Deforestacion-e1716423920624.jpg?resize=700%2C400&ssl=1 2x"},"classes":[]},{"id":68844,"url":"https:\/\/www.grieta.org.mx\/index.php\/2024\/04\/29\/ambientalistas-clausuran-las-oficinas-de-semarnat-tras-calificarla-de-ecocida-quintana-roo\/","url_meta":{"origin":39859,"position":5},"title":"Ambientalistas &#8220;clausuran&#8221; las oficinas de Semarnat tras calificarla de ecocida (Quintana Roo)","author":"grieta","date":"29 abril, 2024","format":false,"excerpt":"Leslie Gordillo \/ NOTICARIBE PENINSULAR CANC\u00daN.- Un grupo de ambientalistas, representante de diferentes organismos y asociaciones civiles, se manifestaron en la zona hotelera de Canc\u00fan y clausuraron de manera simb\u00f3lica las oficinas de la Secretar\u00eda de Medio Ambiente y Recursos Naturales (Semarnat). La denuncia es que la Semarnat ha sido\u2026","rel":"","context":"En &quot;Campeche&quot;","block_context":{"text":"Campeche","link":"https:\/\/www.grieta.org.mx\/index.php\/category\/noticias-nacionales\/campeche\/"},"img":{"alt_text":"","src":"https:\/\/i0.wp.com\/www.grieta.org.mx\/wp-content\/uploads\/2024\/04\/ambientalitas-e1715552774254.jpg?resize=350%2C200&ssl=1","width":350,"height":200,"srcset":"https:\/\/i0.wp.com\/www.grieta.org.mx\/wp-content\/uploads\/2024\/04\/ambientalitas-e1715552774254.jpg?resize=350%2C200&ssl=1 1x, https:\/\/i0.wp.com\/www.grieta.org.mx\/wp-content\/uploads\/2024\/04\/ambientalitas-e1715552774254.jpg?resize=525%2C300&ssl=1 1.5x, https:\/\/i0.wp.com\/www.grieta.org.mx\/wp-content\/uploads\/2024\/04\/ambientalitas-e1715552774254.jpg?resize=700%2C400&ssl=1 2x"},"classes":[]}],"_links":{"self":[{"href":"https:\/\/www.grieta.org.mx\/index.php\/wp-json\/wp\/v2\/posts\/39859","targetHints":{"allow":["GET"]}}],"collection":[{"href":"https:\/\/www.grieta.org.mx\/index.php\/wp-json\/wp\/v2\/posts"}],"about":[{"href":"https:\/\/www.grieta.org.mx\/index.php\/wp-json\/wp\/v2\/types\/post"}],"author":[{"embeddable":true,"href":"https:\/\/www.grieta.org.mx\/index.php\/wp-json\/wp\/v2\/users\/2"}],"replies":[{"embeddable":true,"href":"https:\/\/www.grieta.org.mx\/index.php\/wp-json\/wp\/v2\/comments?post=39859"}],"version-history":[{"count":1,"href":"https:\/\/www.grieta.org.mx\/index.php\/wp-json\/wp\/v2\/posts\/39859\/revisions"}],"predecessor-version":[{"id":39861,"href":"https:\/\/www.grieta.org.mx\/index.php\/wp-json\/wp\/v2\/posts\/39859\/revisions\/39861"}],"wp:featuredmedia":[{"embeddable":true,"href":"https:\/\/www.grieta.org.mx\/index.php\/wp-json\/wp\/v2\/media\/39860"}],"wp:attachment":[{"href":"https:\/\/www.grieta.org.mx\/index.php\/wp-json\/wp\/v2\/media?parent=39859"}],"wp:term":[{"taxonomy":"category","embeddable":true,"href":"https:\/\/www.grieta.org.mx\/index.php\/wp-json\/wp\/v2\/categories?post=39859"},{"taxonomy":"post_tag","embeddable":true,"href":"https:\/\/www.grieta.org.mx\/index.php\/wp-json\/wp\/v2\/tags?post=39859"}],"curies":[{"name":"wp","href":"https:\/\/api.w.org\/{rel}","templated":true}]}}