{"id":39818,"date":"2019-09-20T14:12:57","date_gmt":"2019-09-20T19:12:57","guid":{"rendered":"http:\/\/www.grieta.org.mx\/?p=39818"},"modified":"2019-10-02T14:23:50","modified_gmt":"2019-10-02T19:23:50","slug":"un-megaproyecto-en-tierras-de-zapata-ven-traicion-de-amlo-morelos","status":"publish","type":"post","link":"https:\/\/www.grieta.org.mx\/index.php\/2019\/09\/20\/un-megaproyecto-en-tierras-de-zapata-ven-traicion-de-amlo-morelos\/","title":{"rendered":"Un megaproyecto en tierras de Zapata; ven &#8220;traici\u00f3n&#8221; de AMLO (Morelos)"},"content":{"rendered":"<figure id=\"attachment_39819\" aria-describedby=\"caption-attachment-39819\" style=\"width: 800px\" class=\"wp-caption aligncenter\"><img loading=\"lazy\" decoding=\"async\" data-attachment-id=\"39819\" data-permalink=\"https:\/\/www.grieta.org.mx\/index.php\/2019\/09\/20\/un-megaproyecto-en-tierras-de-zapata-ven-traicion-de-amlo-morelos\/fotospim26-1-600x274\/\" data-orig-file=\"https:\/\/www.grieta.org.mx\/wp-content\/uploads\/2019\/10\/FotosPIM26-1-600x274.jpg\" data-orig-size=\"600,274\" data-comments-opened=\"0\" data-image-meta=\"{&quot;aperture&quot;:&quot;0&quot;,&quot;credit&quot;:&quot;&quot;,&quot;camera&quot;:&quot;&quot;,&quot;caption&quot;:&quot;&quot;,&quot;created_timestamp&quot;:&quot;0&quot;,&quot;copyright&quot;:&quot;&quot;,&quot;focal_length&quot;:&quot;0&quot;,&quot;iso&quot;:&quot;0&quot;,&quot;shutter_speed&quot;:&quot;0&quot;,&quot;title&quot;:&quot;&quot;,&quot;orientation&quot;:&quot;0&quot;}\" data-image-title=\"FotosPIM26-1-600&amp;#215;274\" data-image-description=\"\" data-image-caption=\"&lt;p&gt;Recuerdo de que el presidente L\u00f3pez Obrador no pudo ir a Chinameca a realizar el acto oficial. Foto: Desinform\u00e9monos &lt;\/p&gt;\n\" data-medium-file=\"https:\/\/www.grieta.org.mx\/wp-content\/uploads\/2019\/10\/FotosPIM26-1-600x274-300x137.jpg\" data-large-file=\"https:\/\/www.grieta.org.mx\/wp-content\/uploads\/2019\/10\/FotosPIM26-1-600x274.jpg\" class=\"wp-image-39819\" src=\"http:\/\/www.grieta.org.mx\/wp-content\/uploads\/2019\/10\/FotosPIM26-1-600x274.jpg\" alt=\"\" width=\"800\" height=\"365\" srcset=\"https:\/\/www.grieta.org.mx\/wp-content\/uploads\/2019\/10\/FotosPIM26-1-600x274.jpg 600w, https:\/\/www.grieta.org.mx\/wp-content\/uploads\/2019\/10\/FotosPIM26-1-600x274-300x137.jpg 300w\" sizes=\"auto, (max-width: 800px) 100vw, 800px\" \/><figcaption id=\"caption-attachment-39819\" class=\"wp-caption-text\">Recuerdo de que el presidente L\u00f3pez Obrador no pudo ir a Chinameca a realizar el acto oficial. Foto: Desinform\u00e9monos<\/figcaption><\/figure>\n<p>Gloria Mu\u00f1oz Ram\u00edrez\/ Desinform\u00e9monos<\/p>\n<p><strong>Se juntaron dos indignaciones: el asesinato de Samir Flores y un proceso de consulta impugnado, dice el reportaje producido por Desinform\u00e9monos. El presidente fue declarado persona non grata. <\/strong><\/p>\n<p>En las orillas del r\u00edo Cuautla, en el municipio de Ayala, 100 metros de tubos de concreto permanecen recostados como mudos testigos de la resistencia de los pueblos nahuas al Proyecto Integral Morelos (PIM). El proyecto energ\u00e9tico est\u00e1 pr\u00e1cticamente listo, pero estos 100 metros del acueducto que trasladar\u00e1 el agua de aqu\u00ed a la termoel\u00e9ctrica de Huexca no han podido ser colocados por el empecinamiento de los ejidatarios que se niegan a dejar de sembrar la tierra.<\/p>\n<p>La lucha de los pueblos nahuas de Morelos, Puebla y Tlaxcala contra la construcci\u00f3n de una termoel\u00e9ctrica, un gasoducto y un acueducto inici\u00f3 en el a\u00f1o 2012, cuando comunidades enteras se organizaron contra la imposici\u00f3n de los gobiernos federales emanados del Partido Revolucionario Institucional (PRI) y del Partido Acci\u00f3n Nacional (PAN), quienes optaron por la represi\u00f3n y el encarcelamiento para levantar estas obras incluidas en el PIM. Los pueblos afectados no se dieron por vencidos y continuaron la lucha jur\u00eddica y la movilizaci\u00f3n social, logrando parar, hasta la fecha, el inicio de las operaciones.<\/p>\n<p>En los tres estados afectados por el PIM, Andr\u00e9s Manuel L\u00f3pez Obrador gan\u00f3 las elecciones presidenciales del 2018 de manera contundente. Incluso Morelos y Tlaxcala est\u00e1n entre las diez entidades en las que obtuvo mayor votaci\u00f3n.<\/p>\n<div class=\"jetpack-video-wrapper\"><iframe loading=\"lazy\" title=\"Un megaproyecto en tierras de Zapata. Proyecto Integral Morelos\" width=\"1170\" height=\"658\" src=\"https:\/\/www.youtube.com\/embed\/ZtMWw5jyTuE?feature=oembed\" frameborder=\"0\" allow=\"accelerometer; autoplay; clipboard-write; encrypted-media; gyroscope; picture-in-picture\" allowfullscreen><\/iframe><\/div>\n<p>Entre los pueblos nahuas afectados hay quienes confirman que confiaron en \u00e9l, pues en mayo del 2014 el entonces presidente del Consejo Nacional del Movimiento Regeneraci\u00f3n Nacional (MORENA) realiz\u00f3 un recorrido por Morelos y en un mitin en Yecapixtla aludi\u00f3 al proyecto que en ese momento estaba en etapa de construcci\u00f3n: \u201cYo aqu\u00ed quiero expresarles que nosotros vamos a defender con todo lo que podamos a los pueblos. No queremos ese gasoducto, no queremos esa termoel\u00e9ctrica, y no queremos tampoco las minas que van a destruir el territorio y van a contaminar las aguas. Vamos a apoyarles en todo lo que podamos, pueden contar con nosotros. M\u00e9xico no es territorio de conquista, no es para que vengan los extranjeros aqu\u00ed a apropiarse de todo. \u00bfQu\u00e9 les pasa a \u00e9stos? Es como si fueran a Jerusal\u00e9n y construyeran un basurero t\u00f3xico o una planta nuclear\u201d, dijo en un encendido discurso en medio de aplausos.<\/p>\n<p>Samantha C\u00e9sar, integrante del Frente de Pueblos en Defensa de la Tierra y el Agua (FPDTA) Morelos, Puebla y Tlaxcala, retoma esas declaraciones para explicar el sentimiento de traici\u00f3n de los pueblos: \u201cYa como presidente de M\u00e9xico, las comunidades le pidieron que cancelara el proyecto y que recordara su promesa, \u00e9l respondi\u00f3 que les llevar\u00eda una propuesta\u201d, pero a\u00fan no sab\u00edan \u201clo que se tra\u00edan entre manos\u201d.<\/p>\n<p><img loading=\"lazy\" decoding=\"async\" data-attachment-id=\"39820\" data-permalink=\"https:\/\/www.grieta.org.mx\/index.php\/2019\/09\/20\/un-megaproyecto-en-tierras-de-zapata-ven-traicion-de-amlo-morelos\/https-_aristeguinoticias-com_wp-content_uploads_2019_09_fotospim06\/\" data-orig-file=\"https:\/\/www.grieta.org.mx\/wp-content\/uploads\/2019\/10\/https-_aristeguinoticias.com_wp-content_uploads_2019_09_FotosPIM06.jpg\" data-orig-size=\"600,400\" data-comments-opened=\"0\" data-image-meta=\"{&quot;aperture&quot;:&quot;0&quot;,&quot;credit&quot;:&quot;&quot;,&quot;camera&quot;:&quot;&quot;,&quot;caption&quot;:&quot;&quot;,&quot;created_timestamp&quot;:&quot;0&quot;,&quot;copyright&quot;:&quot;&quot;,&quot;focal_length&quot;:&quot;0&quot;,&quot;iso&quot;:&quot;0&quot;,&quot;shutter_speed&quot;:&quot;0&quot;,&quot;title&quot;:&quot;&quot;,&quot;orientation&quot;:&quot;0&quot;}\" data-image-title=\"https _aristeguinoticias.com_wp-content_uploads_2019_09_FotosPIM06\" data-image-description=\"\" data-image-caption=\"\" data-medium-file=\"https:\/\/www.grieta.org.mx\/wp-content\/uploads\/2019\/10\/https-_aristeguinoticias.com_wp-content_uploads_2019_09_FotosPIM06-300x200.jpg\" data-large-file=\"https:\/\/www.grieta.org.mx\/wp-content\/uploads\/2019\/10\/https-_aristeguinoticias.com_wp-content_uploads_2019_09_FotosPIM06.jpg\" class=\"aligncenter wp-image-39820\" src=\"http:\/\/www.grieta.org.mx\/wp-content\/uploads\/2019\/10\/https-_aristeguinoticias.com_wp-content_uploads_2019_09_FotosPIM06.jpg\" alt=\"\" width=\"800\" height=\"533\" srcset=\"https:\/\/www.grieta.org.mx\/wp-content\/uploads\/2019\/10\/https-_aristeguinoticias.com_wp-content_uploads_2019_09_FotosPIM06.jpg 600w, https:\/\/www.grieta.org.mx\/wp-content\/uploads\/2019\/10\/https-_aristeguinoticias.com_wp-content_uploads_2019_09_FotosPIM06-300x200.jpg 300w\" sizes=\"auto, (max-width: 800px) 100vw, 800px\" \/><\/p>\n<p>El 8 de febrero de este a\u00f1o, en su conferencia de prensa matutina, el presidente anunci\u00f3 la realizaci\u00f3n de una consulta p\u00fablica para poner en operaci\u00f3n la termoel\u00e9ctrica de Huexca, la cual se llevar\u00eda a cabo los d\u00edas 23 y 24 de febrero. Dos d\u00edas despu\u00e9s, asisti\u00f3 al balneario El Almeal, en Cuautla, para explicar el proyecto y la consulta.<\/p>\n<p>L\u00f3pez Obrador dijo que si la planta no opera, se perder\u00e1n en un a\u00f1o cerca de 4 mil millones de pesos de dinero del pueblo. \u201cEscuchen radicales de izquierda, que para m\u00ed no son m\u00e1s que conservadores\u201d, espet\u00f3 a la misma gente con la que se comprometi\u00f3 en 2014, \u201csi no se utiliza la termoel\u00e9ctrica de la Comisi\u00f3n Federal de Electricidad, una empresa de la naci\u00f3n, en vez de tener luz para alumbrar todo Morelos tendr\u00edamos que seguirle comprando la luz a las empresas extranjeras, as\u00ed de claro, entonces a la hora de votar nada m\u00e1s piensen en eso\u201d, dijo. Ah\u00ed, entre la gente aglomerada atr\u00e1s, con una manta en la mano, el defensor nahua Samir Flores Soberanes no paraba de gritar.<br \/>\nEl parteaguas<\/p>\n<p>En el patio de su casa, en el centro de Amilcingo, Morelos, la tarde del 20 febrero Ofelia se limpia las l\u00e1grimas mientras se prepara para ir al velorio de Samir Flores Soberanes. \u201cNos dej\u00f3 dicho que cuando no estuviera le subi\u00e9ramos m\u00e1s, que no nos espant\u00e1ramos, que no nos dej\u00e1ramos humillar. A nosotros como pueblo nos dieron donde m\u00e1s nos duele, mataron al hombre m\u00e1s bueno, a un gran luchador que miraba por todos\u201d, dice, sin dejar de frotarse las manos agrietadas de una mujer del campo.<\/p>\n<p>A las 5:50 de la ma\u00f1ana de ese 20 de febrero, tres d\u00edas antes de la anunciada consulta presidencial, Samir Flores, defensor del territorio nahua y comunicador comunitario, fue asesinado en el patio de su casa.<\/p>\n<p><img loading=\"lazy\" decoding=\"async\" data-attachment-id=\"39821\" data-permalink=\"https:\/\/www.grieta.org.mx\/index.php\/2019\/09\/20\/un-megaproyecto-en-tierras-de-zapata-ven-traicion-de-amlo-morelos\/fotospim46\/\" data-orig-file=\"https:\/\/www.grieta.org.mx\/wp-content\/uploads\/2019\/10\/FotosPIM46.jpg\" data-orig-size=\"600,400\" data-comments-opened=\"0\" data-image-meta=\"{&quot;aperture&quot;:&quot;0&quot;,&quot;credit&quot;:&quot;&quot;,&quot;camera&quot;:&quot;&quot;,&quot;caption&quot;:&quot;&quot;,&quot;created_timestamp&quot;:&quot;0&quot;,&quot;copyright&quot;:&quot;&quot;,&quot;focal_length&quot;:&quot;0&quot;,&quot;iso&quot;:&quot;0&quot;,&quot;shutter_speed&quot;:&quot;0&quot;,&quot;title&quot;:&quot;&quot;,&quot;orientation&quot;:&quot;0&quot;}\" data-image-title=\"FotosPIM46\" data-image-description=\"\" data-image-caption=\"\" data-medium-file=\"https:\/\/www.grieta.org.mx\/wp-content\/uploads\/2019\/10\/FotosPIM46-300x200.jpg\" data-large-file=\"https:\/\/www.grieta.org.mx\/wp-content\/uploads\/2019\/10\/FotosPIM46.jpg\" class=\"aligncenter wp-image-39821\" src=\"http:\/\/www.grieta.org.mx\/wp-content\/uploads\/2019\/10\/FotosPIM46.jpg\" alt=\"\" width=\"800\" height=\"533\" srcset=\"https:\/\/www.grieta.org.mx\/wp-content\/uploads\/2019\/10\/FotosPIM46.jpg 600w, https:\/\/www.grieta.org.mx\/wp-content\/uploads\/2019\/10\/FotosPIM46-300x200.jpg 300w\" sizes=\"auto, (max-width: 800px) 100vw, 800px\" \/><\/p>\n<p>Su sepelio fue una multitudinaria marcha de protesta exigiendo justicia y suspensi\u00f3n definitiva del proyecto. Que no se realizara la consulta programada fue la exigencia del Frente de Pueblos en Defensa de la Tierra y el Agua (FPDTA) Morelos, Puebla y Tlaxcala, pero no fue escuchada y el ejercicio se realiz\u00f3 en medio de protestas, quema de boletas y helic\u00f3pteros de la polic\u00eda sobrevolando.<\/p>\n<p>En las comunidades directamente afectadas por el proyecto gan\u00f3 el rechazo y perdi\u00f3 el gobierno (que se declar\u00f3 abiertamente a favor del inicio de las operaciones), aunque las cifras oficiales avalaron la puesta en marcha de la termoel\u00e9ctrica.<\/p>\n<p>Y aqu\u00ed se juntaron las dos indignaciones: el asesinato de Samir Flores y un proceso de consulta impugnado, que dan pie a la actual etapa de la lucha y de organizaci\u00f3n comunitaria, un proceso que, afirma Luis Hern\u00e1ndez Navarro, coordinador editorial de La Jornada, \u201ctiene un punto clim\u00e1tico el 10 de abril, cuando el presidente L\u00f3pez Obrador no puede ir a Chinameca a realizar el acto oficial justo en el a\u00f1o que ha declarado este gobierno como el a\u00f1o de Emiliano Zapata\u201d, en ocasi\u00f3n del centenario de su muerte.<\/p>\n<p><img loading=\"lazy\" decoding=\"async\" data-attachment-id=\"39822\" data-permalink=\"https:\/\/www.grieta.org.mx\/index.php\/2019\/09\/20\/un-megaproyecto-en-tierras-de-zapata-ven-traicion-de-amlo-morelos\/fotospim13\/\" data-orig-file=\"https:\/\/www.grieta.org.mx\/wp-content\/uploads\/2019\/10\/FotosPIM13.jpg\" data-orig-size=\"600,400\" data-comments-opened=\"0\" data-image-meta=\"{&quot;aperture&quot;:&quot;0&quot;,&quot;credit&quot;:&quot;&quot;,&quot;camera&quot;:&quot;&quot;,&quot;caption&quot;:&quot;&quot;,&quot;created_timestamp&quot;:&quot;0&quot;,&quot;copyright&quot;:&quot;&quot;,&quot;focal_length&quot;:&quot;0&quot;,&quot;iso&quot;:&quot;0&quot;,&quot;shutter_speed&quot;:&quot;0&quot;,&quot;title&quot;:&quot;&quot;,&quot;orientation&quot;:&quot;0&quot;}\" data-image-title=\"FotosPIM13\" data-image-description=\"\" data-image-caption=\"\" data-medium-file=\"https:\/\/www.grieta.org.mx\/wp-content\/uploads\/2019\/10\/FotosPIM13-300x200.jpg\" data-large-file=\"https:\/\/www.grieta.org.mx\/wp-content\/uploads\/2019\/10\/FotosPIM13.jpg\" class=\"aligncenter wp-image-39822\" src=\"http:\/\/www.grieta.org.mx\/wp-content\/uploads\/2019\/10\/FotosPIM13.jpg\" alt=\"\" width=\"800\" height=\"533\" srcset=\"https:\/\/www.grieta.org.mx\/wp-content\/uploads\/2019\/10\/FotosPIM13.jpg 600w, https:\/\/www.grieta.org.mx\/wp-content\/uploads\/2019\/10\/FotosPIM13-300x200.jpg 300w\" sizes=\"auto, (max-width: 800px) 100vw, 800px\" \/><\/p>\n<p>La traici\u00f3n y la consulta<\/p>\n<p>El 10 de abril de 2019 se conmemor\u00f3 en la ex hacienda de Chinameca el centenario del asesinato a traici\u00f3n del general revolucionario Emiliano Zapata. Un gran templete vac\u00edo con el escudo oficial de la presidencia de la Rep\u00fablica, colocado en una explanada tambi\u00e9n sin un alma, qued\u00f3 como mudo testigo de la intenci\u00f3n del presidente Andr\u00e9s Manuel L\u00f3pez Obrador de acudir ese d\u00eda a recordar al fundador del Ej\u00e9rcito del Sur, como lo hab\u00eda anunciado semanas antes en Palacio Nacional, junto a los familiares de Zapata.<\/p>\n<p>El presidente fue declarado persona non grata por m\u00e1s de cien organizaciones ind\u00edgenas, campesinas y populares que integran la Asamblea Emergente Nacional ante la Violencia del Estado y la Autodeterminaci\u00f3n de los Pueblos, \u201cpor incumplir su palabra empe\u00f1ada en 2014\u201d de no apoyar la operaci\u00f3n de la termoel\u00e9ctrica de Huexca. Desde Amilcingo, donde se reunieron el 11 de marzo, anunciaron que no permitir\u00edan \u201cque la muerte de nuestro Caudillo del Sur sea insultada por la presencia de quien busca impulsar los proyectos de muerte en tierra zapatista\u201d.<\/p>\n<p>Agrupados en el Congreso Nacional Ind\u00edgena (CNI) y en otras organizaciones en defensa del territorio, llegaron miles de personas a Chinameca, mientras la ceremonia presidencial se realizaba en Cuernavaca. La ocupaci\u00f3n del lugar en el que asesinaron hace cien a\u00f1os a Zapata se vivi\u00f3 como una victoria.<\/p>\n<p>Desde el templete, Teresa Castellanos, una de las caras m\u00e1s visibles de la resistencia, mujer nahua amenazada de muerte junto a sus hijas por su oposici\u00f3n al proyecto, fue implacable con la figura presidencial: \u201cEstamos en contra de Andr\u00e9s Manuel L\u00f3pez Obrador porque \u00e9l est\u00e1 en contra de nosotros. Nosotros no le venimos a hacer la guerra, \u00e9l nos la hizo a nosotros. Nosotros quer\u00edamos hablar con \u00e9l y \u00e9l se hizo sordo. Hoy no queremos hablar con \u00e9l, hoy queremos que el Proyecto Integral Morelos se retire de nuestras comunidades y de nuestros territorios\u201d.<\/p>\n<p>Los pueblos reunidos en Chinameca reclamaron una a una las deudas con ellos en un evento de abierta oposici\u00f3n al gobierno de L\u00f3pez Obrador, protagonizado por los ind\u00edgenas a los que \u00e9l considera \u201cradicales de izquierda\u201d. Un acto cargado de s\u00edmbolos que reuni\u00f3 lo mismo a los padres y madres de los 43 de Ayotzinapa que a los campesinos de San Salvador Atenco. Todos rindiendo homenaje no s\u00f3lo a Zapata, sino tambi\u00e9n a Samir Flores, emblema de la lucha asesinado el 20 de febrero en Amilcingo. \u201cNo sabemos qui\u00e9n mat\u00f3 a Samir, sabemos qui\u00e9n lo se\u00f1al\u00f3\u201d, dijo por su parte Mar\u00eda de Jes\u00fas Patricio, ex aspirante a la candidatura presidencial del Congreso Nacional Ind\u00edgena-Concejo Ind\u00edgena de Gobierno (CNI-CIG).<\/p>\n<p>Hasta ah\u00ed lleg\u00f3 tambi\u00e9n el mensaje del Ej\u00e9rcito Zapatista de Liberaci\u00f3n Nacional (EZLN) en un comunicado firmado por el subcomandante Mois\u00e9s y le\u00eddo por Marichuy: \u201cVendr\u00e1n y se ir\u00e1n malos gobiernos, pero el color de la tierra persistir\u00e1 y con \u00e9l todos los colores de quienes en el mundo se niegan a la resignaci\u00f3n y el cinismo, quienes no olvidan y no perdonan, quienes llevan la cuenta de agravios, encierros, desapariciones, muertes y olvidos\u201d.<\/p>\n<p>La caravana de inconformes se traslad\u00f3 despu\u00e9s a Huexca, donde se yergue la mole de acero que ha provocado el descontento. Y ah\u00ed, frente a la termoel\u00e9ctrica, hicieron una clausura simb\u00f3lica y un acto pol\u00edtico mientras los activistas pintaban de rojo sus paredes y el piso con las consignas: \u201cAsesinos\u201d, \u201cAgua s\u00ed, Termo no\u201d y \u201cHay un volc\u00e1n, pendejos\u201d, entre otras.<\/p>\n<p><img loading=\"lazy\" decoding=\"async\" data-attachment-id=\"39823\" data-permalink=\"https:\/\/www.grieta.org.mx\/index.php\/2019\/09\/20\/un-megaproyecto-en-tierras-de-zapata-ven-traicion-de-amlo-morelos\/fotospim27-768x512\/\" data-orig-file=\"https:\/\/www.grieta.org.mx\/wp-content\/uploads\/2019\/10\/FotosPIM27-768x512.jpg\" data-orig-size=\"768,512\" data-comments-opened=\"0\" data-image-meta=\"{&quot;aperture&quot;:&quot;0&quot;,&quot;credit&quot;:&quot;&quot;,&quot;camera&quot;:&quot;&quot;,&quot;caption&quot;:&quot;&quot;,&quot;created_timestamp&quot;:&quot;0&quot;,&quot;copyright&quot;:&quot;&quot;,&quot;focal_length&quot;:&quot;0&quot;,&quot;iso&quot;:&quot;0&quot;,&quot;shutter_speed&quot;:&quot;0&quot;,&quot;title&quot;:&quot;&quot;,&quot;orientation&quot;:&quot;0&quot;}\" data-image-title=\"FotosPIM27-768&amp;#215;512\" data-image-description=\"\" data-image-caption=\"\" data-medium-file=\"https:\/\/www.grieta.org.mx\/wp-content\/uploads\/2019\/10\/FotosPIM27-768x512-300x200.jpg\" data-large-file=\"https:\/\/www.grieta.org.mx\/wp-content\/uploads\/2019\/10\/FotosPIM27-768x512.jpg\" class=\"aligncenter wp-image-39823\" src=\"http:\/\/www.grieta.org.mx\/wp-content\/uploads\/2019\/10\/FotosPIM27-768x512.jpg\" alt=\"\" width=\"800\" height=\"533\" srcset=\"https:\/\/www.grieta.org.mx\/wp-content\/uploads\/2019\/10\/FotosPIM27-768x512.jpg 768w, https:\/\/www.grieta.org.mx\/wp-content\/uploads\/2019\/10\/FotosPIM27-768x512-300x200.jpg 300w, https:\/\/www.grieta.org.mx\/wp-content\/uploads\/2019\/10\/FotosPIM27-768x512-750x500.jpg 750w\" sizes=\"auto, (max-width: 800px) 100vw, 800px\" \/><\/p>\n<p><a href=\"https:\/\/hablanlospueblos.org\/Proyecto_Integral_Morelos.html\">Lee el reportaje completo en este enlace<\/a><\/p>\n<p><a href=\"https:\/\/aristeguinoticias.com\/2009\/mexico\/un-megaproyecto-en-tierras-de-zapata-ven-traicion-de-amlo\/\">https:\/\/aristeguinoticias.com\/2009\/mexico\/un-megaproyecto-en-tierras-de-zapata-ven-traicion-de-amlo\/<\/a><\/p>\n","protected":false},"excerpt":{"rendered":"<p>Gloria Mu\u00f1oz Ram\u00edrez\/ Desinform\u00e9monos Se juntaron dos indignaciones: el asesinato de Samir Flores y un proceso de consulta impugnado, dice el reportaje producido por Desinform\u00e9monos. El presidente fue declarado persona &hellip; <a href=\"https:\/\/www.grieta.org.mx\/index.php\/2019\/09\/20\/un-megaproyecto-en-tierras-de-zapata-ven-traicion-de-amlo-morelos\/\" class=\"more-link\">Leer m\u00e1s<\/a><\/p>\n","protected":false},"author":2,"featured_media":39823,"comment_status":"closed","ping_status":"closed","sticky":false,"template":"","format":"standard","meta":{"ngg_post_thumbnail":0,"_jetpack_newsletter_access":"","_jetpack_dont_email_post_to_subs":false,"_jetpack_newsletter_tier_id":0,"_jetpack_memberships_contains_paywalled_content":false,"_jetpack_memberships_contains_paid_content":false,"footnotes":""},"categories":[54,55,80,970,1,954,3,22,2,44,1171],"tags":[2087,2086,2471],"class_list":["post-39818","post","type-post","status-publish","format-standard","has-post-thumbnail","hentry","category-10-huexca","category-11-amilcingo","category-cintillo","category-esp-morelos","category-espejos-de-la-resistencia","category-espejos-estados","category-megaproyectos","category-morelos","category-noticias-nacionales","category-proyecto-integral-morelos","category-rechazo-al-proyecto-integral-morelos-pim-en-morelos","tag-rechazo-a-la-termoelectrica-en-huexca","tag-rechazo-al-proyecto-integral-morelos","tag-samir","entry"],"jetpack_featured_media_url":"https:\/\/www.grieta.org.mx\/wp-content\/uploads\/2019\/10\/FotosPIM27-768x512.jpg","jetpack_sharing_enabled":true,"jetpack_shortlink":"https:\/\/wp.me\/p7ZJR4-ame","jetpack_likes_enabled":false,"jetpack-related-posts":[{"id":44227,"url":"https:\/\/www.grieta.org.mx\/index.php\/2020\/02\/07\/exigen-cancelar-termoelectrica-huexca-y-esclarecer-asesinato-de-samir-flores-morelos\/","url_meta":{"origin":39818,"position":0},"title":"Exigen Cancelar termoel\u00e9ctrica Huexca y esclarecer asesinato de Samir Flores (Morelos)","author":"grieta","date":"7 febrero, 2020","format":false,"excerpt":"Redacci\u00f3n \/ La Verdad La Asamblea de los Pueblos de Morelos asegur\u00f3 que a casi un a\u00f1o del asesinato de Samir Flores, la fiscal\u00eda de Morelos poco a investigado al respecto Integrantes de la Asamblea de los Pueblos de Morelos en Defensa del Territorio exigieron al presidente Andr\u00e9s Manuel L\u00f3pez\u2026","rel":"","context":"En &quot;10. Huexca&quot;","block_context":{"text":"10. Huexca","link":"https:\/\/www.grieta.org.mx\/index.php\/category\/espejos-de-la-resistencia\/10-huexca\/"},"img":{"alt_text":"","src":"https:\/\/i0.wp.com\/www.grieta.org.mx\/wp-content\/uploads\/2020\/02\/Screenshot_2020-02-12-Exigen-Cancelar-termoel%C3%A9ctrica-Huexca-y-esclarecer-asesinato-de-Samir-Flores.png?resize=350%2C200&ssl=1","width":350,"height":200,"srcset":"https:\/\/i0.wp.com\/www.grieta.org.mx\/wp-content\/uploads\/2020\/02\/Screenshot_2020-02-12-Exigen-Cancelar-termoel%C3%A9ctrica-Huexca-y-esclarecer-asesinato-de-Samir-Flores.png?resize=350%2C200&ssl=1 1x, https:\/\/i0.wp.com\/www.grieta.org.mx\/wp-content\/uploads\/2020\/02\/Screenshot_2020-02-12-Exigen-Cancelar-termoel%C3%A9ctrica-Huexca-y-esclarecer-asesinato-de-Samir-Flores.png?resize=525%2C300&ssl=1 1.5x, https:\/\/i0.wp.com\/www.grieta.org.mx\/wp-content\/uploads\/2020\/02\/Screenshot_2020-02-12-Exigen-Cancelar-termoel%C3%A9ctrica-Huexca-y-esclarecer-asesinato-de-Samir-Flores.png?resize=700%2C400&ssl=1 2x"},"classes":[]},{"id":56863,"url":"https:\/\/www.grieta.org.mx\/index.php\/2021\/02\/01\/pobladores-y-ejidatarios-de-yecapixtla-acusan-traicion-total-de-amlo-por-continuar-obras-de-termoelectrica-de-huexca-video\/","url_meta":{"origin":39818,"position":1},"title":"Pobladores y ejidatarios de Yecapixtla acusan \u201ctraici\u00f3n total\u201d de AMLO por continuar obras de termoel\u00e9ctrica de Huexca (Video)","author":"grieta","date":"1 febrero, 2021","format":false,"excerpt":"Cecilia Reynoso \/ Latinus Ejidatarios y habitantes de la comunidad ind\u00edgena de Yecapixtla, Morelos, acusan que el presidente L\u00f3pez Obrador y su gobierno cometen una \u201ctraici\u00f3n total\u201d al continuar las obras de la termoel\u00e9ctrica de Huexca, construida por la Comisi\u00f3n Federal de Electricidad (CFE) de 2012 a 2017. La termoel\u00e9ctrica\u2026","rel":"","context":"En &quot;10. Huexca&quot;","block_context":{"text":"10. Huexca","link":"https:\/\/www.grieta.org.mx\/index.php\/category\/espejos-de-la-resistencia\/10-huexca\/"},"img":{"alt_text":"","src":"https:\/\/i0.wp.com\/www.grieta.org.mx\/wp-content\/uploads\/2021\/02\/Screenshot_2021-02-09-Pobladores-y-ejidatarios-de-Yecapixtla-acusan-traicion-total-de-AMLO-por-continuar-obras-de-termoel....png?resize=350%2C200&ssl=1","width":350,"height":200,"srcset":"https:\/\/i0.wp.com\/www.grieta.org.mx\/wp-content\/uploads\/2021\/02\/Screenshot_2021-02-09-Pobladores-y-ejidatarios-de-Yecapixtla-acusan-traicion-total-de-AMLO-por-continuar-obras-de-termoel....png?resize=350%2C200&ssl=1 1x, https:\/\/i0.wp.com\/www.grieta.org.mx\/wp-content\/uploads\/2021\/02\/Screenshot_2021-02-09-Pobladores-y-ejidatarios-de-Yecapixtla-acusan-traicion-total-de-AMLO-por-continuar-obras-de-termoel....png?resize=525%2C300&ssl=1 1.5x, https:\/\/i0.wp.com\/www.grieta.org.mx\/wp-content\/uploads\/2021\/02\/Screenshot_2021-02-09-Pobladores-y-ejidatarios-de-Yecapixtla-acusan-traicion-total-de-AMLO-por-continuar-obras-de-termoel....png?resize=700%2C400&ssl=1 2x"},"classes":[]},{"id":39461,"url":"https:\/\/www.grieta.org.mx\/index.php\/2019\/08\/20\/exigen-que-asesinato-del-activista-samir-flores-lo-investigue-fgr-morelos\/","url_meta":{"origin":39818,"position":2},"title":"Exigen que asesinato del activista Samir Flores lo investigue FGR (Morelos)","author":"grieta","date":"20 agosto, 2019","format":false,"excerpt":"Redacci\u00f3n \/ \u00c1ngulo 7 A seis meses del asesinato del opositor del Proyecto Integral Morelos (PIM), Samir Flores Soberanes, el Frente de Pueblos en Defensa de la Tierra y el Agua (Fpdta) exigi\u00f3 que el asesinato de sea investigado por la FGR, ya que acusan de ineficiente a la de\u2026","rel":"","context":"En &quot;10. Huexca&quot;","block_context":{"text":"10. Huexca","link":"https:\/\/www.grieta.org.mx\/index.php\/category\/espejos-de-la-resistencia\/10-huexca\/"},"img":{"alt_text":"","src":"https:\/\/i0.wp.com\/www.grieta.org.mx\/wp-content\/uploads\/2019\/09\/https-_www.angulo7.com_.mx_wp-content_uploads_2019_02_activista-Samir-Flores-Soberanes-PIM-1.jpg?resize=350%2C200&ssl=1","width":350,"height":200,"srcset":"https:\/\/i0.wp.com\/www.grieta.org.mx\/wp-content\/uploads\/2019\/09\/https-_www.angulo7.com_.mx_wp-content_uploads_2019_02_activista-Samir-Flores-Soberanes-PIM-1.jpg?resize=350%2C200&ssl=1 1x, https:\/\/i0.wp.com\/www.grieta.org.mx\/wp-content\/uploads\/2019\/09\/https-_www.angulo7.com_.mx_wp-content_uploads_2019_02_activista-Samir-Flores-Soberanes-PIM-1.jpg?resize=525%2C300&ssl=1 1.5x"},"classes":[]},{"id":40871,"url":"https:\/\/www.grieta.org.mx\/index.php\/2019\/10\/18\/conmemoraran-8-meses-del-asesinato-de-samir-morelos\/","url_meta":{"origin":39818,"position":3},"title":"Conmemorar\u00e1n 8 meses del asesinato de Samir (Morelos)","author":"grieta","date":"18 octubre, 2019","format":false,"excerpt":"Emmanuel Ruiz \/ El Sol de Cuernavaca Llevar\u00e1n a cabo cine debates en Jantetelco, Huexca y Amilcingo, a partir del pr\u00f3ximo jueves Se proyectar\u00e1 el documental Recuperando el para\u00edso, sobre la defensa del territorio\/GUDE SERV\u00cdN \"Un documental sobre la organizaci\u00f3n del pueblo ind\u00edgena de Santa Mar\u00eda Ostula, que logr\u00f3 detener\u2026","rel":"","context":"En &quot;10. Huexca&quot;","block_context":{"text":"10. Huexca","link":"https:\/\/www.grieta.org.mx\/index.php\/category\/espejos-de-la-resistencia\/10-huexca\/"},"img":{"alt_text":"","src":"https:\/\/i0.wp.com\/www.grieta.org.mx\/wp-content\/uploads\/2019\/11\/Se-proyectar%C3%A1-el-documental-Recuperando-el-para%C3%ADso-sobre-la-defensa-del-territorio-GUDE-SERV%C3%8DN.jpg?resize=350%2C200&ssl=1","width":350,"height":200,"srcset":"https:\/\/i0.wp.com\/www.grieta.org.mx\/wp-content\/uploads\/2019\/11\/Se-proyectar%C3%A1-el-documental-Recuperando-el-para%C3%ADso-sobre-la-defensa-del-territorio-GUDE-SERV%C3%8DN.jpg?resize=350%2C200&ssl=1 1x, https:\/\/i0.wp.com\/www.grieta.org.mx\/wp-content\/uploads\/2019\/11\/Se-proyectar%C3%A1-el-documental-Recuperando-el-para%C3%ADso-sobre-la-defensa-del-territorio-GUDE-SERV%C3%8DN.jpg?resize=525%2C300&ssl=1 1.5x, https:\/\/i0.wp.com\/www.grieta.org.mx\/wp-content\/uploads\/2019\/11\/Se-proyectar%C3%A1-el-documental-Recuperando-el-para%C3%ADso-sobre-la-defensa-del-territorio-GUDE-SERV%C3%8DN.jpg?resize=700%2C400&ssl=1 2x"},"classes":[]},{"id":39420,"url":"https:\/\/www.grieta.org.mx\/index.php\/2019\/08\/09\/activistas-reiteran-rechazo-a-la-termoelectrica-de-huexca-morelos\/","url_meta":{"origin":39818,"position":4},"title":"Activistas reiteran rechazo a la termoel\u00e9ctrica de Huexca (Morelos)","author":"grieta","date":"9 agosto, 2019","format":false,"excerpt":"Guadalupe \u00c1lvarez Rojas \/ La Uni\u00f3n de Morelos Durante evento por el 140 aniversario luctuoso de Zapata, en Ayala, solicitaron la intervenci\u00f3n de AMLO para echar abajo el proyecto. Ayala.- En el marco del CXL aniversario del natalicio del General Emiliano Zapata Salazar, integrantes de la Asamblea Permanente de los\u2026","rel":"","context":"En &quot;10. Huexca&quot;","block_context":{"text":"10. Huexca","link":"https:\/\/www.grieta.org.mx\/index.php\/category\/espejos-de-la-resistencia\/10-huexca\/"},"img":{"alt_text":"","src":"https:\/\/i0.wp.com\/www.grieta.org.mx\/wp-content\/uploads\/2019\/09\/2e321c5dc6cc6b910a4223f216f1c29c_L.jpg?resize=350%2C200&ssl=1","width":350,"height":200,"srcset":"https:\/\/i0.wp.com\/www.grieta.org.mx\/wp-content\/uploads\/2019\/09\/2e321c5dc6cc6b910a4223f216f1c29c_L.jpg?resize=350%2C200&ssl=1 1x, https:\/\/i0.wp.com\/www.grieta.org.mx\/wp-content\/uploads\/2019\/09\/2e321c5dc6cc6b910a4223f216f1c29c_L.jpg?resize=525%2C300&ssl=1 1.5x, https:\/\/i0.wp.com\/www.grieta.org.mx\/wp-content\/uploads\/2019\/09\/2e321c5dc6cc6b910a4223f216f1c29c_L.jpg?resize=700%2C400&ssl=1 2x, https:\/\/i0.wp.com\/www.grieta.org.mx\/wp-content\/uploads\/2019\/09\/2e321c5dc6cc6b910a4223f216f1c29c_L.jpg?resize=1050%2C600&ssl=1 3x"},"classes":[]},{"id":37578,"url":"https:\/\/www.grieta.org.mx\/index.php\/2019\/07\/09\/frente-unido-todos-somos-cacalotepec-pedira-replica-a-amlo-contra-el-proyecto-integral-morelos\/","url_meta":{"origin":39818,"position":5},"title":"Frente Unido Todos Somos Cacalotepec pedir\u00e1 r\u00e9plica a AMLO contra el Proyecto Integral Morelos","author":"grieta","date":"9 julio, 2019","format":false,"excerpt":"Israel Tepox \/ Desde Puebla \u201cEl d\u00eda 8 de julio usted (AMLO) anunci\u00f3 que hablar\u00e1 con los afectados del PIM (Proyecto Integral Morelos) que nos va a ir a ver de manera directa y que nos explicar\u00e1 las cifras del proyecto, que buscar\u00e1 convencernos que el proyecto se tiene que\u2026","rel":"","context":"En &quot;10. Huexca&quot;","block_context":{"text":"10. Huexca","link":"https:\/\/www.grieta.org.mx\/index.php\/category\/espejos-de-la-resistencia\/10-huexca\/"},"img":{"alt_text":"","src":"https:\/\/i0.wp.com\/www.grieta.org.mx\/wp-content\/uploads\/2019\/08\/FB_IMG_1562710460892.jpg?resize=350%2C200&ssl=1","width":350,"height":200,"srcset":"https:\/\/i0.wp.com\/www.grieta.org.mx\/wp-content\/uploads\/2019\/08\/FB_IMG_1562710460892.jpg?resize=350%2C200&ssl=1 1x, https:\/\/i0.wp.com\/www.grieta.org.mx\/wp-content\/uploads\/2019\/08\/FB_IMG_1562710460892.jpg?resize=525%2C300&ssl=1 1.5x"},"classes":[]}],"_links":{"self":[{"href":"https:\/\/www.grieta.org.mx\/index.php\/wp-json\/wp\/v2\/posts\/39818","targetHints":{"allow":["GET"]}}],"collection":[{"href":"https:\/\/www.grieta.org.mx\/index.php\/wp-json\/wp\/v2\/posts"}],"about":[{"href":"https:\/\/www.grieta.org.mx\/index.php\/wp-json\/wp\/v2\/types\/post"}],"author":[{"embeddable":true,"href":"https:\/\/www.grieta.org.mx\/index.php\/wp-json\/wp\/v2\/users\/2"}],"replies":[{"embeddable":true,"href":"https:\/\/www.grieta.org.mx\/index.php\/wp-json\/wp\/v2\/comments?post=39818"}],"version-history":[{"count":1,"href":"https:\/\/www.grieta.org.mx\/index.php\/wp-json\/wp\/v2\/posts\/39818\/revisions"}],"predecessor-version":[{"id":39824,"href":"https:\/\/www.grieta.org.mx\/index.php\/wp-json\/wp\/v2\/posts\/39818\/revisions\/39824"}],"wp:featuredmedia":[{"embeddable":true,"href":"https:\/\/www.grieta.org.mx\/index.php\/wp-json\/wp\/v2\/media\/39823"}],"wp:attachment":[{"href":"https:\/\/www.grieta.org.mx\/index.php\/wp-json\/wp\/v2\/media?parent=39818"}],"wp:term":[{"taxonomy":"category","embeddable":true,"href":"https:\/\/www.grieta.org.mx\/index.php\/wp-json\/wp\/v2\/categories?post=39818"},{"taxonomy":"post_tag","embeddable":true,"href":"https:\/\/www.grieta.org.mx\/index.php\/wp-json\/wp\/v2\/tags?post=39818"}],"curies":[{"name":"wp","href":"https:\/\/api.w.org\/{rel}","templated":true}]}}