{"id":39663,"date":"2019-09-27T19:36:32","date_gmt":"2019-09-28T00:36:32","guid":{"rendered":"http:\/\/www.grieta.org.mx\/?p=39663"},"modified":"2019-09-27T19:36:32","modified_gmt":"2019-09-28T00:36:32","slug":"inicia-paro-de-labores-de-personal-de-la-stase-en-todo-sinaloa","status":"publish","type":"post","link":"https:\/\/www.grieta.org.mx\/index.php\/2019\/09\/27\/inicia-paro-de-labores-de-personal-de-la-stase-en-todo-sinaloa\/","title":{"rendered":"Inicia paro de labores de personal de la Stase en todo Sinaloa"},"content":{"rendered":"<p><img loading=\"lazy\" decoding=\"async\" data-attachment-id=\"39665\" data-permalink=\"https:\/\/www.grieta.org.mx\/index.php\/2019\/09\/27\/inicia-paro-de-labores-de-personal-de-la-stase-en-todo-sinaloa\/inicia_paro_de_labores_de_personal_de_la_stase_en_todo_sinaloa_x4x-jpeg_1800487936\/\" data-orig-file=\"https:\/\/www.grieta.org.mx\/wp-content\/uploads\/2019\/09\/inicia_paro_de_labores_de_personal_de_la_stase_en_todo_sinaloa_x4x.jpeg_1800487936.jpeg\" data-orig-size=\"1152,648\" data-comments-opened=\"0\" data-image-meta=\"{&quot;aperture&quot;:&quot;0&quot;,&quot;credit&quot;:&quot;&quot;,&quot;camera&quot;:&quot;&quot;,&quot;caption&quot;:&quot;&quot;,&quot;created_timestamp&quot;:&quot;0&quot;,&quot;copyright&quot;:&quot;&quot;,&quot;focal_length&quot;:&quot;0&quot;,&quot;iso&quot;:&quot;0&quot;,&quot;shutter_speed&quot;:&quot;0&quot;,&quot;title&quot;:&quot;&quot;,&quot;orientation&quot;:&quot;0&quot;}\" data-image-title=\"inicia_paro_de_labores_de_personal_de_la_stase_en_todo_sinaloa_x4x.jpeg_1800487936\" data-image-description=\"\" data-image-caption=\"\" data-medium-file=\"https:\/\/www.grieta.org.mx\/wp-content\/uploads\/2019\/09\/inicia_paro_de_labores_de_personal_de_la_stase_en_todo_sinaloa_x4x.jpeg_1800487936-300x169.jpeg\" data-large-file=\"https:\/\/www.grieta.org.mx\/wp-content\/uploads\/2019\/09\/inicia_paro_de_labores_de_personal_de_la_stase_en_todo_sinaloa_x4x.jpeg_1800487936-1024x576.jpeg\" class=\"aligncenter  wp-image-39665\" src=\"http:\/\/www.grieta.org.mx\/wp-content\/uploads\/2019\/09\/inicia_paro_de_labores_de_personal_de_la_stase_en_todo_sinaloa_x4x.jpeg_1800487936.jpeg\" alt=\"\" width=\"800\" height=\"450\" srcset=\"https:\/\/www.grieta.org.mx\/wp-content\/uploads\/2019\/09\/inicia_paro_de_labores_de_personal_de_la_stase_en_todo_sinaloa_x4x.jpeg_1800487936.jpeg 1152w, https:\/\/www.grieta.org.mx\/wp-content\/uploads\/2019\/09\/inicia_paro_de_labores_de_personal_de_la_stase_en_todo_sinaloa_x4x.jpeg_1800487936-300x169.jpeg 300w, https:\/\/www.grieta.org.mx\/wp-content\/uploads\/2019\/09\/inicia_paro_de_labores_de_personal_de_la_stase_en_todo_sinaloa_x4x.jpeg_1800487936-768x432.jpeg 768w, https:\/\/www.grieta.org.mx\/wp-content\/uploads\/2019\/09\/inicia_paro_de_labores_de_personal_de_la_stase_en_todo_sinaloa_x4x.jpeg_1800487936-1024x576.jpeg 1024w, https:\/\/www.grieta.org.mx\/wp-content\/uploads\/2019\/09\/inicia_paro_de_labores_de_personal_de_la_stase_en_todo_sinaloa_x4x.jpeg_1800487936-889x500.jpeg 889w\" sizes=\"auto, (max-width: 800px) 100vw, 800px\" \/><\/p>\n<p>Foto: El Debate<\/p>\n<p>Angelica Corral y Mar\u00eda Elizalde \/ El Debate<\/p>\n<p><strong>Sinaloa<\/strong>.- Despu\u00e9s de que ayer se\u00a0anunciara el paro de labores\u00a0para el d\u00eda de hoy de todos los trabajadores pertenecientes al Stase, durante la ma\u00f1ana de este viernes cumplieron con la protesta y solo personal de confianza atienden en las oficinas.<\/p>\n<p>Alrededor de 8 mil de trabajadores se ven afectados por la falta de pagos al adeudo que tiene el Gobierno del Estado de Sinaloa, encabezado por Quirino Ordaz Coppel con el Stase.<\/p>\n<p>De acuerdo a informaci\u00f3n otorgado Gabriel Ballardo Valdez, el adeudo del Gobierno de Sinaloa asciende a los 80 millones de pesos, el cual servir\u00eda para solventar los gastos del programa de vivienda, un programa de caja de ahorro y un programa para prestamos y jubiliciones, los cuales se encuentran paralizados.<\/p>\n<p>Este paro es por justicia laboral dijo Gabriel Ballardo Valdez porque si permiten que les sigan negando plazas y que no les abonen los adeudos a sus prestaciones m\u00e1s adelantes les van a seguir quitando otras prestaciones que fueron muy dif\u00edciles de conquistar.<\/p>\n<p>Afirm\u00f3 que el adeudo se est\u00e1 arrastrando desde la administraci\u00f3n pasada y que la actual solo ha abonado dos millones de pesos.<\/p>\n<p>Son cerca de 10 mil trabajadores los que en este momento no est\u00e1n laborando en el estado.<\/p>\n<p>Balkardo Valdez detall\u00f3 que tienen dos a\u00f1os que no les abonan lo cual les esta afectando mucho.<\/p>\n<p><a href=\"https:\/\/www.debate.com.mx\/culiacan\/Inicia-paro-de-labores-de-personal-de-la-Stase-en-todo-Sinaloa-20190927-0048.html\">https:\/\/www.debate.com.mx\/culiacan\/Inicia-paro-de-labores-de-personal-de-la-Stase-en-todo-Sinaloa-20190927-0048.html<\/a><\/p>\n","protected":false},"excerpt":{"rendered":"<p>Foto: El Debate Angelica Corral y Mar\u00eda Elizalde \/ El Debate Sinaloa.- Despu\u00e9s de que ayer se\u00a0anunciara el paro de labores\u00a0para el d\u00eda de hoy de todos los trabajadores pertenecientes &hellip; <a href=\"https:\/\/www.grieta.org.mx\/index.php\/2019\/09\/27\/inicia-paro-de-labores-de-personal-de-la-stase-en-todo-sinaloa\/\" class=\"more-link\">Leer m\u00e1s<\/a><\/p>\n","protected":false},"author":2,"featured_media":21928,"comment_status":"closed","ping_status":"closed","sticky":false,"template":"","format":"standard","meta":{"ngg_post_thumbnail":0,"_jetpack_newsletter_access":"","_jetpack_dont_email_post_to_subs":false,"_jetpack_newsletter_tier_id":0,"_jetpack_memberships_contains_paywalled_content":false,"_jetpack_memberships_contains_paid_content":false,"footnotes":""},"categories":[80,1658,910,2,30,83],"tags":[105,1082,1687],"class_list":["post-39663","post","type-post","status-publish","format-standard","has-post-thumbnail","hentry","category-cintillo","category-conflictos-laborales-en-sinaloa","category-explotacion-y-precariedad-laboral","category-noticias-nacionales","category-sinaloa","category-temas-nacionales","tag-derechos-laborales","tag-falta-de-pagos","tag-paros-laborales","entry"],"jetpack_featured_media_url":"https:\/\/www.grieta.org.mx\/wp-content\/uploads\/2018\/03\/14524434_1106112876131411_958039263622046936_o.jpg","jetpack_sharing_enabled":true,"jetpack_shortlink":"https:\/\/wp.me\/p7ZJR4-ajJ","jetpack_likes_enabled":false,"jetpack-related-posts":[{"id":26113,"url":"https:\/\/www.grieta.org.mx\/index.php\/2018\/08\/31\/paran-labores-trabajadores-del-registro-civil-en-la-use-sinaloa\/","url_meta":{"origin":39663,"position":0},"title":"Paran labores trabajadores del registro civil en la USE (Sinaloa)","author":"grieta","date":"31 agosto, 2018","format":false,"excerpt":"Foto: El Debate Esto se debe a la falta de pagos en distintas participaciones Ram\u00f3n Beltr\u00e1n Sabalza Culiac\u00e1n, Sin.- Por la falta de pagos en participaciones, trabajadores de Registro Civil en la Unidad de Servicios Estatales (USE) dejaron de atender y pararon labores por alrededor de una hora con 20\u2026","rel":"","context":"En &quot;CINTILLO&quot;","block_context":{"text":"CINTILLO","link":"https:\/\/www.grieta.org.mx\/index.php\/category\/cintillo\/"},"img":{"alt_text":"","src":"https:\/\/i0.wp.com\/www.grieta.org.mx\/wp-content\/uploads\/2018\/09\/whatsapp_image_2018-08-31_at_9_23_48_am_x1x_1.jpeg_539665225.jpeg?resize=350%2C200&ssl=1","width":350,"height":200,"srcset":"https:\/\/i0.wp.com\/www.grieta.org.mx\/wp-content\/uploads\/2018\/09\/whatsapp_image_2018-08-31_at_9_23_48_am_x1x_1.jpeg_539665225.jpeg?resize=350%2C200&ssl=1 1x, https:\/\/i0.wp.com\/www.grieta.org.mx\/wp-content\/uploads\/2018\/09\/whatsapp_image_2018-08-31_at_9_23_48_am_x1x_1.jpeg_539665225.jpeg?resize=525%2C300&ssl=1 1.5x"},"classes":[]},{"id":31537,"url":"https:\/\/www.grieta.org.mx\/index.php\/2019\/04\/01\/protestan-trabajadores-del-stase-por-despido-de-un-companero-sinaloa\/","url_meta":{"origin":39663,"position":1},"title":"Protestan trabajadores del STASE por despido de un compa\u00f1ero (Sinaloa)","author":"grieta","date":"1 abril, 2019","format":false,"excerpt":"Denuncian en Palacio de Gobierno hostigamiento laboral en el \u00e1rea de Servicios Generales Jos\u00e9 \u00c1ngel Estrada \/ El Sol de Sinaloa Culiac\u00e1n, Sin.\u00a0Trabajadores del\u00a0STASE\u00a0realizaron un\u00a0plant\u00f3n\u00a0en la planta baja de\u00a0Palacio de Gobierno\u00a0para protestar por el permanente clima de hostigamiento laboral en el \u00e1rea de Servicios Generales, que hoy se empeor\u00f3 con\u2026","rel":"","context":"En &quot;CINTILLO&quot;","block_context":{"text":"CINTILLO","link":"https:\/\/www.grieta.org.mx\/index.php\/category\/cintillo\/"},"img":{"alt_text":"","src":"https:\/\/i0.wp.com\/www.grieta.org.mx\/wp-content\/uploads\/2019\/04\/ab58297c-5834-4a7e-b0e7-03c1c8750e9c.jpg?resize=350%2C200&ssl=1","width":350,"height":200,"srcset":"https:\/\/i0.wp.com\/www.grieta.org.mx\/wp-content\/uploads\/2019\/04\/ab58297c-5834-4a7e-b0e7-03c1c8750e9c.jpg?resize=350%2C200&ssl=1 1x, https:\/\/i0.wp.com\/www.grieta.org.mx\/wp-content\/uploads\/2019\/04\/ab58297c-5834-4a7e-b0e7-03c1c8750e9c.jpg?resize=525%2C300&ssl=1 1.5x, https:\/\/i0.wp.com\/www.grieta.org.mx\/wp-content\/uploads\/2019\/04\/ab58297c-5834-4a7e-b0e7-03c1c8750e9c.jpg?resize=700%2C400&ssl=1 2x"},"classes":[]},{"id":41454,"url":"https:\/\/www.grieta.org.mx\/index.php\/2019\/11\/22\/en-paro-laboral-personal-de-icatsin-en-todo-sinaloa\/","url_meta":{"origin":39663,"position":2},"title":"En paro laboral personal de Icatsin en todo Sinaloa","author":"grieta","date":"22 noviembre, 2019","format":false,"excerpt":"Marisela Jolie\/Debate Los Mochis, Sinaloa.- Desde el 19 de noviembre, un grupo de trabajadores sindicalizados y de confianza mantienen tomadas las instalaciones del Instituto de Capacitaci\u00f3n para el Trabajo de Sinaloa (Icatsin) en Los Mochis en exigencia de la destituci\u00f3n de la directora del plantel, Mar\u00eda del Refugio F\u00e9lix S\u00e1nchez.\u2026","rel":"","context":"En &quot;CINTILLO&quot;","block_context":{"text":"CINTILLO","link":"https:\/\/www.grieta.org.mx\/index.php\/category\/cintillo\/"},"img":{"alt_text":"","src":"https:\/\/i0.wp.com\/www.grieta.org.mx\/wp-content\/uploads\/2019\/11\/whatsapp_image_2019-11-22_at_11_32_58_am_crop1574447847114.jpeg_219914347.jpeg?resize=350%2C200&ssl=1","width":350,"height":200,"srcset":"https:\/\/i0.wp.com\/www.grieta.org.mx\/wp-content\/uploads\/2019\/11\/whatsapp_image_2019-11-22_at_11_32_58_am_crop1574447847114.jpeg_219914347.jpeg?resize=350%2C200&ssl=1 1x, https:\/\/i0.wp.com\/www.grieta.org.mx\/wp-content\/uploads\/2019\/11\/whatsapp_image_2019-11-22_at_11_32_58_am_crop1574447847114.jpeg_219914347.jpeg?resize=525%2C300&ssl=1 1.5x, https:\/\/i0.wp.com\/www.grieta.org.mx\/wp-content\/uploads\/2019\/11\/whatsapp_image_2019-11-22_at_11_32_58_am_crop1574447847114.jpeg_219914347.jpeg?resize=700%2C400&ssl=1 2x"},"classes":[]},{"id":1000,"url":"https:\/\/www.grieta.org.mx\/index.php\/2016\/09\/05\/conflictos-laborales-en-sinaloa\/","url_meta":{"origin":39663,"position":3},"title":"Conflictos laborales en Sinaloa","author":"grieta","date":"5 septiembre, 2016","format":false,"excerpt":"05\/09\/16. Jubilados exigen sus ahorros a Afore XXI (Sinaloa) El Debate 04\/09\/16. Maestros de la UPES paran labores (Sinaloa) El Debate 14\/08\/16. Sindicato de Jumapag espera resoluci\u00f3n a favor (Sinaloa) El Debate 10\/08\/16. Empleados sin salario, en Escuinapa. \u2018Cuando el hambre entra, s\u00ed da coraje\u2019 (Sinaloa) Noroeste 02\/06\/16. ASE auditar\u00e1\u2026","rel":"","context":"En &quot;NOTICIAS NACIONALES&quot;","block_context":{"text":"NOTICIAS NACIONALES","link":"https:\/\/www.grieta.org.mx\/index.php\/category\/noticias-nacionales\/"},"img":{"alt_text":"","src":"https:\/\/i0.wp.com\/www.grieta.org.mx\/wp-content\/uploads\/2018\/03\/14524434_1106112876131411_958039263622046936_o.jpg?resize=350%2C200&ssl=1","width":350,"height":200,"srcset":"https:\/\/i0.wp.com\/www.grieta.org.mx\/wp-content\/uploads\/2018\/03\/14524434_1106112876131411_958039263622046936_o.jpg?resize=350%2C200&ssl=1 1x, https:\/\/i0.wp.com\/www.grieta.org.mx\/wp-content\/uploads\/2018\/03\/14524434_1106112876131411_958039263622046936_o.jpg?resize=525%2C300&ssl=1 1.5x, https:\/\/i0.wp.com\/www.grieta.org.mx\/wp-content\/uploads\/2018\/03\/14524434_1106112876131411_958039263622046936_o.jpg?resize=700%2C400&ssl=1 2x"},"classes":[]},{"id":35829,"url":"https:\/\/www.grieta.org.mx\/index.php\/2019\/06\/27\/personal-de-icatsin-1-denuncia-acoso-laboral-de-su-director-sinaloa\/","url_meta":{"origin":39663,"position":4},"title":"Personal de Icatsin 1 denuncia acoso laboral de su director (Sinaloa)","author":"grieta","date":"27 junio, 2019","format":false,"excerpt":"Foto: El Debate Mar\u00eda Elizalde \/ El Debate Culiac\u00e1n, Sinaloa.- Los instructores de Icatsin plantel n\u00famero 1, desde las 8:00 horas evitaron ingresar a sus \u00e1reas de trabajo debido a que est\u00e1n en contra del acoso laboral que denunciaron recibir por quien ocupa el cargo de director, Miguel \u00c1ngel Sep\u00falveda\u2026","rel":"","context":"En &quot;CINTILLO&quot;","block_context":{"text":"CINTILLO","link":"https:\/\/www.grieta.org.mx\/index.php\/category\/cintillo\/"},"img":{"alt_text":"","src":"https:\/\/i0.wp.com\/www.grieta.org.mx\/wp-content\/uploads\/2019\/07\/personal_de_icatsin_1_denuncia_acoso_laboral_de_su_director.jpg_759710130.jpg?resize=350%2C200&ssl=1","width":350,"height":200,"srcset":"https:\/\/i0.wp.com\/www.grieta.org.mx\/wp-content\/uploads\/2019\/07\/personal_de_icatsin_1_denuncia_acoso_laboral_de_su_director.jpg_759710130.jpg?resize=350%2C200&ssl=1 1x, https:\/\/i0.wp.com\/www.grieta.org.mx\/wp-content\/uploads\/2019\/07\/personal_de_icatsin_1_denuncia_acoso_laboral_de_su_director.jpg_759710130.jpg?resize=525%2C300&ssl=1 1.5x, https:\/\/i0.wp.com\/www.grieta.org.mx\/wp-content\/uploads\/2019\/07\/personal_de_icatsin_1_denuncia_acoso_laboral_de_su_director.jpg_759710130.jpg?resize=700%2C400&ssl=1 2x, https:\/\/i0.wp.com\/www.grieta.org.mx\/wp-content\/uploads\/2019\/07\/personal_de_icatsin_1_denuncia_acoso_laboral_de_su_director.jpg_759710130.jpg?resize=1050%2C600&ssl=1 3x"},"classes":[]},{"id":37033,"url":"https:\/\/www.grieta.org.mx\/index.php\/2019\/07\/16\/trabajadores-de-vectores-paran-laboras-tras-amenaza-de-despidos-sinaloa\/","url_meta":{"origin":39663,"position":5},"title":"Trabajadores de Vectores paran laboras tras amenaza de despidos (Sinaloa)","author":"grieta","date":"16 julio, 2019","format":false,"excerpt":"Foto: El Debate Los trabajadores de Vectores y Zoonosis de Mazatl\u00e1n realizan paro de labores ante la amenaza de que dar\u00e1n de baja a 8 empleados Mazatl\u00e1n, Sinaloa.- Trabajadores de Vectores y Zoonosis realizan paro de labores ante la amenaza de que dar\u00e1n de baja a 8 empleados. \u00c1lvaro Sosa,\u2026","rel":"","context":"En &quot;CINTILLO&quot;","block_context":{"text":"CINTILLO","link":"https:\/\/www.grieta.org.mx\/index.php\/category\/cintillo\/"},"img":{"alt_text":"","src":"https:\/\/i0.wp.com\/www.grieta.org.mx\/wp-content\/uploads\/2019\/07\/14fdded3-f55f-443d-8b35-27936e52e7db_crop1563296696096.jpg_1727466156.jpg?resize=350%2C200&ssl=1","width":350,"height":200,"srcset":"https:\/\/i0.wp.com\/www.grieta.org.mx\/wp-content\/uploads\/2019\/07\/14fdded3-f55f-443d-8b35-27936e52e7db_crop1563296696096.jpg_1727466156.jpg?resize=350%2C200&ssl=1 1x, https:\/\/i0.wp.com\/www.grieta.org.mx\/wp-content\/uploads\/2019\/07\/14fdded3-f55f-443d-8b35-27936e52e7db_crop1563296696096.jpg_1727466156.jpg?resize=525%2C300&ssl=1 1.5x, https:\/\/i0.wp.com\/www.grieta.org.mx\/wp-content\/uploads\/2019\/07\/14fdded3-f55f-443d-8b35-27936e52e7db_crop1563296696096.jpg_1727466156.jpg?resize=700%2C400&ssl=1 2x"},"classes":[]}],"_links":{"self":[{"href":"https:\/\/www.grieta.org.mx\/index.php\/wp-json\/wp\/v2\/posts\/39663","targetHints":{"allow":["GET"]}}],"collection":[{"href":"https:\/\/www.grieta.org.mx\/index.php\/wp-json\/wp\/v2\/posts"}],"about":[{"href":"https:\/\/www.grieta.org.mx\/index.php\/wp-json\/wp\/v2\/types\/post"}],"author":[{"embeddable":true,"href":"https:\/\/www.grieta.org.mx\/index.php\/wp-json\/wp\/v2\/users\/2"}],"replies":[{"embeddable":true,"href":"https:\/\/www.grieta.org.mx\/index.php\/wp-json\/wp\/v2\/comments?post=39663"}],"version-history":[{"count":1,"href":"https:\/\/www.grieta.org.mx\/index.php\/wp-json\/wp\/v2\/posts\/39663\/revisions"}],"predecessor-version":[{"id":39667,"href":"https:\/\/www.grieta.org.mx\/index.php\/wp-json\/wp\/v2\/posts\/39663\/revisions\/39667"}],"wp:featuredmedia":[{"embeddable":true,"href":"https:\/\/www.grieta.org.mx\/index.php\/wp-json\/wp\/v2\/media\/21928"}],"wp:attachment":[{"href":"https:\/\/www.grieta.org.mx\/index.php\/wp-json\/wp\/v2\/media?parent=39663"}],"wp:term":[{"taxonomy":"category","embeddable":true,"href":"https:\/\/www.grieta.org.mx\/index.php\/wp-json\/wp\/v2\/categories?post=39663"},{"taxonomy":"post_tag","embeddable":true,"href":"https:\/\/www.grieta.org.mx\/index.php\/wp-json\/wp\/v2\/tags?post=39663"}],"curies":[{"name":"wp","href":"https:\/\/api.w.org\/{rel}","templated":true}]}}