{"id":39578,"date":"2019-09-08T12:46:20","date_gmt":"2019-09-08T17:46:20","guid":{"rendered":"http:\/\/www.grieta.org.mx\/?p=39578"},"modified":"2019-09-26T12:50:34","modified_gmt":"2019-09-26T17:50:34","slug":"acuerdan-plan-para-defender-tierras-en-san-juan-de-guadalupe-san-luis-potosi","status":"publish","type":"post","link":"https:\/\/www.grieta.org.mx\/index.php\/2019\/09\/08\/acuerdan-plan-para-defender-tierras-en-san-juan-de-guadalupe-san-luis-potosi\/","title":{"rendered":"Acuerdan plan para defender tierras en San Juan de Guadalupe (San Luis Potos\u00ed)"},"content":{"rendered":"<p><img loading=\"lazy\" decoding=\"async\" data-attachment-id=\"39579\" data-permalink=\"https:\/\/www.grieta.org.mx\/index.php\/2019\/09\/08\/acuerdan-plan-para-defender-tierras-en-san-juan-de-guadalupe-san-luis-potosi\/sierra-de-san-miguelito-1160x700\/\" data-orig-file=\"https:\/\/www.grieta.org.mx\/wp-content\/uploads\/2019\/09\/Sierra-de-San-Miguelito-1160x700.jpg\" data-orig-size=\"1160,700\" data-comments-opened=\"0\" data-image-meta=\"{&quot;aperture&quot;:&quot;0&quot;,&quot;credit&quot;:&quot;&quot;,&quot;camera&quot;:&quot;&quot;,&quot;caption&quot;:&quot;&quot;,&quot;created_timestamp&quot;:&quot;0&quot;,&quot;copyright&quot;:&quot;&quot;,&quot;focal_length&quot;:&quot;0&quot;,&quot;iso&quot;:&quot;0&quot;,&quot;shutter_speed&quot;:&quot;0&quot;,&quot;title&quot;:&quot;&quot;,&quot;orientation&quot;:&quot;0&quot;}\" data-image-title=\"Sierra-de-San-Miguelito-1160&amp;#215;700\" data-image-description=\"\" data-image-caption=\"\" data-medium-file=\"https:\/\/www.grieta.org.mx\/wp-content\/uploads\/2019\/09\/Sierra-de-San-Miguelito-1160x700-300x181.jpg\" data-large-file=\"https:\/\/www.grieta.org.mx\/wp-content\/uploads\/2019\/09\/Sierra-de-San-Miguelito-1160x700-1024x618.jpg\" class=\"aligncenter wp-image-39579\" src=\"http:\/\/www.grieta.org.mx\/wp-content\/uploads\/2019\/09\/Sierra-de-San-Miguelito-1160x700-1024x618.jpg\" alt=\"\" width=\"800\" height=\"483\" srcset=\"https:\/\/www.grieta.org.mx\/wp-content\/uploads\/2019\/09\/Sierra-de-San-Miguelito-1160x700-1024x618.jpg 1024w, https:\/\/www.grieta.org.mx\/wp-content\/uploads\/2019\/09\/Sierra-de-San-Miguelito-1160x700-300x181.jpg 300w, https:\/\/www.grieta.org.mx\/wp-content\/uploads\/2019\/09\/Sierra-de-San-Miguelito-1160x700-768x463.jpg 768w, https:\/\/www.grieta.org.mx\/wp-content\/uploads\/2019\/09\/Sierra-de-San-Miguelito-1160x700-829x500.jpg 829w, https:\/\/www.grieta.org.mx\/wp-content\/uploads\/2019\/09\/Sierra-de-San-Miguelito-1160x700.jpg 1160w\" sizes=\"auto, (max-width: 800px) 100vw, 800px\" \/><\/p>\n<p>Juan Hern\u00e1ndez \/ Quadrat\u00edn SLP<\/p>\n<p>SAN LUIS POTOS\u00cd, SLP., 8 de septiembre 2019.- Se realiz\u00f3 una junta con familiares directos de algunos titulares de las tierras que pertenecen a la comunidad de San Juan de Guadalupe y sus anexas, Tierra Blanca y San Miguelito, organizada por grupos de activistas, para continuar con la defensa ante los proyectos inmobiliarios que se avecinan.<\/p>\n<p>La reuni\u00f3n se dio en punto de las 10 de la ma\u00f1ana de este domingo en la calle Justo Sierra de la colonia Tierra Blanca, al frente estuvo el activista Carlos Covarrubias, adem\u00e1s la diputada local Marite Hern\u00e1ndez Correa.<\/p>\n<p>El prop\u00f3sito principal de esta asamblea fue definir puntos sustanciales que permitan tanto a los comuneros como a los grupos activistas poder seguir defendiendo estas tierras, por lo cual sentaron puntos importantes de acci\u00f3n.<\/p>\n<p>S\u00c1TIRA POL\u00cdTICA<br \/>\nAntes de iniciar, un colectivo mont\u00f3 una representaci\u00f3n teatral donde se observan las presuntas intenciones por parte de las autoridades para otorgar estas tierras al empresario Carlos L\u00f3pez Medina, due\u00f1o de la inmobiliaria Espacios en el Horizonte para construir casas, comprando a un bajo costo o -como algunos mencionan- despojando a ejidatarios titulares de sus tierras. Esta s\u00e1tira pol\u00edtica caus\u00f3 mucho agrado y brind\u00f3 informaci\u00f3n a los familiares de los titulares que se encontraban presentes.<\/p>\n<p>Una vez concluida la mencionada representaci\u00f3n, el activista Carlos Covarrubias tom\u00f3 la palabra para dar a conocer que algunos de los ejidatarios hab\u00edan sido enga\u00f1ados recibiendo unan cantidad de dinero a forma de pr\u00e9stamo por parte de Carlos L\u00f3pez Medina, para la utilizaci\u00f3n de sus tierras. Adem\u00e1s, present\u00f3 un mapa donde se deja ver parte de los ejidos que est\u00e1n pr\u00f3ximos a venderse como parte de un conocido club de golf.<\/p>\n<p>Despu\u00e9s de haber presentado el mapa del Desarrollo del Pedregal lindero sur, el grupo de activistas inform\u00f3 a los presentes que una de las maneras de defender su patrimonio es integrar a sus sucesores, que en muchos casos son hijos, esposos (as), sobrinos o cualquier familiar a toda pl\u00e1tica o asamblea que se lleve a cabo sobre sus tierras. Tambi\u00e9n exhortaron a los hijos de los titulares para que velen por sus derechos, pues muchos de ellos son personas de edad avanzada que muchas veces no entienden la terminolog\u00eda legal y es donde los empresarios buscan el despojo o venta a un precio muy por debajo de lo real.<\/p>\n<p>Abrieron los micr\u00f3fonos para que antes de pasar a los puntos del plan de acci\u00f3n, los presentes expusieran cualquier duda al respecto, externar mensajes de uni\u00f3n y motivaci\u00f3n para no permitir abusos y el robo de sus tierras.<\/p>\n<p>PLAN DE ACCI\u00d3N<br \/>\nUna vez concluidos estos mensajes de unidad y lucha por sus derechos y sus tierras, dieron paso a a exponer el plan de acci\u00f3n que realizar\u00e1n en conjunto con sucesores de los comuneros, de la siguiente manera:<\/p>\n<p>Establecer y definir la importancia de los hijos y sucesores de comuneros en relaci\u00f3n a la defensa del territorio comunal, el cual fue aprobado por los presentes y concluyeron en que se crear\u00e1 un frente de sucesores para apoyar en todo momento a los titulares de las tierras ejidales.<\/p>\n<p>Como siguiente punto se acord\u00f3 impulsar actividades culturales, deportivas, econ\u00f3micas y sociales que fortalezcan la identidad de los comuneros, mismas que tendr\u00e1n como inicio el festejo de San Miguelito el pr\u00f3ximo 29 de septiembre, para llevar a cabo un concierto sinf\u00f3nico, venta de artesan\u00edas y actividades culturales, adem\u00e1s de otra representaci\u00f3n de s\u00e1tira pol\u00edtica referente a estos temas en el barrio de San Miguelito.<\/p>\n<p>Siguiendo con esta planeaci\u00f3n estipularon realizar recorridos por la sierra para fortalecer su protecci\u00f3n y patrimonio, as\u00ed como un censo de sucesores de comuneros para convocarlos a que se unan a esta lucha, no importando que hayan aceptado dinero o el pr\u00e9stamo mencionado de parte de los empresarios.<\/p>\n<p>Dar\u00e1n a conocer los alcances de derecho de tanto (art\u00edculo 84 de la Ley Agraria) y preferencia a la que tienen derecho todos los sucesores de comuneros respecto a cualquier venta, asociaci\u00f3n o aportaci\u00f3n inmobiliaria, apoyar a sus padres y abuelos para que no sean presionados, enga\u00f1ados y obligados a entregar sus tierras de uso com\u00fan a empresarios, crear una reserva urbana para que todos los sucesores tengan derecho a un lote en un \u00e1rea que no tenga impedimento ecol\u00f3gico, construir una red por barrios, colonias y sectores con amplia capacidad de movilizaci\u00f3n que permita construir un gran movimiento y lograr el apoyo de sus iniciativas, y el \u00faltimo punto de este plan es construir un comit\u00e9 de coordinaci\u00f3n amplio y plural de hijos y sucesores de comuneros.<\/p>\n<p>Todos y cada uno de esos puntos que se establecieron en esta reuni\u00f3n fueron aprobados por mayor\u00eda. Antes de concluir esta reuni\u00f3n se acord\u00f3 que el pr\u00f3ximo 6 de octubre se realizar\u00e1 otra junta para establecer el comit\u00e9 de sucesores que ejecutar\u00e1 este plan de acci\u00f3n.<\/p>\n<p>L\u00d3PEZ SER\u00c1 DERROTADO: COVARRUBIAS<br \/>\nPor su parte, Carlos Covarrubias dijo que la reuni\u00f3n fue todo un \u00e9xito y les hace esperar un triunfo para evitar la urbanizaci\u00f3n, \u201cla reuni\u00f3n de hoy fue importante porque estuvieron presentes representantes de tres grupos que est\u00e1n en contra de Carlos L\u00f3pez Medina, un movimiento que hoy demuestra unidad\u201d.<\/p>\n<p>Consider\u00f3 que se estableci\u00f3 un plan de trabajo muy claro y \u201ctenemos por delante mucho activismo, adem\u00e1s del plano del \u00e1rea que se robaron los desarrolladores que publicaremos junto con los argumentos de los que se quieren valer para despojar de sus tierras a esta comunidad\u201d.<\/p>\n<p>Covarrubias afirm\u00f3 que tienen los argumentos para echar abajo todo proyecto inmobiliario en su totalidad, \u201clos empresarios est\u00e1n aterrados, no saben ni qu\u00e9 hacer, el Gobierno Federal nos apoya, no s\u00e9 que quieren si ya escucharon al Presidente; hay un lineamiento de justicia y que los empresarios se sigan resistiendo a creerlo est\u00e1n en un problema muy grave porque los vamos a derrotar\u201d.<\/p>\n<p>AMLO YA DIJO<br \/>\nPor su parte, la diputada Marite Hern\u00e1ndez, sostuvo que ella estuvo presente como parte del trabajo del Congreso del Estado para dar el mensaje de la importancia que tiene la Sierra de San Miguelito, adem\u00e1s de apoyar dentro del marco legal sus acciones.<\/p>\n<p>\u201cMe invitaron a esta reuni\u00f3n y la idea es dar un mensaje de la importancia que tiene la Sierra de San Miguelito, me parece que desde el legislativo podemos ser un apoyo y respaldar que efectivamente las cosas se conduzcan con legalidad y con apego de los intereses reales de la ciudadan\u00eda, somos representantes populares y me parece que debemos estar donde nos llame la gente\u201d.<\/p>\n<p>Indic\u00f3 que la idea es que puedan hacer alg\u00fan foro de la tem\u00e1tica que puede ser importante para que los dem\u00e1s diputados se enteren de lo que se trata, el Presidente de la Rep\u00fablica ha sido muy enf\u00e1tico en cuanto al tema del \u00e1rea natural protegida y \u201cpodemos empujar desde ah\u00ed\u201d.<\/p>\n<p>La legisladora local se\u00f1al\u00f3 que su asistencia simplemente fue para escuchar y determinar de qu\u00e9 manera apoyar\u00e1 esta causa.<\/p>\n<p>\u201cTodos deber\u00edamos estar interesados puesto que es una demanda social, estoy presente porque me invitaron, fui requerida, la idea es escuchar y aprender de la situaci\u00f3n que vive la comunidad de San Juan de Guadalupe y a partir de eso, tener una postura frente al Congreso del Estado y saber c\u00f3mo apoyarlos; quiz\u00e1 con alg\u00fan punto de acuerdo, con una modificaci\u00f3n a la ley, pero eso surge a partir de la misma necesidad de la poblaci\u00f3n\u201d, finaliz\u00f3.<\/p>\n<p><a href=\"https:\/\/sanluispotosi.quadratin.com.mx\/san-luis-potosi\/acuerdan-plan-para-defender-tierras-en-san-juan-de-guadalupe\/\">https:\/\/sanluispotosi.quadratin.com.mx\/san-luis-potosi\/acuerdan-plan-para-defender-tierras-en-san-juan-de-guadalupe\/<\/a><\/p>\n","protected":false},"excerpt":{"rendered":"<p>Juan Hern\u00e1ndez \/ Quadrat\u00edn SLP SAN LUIS POTOS\u00cd, SLP., 8 de septiembre 2019.- Se realiz\u00f3 una junta con familiares directos de algunos titulares de las tierras que pertenecen a la &hellip; <a href=\"https:\/\/www.grieta.org.mx\/index.php\/2019\/09\/08\/acuerdan-plan-para-defender-tierras-en-san-juan-de-guadalupe-san-luis-potosi\/\" class=\"more-link\">Leer m\u00e1s<\/a><\/p>\n","protected":false},"author":2,"featured_media":39579,"comment_status":"closed","ping_status":"closed","sticky":false,"template":"","format":"standard","meta":{"ngg_post_thumbnail":0,"_jetpack_newsletter_access":"","_jetpack_dont_email_post_to_subs":false,"_jetpack_newsletter_tier_id":0,"_jetpack_memberships_contains_paywalled_content":false,"_jetpack_memberships_contains_paid_content":false,"footnotes":""},"categories":[80,1608,1530,2,29],"tags":[136,628,1065,853],"class_list":["post-39578","post","type-post","status-publish","format-standard","has-post-thumbnail","hentry","category-cintillo","category-conflictos-por-el-territorio-en-san-luis-potosi","category-despojo-en-san-luis-potosi","category-noticias-nacionales","category-san-luis-potosi","tag-comuneros","tag-defensa-del-territorio","tag-despojo-de-agua-y-tierras","tag-proyectos-inmobiliarios","entry"],"jetpack_featured_media_url":"https:\/\/www.grieta.org.mx\/wp-content\/uploads\/2019\/09\/Sierra-de-San-Miguelito-1160x700.jpg","jetpack_sharing_enabled":true,"jetpack_shortlink":"https:\/\/wp.me\/p7ZJR4-aim","jetpack_likes_enabled":false,"jetpack-related-posts":[{"id":30565,"url":"https:\/\/www.grieta.org.mx\/index.php\/2019\/02\/27\/comuneros-denuncian-a-empresarios-por-supuesto-desalojo-de-tierras-san-luis-potosi\/","url_meta":{"origin":39578,"position":0},"title":"Comuneros denuncian a empresarios por supuesto desalojo de tierras (San Luis Potos\u00ed)","author":"grieta","date":"27 febrero, 2019","format":false,"excerpt":"Antena San Luis Hoy por la ma\u00f1ana se pod\u00eda leer en una p\u00e1gina de Facebook denominada \u201cComunidad de San Juan de Guadalupe en Resistencia\u201d una publicaci\u00f3n en la que denuncian que comuneros de Mexquitic fueron desalojados de su propia tierra, situaci\u00f3n que se\u00f1alaron no tolerar\u00e1n y defender\u00e1n \u201ccon la vida\u201d.\u2026","rel":"","context":"En &quot;CINTILLO&quot;","block_context":{"text":"CINTILLO","link":"https:\/\/www.grieta.org.mx\/index.php\/category\/cintillo\/"},"img":{"alt_text":"","src":"https:\/\/i0.wp.com\/www.grieta.org.mx\/wp-content\/uploads\/2019\/03\/Comuneros-denuncian-a-empresarios-por-supuesto-desalojo-de-tierras-slp-mzo.jpeg?resize=350%2C200&ssl=1","width":350,"height":200,"srcset":"https:\/\/i0.wp.com\/www.grieta.org.mx\/wp-content\/uploads\/2019\/03\/Comuneros-denuncian-a-empresarios-por-supuesto-desalojo-de-tierras-slp-mzo.jpeg?resize=350%2C200&ssl=1 1x, https:\/\/i0.wp.com\/www.grieta.org.mx\/wp-content\/uploads\/2019\/03\/Comuneros-denuncian-a-empresarios-por-supuesto-desalojo-de-tierras-slp-mzo.jpeg?resize=525%2C300&ssl=1 1.5x, https:\/\/i0.wp.com\/www.grieta.org.mx\/wp-content\/uploads\/2019\/03\/Comuneros-denuncian-a-empresarios-por-supuesto-desalojo-de-tierras-slp-mzo.jpeg?resize=700%2C400&ssl=1 2x"},"classes":[]},{"id":31669,"url":"https:\/\/www.grieta.org.mx\/index.php\/2019\/04\/01\/no-cesa-el-conflicto-de-san-juan-de-guadalupe-san-luis-potosi\/","url_meta":{"origin":39578,"position":1},"title":"No cesa el conflicto de San Juan de Guadalupe (San Luis Potos\u00ed)","author":"grieta","date":"1 abril, 2019","format":false,"excerpt":"El Heraldo de San Luis Potos\u00ed El grupo que pretende hacer una aportaci\u00f3n a los desarrolladores inmobiliarios no han cumplido con los reglamentos y normas legales para poder entregar las tierras: Aniceto Jasso Bravo Aniceto Jasso Bravo, comunero del n\u00facleo agrario de San Juan de Guadalupe, afirm\u00f3 que el grupo\u2026","rel":"","context":"En &quot;CINTILLO&quot;","block_context":{"text":"CINTILLO","link":"https:\/\/www.grieta.org.mx\/index.php\/category\/cintillo\/"},"img":{"alt_text":"","src":"https:\/\/i0.wp.com\/www.grieta.org.mx\/wp-content\/uploads\/2019\/04\/No-cesa-el-conflicto-de-San-Juan-de-Guadalupe-slp-abr-268x300.jpg?resize=350%2C200","width":350,"height":200},"classes":[]},{"id":43204,"url":"https:\/\/www.grieta.org.mx\/index.php\/2020\/01\/14\/se-manifestaran-comuneros-de-san-juan-de-guadalupe-san-luis-potosi\/","url_meta":{"origin":39578,"position":2},"title":"Se manifestar\u00e1n comuneros de San Juan de Guadalupe (San Luis Potos\u00ed)","author":"grieta","date":"14 enero, 2020","format":false,"excerpt":"Lo que se plantea es un despojo de tierras, y no lo vamos a permitir: Comisariado Emanuel Landeros\/El Sol de San Luis 14 enero 2020 La Comunidad de San Juan de Guadalupe no est\u00e1 de acuerdo con las decisiones del Ayuntamiento de San Luis Potos\u00ed, por lo que se manifestar\u00e1\u2026","rel":"","context":"En &quot;CINTILLO&quot;","block_context":{"text":"CINTILLO","link":"https:\/\/www.grieta.org.mx\/index.php\/category\/cintillo\/"},"img":{"alt_text":"","src":"https:\/\/i0.wp.com\/www.grieta.org.mx\/wp-content\/uploads\/2020\/01\/poblado-de-La-Rivera-comuneros-ejidatarios-ejido.jpg?resize=350%2C200&ssl=1","width":350,"height":200,"srcset":"https:\/\/i0.wp.com\/www.grieta.org.mx\/wp-content\/uploads\/2020\/01\/poblado-de-La-Rivera-comuneros-ejidatarios-ejido.jpg?resize=350%2C200&ssl=1 1x, https:\/\/i0.wp.com\/www.grieta.org.mx\/wp-content\/uploads\/2020\/01\/poblado-de-La-Rivera-comuneros-ejidatarios-ejido.jpg?resize=525%2C300&ssl=1 1.5x, https:\/\/i0.wp.com\/www.grieta.org.mx\/wp-content\/uploads\/2020\/01\/poblado-de-La-Rivera-comuneros-ejidatarios-ejido.jpg?resize=700%2C400&ssl=1 2x"},"classes":[]},{"id":37219,"url":"https:\/\/www.grieta.org.mx\/index.php\/2019\/07\/27\/levantan-25-mil-firmas-contra-la-venta-de-terrenos-en-la-sierra-san-luis-potosi\/","url_meta":{"origin":39578,"position":3},"title":"Levantan 25 mil firmas contra la venta de terrenos en la sierra  (San Luis Potos\u00ed)","author":"grieta","date":"27 julio, 2019","format":false,"excerpt":"Patricia Azuara \/ Quadrat\u00edn SLP SAN LUIS POTOS\u00cd, SLP., 27 de julio de 2019.- La recolecci\u00f3n de firmas para frenar la urbanizaci\u00f3n en la Sierra de San Miguelito contin\u00faa con m\u00e1s de 25 mil apoyos de potosinos, pese a que en la asamblea del pasado domingo, comuneros de San Juan\u2026","rel":"","context":"En &quot;CINTILLO&quot;","block_context":{"text":"CINTILLO","link":"https:\/\/www.grieta.org.mx\/index.php\/category\/cintillo\/"},"img":{"alt_text":"","src":"https:\/\/i0.wp.com\/www.grieta.org.mx\/wp-content\/uploads\/2019\/07\/COVARRUBIAS-REND%C3%93N-1160x700.jpeg?resize=350%2C200&ssl=1","width":350,"height":200,"srcset":"https:\/\/i0.wp.com\/www.grieta.org.mx\/wp-content\/uploads\/2019\/07\/COVARRUBIAS-REND%C3%93N-1160x700.jpeg?resize=350%2C200&ssl=1 1x, https:\/\/i0.wp.com\/www.grieta.org.mx\/wp-content\/uploads\/2019\/07\/COVARRUBIAS-REND%C3%93N-1160x700.jpeg?resize=525%2C300&ssl=1 1.5x, https:\/\/i0.wp.com\/www.grieta.org.mx\/wp-content\/uploads\/2019\/07\/COVARRUBIAS-REND%C3%93N-1160x700.jpeg?resize=700%2C400&ssl=1 2x, https:\/\/i0.wp.com\/www.grieta.org.mx\/wp-content\/uploads\/2019\/07\/COVARRUBIAS-REND%C3%93N-1160x700.jpeg?resize=1050%2C600&ssl=1 3x"},"classes":[]},{"id":35770,"url":"https:\/\/www.grieta.org.mx\/index.php\/2019\/06\/29\/se-manifiestan-frente-al-congreso-del-estado-personas-en-riesgo-de-ser-despojadas-de-su-patrimonio-san-luis-potosi\/","url_meta":{"origin":39578,"position":4},"title":"Se manifiestan frente al Congreso del Estado personas en riesgo de ser despojadas de su patrimonio (San Luis Potos\u00ed)","author":"grieta","date":"29 junio, 2019","format":false,"excerpt":"Fotograf\u00eda: El Heraldo SLP El Heraldo SLP Se trata de un conflicto de tierras que involucra a 7 comunidades de Mexquitic, as\u00ed como a 10 colonias de la capital Este s\u00e1bado, integrantes de varios colectivos se manifestaron frente al Congreso del Estado de San Luis Potos\u00ed, en apoyo solidario a\u2026","rel":"","context":"En &quot;CINTILLO&quot;","block_context":{"text":"CINTILLO","link":"https:\/\/www.grieta.org.mx\/index.php\/category\/cintillo\/"},"img":{"alt_text":"","src":"https:\/\/i0.wp.com\/www.grieta.org.mx\/wp-content\/uploads\/2019\/07\/Se-manifiestan-frente-al-Congreso-del-Estado-personas-en-riesgo-de-ser-despojadas-de-su-patrimonio-slp-jul-268x300.jpg?resize=350%2C200","width":350,"height":200,"srcset":"https:\/\/i0.wp.com\/www.grieta.org.mx\/wp-content\/uploads\/2019\/07\/Se-manifiestan-frente-al-Congreso-del-Estado-personas-en-riesgo-de-ser-despojadas-de-su-patrimonio-slp-jul-268x300.jpg?resize=350%2C200 1x, https:\/\/i0.wp.com\/www.grieta.org.mx\/wp-content\/uploads\/2019\/07\/Se-manifiestan-frente-al-Congreso-del-Estado-personas-en-riesgo-de-ser-despojadas-de-su-patrimonio-slp-jul-268x300.jpg?resize=525%2C300 1.5x, https:\/\/i0.wp.com\/www.grieta.org.mx\/wp-content\/uploads\/2019\/07\/Se-manifiestan-frente-al-Congreso-del-Estado-personas-en-riesgo-de-ser-despojadas-de-su-patrimonio-slp-jul-268x300.jpg?resize=700%2C400 2x"},"classes":[]},{"id":37548,"url":"https:\/\/www.grieta.org.mx\/index.php\/2019\/08\/05\/filtran-presunto-contrato-que-el-chato-lopez-impondria-a-comuneros-san-luis-potosi\/","url_meta":{"origin":39578,"position":5},"title":"Filtran presunto contrato que el Chato L\u00f3pez impondr\u00eda a comuneros (San Luis Potos\u00ed)","author":"grieta","date":"5 agosto, 2019","format":false,"excerpt":"Juan Hern\u00e1ndez\/ Quadrat\u00edn SLP SAN LUIS POTOS\u00cd, SLP., 5 de agosto 2019.- Cerca de 13 mil pesos por hect\u00e1rea pretender\u00eda pagar el empresario Carlos L\u00f3pez Medina a los comuneros de San Juan de Guadalupe, quienes poseen las dos mil 68 hect\u00e1reas de terreno \u00fatil para un proyecto de desarrollo urbano\u2026","rel":"","context":"En &quot;CINTILLO&quot;","block_context":{"text":"CINTILLO","link":"https:\/\/www.grieta.org.mx\/index.php\/category\/cintillo\/"},"img":{"alt_text":"","src":"https:\/\/i0.wp.com\/www.grieta.org.mx\/wp-content\/uploads\/2019\/08\/WhatsApp-Image-2019-08-05-at-1.09.18-PM-1160x700.jpeg?resize=350%2C200&ssl=1","width":350,"height":200,"srcset":"https:\/\/i0.wp.com\/www.grieta.org.mx\/wp-content\/uploads\/2019\/08\/WhatsApp-Image-2019-08-05-at-1.09.18-PM-1160x700.jpeg?resize=350%2C200&ssl=1 1x, https:\/\/i0.wp.com\/www.grieta.org.mx\/wp-content\/uploads\/2019\/08\/WhatsApp-Image-2019-08-05-at-1.09.18-PM-1160x700.jpeg?resize=525%2C300&ssl=1 1.5x, https:\/\/i0.wp.com\/www.grieta.org.mx\/wp-content\/uploads\/2019\/08\/WhatsApp-Image-2019-08-05-at-1.09.18-PM-1160x700.jpeg?resize=700%2C400&ssl=1 2x, https:\/\/i0.wp.com\/www.grieta.org.mx\/wp-content\/uploads\/2019\/08\/WhatsApp-Image-2019-08-05-at-1.09.18-PM-1160x700.jpeg?resize=1050%2C600&ssl=1 3x"},"classes":[]}],"_links":{"self":[{"href":"https:\/\/www.grieta.org.mx\/index.php\/wp-json\/wp\/v2\/posts\/39578","targetHints":{"allow":["GET"]}}],"collection":[{"href":"https:\/\/www.grieta.org.mx\/index.php\/wp-json\/wp\/v2\/posts"}],"about":[{"href":"https:\/\/www.grieta.org.mx\/index.php\/wp-json\/wp\/v2\/types\/post"}],"author":[{"embeddable":true,"href":"https:\/\/www.grieta.org.mx\/index.php\/wp-json\/wp\/v2\/users\/2"}],"replies":[{"embeddable":true,"href":"https:\/\/www.grieta.org.mx\/index.php\/wp-json\/wp\/v2\/comments?post=39578"}],"version-history":[{"count":1,"href":"https:\/\/www.grieta.org.mx\/index.php\/wp-json\/wp\/v2\/posts\/39578\/revisions"}],"predecessor-version":[{"id":39580,"href":"https:\/\/www.grieta.org.mx\/index.php\/wp-json\/wp\/v2\/posts\/39578\/revisions\/39580"}],"wp:featuredmedia":[{"embeddable":true,"href":"https:\/\/www.grieta.org.mx\/index.php\/wp-json\/wp\/v2\/media\/39579"}],"wp:attachment":[{"href":"https:\/\/www.grieta.org.mx\/index.php\/wp-json\/wp\/v2\/media?parent=39578"}],"wp:term":[{"taxonomy":"category","embeddable":true,"href":"https:\/\/www.grieta.org.mx\/index.php\/wp-json\/wp\/v2\/categories?post=39578"},{"taxonomy":"post_tag","embeddable":true,"href":"https:\/\/www.grieta.org.mx\/index.php\/wp-json\/wp\/v2\/tags?post=39578"}],"curies":[{"name":"wp","href":"https:\/\/api.w.org\/{rel}","templated":true}]}}