{"id":39468,"date":"2019-09-17T12:12:18","date_gmt":"2019-09-17T17:12:18","guid":{"rendered":"http:\/\/www.grieta.org.mx\/?p=39468"},"modified":"2019-09-24T12:18:08","modified_gmt":"2019-09-24T17:18:08","slug":"soldados-y-policias-se-habrian-coordinado-para-matanza-en-tamaulipas","status":"publish","type":"post","link":"https:\/\/www.grieta.org.mx\/index.php\/2019\/09\/17\/soldados-y-policias-se-habrian-coordinado-para-matanza-en-tamaulipas\/","title":{"rendered":"Soldados y polic\u00edas se habr\u00edan coordinado para matanza en Tamaulipas"},"content":{"rendered":"<figure id=\"attachment_39469\" aria-describedby=\"caption-attachment-39469\" style=\"width: 720px\" class=\"wp-caption alignleft\"><img loading=\"lazy\" decoding=\"async\" data-attachment-id=\"39469\" data-permalink=\"https:\/\/www.grieta.org.mx\/index.php\/2019\/09\/17\/soldados-y-policias-se-habrian-coordinado-para-matanza-en-tamaulipas\/matanza-tamaulipas-621x354\/\" data-orig-file=\"https:\/\/www.grieta.org.mx\/wp-content\/uploads\/2019\/09\/matanza-tamaulipas-621x354.jpg\" data-orig-size=\"621,354\" data-comments-opened=\"0\" data-image-meta=\"{&quot;aperture&quot;:&quot;0&quot;,&quot;credit&quot;:&quot;&quot;,&quot;camera&quot;:&quot;&quot;,&quot;caption&quot;:&quot;&quot;,&quot;created_timestamp&quot;:&quot;0&quot;,&quot;copyright&quot;:&quot;&quot;,&quot;focal_length&quot;:&quot;0&quot;,&quot;iso&quot;:&quot;0&quot;,&quot;shutter_speed&quot;:&quot;0&quot;,&quot;title&quot;:&quot;&quot;,&quot;orientation&quot;:&quot;0&quot;}\" data-image-title=\"matanza-tamaulipas-621&amp;#215;354\" data-image-description=\"\" data-image-caption=\"&lt;p&gt;Foto: Archivo&lt;\/p&gt;\n\" data-medium-file=\"https:\/\/www.grieta.org.mx\/wp-content\/uploads\/2019\/09\/matanza-tamaulipas-621x354-300x171.jpg\" data-large-file=\"https:\/\/www.grieta.org.mx\/wp-content\/uploads\/2019\/09\/matanza-tamaulipas-621x354.jpg\" class=\"wp-image-39469\" src=\"http:\/\/www.grieta.org.mx\/wp-content\/uploads\/2019\/09\/matanza-tamaulipas-621x354.jpg\" alt=\"\" width=\"720\" height=\"410\" srcset=\"https:\/\/www.grieta.org.mx\/wp-content\/uploads\/2019\/09\/matanza-tamaulipas-621x354.jpg 621w, https:\/\/www.grieta.org.mx\/wp-content\/uploads\/2019\/09\/matanza-tamaulipas-621x354-300x171.jpg 300w\" sizes=\"auto, (max-width: 720px) 100vw, 720px\" \/><figcaption id=\"caption-attachment-39469\" class=\"wp-caption-text\">Foto: Archivo<\/figcaption><\/figure>\n<p>Redacci\u00f3n \/ Z\u00f3calo<\/p>\n<p>Nuevo Laredo, Tamps.- Ante la matanza del jueves 5 de septiembre en Nuevo Laredo, Tamaulipas, en la que murieron ocho personas, el Comit\u00e9 de Derechos Humanos de Nuevo Laredo document\u00f3 que militares y polic\u00edas estatales realizaron un operativo criminal que intentaron disfrazar de enfrentamiento con narcos.<\/p>\n<p>Mediante el testimonio de vecinos y familiares de las v\u00edctimas, la organizaci\u00f3n civil reconstruy\u00f3 la detenci\u00f3n arbitraria de personas, la tortura a que las sometieron para vestirlas con ropas de camuflaje y su posterior asesinato a la luz del d\u00eda. Ahora mucha gente est\u00e1 en peligro por denunciar o corroborar los hechos.<\/p>\n<p>La muerte de las ocho personas y el montaje de un supuesto enfrentamiento entre polic\u00edas y narcos a plena luz del d\u00eda, se atribuye a efectivos del Centro de An\u00e1lisis, Informaci\u00f3n y Estudios de Tamaulipas (Caiet), el cuerpo \u00e9lite de la polic\u00eda estatal, con la participaci\u00f3n de miembros de la Secretar\u00eda de la Defensa Nacional.<\/p>\n<p>Las muertes, que el Gobierno tamaulipeco present\u00f3 como el resultado de un enfrentamiento entre polic\u00edas estatales e integrantes del C\u00e1rtel del Noreste (CDN), fueron denunciadas como ejecuciones extrajudiciales por el presidente del Comit\u00e9 de Derechos Humanos de Nuevo Laredo, Raymundo Ramos V\u00e1zquez.<\/p>\n<p>El mi\u00e9rcoles 11 de septiembre, la Comisi\u00f3n Nacional de los Derechos Humanos emiti\u00f3 medidas cautelares para al menos 30 personas, pero el temor persiste, por lo que se pidi\u00f3 a los medios de comunicaci\u00f3n mantener en reserva los nombres completos de las v\u00edctimas, sus familiares y testigos.<\/p>\n<p>\u00bfQUI\u00c9NES ERAN?<\/p>\n<p>Severiano Trevi\u00f1o Hern\u00e1ndez, era el due\u00f1o de la casa donde ocurri\u00f3 el supuesto enfrentamiento, ah\u00ed tambi\u00e9n viv\u00eda su hija Kassandra con su beb\u00e9 de 2 a\u00f1os.<\/p>\n<p>Ella asegura que su padre trabajaba en una empresa refresquera y que esa madrugada los uniformados ingresaron a su domicilio y se lo llevaron.<\/p>\n<p>Luego, relata su hija, los agentes vistieron de militar a su padre.<\/p>\n<p>Severiano apareci\u00f3 asesinado con el uniforme ap\u00f3crifo. A ella, dice, le perdonaron la vida porque llevaba a su hijo en brazos. Sin embargo, Severiano era apodado como \u201cNano\u201d Trevi\u00f1o y se presume que su hermana, se\u00f1alada como Cecilia, funge como \u201chalc\u00f3n\u201d del CDN.<\/p>\n<p>Luis Fernando Hern\u00e1ndez, de apenas 19 a\u00f1os, es otro de los que presuntamente fueron \u201clevantados\u201d de su domicilio en la colonia Buenavista.<\/p>\n<p>Apodado como &#8220;El Wicho Bachas&#8221;, presum\u00eda en redes sociales armas de fuego y uniformes ap\u00f3crifos con la leyenda del c\u00e1rtel en menci\u00f3n. En sus \u201cacontecimientos importantes\u201d, Luis Fernando, presume haber \u201ciniciado estudios\u201d en el c\u00e1rtel del Noreste en septiembre del 2016.<\/p>\n<p>Juana Yetzel, de apenas 20 a\u00f1os, era sexoservidora, ten\u00eda dos hijas y acababa de llegar a Nuevo Laredo proveniente de Frontera, Coahuila.<br \/>\nFinalmente, Jennifer, de 21, de quien se sabe era estudiante del Estado de M\u00e9xico y reci\u00e9n hab\u00eda llegado a Nuevo Laredo con su novio.<\/p>\n<p>Por el momento, fueron suspendidos los elementos de la Polic\u00eda Estatal que habr\u00edan participado en dicha ejecuci\u00f3n extrajudicial.<\/p>\n<p>Con informaci\u00f3n de Proceso<\/p>\n<p><a href=\"https:\/\/www.zocalo.com.mx\/new_site\/articulo\/soldados-y-policias-se-habrian-coordinado-para-matanza-en-tamaulipas\">https:\/\/www.zocalo.com.mx\/new_site\/articulo\/soldados-y-policias-se-habrian-coordinado-para-matanza-en-tamaulipas<\/a><\/p>\n","protected":false},"excerpt":{"rendered":"<p>Redacci\u00f3n \/ Z\u00f3calo Nuevo Laredo, Tamps.- Ante la matanza del jueves 5 de septiembre en Nuevo Laredo, Tamaulipas, en la que murieron ocho personas, el Comit\u00e9 de Derechos Humanos de &hellip; <a href=\"https:\/\/www.grieta.org.mx\/index.php\/2019\/09\/17\/soldados-y-policias-se-habrian-coordinado-para-matanza-en-tamaulipas\/\" class=\"more-link\">Leer m\u00e1s<\/a><\/p>\n","protected":false},"author":2,"featured_media":39469,"comment_status":"closed","ping_status":"closed","sticky":false,"template":"","format":"standard","meta":{"ngg_post_thumbnail":0,"_jetpack_newsletter_access":"","_jetpack_dont_email_post_to_subs":false,"_jetpack_newsletter_tier_id":0,"_jetpack_memberships_contains_paywalled_content":false,"_jetpack_memberships_contains_paid_content":false,"footnotes":""},"categories":[1858,80,2009,2,33,2008],"tags":[614,1195,1377],"class_list":["post-39468","post","type-post","status-publish","format-standard","has-post-thumbnail","hentry","category-abuso-policiaco-y-tortura-en-tamaulipas","category-cintillo","category-militarizacion-en-tamaulipas","category-noticias-nacionales","category-tamaulipas","category-violencia-de-fuerzas-represivas-en-tamaulipas","tag-militarizacion","tag-militarizacion-de-la-frontera","tag-violencia-de-fuerzas-represivas","entry"],"jetpack_featured_media_url":"https:\/\/www.grieta.org.mx\/wp-content\/uploads\/2019\/09\/matanza-tamaulipas-621x354.jpg","jetpack_sharing_enabled":true,"jetpack_shortlink":"https:\/\/wp.me\/p7ZJR4-agA","jetpack_likes_enabled":false,"jetpack-related-posts":[{"id":39526,"url":"https:\/\/www.grieta.org.mx\/index.php\/2019\/09\/26\/crece-militarizacion-en-tamaulipas\/","url_meta":{"origin":39468,"position":0},"title":"Crece militarizaci\u00f3n en Tamaulipas","author":"grieta","date":"26 septiembre, 2019","format":false,"excerpt":"Colectivo Grieta Seg\u00fan notas recientes, hay 8000 elementos de las fuerzas federales desplegados en el territorio de Tamaulipas. De estos, 1,500 son miembros de la Guardia Nacional. Sin embargo, tambi\u00e9n hay efectivos del Ej\u00e9rcito Mexicano, la Secretar\u00eda de Marina y la Polic\u00eda Federal. El argumento para este grado de militarizaci\u00f3n\u2026","rel":"","context":"En &quot;CINTILLO&quot;","block_context":{"text":"CINTILLO","link":"https:\/\/www.grieta.org.mx\/index.php\/category\/cintillo\/"},"img":{"alt_text":"","src":"https:\/\/i0.wp.com\/www.grieta.org.mx\/wp-content\/uploads\/2019\/09\/c1.1-6rluxlml1sjkzkbm9xqocbjvo9e00xe1ls1hmti2m5s.jpg?resize=350%2C200&ssl=1","width":350,"height":200,"srcset":"https:\/\/i0.wp.com\/www.grieta.org.mx\/wp-content\/uploads\/2019\/09\/c1.1-6rluxlml1sjkzkbm9xqocbjvo9e00xe1ls1hmti2m5s.jpg?resize=350%2C200&ssl=1 1x, https:\/\/i0.wp.com\/www.grieta.org.mx\/wp-content\/uploads\/2019\/09\/c1.1-6rluxlml1sjkzkbm9xqocbjvo9e00xe1ls1hmti2m5s.jpg?resize=525%2C300&ssl=1 1.5x, https:\/\/i0.wp.com\/www.grieta.org.mx\/wp-content\/uploads\/2019\/09\/c1.1-6rluxlml1sjkzkbm9xqocbjvo9e00xe1ls1hmti2m5s.jpg?resize=700%2C400&ssl=1 2x, https:\/\/i0.wp.com\/www.grieta.org.mx\/wp-content\/uploads\/2019\/09\/c1.1-6rluxlml1sjkzkbm9xqocbjvo9e00xe1ls1hmti2m5s.jpg?resize=1050%2C600&ssl=1 3x"},"classes":[]},{"id":31583,"url":"https:\/\/www.grieta.org.mx\/index.php\/2019\/04\/02\/buscaran-desaparecidos-en-cuartel-de-la-marina-en-nuevo-laredo-tamaulipas\/","url_meta":{"origin":39468,"position":1},"title":"Buscar\u00e1n desaparecidos en cuartel de la Marina en Nuevo Laredo (Tamaulipas)","author":"grieta","date":"2 abril, 2019","format":false,"excerpt":"El Bravo El cuartel oper\u00f3 durante varios meses en el cruce de la calle Arteaga y avenida Leona Vicario, en la colonia Victoria. Personal de la Fiscal\u00eda General de Justicia de Tamaulipas (FGJE) realizar\u00e1 una inspecci\u00f3n con un binomio canino en lo que fue un cuartel que us\u00f3 personal de\u2026","rel":"","context":"En &quot;CINTILLO&quot;","block_context":{"text":"CINTILLO","link":"https:\/\/www.grieta.org.mx\/index.php\/category\/cintillo\/"},"img":{"alt_text":"","src":"https:\/\/i0.wp.com\/www.grieta.org.mx\/wp-content\/uploads\/2019\/04\/Buscar%C3%A1n-desaparecidos-en-cuartel-de-la-Marina-en-Nuevo-Laredo-tama-abr.jpg?resize=350%2C200&ssl=1","width":350,"height":200,"srcset":"https:\/\/i0.wp.com\/www.grieta.org.mx\/wp-content\/uploads\/2019\/04\/Buscar%C3%A1n-desaparecidos-en-cuartel-de-la-Marina-en-Nuevo-Laredo-tama-abr.jpg?resize=350%2C200&ssl=1 1x, https:\/\/i0.wp.com\/www.grieta.org.mx\/wp-content\/uploads\/2019\/04\/Buscar%C3%A1n-desaparecidos-en-cuartel-de-la-Marina-en-Nuevo-Laredo-tama-abr.jpg?resize=525%2C300&ssl=1 1.5x"},"classes":[]},{"id":66805,"url":"https:\/\/www.grieta.org.mx\/index.php\/2023\/04\/16\/dispara-guardia-nacional-en-contra-de-seis-personas-entre-ellos-una-embarazada\/","url_meta":{"origin":39468,"position":2},"title":"Dispara Guardia Nacional en contra de seis personas, entre ellos una embarazada","author":"grieta","date":"16 abril, 2023","format":false,"excerpt":"Redacci\u00f3n\/Aristegui Noticias 16 abril 2023 Las personas que resultaron lesionadas dijeron que no hubo indicaci\u00f3n para detenerse o causa para el ataque En Nuevo Laredo, la Guardia Nacional dispar\u00f3 en contra de seis personas, de la cuales resultaron 2 muertos -un beb\u00e9 prematuro y un adulto mayor de 60 a\u00f1o-\u2026","rel":"","context":"En &quot;CINTILLO&quot;","block_context":{"text":"CINTILLO","link":"https:\/\/www.grieta.org.mx\/index.php\/category\/cintillo\/"},"img":{"alt_text":"","src":"https:\/\/i0.wp.com\/www.grieta.org.mx\/wp-content\/uploads\/2023\/04\/atacan-guardianacional-nuevolaredo.webp?resize=350%2C200&ssl=1","width":350,"height":200,"srcset":"https:\/\/i0.wp.com\/www.grieta.org.mx\/wp-content\/uploads\/2023\/04\/atacan-guardianacional-nuevolaredo.webp?resize=350%2C200&ssl=1 1x, https:\/\/i0.wp.com\/www.grieta.org.mx\/wp-content\/uploads\/2023\/04\/atacan-guardianacional-nuevolaredo.webp?resize=525%2C300&ssl=1 1.5x, https:\/\/i0.wp.com\/www.grieta.org.mx\/wp-content\/uploads\/2023\/04\/atacan-guardianacional-nuevolaredo.webp?resize=700%2C400&ssl=1 2x, https:\/\/i0.wp.com\/www.grieta.org.mx\/wp-content\/uploads\/2023\/04\/atacan-guardianacional-nuevolaredo.webp?resize=1050%2C600&ssl=1 3x"},"classes":[]},{"id":40049,"url":"https:\/\/www.grieta.org.mx\/index.php\/2019\/09\/28\/autoridades-tambien-investigaran-al-ejercito-por-presuntas-ejecuciones-en-tamaulipas\/","url_meta":{"origin":39468,"position":3},"title":"Autoridades tambi\u00e9n investigar\u00e1n al Ej\u00e9rcito por presuntas ejecuciones en Tamaulipas","author":"grieta","date":"28 septiembre, 2019","format":false,"excerpt":"Rodrigo Soberanes \/ Animal Pol\u00edtico Tanto la defensa de la v\u00edctimas, como el Comit\u00e9 de Derechos Humanos de Nuevo Laredo, afirmaron que se investigar\u00e1 al Ej\u00e9rcito por las presuntas ejecuciones extrajudiciales del pasado 5 de septiembre. La defensa legal de las ocho v\u00edctimas de las presuntas ejecuciones extrajudiciales, ocurridas el\u2026","rel":"","context":"En &quot;Abuso policiaco y tortura en Tamaulipas&quot;","block_context":{"text":"Abuso policiaco y tortura en Tamaulipas","link":"https:\/\/www.grieta.org.mx\/index.php\/category\/noticias-nacionales\/tamaulipas\/abuso-policiaco-y-tortura-en-tamaulipas\/"},"img":{"alt_text":"","src":"https:\/\/i0.wp.com\/www.grieta.org.mx\/wp-content\/uploads\/2019\/10\/https-_www.animalpolitico.com_wp-content_uploads_2019_09_ejercito-ejecuciones-nuevo-laredo-tamaulipas.jpg?resize=350%2C200&ssl=1","width":350,"height":200,"srcset":"https:\/\/i0.wp.com\/www.grieta.org.mx\/wp-content\/uploads\/2019\/10\/https-_www.animalpolitico.com_wp-content_uploads_2019_09_ejercito-ejecuciones-nuevo-laredo-tamaulipas.jpg?resize=350%2C200&ssl=1 1x, https:\/\/i0.wp.com\/www.grieta.org.mx\/wp-content\/uploads\/2019\/10\/https-_www.animalpolitico.com_wp-content_uploads_2019_09_ejercito-ejecuciones-nuevo-laredo-tamaulipas.jpg?resize=525%2C300&ssl=1 1.5x, https:\/\/i0.wp.com\/www.grieta.org.mx\/wp-content\/uploads\/2019\/10\/https-_www.animalpolitico.com_wp-content_uploads_2019_09_ejercito-ejecuciones-nuevo-laredo-tamaulipas.jpg?resize=700%2C400&ssl=1 2x"},"classes":[]},{"id":58787,"url":"https:\/\/www.grieta.org.mx\/index.php\/2021\/04\/14\/en-nuevo-laredo-tamaulipas-cada-semana-desaparecian-personas\/","url_meta":{"origin":39468,"position":4},"title":"En Nuevo Laredo, Tamaulipas, &#8216;cada semana desaparec\u00edan personas&#8217;","author":"grieta","date":"14 abril, 2021","format":false,"excerpt":"Redacci\u00f3n\/Aristegui Noticias 14 abril 2021 Cuestionan error de la Marina en comunicado sobre sus 30 elementos detenidos por desapariciones en Nuevo Laredo. La Fiscal\u00eda General de la Rep\u00fablica ejecut\u00f3 las \u00f3rdenes de aprehensi\u00f3n contra los marinos, lo que est\u00e1 relacionado con los hechos ocurridos en 2018 en Nuevo Laredo, Tamaulipas.\u2026","rel":"","context":"En &quot;CINTILLO&quot;","block_context":{"text":"CINTILLO","link":"https:\/\/www.grieta.org.mx\/index.php\/category\/cintillo\/"},"img":{"alt_text":"","src":"https:\/\/i0.wp.com\/www.grieta.org.mx\/wp-content\/uploads\/2021\/04\/marina.jpg?resize=350%2C200&ssl=1","width":350,"height":200,"srcset":"https:\/\/i0.wp.com\/www.grieta.org.mx\/wp-content\/uploads\/2021\/04\/marina.jpg?resize=350%2C200&ssl=1 1x, https:\/\/i0.wp.com\/www.grieta.org.mx\/wp-content\/uploads\/2021\/04\/marina.jpg?resize=525%2C300&ssl=1 1.5x, https:\/\/i0.wp.com\/www.grieta.org.mx\/wp-content\/uploads\/2021\/04\/marina.jpg?resize=700%2C400&ssl=1 2x, https:\/\/i0.wp.com\/www.grieta.org.mx\/wp-content\/uploads\/2021\/04\/marina.jpg?resize=1050%2C600&ssl=1 3x"},"classes":[]},{"id":39564,"url":"https:\/\/www.grieta.org.mx\/index.php\/2019\/09\/13\/video-muestra-como-policias-habrian-manipulado-la-evidencia-en-supuesto-enfrentamiento-en-tamaulipas\/","url_meta":{"origin":39468,"position":5},"title":"VIDEO muestra c\u00f3mo polic\u00edas habr\u00edan manipulado la evidencia en supuesto enfrentamiento en Tamaulipas","author":"grieta","date":"13 septiembre, 2019","format":false,"excerpt":"Redacci\u00f3n \/ Sin Embargo Otra de las observaciones hechas por el CDHNL es que de las v\u00edctimas -que fueron acomodadas al interior de la casa- ninguna tra\u00eda un arma entre sus manos, no hab\u00eda cartuchos a su alrededor ni impactos de bala en las paredes a su alrededor. Ciudad de\u2026","rel":"","context":"En &quot;Abuso policiaco y tortura en Tamaulipas&quot;","block_context":{"text":"Abuso policiaco y tortura en Tamaulipas","link":"https:\/\/www.grieta.org.mx\/index.php\/category\/noticias-nacionales\/tamaulipas\/abuso-policiaco-y-tortura-en-tamaulipas\/"},"img":{"alt_text":"","src":"https:\/\/i0.wp.com\/www.grieta.org.mx\/wp-content\/uploads\/2019\/09\/Screenshot_2019-09-26-VIDEO-muestra-c%C3%B3mo-polic%C3%ADas-habr%C3%ADan-manipulado-la-evidencia-en-supuesto-enfrentamiento-en-Tamaulipas.png?resize=350%2C200&ssl=1","width":350,"height":200,"srcset":"https:\/\/i0.wp.com\/www.grieta.org.mx\/wp-content\/uploads\/2019\/09\/Screenshot_2019-09-26-VIDEO-muestra-c%C3%B3mo-polic%C3%ADas-habr%C3%ADan-manipulado-la-evidencia-en-supuesto-enfrentamiento-en-Tamaulipas.png?resize=350%2C200&ssl=1 1x, https:\/\/i0.wp.com\/www.grieta.org.mx\/wp-content\/uploads\/2019\/09\/Screenshot_2019-09-26-VIDEO-muestra-c%C3%B3mo-polic%C3%ADas-habr%C3%ADan-manipulado-la-evidencia-en-supuesto-enfrentamiento-en-Tamaulipas.png?resize=525%2C300&ssl=1 1.5x, https:\/\/i0.wp.com\/www.grieta.org.mx\/wp-content\/uploads\/2019\/09\/Screenshot_2019-09-26-VIDEO-muestra-c%C3%B3mo-polic%C3%ADas-habr%C3%ADan-manipulado-la-evidencia-en-supuesto-enfrentamiento-en-Tamaulipas.png?resize=700%2C400&ssl=1 2x, https:\/\/i0.wp.com\/www.grieta.org.mx\/wp-content\/uploads\/2019\/09\/Screenshot_2019-09-26-VIDEO-muestra-c%C3%B3mo-polic%C3%ADas-habr%C3%ADan-manipulado-la-evidencia-en-supuesto-enfrentamiento-en-Tamaulipas.png?resize=1050%2C600&ssl=1 3x, https:\/\/i0.wp.com\/www.grieta.org.mx\/wp-content\/uploads\/2019\/09\/Screenshot_2019-09-26-VIDEO-muestra-c%C3%B3mo-polic%C3%ADas-habr%C3%ADan-manipulado-la-evidencia-en-supuesto-enfrentamiento-en-Tamaulipas.png?resize=1400%2C800&ssl=1 4x"},"classes":[]}],"_links":{"self":[{"href":"https:\/\/www.grieta.org.mx\/index.php\/wp-json\/wp\/v2\/posts\/39468","targetHints":{"allow":["GET"]}}],"collection":[{"href":"https:\/\/www.grieta.org.mx\/index.php\/wp-json\/wp\/v2\/posts"}],"about":[{"href":"https:\/\/www.grieta.org.mx\/index.php\/wp-json\/wp\/v2\/types\/post"}],"author":[{"embeddable":true,"href":"https:\/\/www.grieta.org.mx\/index.php\/wp-json\/wp\/v2\/users\/2"}],"replies":[{"embeddable":true,"href":"https:\/\/www.grieta.org.mx\/index.php\/wp-json\/wp\/v2\/comments?post=39468"}],"version-history":[{"count":1,"href":"https:\/\/www.grieta.org.mx\/index.php\/wp-json\/wp\/v2\/posts\/39468\/revisions"}],"predecessor-version":[{"id":39470,"href":"https:\/\/www.grieta.org.mx\/index.php\/wp-json\/wp\/v2\/posts\/39468\/revisions\/39470"}],"wp:featuredmedia":[{"embeddable":true,"href":"https:\/\/www.grieta.org.mx\/index.php\/wp-json\/wp\/v2\/media\/39469"}],"wp:attachment":[{"href":"https:\/\/www.grieta.org.mx\/index.php\/wp-json\/wp\/v2\/media?parent=39468"}],"wp:term":[{"taxonomy":"category","embeddable":true,"href":"https:\/\/www.grieta.org.mx\/index.php\/wp-json\/wp\/v2\/categories?post=39468"},{"taxonomy":"post_tag","embeddable":true,"href":"https:\/\/www.grieta.org.mx\/index.php\/wp-json\/wp\/v2\/tags?post=39468"}],"curies":[{"name":"wp","href":"https:\/\/api.w.org\/{rel}","templated":true}]}}