{"id":39464,"date":"2019-08-19T12:03:19","date_gmt":"2019-08-19T17:03:19","guid":{"rendered":"http:\/\/www.grieta.org.mx\/?p=39464"},"modified":"2019-09-24T12:11:40","modified_gmt":"2019-09-24T17:11:40","slug":"solo-238-huerfanos-por-feminicidio-reciben-atencion-del-estado","status":"publish","type":"post","link":"https:\/\/www.grieta.org.mx\/index.php\/2019\/08\/19\/solo-238-huerfanos-por-feminicidio-reciben-atencion-del-estado\/","title":{"rendered":"Solo 238 hu\u00e9rfanos por feminicidio reciben atenci\u00f3n del Estado"},"content":{"rendered":"<p><img loading=\"lazy\" decoding=\"async\" data-attachment-id=\"39465\" data-permalink=\"https:\/\/www.grieta.org.mx\/index.php\/2019\/08\/19\/solo-238-huerfanos-por-feminicidio-reciben-atencion-del-estado\/huerfanos-feminicidio-300x157\/\" data-orig-file=\"https:\/\/www.grieta.org.mx\/wp-content\/uploads\/2019\/09\/huerfanos-feminicidio-300x157.jpg\" data-orig-size=\"300,157\" data-comments-opened=\"0\" data-image-meta=\"{&quot;aperture&quot;:&quot;0&quot;,&quot;credit&quot;:&quot;&quot;,&quot;camera&quot;:&quot;&quot;,&quot;caption&quot;:&quot;&quot;,&quot;created_timestamp&quot;:&quot;0&quot;,&quot;copyright&quot;:&quot;&quot;,&quot;focal_length&quot;:&quot;0&quot;,&quot;iso&quot;:&quot;0&quot;,&quot;shutter_speed&quot;:&quot;0&quot;,&quot;title&quot;:&quot;&quot;,&quot;orientation&quot;:&quot;0&quot;}\" data-image-title=\"huerfanos-feminicidio-300&amp;#215;157\" data-image-description=\"\" data-image-caption=\"\" data-medium-file=\"https:\/\/www.grieta.org.mx\/wp-content\/uploads\/2019\/09\/huerfanos-feminicidio-300x157-300x157.jpg\" data-large-file=\"https:\/\/www.grieta.org.mx\/wp-content\/uploads\/2019\/09\/huerfanos-feminicidio-300x157.jpg\" class=\"alignright wp-image-39465\" src=\"http:\/\/www.grieta.org.mx\/wp-content\/uploads\/2019\/09\/huerfanos-feminicidio-300x157.jpg\" alt=\"\" width=\"800\" height=\"419\" \/><\/p>\n<p>C\u00e9sar Reveles \/ Animal Pol\u00edtico<\/p>\n<blockquote><p>Los menores que quedan hu\u00e9rfanos a causa de feminicidios ven truncado su entorno familiar y pierden su estabilidad emocional.<\/p><\/blockquote>\n<p>En M\u00e9xico solo 238 hu\u00e9rfanos por feminicidio reciben atenci\u00f3n del Estado como v\u00edctimas de la violencia, aunque se reconoce que cada a\u00f1o, en la \u00faltima d\u00e9cada, hay por lo menos 3 mil ni\u00f1os y ni\u00f1as cuya madre fue v\u00edctima de homicidio por odio.<\/p>\n<p>Los 238 menores hu\u00e9rfanos est\u00e1n en 11 de las 32 entidades: Michoac\u00e1n (96), San Luis Potos\u00ed (64), Morelos (31), Coahuila (13), Jalisco (10), Chihuahua (9), Durango (6), Yucat\u00e1n (5), Quer\u00e9taro (2), Oaxaca (1) y Veracruz (1). Son los \u00fanicos estados del pa\u00eds que reportaron atender a hu\u00e9rfanos por feminicidios.<\/p>\n<p>Otros ocho estados \u2014Baja California Sur, Guerrero, Puebla, Quintana Roo, Sinaloa, Sonora, Tabasco y Tlaxcala\u2014 dijeron tener cero casos. El resto, no cuenta con informaci\u00f3n.<\/p>\n<p>A nivel nacional, tampoco existe un registro. Apenas en julio pasado, el Instituto Nacional de las Mujeres (Inmujeres) anunci\u00f3 que realizar\u00e1 un censo para informar en 2020 del n\u00famero exacto de ni\u00f1os y ni\u00f1as hu\u00e9rfanos por este delito. Su c\u00e1lculo inicial indica que, en los \u00faltimos ocho meses, fueron 3 mil 400 ni\u00f1os, y que esa es la tendencia anual, pero no hay una cifra oficial.<\/p>\n<p>Animal Pol\u00edtico solicit\u00f3 a las Comisiones Estatales de Atenci\u00f3n a V\u00edctimas de la Violencia y a cada Sistema Integral para el Desarrollo de la Familia (DIF) en las entidades los registros de hu\u00e9rfanos v\u00edctimas de feminicidio, que han recibido atenci\u00f3n desde 2012.<\/p>\n<p>En ning\u00fan caso hay informaci\u00f3n desde ese a\u00f1o, pues los estados comenzaron a registrar los casos desde 2015. Reconocen que los ni\u00f1os y ni\u00f1as que quedaron hu\u00e9rfanos por feminicidio antes de ese a\u00f1o no son ni ser\u00e1n atendidos como v\u00edctimas de la violencia.<\/p>\n<p>En entrevista para Animal Pol\u00edtico, Gail Aguilar, titular de la Unidad de G\u00e9nero de la Comisi\u00f3n Ejecutiva de Atenci\u00f3n a V\u00edctimas (CEAV), explic\u00f3 que la inexistencia de una base de datos nacional y la disparidad de casos entre una entidad y otra, se debe a que no existe una ley que obligue a los estados a llevar un registro de ni\u00f1as, ni\u00f1os y adolescentes hu\u00e9rfanos por feminicidio.<\/p>\n<p>Aunado a esto, Gail detall\u00f3 que la Ley General de V\u00edctimas, que ampara a estos menores bajo la figura de v\u00edctimas indirectas, es una ley en materia concurrente. Esto significa que cada entidad tiene la facultad de establecer sus reglas de aplicaci\u00f3n, decidir c\u00f3mo trabajar\u00e1n sus comisiones y realizar los registros que crean pertinentes.<\/p>\n<p>\u201cB\u00e1sicamente, cada entidad federativa va marcando sus \u00e1mbitos de competencia de acuerdo a su legislaci\u00f3n, y es por eso que cada \u00f3rgano estatal tiene una forma distinta de llevar a cabo este registro\u201d, a\u00f1adi\u00f3 Gail.<\/p>\n<p><img loading=\"lazy\" decoding=\"async\" data-attachment-id=\"39466\" data-permalink=\"https:\/\/www.grieta.org.mx\/index.php\/2019\/08\/19\/solo-238-huerfanos-por-feminicidio-reciben-atencion-del-estado\/https-_www-animalpolitico-com_wp-content_uploads_2019_08_grafico-huerfanos-por-feminicidio-2\/\" data-orig-file=\"https:\/\/www.grieta.org.mx\/wp-content\/uploads\/2019\/09\/https-_www.animalpolitico.com_wp-content_uploads_2019_08_Grafico-Huerfanos-por-feminicidio-2.png\" data-orig-size=\"1200,1200\" data-comments-opened=\"0\" data-image-meta=\"{&quot;aperture&quot;:&quot;0&quot;,&quot;credit&quot;:&quot;&quot;,&quot;camera&quot;:&quot;&quot;,&quot;caption&quot;:&quot;&quot;,&quot;created_timestamp&quot;:&quot;0&quot;,&quot;copyright&quot;:&quot;&quot;,&quot;focal_length&quot;:&quot;0&quot;,&quot;iso&quot;:&quot;0&quot;,&quot;shutter_speed&quot;:&quot;0&quot;,&quot;title&quot;:&quot;&quot;,&quot;orientation&quot;:&quot;0&quot;}\" data-image-title=\"https _www.animalpolitico.com_wp-content_uploads_2019_08_Grafico-Huerfanos-por-feminicidio-2\" data-image-description=\"\" data-image-caption=\"\" data-medium-file=\"https:\/\/www.grieta.org.mx\/wp-content\/uploads\/2019\/09\/https-_www.animalpolitico.com_wp-content_uploads_2019_08_Grafico-Huerfanos-por-feminicidio-2-300x300.png\" data-large-file=\"https:\/\/www.grieta.org.mx\/wp-content\/uploads\/2019\/09\/https-_www.animalpolitico.com_wp-content_uploads_2019_08_Grafico-Huerfanos-por-feminicidio-2-1024x1024.png\" class=\"alignright wp-image-39466\" src=\"http:\/\/www.grieta.org.mx\/wp-content\/uploads\/2019\/09\/https-_www.animalpolitico.com_wp-content_uploads_2019_08_Grafico-Huerfanos-por-feminicidio-2-1024x1024.png\" alt=\"\" width=\"800\" height=\"800\" srcset=\"https:\/\/www.grieta.org.mx\/wp-content\/uploads\/2019\/09\/https-_www.animalpolitico.com_wp-content_uploads_2019_08_Grafico-Huerfanos-por-feminicidio-2-1024x1024.png 1024w, https:\/\/www.grieta.org.mx\/wp-content\/uploads\/2019\/09\/https-_www.animalpolitico.com_wp-content_uploads_2019_08_Grafico-Huerfanos-por-feminicidio-2-150x150.png 150w, https:\/\/www.grieta.org.mx\/wp-content\/uploads\/2019\/09\/https-_www.animalpolitico.com_wp-content_uploads_2019_08_Grafico-Huerfanos-por-feminicidio-2-300x300.png 300w, https:\/\/www.grieta.org.mx\/wp-content\/uploads\/2019\/09\/https-_www.animalpolitico.com_wp-content_uploads_2019_08_Grafico-Huerfanos-por-feminicidio-2-768x768.png 768w, https:\/\/www.grieta.org.mx\/wp-content\/uploads\/2019\/09\/https-_www.animalpolitico.com_wp-content_uploads_2019_08_Grafico-Huerfanos-por-feminicidio-2-130x130.png 130w, https:\/\/www.grieta.org.mx\/wp-content\/uploads\/2019\/09\/https-_www.animalpolitico.com_wp-content_uploads_2019_08_Grafico-Huerfanos-por-feminicidio-2-500x500.png 500w, https:\/\/www.grieta.org.mx\/wp-content\/uploads\/2019\/09\/https-_www.animalpolitico.com_wp-content_uploads_2019_08_Grafico-Huerfanos-por-feminicidio-2.png 1200w\" sizes=\"auto, (max-width: 800px) 100vw, 800px\" \/><\/p>\n<p>Invisibles para el Estado<\/p>\n<p>Carlos, Uriel y Fernanda ten\u00edan 5, 4 y 2 a\u00f1os, respectivamente, cuando su padre, Bernardo L\u00f3pez, asesin\u00f3 a su madre Nadia Alejandra Muci\u00f1o el 12 de febrero de 2004, en el Estado de M\u00e9xico. No solo son v\u00edctimas de la violencia feminicida del pa\u00eds, tambi\u00e9n son v\u00edctimas del Estado que no los reconoce como tal.<\/p>\n<p>Su abuela Mar\u00eda Antonia, madre de Nadia, se hizo cargo de ellos, pagando su educaci\u00f3n y tratamientos psicol\u00f3gicos. Desde que su madre fue asesinada hace 15 a\u00f1os, no han recibido apoyo del Estado.<\/p>\n<p>Apenas en 2013 se cre\u00f3 la Ley General de V\u00edctimas y en 2014 se conform\u00f3 la Comisi\u00f3n Ejecutiva de Atenci\u00f3n a V\u00edctimas (CEAV), que naci\u00f3 para atender y apoyar a las v\u00edctimas de un delito federal o de violaci\u00f3n a sus derechos humanos, con el fin de que \u00e9stas obtengan \u201cverdad, justicia y reparaci\u00f3n del da\u00f1o\u201d.<\/p>\n<p>En 2015, el Secretariado Ejecutivo del Sistema Nacional de Seguridad P\u00fablica (SESNSP) inici\u00f3 un registro anual de feminicidios. Desde enero de aquel a\u00f1o a mayo de 2019 suman 3 mil 17 feminicidios y 9 mil 892 mujeres v\u00edctimas de homicidio doloso.<\/p>\n<p>El Inmujeres dijo en julio pasado que se han usado esos datos del SESNSP para hacer una estimaci\u00f3n inicial del n\u00famero de hu\u00e9rfanos por feminicidio, que deber\u00edan recibir atenci\u00f3n del Estado.<\/p>\n<p>El instituto hizo este c\u00e1lculo al multiplicar los homicidios dolosos y feminicidios de mujeres entre noviembre de 2018 y abril de 2019, por la tasa de natalidad, que seg\u00fan datos del INEGI es de 2.21 hijos por mujer.<\/p>\n<p>El Inmujeres dijo a Animal Pol\u00edtico que revisar\u00e1n los expedientes de muertes violentas de mujeres en el periodo mencionado, para generar un registro de hu\u00e9rfanos con los datos que proporcionen las 32 fiscal\u00edas y procuradur\u00edas del pa\u00eds, aunque ese registro ser\u00e1 solo una muestra.<\/p>\n<p>Se espera que para mayo de 2020 se tengan los resultados de esta muestra.<\/p>\n<p>En entrevista, Mar\u00eda de la Luz Estrada, directora del Observatorio Ciudadano Nacional del Feminicidio (OCNF), plantea que aunque no est\u00e9 establecido en la Ley General de V\u00edctimas, el gobierno federal deber\u00eda asumir la responsabilidad, a trav\u00e9s de la CEAV, de realizar un registro de nacional de hu\u00e9rfanos por feminicidio, adem\u00e1s de cumplir con su obligaci\u00f3n de dar seguimiento a cada caso para ofrecer una reparaci\u00f3n integral a los familiares de las v\u00edctimas.<\/p>\n<p>\u201cSolo a trav\u00e9s de denuncias como las presentadas ante la CNDH es que los gobiernos atienden a los menores y sus familiares (\u2026) y a partir de casos as\u00ed es que hasta ahora, solo dos estados, Jalisco y Estado de M\u00e9xico, han implementado protocolos para la atenci\u00f3n de estas v\u00edctimas\u201d, comenta.<\/p>\n<p>La directora del OCNF explica que si bien los menores no son las \u00fanicas v\u00edctimas tras un feminicidio, s\u00ed resultan los m\u00e1s vulnerables, ya que ven truncado su entorno familiar y pierden por completo su estabilidad emocional.<\/p>\n<div class=\"jetpack-video-wrapper\"><iframe loading=\"lazy\" title=\"Hu\u00e9rfanos por feminicidio: el Estado no garantiza sus derechos\" width=\"1170\" height=\"658\" src=\"https:\/\/www.youtube.com\/embed\/tffaQ5vKegg?feature=oembed\" frameborder=\"0\" allow=\"accelerometer; autoplay; clipboard-write; encrypted-media; gyroscope; picture-in-picture\" allowfullscreen><\/iframe><\/div>\n<p>Entorno familiar roto y sin apoyo<\/p>\n<p>Las vidas de Carlos, Uriel y Fernanda cambiaron radicalmente aquel 12 de febrero de 2004. Los tres hermanos fueron testigos de c\u00f3mo su padre Bernardo, con ayuda de Isidro, hermano de \u00e9ste, asesin\u00f3 a su madre. Desde ese momento lo perdieron todo.<\/p>\n<p>Su entorno familiar se quebr\u00f3 y tuvieron que dejar la casa donde viv\u00edan para ir con su abuela, Mar\u00eda Antonia, que en ese momento tambi\u00e9n era responsable de tres hijos. Al momento del asesinato de Nadia, Carlos y Uriel ten\u00edan 5 y 4 a\u00f1os, mientras que Fernanda hab\u00eda cumplido apenas 2.<\/p>\n<p>Bernardo y su hermano Isidro huyeron tras cometer el crimen. La investigaci\u00f3n del asesinato estuvo plagada de irregularidades.<\/p>\n<p>Aunque en un inicio el Ministerio P\u00fablico argument\u00f3 que se hab\u00eda tratado de un suicidio, el dictamen m\u00e9dico forense estableci\u00f3 que la causa de muerte de Nadia hab\u00eda sido asfixia por ahorcamiento, y que su cuello presentaba una fractura por agresi\u00f3n.<\/p>\n<p>Mar\u00eda intent\u00f3 entregar una carta al entonces presidente Vicente Fox, para solicitar apoyo para sus nietos y agilizar la investigaci\u00f3n. Fue recibida por la exprimera dama, Martha Sahag\u00fan, quien solo le dio el p\u00e9same y turn\u00f3 el caso al gobierno del Estado de M\u00e9xico.<\/p>\n<p>La ayuda ofrecida en ese momento por los gobiernos federal y estatal fue insuficiente, por lo que Mar\u00eda prefiri\u00f3 pagar la atenci\u00f3n m\u00e9dica y educaci\u00f3n para sus tres nietos, as\u00ed como contratar un abogado que le ayudara con la investigaci\u00f3n.<\/p>\n<p>\u201cEllos nunca me ofrecieron apoyo econ\u00f3mico para atenci\u00f3n o para educaci\u00f3n, y mientras mis nietos la pasaban muy mal\u201d, relat\u00f3 Mar\u00eda.<\/p>\n<p>Uno de ellos perdi\u00f3 el control de los esf\u00ednteres, el otro ten\u00eda pesadillas y la menor present\u00f3 problemas de conducta con el paso del tiempo.<\/p>\n<p>Fueron al menos cinco a\u00f1os en los que Mar\u00eda pag\u00f3 tratamientos psicol\u00f3gicos y psiqui\u00e1tricos para sus tres nietos, y al mismo tiempo se encargaba de su educaci\u00f3n y de cubrir los honorarios de los abogados contratados.<\/p>\n<p>Mar\u00eda ten\u00eda que pedir dinero prestado ya que su sueldo como bordadora de vestidos y el de su esposo no eran suficientes para cubrir todos los gastos.<\/p>\n<p>Al ver que los gobiernos de Vicente Fox y Felipe Calder\u00f3n no le brindaron ayuda, Mar\u00eda contact\u00f3 al Observatorio Ciudadano Nacional del Feminicidio (OCNF), que tom\u00f3 el caso.<\/p>\n<p>Las sentencias en contra de Bernardo e Isidro fueron por homicidio agravado, pues la tipificaci\u00f3n del feminicidio se dio hasta 2011 y por ley todos los casos ocurridos antes de este a\u00f1o no pueden ser clasificados as\u00ed.<\/p>\n<p>En 2009, Isidro, el t\u00edo de los menores y c\u00f3mplice del homicida, recibi\u00f3 una sentencia de 42 a\u00f1os que apel\u00f3. El juez no acept\u00f3 las declaraciones de los menores por ser \u201cfantasiosos e incapaces de diferenciar entre la verdad y fantas\u00eda\u201d.<\/p>\n<p>Isidro qued\u00f3 libre y hoy se desconoce su paradero.<\/p>\n<p>La investigaci\u00f3n continu\u00f3 y en 2012 \u2014ocho a\u00f1os despu\u00e9s del feminicidio\u2014 Bernardo fue capturado en el estado de Hidalgo. Cinco a\u00f1os despu\u00e9s finalmente fue sentenciado a 42 a\u00f1os y 7 meses de prisi\u00f3n.<\/p>\n<p>El hecho de que el delito no haya sido tipificado como feminicidio permiti\u00f3 que Bernardo obtuviera una sentencia menor, que pudo haber sido de hasta 70 a\u00f1os.<\/p>\n<p>A pesar de que se consigui\u00f3 la pena para el homicida, Mar\u00eda califica el actuar de las autoridades como \u201cimpune y vergonzoso\u201d, por las diversas omisiones e irregularidades.<\/p>\n<p>Hoy en d\u00eda Carlos est\u00e1 por cumplir 21 a\u00f1os, ya es padre de familia y trabaja como cajero en una tienda de abarrotes; Uriel tiene 19 a\u00f1os, es soltero y estudia la carrera de Dise\u00f1o Gr\u00e1fico en la Universidad Aut\u00f3noma del Estado de M\u00e9xico, y Fernanda tiene 17 a\u00f1os, es madre de un ni\u00f1o, vive con su pareja y estudia la preparatoria en l\u00ednea.<\/p>\n<p>Mar\u00eda sigue al pendiente de sus tres nietos y con impotencia comenta que su desarrollo pudo haber sido mejor si, tras la p\u00e9rdida de su madre, hubieran contado con el apoyo del Estado.<\/p>\n<p><a href=\"https:\/\/www.animalpolitico.com\/2019\/08\/huerfanos-feminicidio-victimas-estado-ayuda\/\">https:\/\/www.animalpolitico.com\/2019\/08\/huerfanos-feminicidio-victimas-estado-ayuda\/<\/a><\/p>\n","protected":false},"excerpt":{"rendered":"<p>C\u00e9sar Reveles \/ Animal Pol\u00edtico Los menores que quedan hu\u00e9rfanos a causa de feminicidios ven truncado su entorno familiar y pierden su estabilidad emocional. En M\u00e9xico solo 238 hu\u00e9rfanos por &hellip; <a href=\"https:\/\/www.grieta.org.mx\/index.php\/2019\/08\/19\/solo-238-huerfanos-por-feminicidio-reciben-atencion-del-estado\/\" class=\"more-link\">Leer m\u00e1s<\/a><\/p>\n","protected":false},"author":2,"featured_media":39465,"comment_status":"closed","ping_status":"closed","sticky":false,"template":"","format":"standard","meta":{"ngg_post_thumbnail":0,"_jetpack_newsletter_access":"","_jetpack_dont_email_post_to_subs":false,"_jetpack_newsletter_tier_id":0,"_jetpack_memberships_contains_paywalled_content":false,"_jetpack_memberships_contains_paid_content":false,"footnotes":""},"categories":[80,84,1827,2,83],"tags":[81,2362],"class_list":["post-39464","post","type-post","status-publish","format-standard","has-post-thumbnail","hentry","category-cintillo","category-feminicidios","category-la-ninez-en-la-tormenta-capitalista","category-noticias-nacionales","category-temas-nacionales","tag-feminicidios","tag-la-ninez-en-la-tormenta","entry"],"jetpack_featured_media_url":"https:\/\/www.grieta.org.mx\/wp-content\/uploads\/2019\/09\/huerfanos-feminicidio-300x157.jpg","jetpack_sharing_enabled":true,"jetpack_shortlink":"https:\/\/wp.me\/p7ZJR4-agw","jetpack_likes_enabled":false,"jetpack-related-posts":[{"id":39453,"url":"https:\/\/www.grieta.org.mx\/index.php\/2019\/08\/19\/64-huerfanos-victimas-indirectas-de-feminicidios-en-slp\/","url_meta":{"origin":39464,"position":0},"title":"64 hu\u00e9rfanos, v\u00edctimas indirectas de feminicidios en SLP","author":"grieta","date":"19 agosto, 2019","format":false,"excerpt":"Redacci\u00f3n \/ La Orquesta En San Luis Potos\u00ed existen 64 menores hu\u00e9rfanos a causa de feminicidios, de 238 que han sido registrados a lo largo del pa\u00eds, aunque en la \u00faltima d\u00e9cada al menos 3 mil ni\u00f1as y ni\u00f1os cuya madre fue v\u00edctima de este tipo de delito. De acuerdo\u2026","rel":"","context":"En &quot;CINTILLO&quot;","block_context":{"text":"CINTILLO","link":"https:\/\/www.grieta.org.mx\/index.php\/category\/cintillo\/"},"img":{"alt_text":"","src":"https:\/\/i0.wp.com\/www.grieta.org.mx\/wp-content\/uploads\/2019\/09\/1034572926.jpg?resize=350%2C200&ssl=1","width":350,"height":200,"srcset":"https:\/\/i0.wp.com\/www.grieta.org.mx\/wp-content\/uploads\/2019\/09\/1034572926.jpg?resize=350%2C200&ssl=1 1x, https:\/\/i0.wp.com\/www.grieta.org.mx\/wp-content\/uploads\/2019\/09\/1034572926.jpg?resize=525%2C300&ssl=1 1.5x, https:\/\/i0.wp.com\/www.grieta.org.mx\/wp-content\/uploads\/2019\/09\/1034572926.jpg?resize=700%2C400&ssl=1 2x"},"classes":[]},{"id":40237,"url":"https:\/\/www.grieta.org.mx\/index.php\/2019\/09\/12\/puebla-suma-148-huerfanos-en-2019-por-ola-de-feminicidios\/","url_meta":{"origin":39464,"position":1},"title":"Puebla suma 148 hu\u00e9rfanos en 2019 por ola de feminicidios","author":"Admin","date":"12 septiembre, 2019","format":false,"excerpt":"Redacci\u00f3n \/ Municipios Puebla Puebla, Pue.-La ola de violencia machista contra las mujeres en el estado de Puebla ha dejado en lo que va del a\u00f1o 148 ni\u00f1as, ni\u00f1os y adolescentes hu\u00e9rfanos por feminicidio; en muchos casos los infantes presenciaron el crimen. Aumentan feminicidios en M\u00e9xico; Puebla, arriba de la\u2026","rel":"","context":"En &quot;CINTILLO&quot;","block_context":{"text":"CINTILLO","link":"https:\/\/www.grieta.org.mx\/index.php\/category\/cintillo\/"},"img":{"alt_text":"","src":"https:\/\/i0.wp.com\/www.grieta.org.mx\/wp-content\/uploads\/2019\/10\/huefanos-feminicidios.jpg?resize=350%2C200&ssl=1","width":350,"height":200,"srcset":"https:\/\/i0.wp.com\/www.grieta.org.mx\/wp-content\/uploads\/2019\/10\/huefanos-feminicidios.jpg?resize=350%2C200&ssl=1 1x, https:\/\/i0.wp.com\/www.grieta.org.mx\/wp-content\/uploads\/2019\/10\/huefanos-feminicidios.jpg?resize=525%2C300&ssl=1 1.5x, https:\/\/i0.wp.com\/www.grieta.org.mx\/wp-content\/uploads\/2019\/10\/huefanos-feminicidios.jpg?resize=700%2C400&ssl=1 2x, https:\/\/i0.wp.com\/www.grieta.org.mx\/wp-content\/uploads\/2019\/10\/huefanos-feminicidios.jpg?resize=1050%2C600&ssl=1 3x"},"classes":[]},{"id":42609,"url":"https:\/\/www.grieta.org.mx\/index.php\/2019\/12\/27\/arman-colecta-de-juguetes-para-hijos-de-victimas-de-feminicidio-ciudad-de-mexico\/","url_meta":{"origin":39464,"position":2},"title":"Arman colecta de juguetes para hijos de v\u00edctimas de feminicidio (Ciudad de M\u00e9xico)","author":"grieta","date":"27 diciembre, 2019","format":false,"excerpt":"Karla Almaraz \/ Chilango Todos pueden donar juguetes o frazadas El colectivo Ni una menos M\u00e9xico organiz\u00f3 una colecta de juguetes feminista, para regalarlos a los hijos de mujeres que han sido v\u00edctimas de feminicidios. Adem\u00e1s de juguetes , las personas podr\u00e1n donar frazadas. Todo ser\u00e1 entregado a los peque\u00f1os.\u2026","rel":"","context":"En &quot;CINTILLO&quot;","block_context":{"text":"CINTILLO","link":"https:\/\/www.grieta.org.mx\/index.php\/category\/cintillo\/"},"img":{"alt_text":"","src":"https:\/\/i0.wp.com\/www.grieta.org.mx\/wp-content\/uploads\/2019\/12\/Arman-colecta-de-juguetes-para-hijos-de-v%C3%ADctimas-de-feminicidio-cdmx-dic.jpg?resize=350%2C200","width":350,"height":200},"classes":[]},{"id":41435,"url":"https:\/\/www.grieta.org.mx\/index.php\/2019\/08\/19\/huerfanos-por-feminicidio-mexico-solo-reconoce-como-victimas-a-238-ninos-y-ninas\/","url_meta":{"origin":39464,"position":3},"title":"Hu\u00e9rfanos por feminicidio: M\u00e9xico solo reconoce como v\u00edctimas a 238 ni\u00f1os y ni\u00f1as","author":"grieta","date":"19 agosto, 2019","format":false,"excerpt":"C\u00e9sar Reveles \/ Animal Pol\u00edtico Los menores que quedan hu\u00e9rfanos a causa de feminicidios ven truncado su entorno familiar y pierden su estabilidad emocional. En M\u00e9xico solo 238 hu\u00e9rfanos por feminicidio reciben atenci\u00f3n del Estado como v\u00edctimas de la violencia, aunque se reconoce que cada a\u00f1o, en la \u00faltima d\u00e9cada,\u2026","rel":"","context":"En &quot;CINTILLO&quot;","block_context":{"text":"CINTILLO","link":"https:\/\/www.grieta.org.mx\/index.php\/category\/cintillo\/"},"img":{"alt_text":"","src":"https:\/\/i0.wp.com\/www.grieta.org.mx\/wp-content\/uploads\/2019\/11\/Hu%C3%A9rfanos-por-feminicidio-M%C3%A9xico-solo-reconoce-como-v%C3%ADctimas-a-238-ni%C3%B1os-y-ni%C3%B1as-la-ni%C3%B1ez-nov.jpg?resize=350%2C200&ssl=1","width":350,"height":200,"srcset":"https:\/\/i0.wp.com\/www.grieta.org.mx\/wp-content\/uploads\/2019\/11\/Hu%C3%A9rfanos-por-feminicidio-M%C3%A9xico-solo-reconoce-como-v%C3%ADctimas-a-238-ni%C3%B1os-y-ni%C3%B1as-la-ni%C3%B1ez-nov.jpg?resize=350%2C200&ssl=1 1x, https:\/\/i0.wp.com\/www.grieta.org.mx\/wp-content\/uploads\/2019\/11\/Hu%C3%A9rfanos-por-feminicidio-M%C3%A9xico-solo-reconoce-como-v%C3%ADctimas-a-238-ni%C3%B1os-y-ni%C3%B1as-la-ni%C3%B1ez-nov.jpg?resize=525%2C300&ssl=1 1.5x, https:\/\/i0.wp.com\/www.grieta.org.mx\/wp-content\/uploads\/2019\/11\/Hu%C3%A9rfanos-por-feminicidio-M%C3%A9xico-solo-reconoce-como-v%C3%ADctimas-a-238-ni%C3%B1os-y-ni%C3%B1as-la-ni%C3%B1ez-nov.jpg?resize=700%2C400&ssl=1 2x"},"classes":[]},{"id":38435,"url":"https:\/\/www.grieta.org.mx\/index.php\/2019\/08\/27\/la-4t-dejo-sin-apoyo-a-ninos-huerfanos-por-feminicidio-en-slp\/","url_meta":{"origin":39464,"position":4},"title":"La 4T dej\u00f3 sin apoyo a ni\u00f1os hu\u00e9rfanos por feminicidio en SLP","author":"grieta","date":"27 agosto, 2019","format":false,"excerpt":"Patricia Azuara \/ Quadrat\u00edn SLP SAN LUIS POTOS\u00cd, SLP., 27 de agosto de 2019.- Los recortes presupuestales y la eliminaci\u00f3n de programas sociales que ejecut\u00f3 el Gobierno Federal, dejaron sin apoyo a 30 ni\u00f1os potosinos que quedaron hu\u00e9rfanos a causa de que sus madres sufrieron el delito de feminicidio. El\u2026","rel":"","context":"En &quot;CINTILLO&quot;","block_context":{"text":"CINTILLO","link":"https:\/\/www.grieta.org.mx\/index.php\/category\/cintillo\/"},"img":{"alt_text":"","src":"https:\/\/i0.wp.com\/www.grieta.org.mx\/wp-content\/uploads\/2019\/08\/1532369836_872417_1532370214_noticia_normal-1160x700.jpg?resize=350%2C200&ssl=1","width":350,"height":200,"srcset":"https:\/\/i0.wp.com\/www.grieta.org.mx\/wp-content\/uploads\/2019\/08\/1532369836_872417_1532370214_noticia_normal-1160x700.jpg?resize=350%2C200&ssl=1 1x, https:\/\/i0.wp.com\/www.grieta.org.mx\/wp-content\/uploads\/2019\/08\/1532369836_872417_1532370214_noticia_normal-1160x700.jpg?resize=525%2C300&ssl=1 1.5x, https:\/\/i0.wp.com\/www.grieta.org.mx\/wp-content\/uploads\/2019\/08\/1532369836_872417_1532370214_noticia_normal-1160x700.jpg?resize=700%2C400&ssl=1 2x, https:\/\/i0.wp.com\/www.grieta.org.mx\/wp-content\/uploads\/2019\/08\/1532369836_872417_1532370214_noticia_normal-1160x700.jpg?resize=1050%2C600&ssl=1 3x"},"classes":[]},{"id":39450,"url":"https:\/\/www.grieta.org.mx\/index.php\/2019\/08\/15\/feminicidios-han-dejado-3-mil-300-ninos-huerfanos-en-mexico\/","url_meta":{"origin":39464,"position":5},"title":"Feminicidios han dejado 3 mil 300 ni\u00f1os hu\u00e9rfanos en M\u00e9xico","author":"grieta","date":"15 agosto, 2019","format":false,"excerpt":"Redacci\u00f3n \/ Imagen del Golfo Los feminicidios en M\u00e9xico han dejado en la orfandad a 3 mil 300 ni\u00f1os al menos hasta mayo de 2019, seg\u00fan una estimaci\u00f3n inicial. De acuerdo a lo publicado por SDP Noticias, se explica que el n\u00famero sali\u00f3 de la multiplicaci\u00f3n de los feminicidios y\u2026","rel":"","context":"En &quot;CINTILLO&quot;","block_context":{"text":"CINTILLO","link":"https:\/\/www.grieta.org.mx\/index.php\/category\/cintillo\/"},"img":{"alt_text":"","src":"https:\/\/i0.wp.com\/www.grieta.org.mx\/wp-content\/uploads\/2019\/09\/571241_d.jpg?resize=350%2C200&ssl=1","width":350,"height":200,"srcset":"https:\/\/i0.wp.com\/www.grieta.org.mx\/wp-content\/uploads\/2019\/09\/571241_d.jpg?resize=350%2C200&ssl=1 1x, https:\/\/i0.wp.com\/www.grieta.org.mx\/wp-content\/uploads\/2019\/09\/571241_d.jpg?resize=525%2C300&ssl=1 1.5x"},"classes":[]}],"_links":{"self":[{"href":"https:\/\/www.grieta.org.mx\/index.php\/wp-json\/wp\/v2\/posts\/39464","targetHints":{"allow":["GET"]}}],"collection":[{"href":"https:\/\/www.grieta.org.mx\/index.php\/wp-json\/wp\/v2\/posts"}],"about":[{"href":"https:\/\/www.grieta.org.mx\/index.php\/wp-json\/wp\/v2\/types\/post"}],"author":[{"embeddable":true,"href":"https:\/\/www.grieta.org.mx\/index.php\/wp-json\/wp\/v2\/users\/2"}],"replies":[{"embeddable":true,"href":"https:\/\/www.grieta.org.mx\/index.php\/wp-json\/wp\/v2\/comments?post=39464"}],"version-history":[{"count":1,"href":"https:\/\/www.grieta.org.mx\/index.php\/wp-json\/wp\/v2\/posts\/39464\/revisions"}],"predecessor-version":[{"id":39467,"href":"https:\/\/www.grieta.org.mx\/index.php\/wp-json\/wp\/v2\/posts\/39464\/revisions\/39467"}],"wp:featuredmedia":[{"embeddable":true,"href":"https:\/\/www.grieta.org.mx\/index.php\/wp-json\/wp\/v2\/media\/39465"}],"wp:attachment":[{"href":"https:\/\/www.grieta.org.mx\/index.php\/wp-json\/wp\/v2\/media?parent=39464"}],"wp:term":[{"taxonomy":"category","embeddable":true,"href":"https:\/\/www.grieta.org.mx\/index.php\/wp-json\/wp\/v2\/categories?post=39464"},{"taxonomy":"post_tag","embeddable":true,"href":"https:\/\/www.grieta.org.mx\/index.php\/wp-json\/wp\/v2\/tags?post=39464"}],"curies":[{"name":"wp","href":"https:\/\/api.w.org\/{rel}","templated":true}]}}