{"id":39453,"date":"2019-08-19T11:45:30","date_gmt":"2019-08-19T16:45:30","guid":{"rendered":"http:\/\/www.grieta.org.mx\/?p=39453"},"modified":"2019-09-24T11:48:24","modified_gmt":"2019-09-24T16:48:24","slug":"64-huerfanos-victimas-indirectas-de-feminicidios-en-slp","status":"publish","type":"post","link":"https:\/\/www.grieta.org.mx\/index.php\/2019\/08\/19\/64-huerfanos-victimas-indirectas-de-feminicidios-en-slp\/","title":{"rendered":"64 hu\u00e9rfanos, v\u00edctimas indirectas de feminicidios en SLP"},"content":{"rendered":"<p><img loading=\"lazy\" decoding=\"async\" data-attachment-id=\"39454\" data-permalink=\"https:\/\/www.grieta.org.mx\/index.php\/2019\/08\/19\/64-huerfanos-victimas-indirectas-de-feminicidios-en-slp\/attachment\/1034572926\/\" data-orig-file=\"https:\/\/www.grieta.org.mx\/wp-content\/uploads\/2019\/09\/1034572926.jpg\" data-orig-size=\"750,375\" data-comments-opened=\"0\" data-image-meta=\"{&quot;aperture&quot;:&quot;0&quot;,&quot;credit&quot;:&quot;&quot;,&quot;camera&quot;:&quot;&quot;,&quot;caption&quot;:&quot;&quot;,&quot;created_timestamp&quot;:&quot;0&quot;,&quot;copyright&quot;:&quot;&quot;,&quot;focal_length&quot;:&quot;0&quot;,&quot;iso&quot;:&quot;0&quot;,&quot;shutter_speed&quot;:&quot;0&quot;,&quot;title&quot;:&quot;&quot;,&quot;orientation&quot;:&quot;0&quot;}\" data-image-title=\"1034572926\" data-image-description=\"\" data-image-caption=\"\" data-medium-file=\"https:\/\/www.grieta.org.mx\/wp-content\/uploads\/2019\/09\/1034572926-300x150.jpg\" data-large-file=\"https:\/\/www.grieta.org.mx\/wp-content\/uploads\/2019\/09\/1034572926.jpg\" src=\"http:\/\/www.grieta.org.mx\/wp-content\/uploads\/2019\/09\/1034572926.jpg\" alt=\"\" width=\"750\" height=\"375\" class=\"alignright size-full wp-image-39454\" srcset=\"https:\/\/www.grieta.org.mx\/wp-content\/uploads\/2019\/09\/1034572926.jpg 750w, https:\/\/www.grieta.org.mx\/wp-content\/uploads\/2019\/09\/1034572926-300x150.jpg 300w\" sizes=\"auto, (max-width: 750px) 100vw, 750px\" \/><\/p>\n<p>Redacci\u00f3n \/ La Orquesta<\/p>\n<p>En San Luis Potos\u00ed existen 64 menores hu\u00e9rfanos a causa de feminicidios, de 238 que han sido registrados a lo largo del pa\u00eds, aunque en la \u00faltima d\u00e9cada al menos 3 mil ni\u00f1as y ni\u00f1os cuya madre fue v\u00edctima de este tipo de delito.<\/p>\n<p>De acuerdo con una investigaci\u00f3n realizada por el portal Animal Pol\u00edtico, los 238 hu\u00e9rfanos est\u00e1n registrados en las siguientes entidades: Michoac\u00e1n (96), San Luis Potos\u00ed (64), Morelos (31), Coahuila (13), Jalisco (10), Chihuahua (9), Durango (6), Yucat\u00e1n (5), Quer\u00e9taro (2), Oaxaca (1) y Veracruz (1). Esos son los \u00fanicos estados que dijeron atender a hu\u00e9rfanos a causa de feminicidios.<\/p>\n<p>El portal solicit\u00f3 los registros de hu\u00e9rfanos v\u00edctimas de feminicidio que han recibido atenci\u00f3n desde 2012 a las Comisiones Estatales de Atenci\u00f3n a V\u00edctimas de la Violencia y a los sistemas DIF; sin embargo, estos datos comenzaron a registrarse a partir del a\u00f1o 2015.<\/p>\n<p>Las dependencias reconocieron que los hu\u00e9rfanos por feminicidio, antes de 2012, no son ni ser\u00e1n atendidos como v\u00edctimas de la violencia.<\/p>\n<p>\u201cB\u00e1sicamente, cada entidad federativa va marcando sus \u00e1mbitos de competencia de acuerdo a su legislaci\u00f3n, y es por eso que cada \u00f3rgano estatal tiene una forma distinta de llevar a cabo este registro\u201d, detall\u00f3 Gail Aguilar.<\/p>\n<p>Si bien la Ley General de V\u00edctimas ampara a los menores bajo la figura de v\u00edctimas indirectas, es una ley en materua concurrente, es decir, que cada entidad tiene la facultad de definir sus reglas de aplicaci\u00f3n, c\u00f3mo trabajar\u00e1n sus comisiones y c\u00f3mo realizar\u00e1n los registros.<\/p>\n<p>Cabe recordar que esta Ley se cre\u00f3 en el a\u00f1o 2013 y en 2014 se conform\u00f3 la Comisi\u00f3n Ejecutiva de Atenci\u00f3n a V\u00edctimas (CEAV); por otra parte, en 2015 el Secretariado Ejecutivo del Sistema Nacional de Seguridad P\u00fablica (SESNSP) inici\u00f3 un registro anual de feminicidios, el cual, hasta este a\u00f1o, suma 3 mil 17 feminicidios y 9 mil 892 mujeres v\u00edctimas de homicidio doloso.<\/p>\n<p><a href=\"https:\/\/laorquesta.mx\/64-huerfanos-victimas-indirectas-de-feminicidios-en-slp\/\">https:\/\/laorquesta.mx\/64-huerfanos-victimas-indirectas-de-feminicidios-en-slp\/<\/a><\/p>\n","protected":false},"excerpt":{"rendered":"<p>Redacci\u00f3n \/ La Orquesta En San Luis Potos\u00ed existen 64 menores hu\u00e9rfanos a causa de feminicidios, de 238 que han sido registrados a lo largo del pa\u00eds, aunque en la &hellip; <a href=\"https:\/\/www.grieta.org.mx\/index.php\/2019\/08\/19\/64-huerfanos-victimas-indirectas-de-feminicidios-en-slp\/\" class=\"more-link\">Leer m\u00e1s<\/a><\/p>\n","protected":false},"author":2,"featured_media":39454,"comment_status":"closed","ping_status":"closed","sticky":false,"template":"","format":"standard","meta":{"ngg_post_thumbnail":0,"_jetpack_newsletter_access":"","_jetpack_dont_email_post_to_subs":false,"_jetpack_newsletter_tier_id":0,"_jetpack_memberships_contains_paywalled_content":false,"_jetpack_memberships_contains_paid_content":false,"footnotes":""},"categories":[80,84,1284,1827,2375,2,29,83],"tags":[81,2362],"class_list":["post-39453","post","type-post","status-publish","format-standard","has-post-thumbnail","hentry","category-cintillo","category-feminicidios","category-feminicidios-en-san-luis-potosi","category-la-ninez-en-la-tormenta-capitalista","category-la-ninez-en-la-tormenta-capitalista-en-san-luis-potosi","category-noticias-nacionales","category-san-luis-potosi","category-temas-nacionales","tag-feminicidios","tag-la-ninez-en-la-tormenta","entry"],"jetpack_featured_media_url":"https:\/\/www.grieta.org.mx\/wp-content\/uploads\/2019\/09\/1034572926.jpg","jetpack_sharing_enabled":true,"jetpack_shortlink":"https:\/\/wp.me\/p7ZJR4-agl","jetpack_likes_enabled":false,"jetpack-related-posts":[{"id":42033,"url":"https:\/\/www.grieta.org.mx\/index.php\/2019\/11\/29\/por-feminicidios-70-casos-de-orfandad-en-san-luis-potosi\/","url_meta":{"origin":39453,"position":0},"title":"Por feminicidios 70 casos de orfandad en San Luis Potos\u00ed","author":"grieta","date":"29 noviembre, 2019","format":false,"excerpt":"Tan s\u00f3lo el fin de semana, una mujer asesinada dej\u00f3 a cinco ni\u00f1os hu\u00e9rfanos, revela el comisionado presidente Jorge Vega Arroyo Raymundo Rocha\/El Sol de San Luis 29 noviembre 2019 En San Luis Potos\u00ed se atienden 70 casos de orfandad por feminicidios, de ni\u00f1os menores de 12 a\u00f1os. En entrevista\u2026","rel":"","context":"En &quot;CINTILLO&quot;","block_context":{"text":"CINTILLO","link":"https:\/\/www.grieta.org.mx\/index.php\/category\/cintillo\/"},"img":{"alt_text":"","src":"https:\/\/i0.wp.com\/www.grieta.org.mx\/wp-content\/uploads\/2019\/12\/feminicidio.jpg?resize=350%2C200&ssl=1","width":350,"height":200,"srcset":"https:\/\/i0.wp.com\/www.grieta.org.mx\/wp-content\/uploads\/2019\/12\/feminicidio.jpg?resize=350%2C200&ssl=1 1x, https:\/\/i0.wp.com\/www.grieta.org.mx\/wp-content\/uploads\/2019\/12\/feminicidio.jpg?resize=525%2C300&ssl=1 1.5x, https:\/\/i0.wp.com\/www.grieta.org.mx\/wp-content\/uploads\/2019\/12\/feminicidio.jpg?resize=700%2C400&ssl=1 2x"},"classes":[]},{"id":38435,"url":"https:\/\/www.grieta.org.mx\/index.php\/2019\/08\/27\/la-4t-dejo-sin-apoyo-a-ninos-huerfanos-por-feminicidio-en-slp\/","url_meta":{"origin":39453,"position":1},"title":"La 4T dej\u00f3 sin apoyo a ni\u00f1os hu\u00e9rfanos por feminicidio en SLP","author":"grieta","date":"27 agosto, 2019","format":false,"excerpt":"Patricia Azuara \/ Quadrat\u00edn SLP SAN LUIS POTOS\u00cd, SLP., 27 de agosto de 2019.- Los recortes presupuestales y la eliminaci\u00f3n de programas sociales que ejecut\u00f3 el Gobierno Federal, dejaron sin apoyo a 30 ni\u00f1os potosinos que quedaron hu\u00e9rfanos a causa de que sus madres sufrieron el delito de feminicidio. El\u2026","rel":"","context":"En &quot;CINTILLO&quot;","block_context":{"text":"CINTILLO","link":"https:\/\/www.grieta.org.mx\/index.php\/category\/cintillo\/"},"img":{"alt_text":"","src":"https:\/\/i0.wp.com\/www.grieta.org.mx\/wp-content\/uploads\/2019\/08\/1532369836_872417_1532370214_noticia_normal-1160x700.jpg?resize=350%2C200&ssl=1","width":350,"height":200,"srcset":"https:\/\/i0.wp.com\/www.grieta.org.mx\/wp-content\/uploads\/2019\/08\/1532369836_872417_1532370214_noticia_normal-1160x700.jpg?resize=350%2C200&ssl=1 1x, https:\/\/i0.wp.com\/www.grieta.org.mx\/wp-content\/uploads\/2019\/08\/1532369836_872417_1532370214_noticia_normal-1160x700.jpg?resize=525%2C300&ssl=1 1.5x, https:\/\/i0.wp.com\/www.grieta.org.mx\/wp-content\/uploads\/2019\/08\/1532369836_872417_1532370214_noticia_normal-1160x700.jpg?resize=700%2C400&ssl=1 2x, https:\/\/i0.wp.com\/www.grieta.org.mx\/wp-content\/uploads\/2019\/08\/1532369836_872417_1532370214_noticia_normal-1160x700.jpg?resize=1050%2C600&ssl=1 3x"},"classes":[]},{"id":65614,"url":"https:\/\/www.grieta.org.mx\/index.php\/2022\/10\/14\/ninas-y-ninos-continuan-siendo-desaparecidos-en-san-luis-potosi\/","url_meta":{"origin":39453,"position":2},"title":"Ni\u00f1as y ni\u00f1os contin\u00faan siendo desaparecidos en San Lu\u00eds Potos\u00ed","author":"grieta","date":"14 octubre, 2022","format":false,"excerpt":"Edwin Gonz\u00e1lez\/Debate 14 octubre 2022 San Lu\u00eds Potos\u00ed, San Lu\u00eds Potos\u00ed. - En San Lu\u00eds Potos\u00ed se sigue reportando que mujeres y hombres menores de edad contin\u00faan siendo desaparecidos, pues, como te hemos comentado en DEBATE, entre el 25 de septiembre al cuatro de octubre se report\u00f3 seis menores en\u2026","rel":"","context":"En &quot;CINTILLO&quot;","block_context":{"text":"CINTILLO","link":"https:\/\/www.grieta.org.mx\/index.php\/category\/cintillo\/"},"img":{"alt_text":"","src":"https:\/\/i0.wp.com\/www.grieta.org.mx\/wp-content\/uploads\/2022\/10\/desaparecidospotosx1_1_crop1665769035381.jpg_172596871.webp?resize=350%2C200&ssl=1","width":350,"height":200,"srcset":"https:\/\/i0.wp.com\/www.grieta.org.mx\/wp-content\/uploads\/2022\/10\/desaparecidospotosx1_1_crop1665769035381.jpg_172596871.webp?resize=350%2C200&ssl=1 1x, https:\/\/i0.wp.com\/www.grieta.org.mx\/wp-content\/uploads\/2022\/10\/desaparecidospotosx1_1_crop1665769035381.jpg_172596871.webp?resize=525%2C300&ssl=1 1.5x, https:\/\/i0.wp.com\/www.grieta.org.mx\/wp-content\/uploads\/2022\/10\/desaparecidospotosx1_1_crop1665769035381.jpg_172596871.webp?resize=700%2C400&ssl=1 2x, https:\/\/i0.wp.com\/www.grieta.org.mx\/wp-content\/uploads\/2022\/10\/desaparecidospotosx1_1_crop1665769035381.jpg_172596871.webp?resize=1050%2C600&ssl=1 3x"},"classes":[]},{"id":60676,"url":"https:\/\/www.grieta.org.mx\/index.php\/2021\/07\/18\/se-los-traga-la-tierra-desaparecen-menores-migrantes-al-cruzar-slp\/","url_meta":{"origin":39453,"position":3},"title":"Se los traga la tierra, desaparecen menores migrantes al cruzar SLP","author":"grieta","date":"18 julio, 2021","format":false,"excerpt":"Juan Hern\u00e1ndez\/Quadrat\u00edn San Luis Potos\u00ed 18 julio 2021 Al menos 10 menores de entre 12 y 17 a\u00f1os, nacidos en Honduras y El Salvador, han desaparecido en su paso por San Luis Potos\u00ed en el transcurso de este a\u00f1o. La Fiscal\u00eda Especializada en Derechos Humanos mantiene activas las fichas de\u2026","rel":"","context":"En &quot;CINTILLO&quot;","block_context":{"text":"CINTILLO","link":"https:\/\/www.grieta.org.mx\/index.php\/category\/cintillo\/"},"img":{"alt_text":"","src":"https:\/\/i0.wp.com\/www.grieta.org.mx\/wp-content\/uploads\/2021\/07\/ninos-mig.jpeg?resize=350%2C200&ssl=1","width":350,"height":200,"srcset":"https:\/\/i0.wp.com\/www.grieta.org.mx\/wp-content\/uploads\/2021\/07\/ninos-mig.jpeg?resize=350%2C200&ssl=1 1x, https:\/\/i0.wp.com\/www.grieta.org.mx\/wp-content\/uploads\/2021\/07\/ninos-mig.jpeg?resize=525%2C300&ssl=1 1.5x, https:\/\/i0.wp.com\/www.grieta.org.mx\/wp-content\/uploads\/2021\/07\/ninos-mig.jpeg?resize=700%2C400&ssl=1 2x, https:\/\/i0.wp.com\/www.grieta.org.mx\/wp-content\/uploads\/2021\/07\/ninos-mig.jpeg?resize=1050%2C600&ssl=1 3x"},"classes":[]},{"id":34046,"url":"https:\/\/www.grieta.org.mx\/index.php\/2019\/05\/30\/aseguran-a-85-migrantes-en-tamaulipas\/","url_meta":{"origin":39453,"position":4},"title":"Aseguran a 85 migrantes en Tamaulipas","author":"grieta","date":"30 mayo, 2019","format":false,"excerpt":"Antonio Hern\u00e1ndez \/ Milenio Salieron de Ciudad Valles, San Luis Potos\u00ed en un autob\u00fas for\u00e1neo con destino a Reynosa, frontera de Tamaulipas. Elementos de la Polic\u00eda Federal aseguraron a 85 indocumentados que viajaban en un autob\u00fas que ten\u00eda como destino llegar a Reynosa. Entre los migrantes hay ni\u00f1os de brazos,\u2026","rel":"","context":"En &quot;CINTILLO&quot;","block_context":{"text":"CINTILLO","link":"https:\/\/www.grieta.org.mx\/index.php\/category\/cintillo\/"},"img":{"alt_text":"","src":"https:\/\/i0.wp.com\/www.grieta.org.mx\/wp-content\/uploads\/2019\/06\/Aseguran-a-85-migrantes-en-Tamaulipas-jun.jpg?resize=350%2C200&ssl=1","width":350,"height":200,"srcset":"https:\/\/i0.wp.com\/www.grieta.org.mx\/wp-content\/uploads\/2019\/06\/Aseguran-a-85-migrantes-en-Tamaulipas-jun.jpg?resize=350%2C200&ssl=1 1x, https:\/\/i0.wp.com\/www.grieta.org.mx\/wp-content\/uploads\/2019\/06\/Aseguran-a-85-migrantes-en-Tamaulipas-jun.jpg?resize=525%2C300&ssl=1 1.5x, https:\/\/i0.wp.com\/www.grieta.org.mx\/wp-content\/uploads\/2019\/06\/Aseguran-a-85-migrantes-en-Tamaulipas-jun.jpg?resize=700%2C400&ssl=1 2x"},"classes":[]},{"id":41373,"url":"https:\/\/www.grieta.org.mx\/index.php\/2019\/11\/07\/crece-tasa-de-ejecuciones-de-menores-de-edad-en-san-luis-potosi\/","url_meta":{"origin":39453,"position":5},"title":"Crece tasa de ejecuciones de menores de edad en San Luis Potos\u00ed","author":"grieta","date":"7 noviembre, 2019","format":false,"excerpt":"Redacci\u00f3n\/Quadratin SLP 7 noviembre 2019 La tasa de homicidios dolosos contra ni\u00f1as, ni\u00f1os y adolescentes en San Luis Potos\u00ed, aument\u00f3 de 2.38 a 3.2 por cada 100 mil habitantes, entre los a\u00f1os 2015 y 2018, revel\u00f3 el Estudio Ni\u00f1as, Ni\u00f1os y Adolescentes V\u00edctimas del Crimen Organizado en M\u00e9xico, elaborado por\u2026","rel":"","context":"En &quot;CINTILLO&quot;","block_context":{"text":"CINTILLO","link":"https:\/\/www.grieta.org.mx\/index.php\/category\/cintillo\/"},"img":{"alt_text":"","src":"https:\/\/i0.wp.com\/www.grieta.org.mx\/wp-content\/uploads\/2018\/03\/14524434_1106112876131411_958039263622046936_o.jpg?resize=350%2C200&ssl=1","width":350,"height":200,"srcset":"https:\/\/i0.wp.com\/www.grieta.org.mx\/wp-content\/uploads\/2018\/03\/14524434_1106112876131411_958039263622046936_o.jpg?resize=350%2C200&ssl=1 1x, https:\/\/i0.wp.com\/www.grieta.org.mx\/wp-content\/uploads\/2018\/03\/14524434_1106112876131411_958039263622046936_o.jpg?resize=525%2C300&ssl=1 1.5x, https:\/\/i0.wp.com\/www.grieta.org.mx\/wp-content\/uploads\/2018\/03\/14524434_1106112876131411_958039263622046936_o.jpg?resize=700%2C400&ssl=1 2x"},"classes":[]}],"_links":{"self":[{"href":"https:\/\/www.grieta.org.mx\/index.php\/wp-json\/wp\/v2\/posts\/39453","targetHints":{"allow":["GET"]}}],"collection":[{"href":"https:\/\/www.grieta.org.mx\/index.php\/wp-json\/wp\/v2\/posts"}],"about":[{"href":"https:\/\/www.grieta.org.mx\/index.php\/wp-json\/wp\/v2\/types\/post"}],"author":[{"embeddable":true,"href":"https:\/\/www.grieta.org.mx\/index.php\/wp-json\/wp\/v2\/users\/2"}],"replies":[{"embeddable":true,"href":"https:\/\/www.grieta.org.mx\/index.php\/wp-json\/wp\/v2\/comments?post=39453"}],"version-history":[{"count":1,"href":"https:\/\/www.grieta.org.mx\/index.php\/wp-json\/wp\/v2\/posts\/39453\/revisions"}],"predecessor-version":[{"id":39455,"href":"https:\/\/www.grieta.org.mx\/index.php\/wp-json\/wp\/v2\/posts\/39453\/revisions\/39455"}],"wp:featuredmedia":[{"embeddable":true,"href":"https:\/\/www.grieta.org.mx\/index.php\/wp-json\/wp\/v2\/media\/39454"}],"wp:attachment":[{"href":"https:\/\/www.grieta.org.mx\/index.php\/wp-json\/wp\/v2\/media?parent=39453"}],"wp:term":[{"taxonomy":"category","embeddable":true,"href":"https:\/\/www.grieta.org.mx\/index.php\/wp-json\/wp\/v2\/categories?post=39453"},{"taxonomy":"post_tag","embeddable":true,"href":"https:\/\/www.grieta.org.mx\/index.php\/wp-json\/wp\/v2\/tags?post=39453"}],"curies":[{"name":"wp","href":"https:\/\/api.w.org\/{rel}","templated":true}]}}