{"id":39320,"date":"2019-09-18T21:23:27","date_gmt":"2019-09-19T02:23:27","guid":{"rendered":"http:\/\/www.grieta.org.mx\/?p=39320"},"modified":"2019-09-19T21:49:21","modified_gmt":"2019-09-20T02:49:21","slug":"despojos-de-viviendas-desatan-protesta-contra-inmobiliaria-chihuahua","status":"publish","type":"post","link":"https:\/\/www.grieta.org.mx\/index.php\/2019\/09\/18\/despojos-de-viviendas-desatan-protesta-contra-inmobiliaria-chihuahua\/","title":{"rendered":"Despojos de viviendas desatan protesta contra inmobiliaria (Chihuahua)"},"content":{"rendered":"<p><img loading=\"lazy\" decoding=\"async\" data-attachment-id=\"39321\" data-permalink=\"https:\/\/www.grieta.org.mx\/index.php\/2019\/09\/18\/despojos-de-viviendas-desatan-protesta-contra-inmobiliaria-chihuahua\/provive-la-verdad\/\" data-orig-file=\"https:\/\/www.grieta.org.mx\/wp-content\/uploads\/2019\/09\/Provive-La-Verdad.jpg\" data-orig-size=\"4032,3024\" data-comments-opened=\"0\" data-image-meta=\"{&quot;aperture&quot;:&quot;1.8&quot;,&quot;credit&quot;:&quot;&quot;,&quot;camera&quot;:&quot;iPhone 8&quot;,&quot;caption&quot;:&quot;&quot;,&quot;created_timestamp&quot;:&quot;1568792212&quot;,&quot;copyright&quot;:&quot;&quot;,&quot;focal_length&quot;:&quot;3.99&quot;,&quot;iso&quot;:&quot;20&quot;,&quot;shutter_speed&quot;:&quot;0.0026178010471204&quot;,&quot;title&quot;:&quot;&quot;,&quot;orientation&quot;:&quot;1&quot;}\" data-image-title=\"Provive-La-Verdad\" data-image-description=\"\" data-image-caption=\"\" data-medium-file=\"https:\/\/www.grieta.org.mx\/wp-content\/uploads\/2019\/09\/Provive-La-Verdad-300x225.jpg\" data-large-file=\"https:\/\/www.grieta.org.mx\/wp-content\/uploads\/2019\/09\/Provive-La-Verdad-1024x768.jpg\" class=\"alignright wp-image-39321\" src=\"http:\/\/www.grieta.org.mx\/wp-content\/uploads\/2019\/09\/Provive-La-Verdad-1024x768.jpg\" alt=\"\" width=\"800\" height=\"600\" srcset=\"https:\/\/www.grieta.org.mx\/wp-content\/uploads\/2019\/09\/Provive-La-Verdad-1024x768.jpg 1024w, https:\/\/www.grieta.org.mx\/wp-content\/uploads\/2019\/09\/Provive-La-Verdad-300x225.jpg 300w, https:\/\/www.grieta.org.mx\/wp-content\/uploads\/2019\/09\/Provive-La-Verdad-768x576.jpg 768w, https:\/\/www.grieta.org.mx\/wp-content\/uploads\/2019\/09\/Provive-La-Verdad-667x500.jpg 667w\" sizes=\"auto, (max-width: 800px) 100vw, 800px\" \/><\/p>\n<blockquote><p>Afectados acusan que sus casas fueron saqueadas y desvalijadas por negarse a su desalojo; aseguran que buscaron una soluci\u00f3n ante el Infonavit pero se las negaron. Pide a los gobiernos frenar acciones \u2018ilegales\u2019 de este tipo de empresas<\/p><\/blockquote>\n<p>LA VERDAD<\/p>\n<p>Ciudad Ju\u00e1rez \u2013 Cuando regres\u00f3 a su casa, Leobaldo Espinoza Garc\u00eda la encontr\u00f3 vac\u00eda. \u201cSe llevaron todo\u201d, acusa el hombre que fue despojado de la vivienda que compr\u00f3 hace 11 a\u00f1os con un cr\u00e9dito de Infonavit, de donde se llevaron \u201chasta la ropa sucia\u201d.<\/p>\n<p>Su casa fue \u2018desvalijada\u2019, las ventanas y puertas fueron arrancadas. Fueron empleados de la inmobiliaria Provive, dice el hombre, quien se enter\u00f3 de lo que pasaba en su casa por un aviso de sus vecinos, pero cuando regres\u00f3 ya no pudo hacer nada. Estaba en la calle y sin nada.<\/p>\n<p>\u201cYa rebasaron los l\u00edmites\u201d, advierte Griselda Sosa, dirigente de El Barz\u00f3n en Ciudad Ju\u00e1rez, durante una protesta que encabez\u00f3 frente a la oficina de la inmobiliaria, por despojo de viviendas y por los desalojos, sin orden judicial, que llevan a cabo contra deudores del Infonavit.<\/p>\n<p>Ah\u00ed hizo la denuncia de que, en los \u00faltimos d\u00edas, tres personas fueron desalojadas de sus viviendas por personal de esa empresa, dedicada a la recuperaci\u00f3n de casas de inter\u00e9s social para volverlas a poner a la venta. Esos inmuebles est\u00e1n ubicados en los fraccionamientos Riberas del Bravo, Rinc\u00f3n del Solar e Infonavit Solidaridad.<\/p>\n<p>Los afectados acusan que sus casas fueron saqueadas y desvalijadas por negarse a desalojarlas; aseguran que intentaron una soluci\u00f3n ante el Infonavit, pero se las negaron.<\/p>\n<figure id=\"attachment_39324\" aria-describedby=\"caption-attachment-39324\" style=\"width: 800px\" class=\"wp-caption alignright\"><img loading=\"lazy\" decoding=\"async\" data-attachment-id=\"39324\" data-permalink=\"https:\/\/www.grieta.org.mx\/index.php\/2019\/09\/18\/despojos-de-viviendas-desatan-protesta-contra-inmobiliaria-chihuahua\/casa-desvalijada-el-barzon-1024x576\/\" data-orig-file=\"https:\/\/www.grieta.org.mx\/wp-content\/uploads\/2019\/09\/Casa-desvalijada-El-Barz\u00f3n-1024x576.jpg\" data-orig-size=\"1024,576\" data-comments-opened=\"0\" data-image-meta=\"{&quot;aperture&quot;:&quot;0&quot;,&quot;credit&quot;:&quot;&quot;,&quot;camera&quot;:&quot;&quot;,&quot;caption&quot;:&quot;&quot;,&quot;created_timestamp&quot;:&quot;0&quot;,&quot;copyright&quot;:&quot;&quot;,&quot;focal_length&quot;:&quot;0&quot;,&quot;iso&quot;:&quot;0&quot;,&quot;shutter_speed&quot;:&quot;0&quot;,&quot;title&quot;:&quot;&quot;,&quot;orientation&quot;:&quot;0&quot;}\" data-image-title=\"Casa-desvalijada-El-Barz\u00f3n-1024&amp;#215;576\" data-image-description=\"\" data-image-caption=\"&lt;p&gt;Casa desalojada y desvalijada, presuntamente por empleados de la inmobiliaria, en el fraccionamiento Rincones del Solar II. Fotograf\u00eda: El Barz\u00f3n&lt;\/p&gt;\n\" data-medium-file=\"https:\/\/www.grieta.org.mx\/wp-content\/uploads\/2019\/09\/Casa-desvalijada-El-Barz\u00f3n-1024x576-300x169.jpg\" data-large-file=\"https:\/\/www.grieta.org.mx\/wp-content\/uploads\/2019\/09\/Casa-desvalijada-El-Barz\u00f3n-1024x576-1024x576.jpg\" class=\"wp-image-39324\" src=\"http:\/\/www.grieta.org.mx\/wp-content\/uploads\/2019\/09\/Casa-desvalijada-El-Barz\u00f3n-1024x576-1024x576.jpg\" alt=\"\" width=\"800\" height=\"450\" srcset=\"https:\/\/www.grieta.org.mx\/wp-content\/uploads\/2019\/09\/Casa-desvalijada-El-Barz\u00f3n-1024x576.jpg 1024w, https:\/\/www.grieta.org.mx\/wp-content\/uploads\/2019\/09\/Casa-desvalijada-El-Barz\u00f3n-1024x576-300x169.jpg 300w, https:\/\/www.grieta.org.mx\/wp-content\/uploads\/2019\/09\/Casa-desvalijada-El-Barz\u00f3n-1024x576-768x432.jpg 768w, https:\/\/www.grieta.org.mx\/wp-content\/uploads\/2019\/09\/Casa-desvalijada-El-Barz\u00f3n-1024x576-889x500.jpg 889w\" sizes=\"auto, (max-width: 800px) 100vw, 800px\" \/><figcaption id=\"caption-attachment-39324\" class=\"wp-caption-text\">Casa desalojada y desvalijada, presuntamente por empleados de la inmobiliaria, en el fraccionamiento Rincones del Solar II. Fotograf\u00eda: El Barz\u00f3n<\/figcaption><\/figure>\n<p><img loading=\"lazy\" decoding=\"async\" data-attachment-id=\"39325\" data-permalink=\"https:\/\/www.grieta.org.mx\/index.php\/2019\/09\/18\/despojos-de-viviendas-desatan-protesta-contra-inmobiliaria-chihuahua\/casa-desvalijada-1-el-barzon-576x1024\/\" data-orig-file=\"https:\/\/www.grieta.org.mx\/wp-content\/uploads\/2019\/09\/Casa-desvalijada-1-El-Barz\u00f3n-576x1024.jpg\" data-orig-size=\"576,1024\" data-comments-opened=\"0\" data-image-meta=\"{&quot;aperture&quot;:&quot;0&quot;,&quot;credit&quot;:&quot;&quot;,&quot;camera&quot;:&quot;&quot;,&quot;caption&quot;:&quot;&quot;,&quot;created_timestamp&quot;:&quot;0&quot;,&quot;copyright&quot;:&quot;&quot;,&quot;focal_length&quot;:&quot;0&quot;,&quot;iso&quot;:&quot;0&quot;,&quot;shutter_speed&quot;:&quot;0&quot;,&quot;title&quot;:&quot;&quot;,&quot;orientation&quot;:&quot;0&quot;}\" data-image-title=\"Casa-desvalijada-1-El-Barz\u00f3n-576&amp;#215;1024\" data-image-description=\"\" data-image-caption=\"\" data-medium-file=\"https:\/\/www.grieta.org.mx\/wp-content\/uploads\/2019\/09\/Casa-desvalijada-1-El-Barz\u00f3n-576x1024-169x300.jpg\" data-large-file=\"https:\/\/www.grieta.org.mx\/wp-content\/uploads\/2019\/09\/Casa-desvalijada-1-El-Barz\u00f3n-576x1024-576x1024.jpg\" class=\"alignright wp-image-39325 size-large\" src=\"http:\/\/www.grieta.org.mx\/wp-content\/uploads\/2019\/09\/Casa-desvalijada-1-El-Barz\u00f3n-576x1024-576x1024.jpg\" alt=\"\" width=\"576\" height=\"1024\" srcset=\"https:\/\/www.grieta.org.mx\/wp-content\/uploads\/2019\/09\/Casa-desvalijada-1-El-Barz\u00f3n-576x1024.jpg 576w, https:\/\/www.grieta.org.mx\/wp-content\/uploads\/2019\/09\/Casa-desvalijada-1-El-Barz\u00f3n-576x1024-169x300.jpg 169w, https:\/\/www.grieta.org.mx\/wp-content\/uploads\/2019\/09\/Casa-desvalijada-1-El-Barz\u00f3n-576x1024-281x500.jpg 281w\" sizes=\"auto, (max-width: 576px) 100vw, 576px\" \/><\/p>\n<p>    COMMENTS<br \/>\nAfectados acusan que sus casas fueron saqueadas y desvalijadas por negarse a su desalojo; aseguran que buscaron una soluci\u00f3n ante el Infonavit pero se las negaron. Pide a los gobiernos frenar acciones \u2018ilegales\u2019 de este tipo de empresas<\/p>\n<p>La Verdad<\/p>\n<p>Ciudad Ju\u00e1rez \u2013 Cuando regres\u00f3 a su casa, Leobaldo Espinoza Garc\u00eda la encontr\u00f3 vac\u00eda. \u201cSe llevaron todo\u201d, acusa el hombre que fue despojado de la vivienda que compr\u00f3 hace 11 a\u00f1os con un cr\u00e9dito de Infonavit, de donde se llevaron \u201chasta la ropa sucia\u201d.<\/p>\n<p>Su casa fue \u2018desvalijada\u2019, las ventanas y puertas fueron arrancadas. Fueron empleados de la inmobiliaria Provive, dice el hombre, quien se enter\u00f3 de lo que pasaba en su casa por un aviso de sus vecinos, pero cuando regres\u00f3 ya no pudo hacer nada. Estaba en la calle y sin nada.<\/p>\n<p>\u201cYa rebasaron los l\u00edmites\u201d, advierte Griselda Sosa, dirigente de El Barz\u00f3n en Ciudad Ju\u00e1rez, durante una protesta que encabez\u00f3 frente a la oficina de la inmobiliaria, por despojo de viviendas y por los desalojos, sin orden judicial, que llevan a cabo contra deudores del Infonavit.<\/p>\n<p>Ah\u00ed hizo la denuncia de que, en los \u00faltimos d\u00edas, tres personas fueron desalojadas de sus viviendas por personal de esa empresa, dedicada a la recuperaci\u00f3n de casas de inter\u00e9s social para volverlas a poner a la venta. Esos inmuebles est\u00e1n ubicados en los fraccionamientos Riberas del Bravo, Rinc\u00f3n del Solar e Infonavit Solidaridad.<\/p>\n<p>Los afectados acusan que sus casas fueron saqueadas y desvalijadas por negarse a desalojarlas; aseguran que intentaron una soluci\u00f3n ante el Infonavit, pero se las negaron.<\/p>\n<p>Casa desalojada y desvalijada, presuntamente por empleados de la inmobiliaria, en el fraccionamiento Rincones del Solar II. Fotograf\u00eda: El Barz\u00f3n<\/p>\n<p>\u201cSe hab\u00edan dedicado a hostigar a las familias, a amedrentarlas, pero hoy ya rompieron los l\u00edmites, ya entraron a las casas, las desvalijaron, ya las robaron, literalmente, sin una orden judicial, ellos ya lo hacen por sus pistolas y no lo podemos permitir\u201d dice Sosa.<\/p>\n<p>La protesta se llev\u00f3 a cabo a las 7:00 horas de este mi\u00e9rcoles, cuando a\u00fan estaba cerrada la oficina de la inmobiliaria, que opera en una plaza ubicada en cruce de las avenidas Ej\u00e9rcito Nacional y Manuel G\u00f3mez Mor\u00edn. La manifestaci\u00f3n se prolong\u00f3 hasta las 8:00 horas y los empleados que iba llegando al lugar se negaron a realizar declaraciones. La empresa no emiti\u00f3 comentarios sobre la protesta y la denuncia en su contra.<\/p>\n<p>La dirigente de El Barz\u00f3n menciona que las autoridades no pueden estar con pasividad ante esta realidad que afecta a miles de personas que no van al corriente en el pago de su vivienda.<\/p>\n<p>\u201cNadie est\u00e1 defiendo a toda esta gente, la deber\u00eda estar defendiendo el gobierno del estado, del municipio o la de la federaci\u00f3n\u201d expresa.<\/p>\n<p>\u201cEl gobierno del estado est\u00e1 siendo c\u00f3mplice, mientras no solucione estas adjudicaciones mal habidas, es c\u00f3mplice\u201d afirma mientras a su espalda un grupo de hombres y mujeres sostiene cartulinas y mantas donde se puede leer: \u201cNo m\u00e1s intimidaci\u00f3n\u201d, \u201cFiscalizaci\u00f3n a inmobiliarias\u201d \u201cExigimos se respeten las medidas de apoyo anunciadas por el presidente Andr\u00e9s Manuel L\u00f3pez Obrador, no m\u00e1s desalojos\u201d.<\/p>\n<p>Sosa menciona que adem\u00e1s de manifestarse van a presentar una solicitud de amparo contra esas acciones realizadas por la inmobiliaria e interpondr\u00e1n una denuncia penal porque act\u00faan fuera de la ley y tendr\u00e1n que ser castigados.<\/p>\n<p>Leobaldo reclama su vivienda ubicada en la calle Rinc\u00f3n del Solar Poniente 11006, en el Fraccionamiento Rinc\u00f3n del Solar II.<\/p>\n<p>Cuando llegue, esta inmobiliaria ya hab\u00eda vaciado mi casa y yo creo que no es justo que haya pasado esto\u201d, afirma el hombre que tras el despojo y robo de sus muebles y ropa durmi\u00f3 por cinco d\u00edas en un autom\u00f3vil que le prestaron a su familia. Ahora ya duerme en una bodega que conocidos le facilitaron.<\/p>\n<p>Nunca fue notificado que hab\u00eda un procedimiento judicial contra por su casa, dice, aunque concede que dej\u00f3 de pagar por cuatro a\u00f1os y cuando acudi\u00f3 al Infonavit a buscar una soluci\u00f3n le respondieron que su caso estaba cerrado.<\/p>\n<p>\u201cNunca entregue mi casa\u201d, afirma el hombre que ahora busca recuperarla para su familia.<\/p>\n<p><a href=\"https:\/\/laverdadjuarez.com\/index.php\/2019\/09\/18\/despojos-de-viviendas-desatan-protesta-contra-inmobiliaria\/\" rel=\"noopener noreferrer\" target=\"_blank\">https:\/\/laverdadjuarez.com\/index.php\/2019\/09\/18\/despojos-de-viviendas-desatan-protesta-contra-inmobiliaria\/<\/a><\/p>\n","protected":false},"excerpt":{"rendered":"<p>Afectados acusan que sus casas fueron saqueadas y desvalijadas por negarse a su desalojo; aseguran que buscaron una soluci\u00f3n ante el Infonavit pero se las negaron. Pide a los gobiernos &hellip; <a href=\"https:\/\/www.grieta.org.mx\/index.php\/2019\/09\/18\/despojos-de-viviendas-desatan-protesta-contra-inmobiliaria-chihuahua\/\" class=\"more-link\">Leer m\u00e1s<\/a><\/p>\n","protected":false},"author":2,"featured_media":39321,"comment_status":"closed","ping_status":"closed","sticky":false,"template":"","format":"standard","meta":{"ngg_post_thumbnail":0,"_jetpack_newsletter_access":"","_jetpack_dont_email_post_to_subs":false,"_jetpack_newsletter_tier_id":0,"_jetpack_memberships_contains_paywalled_content":false,"_jetpack_memberships_contains_paid_content":false,"footnotes":""},"categories":[12,80,2864,1278,2,83],"tags":[1210,2866,2271],"class_list":["post-39320","post","type-post","status-publish","format-standard","has-post-thumbnail","hentry","category-chihuahua","category-cintillo","category-conflictos-por-desarrollos-inmobiliarios-en-chihuahua","category-despojo-de-tierras-y-territorios","category-noticias-nacionales","category-temas-nacionales","tag-conflictos-por-desarrollos-inmobiliarios","tag-despojo-de-vivienda-social-por-inmobiliarias","tag-especulacion-inmobiliaria","entry"],"jetpack_featured_media_url":"https:\/\/www.grieta.org.mx\/wp-content\/uploads\/2019\/09\/Provive-La-Verdad.jpg","jetpack_sharing_enabled":true,"jetpack_shortlink":"https:\/\/wp.me\/p7ZJR4-aec","jetpack_likes_enabled":false,"jetpack-related-posts":[{"id":65132,"url":"https:\/\/www.grieta.org.mx\/index.php\/2022\/09\/05\/vecinos-de-el-refugio-se-oponen-a-desarrollos-inmobiliarios-en-ciudad-creativa-jalisco\/","url_meta":{"origin":39320,"position":0},"title":"Vecinos de El Refugio se oponen a desarrollos inmobiliarios en Ciudad Creativa (Jalisco)","author":"grieta","date":"5 septiembre, 2022","format":false,"excerpt":"Imagen: Lauro Rodr\u00edguez Lauro Rodr\u00edguez \/ EL Diario NTR Un grupo de vecinos representantes de la colonia El Refugio, de la zona Centro de Guadalajara, se manifestaron durante el inicio de los proyectos de vivienda en Distrito Creativo. Los vecinos precisaron que no quieren el desarrollo inmobiliario porque llegar\u00e1 a\u2026","rel":"","context":"En &quot;CINTILLO&quot;","block_context":{"text":"CINTILLO","link":"https:\/\/www.grieta.org.mx\/index.php\/category\/cintillo\/"},"img":{"alt_text":"","src":"https:\/\/i0.wp.com\/www.grieta.org.mx\/wp-content\/uploads\/2022\/09\/2022-09-05_11-09-08___5232.jpg?resize=350%2C200&ssl=1","width":350,"height":200,"srcset":"https:\/\/i0.wp.com\/www.grieta.org.mx\/wp-content\/uploads\/2022\/09\/2022-09-05_11-09-08___5232.jpg?resize=350%2C200&ssl=1 1x, https:\/\/i0.wp.com\/www.grieta.org.mx\/wp-content\/uploads\/2022\/09\/2022-09-05_11-09-08___5232.jpg?resize=525%2C300&ssl=1 1.5x, https:\/\/i0.wp.com\/www.grieta.org.mx\/wp-content\/uploads\/2022\/09\/2022-09-05_11-09-08___5232.jpg?resize=700%2C400&ssl=1 2x"},"classes":[]},{"id":28630,"url":"https:\/\/www.grieta.org.mx\/index.php\/2019\/01\/28\/comuneros-se-preparan-para-evitar-el-despojo-de-sus-tierras-san-luis-potosi\/","url_meta":{"origin":39320,"position":1},"title":"Comuneros se preparan para evitar el despojo de sus tierras (San Luis Potos\u00ed)","author":"grieta","date":"28 enero, 2019","format":false,"excerpt":"Patricia Azuara \/ elsoldesanluis La compra ilegal y muy por debajo de su costo real, es el mayor problema al que se enfrentan decenas de ejidatarios Reunidos en el Anexo las Cruces y Carmona de la Comunidad de Suspiro Picacho, comuneros acordaron prep\u00e1rese para evitar acciones de despojo del territorio;\u2026","rel":"","context":"En &quot;CINTILLO&quot;","block_context":{"text":"CINTILLO","link":"https:\/\/www.grieta.org.mx\/index.php\/category\/cintillo\/"},"img":{"alt_text":"","src":"https:\/\/i0.wp.com\/www.grieta.org.mx\/wp-content\/uploads\/2019\/01\/Comuneros-se-preparan-para-evitar-el-despojo-de-sus-tierras.jpeg?resize=350%2C200&ssl=1","width":350,"height":200,"srcset":"https:\/\/i0.wp.com\/www.grieta.org.mx\/wp-content\/uploads\/2019\/01\/Comuneros-se-preparan-para-evitar-el-despojo-de-sus-tierras.jpeg?resize=350%2C200&ssl=1 1x, https:\/\/i0.wp.com\/www.grieta.org.mx\/wp-content\/uploads\/2019\/01\/Comuneros-se-preparan-para-evitar-el-despojo-de-sus-tierras.jpeg?resize=525%2C300&ssl=1 1.5x, https:\/\/i0.wp.com\/www.grieta.org.mx\/wp-content\/uploads\/2019\/01\/Comuneros-se-preparan-para-evitar-el-despojo-de-sus-tierras.jpeg?resize=700%2C400&ssl=1 2x"},"classes":[]},{"id":26637,"url":"https:\/\/www.grieta.org.mx\/index.php\/2018\/09\/15\/policias-de-la-cdmx-detienen-a-dos-defensores-del-agua-cuando-documentaban-en-el-planton-azteca\/","url_meta":{"origin":39320,"position":2},"title":"Polic\u00edas de la CDMX detienen a dos defensores del agua cuando documentaban en el plant\u00f3n Azteca","author":"grieta","date":"15 septiembre, 2018","format":false,"excerpt":"Redacci\u00f3n\/somos el medio CDMX, 15 de septiembre 2018.-\u00a0Polic\u00edas de la Secretaria de Seguridad P\u00fablica de la Ciudad de M\u00e9xico, detuvieron a dos activistas que realizaban una transmisi\u00f3n en vivo donde denunciaban la afectaci\u00f3n a la v\u00eda p\u00fablica que la inmobiliaria Quiero Casa realizaba sobre la banqueta. Al rededor de las\u00a010:30\u2026","rel":"","context":"En &quot;CINTILLO&quot;","block_context":{"text":"CINTILLO","link":"https:\/\/www.grieta.org.mx\/index.php\/category\/cintillo\/"},"img":{"alt_text":"","src":"https:\/\/i0.wp.com\/www.grieta.org.mx\/wp-content\/uploads\/2018\/03\/14524434_1106112876131411_958039263622046936_o.jpg?resize=350%2C200&ssl=1","width":350,"height":200,"srcset":"https:\/\/i0.wp.com\/www.grieta.org.mx\/wp-content\/uploads\/2018\/03\/14524434_1106112876131411_958039263622046936_o.jpg?resize=350%2C200&ssl=1 1x, https:\/\/i0.wp.com\/www.grieta.org.mx\/wp-content\/uploads\/2018\/03\/14524434_1106112876131411_958039263622046936_o.jpg?resize=525%2C300&ssl=1 1.5x, https:\/\/i0.wp.com\/www.grieta.org.mx\/wp-content\/uploads\/2018\/03\/14524434_1106112876131411_958039263622046936_o.jpg?resize=700%2C400&ssl=1 2x"},"classes":[]},{"id":55464,"url":"https:\/\/www.grieta.org.mx\/index.php\/2020\/11\/25\/denuncian-ante-semarnat-y-profepa-la-construccion-de-punto-olivo-en-queretaro\/","url_meta":{"origin":39320,"position":3},"title":"Denuncian ante Semarnat y Profepa la construcci\u00f3n de \u201cPunto Olivo\u201d, en Quer\u00e9taro","author":"grieta","date":"25 noviembre, 2020","format":false,"excerpt":"Las car\u00e1tulas de las denuncias que difunden desde la p\u00e1gina \u201cCiudadanos Reforestando Quer\u00e9taro\u201d. Iv\u00e1n Aldama Garnica \/ Liberta de Palabra En un video promocional, es difundido que el desarrollo se ubica \u201centre dos hermosas \u00e1reas naturales protegidas\u201d. Quer\u00e9taro, Qro.- Federico Orozco Mouret y Jessica Guerrero Nieto anunciaron que interpusieron una\u2026","rel":"","context":"En &quot;CINTILLO&quot;","block_context":{"text":"CINTILLO","link":"https:\/\/www.grieta.org.mx\/index.php\/category\/cintillo\/"},"img":{"alt_text":"","src":"https:\/\/i0.wp.com\/www.grieta.org.mx\/wp-content\/uploads\/2020\/11\/Denuncian-ante-Semarnat-y-Profepa-la-construccio%CC%81n-de-Punto-Olivo-en-Quere%CC%81taro-1024x536-1.jpg?resize=350%2C200&ssl=1","width":350,"height":200,"srcset":"https:\/\/i0.wp.com\/www.grieta.org.mx\/wp-content\/uploads\/2020\/11\/Denuncian-ante-Semarnat-y-Profepa-la-construccio%CC%81n-de-Punto-Olivo-en-Quere%CC%81taro-1024x536-1.jpg?resize=350%2C200&ssl=1 1x, https:\/\/i0.wp.com\/www.grieta.org.mx\/wp-content\/uploads\/2020\/11\/Denuncian-ante-Semarnat-y-Profepa-la-construccio%CC%81n-de-Punto-Olivo-en-Quere%CC%81taro-1024x536-1.jpg?resize=525%2C300&ssl=1 1.5x, https:\/\/i0.wp.com\/www.grieta.org.mx\/wp-content\/uploads\/2020\/11\/Denuncian-ante-Semarnat-y-Profepa-la-construccio%CC%81n-de-Punto-Olivo-en-Quere%CC%81taro-1024x536-1.jpg?resize=700%2C400&ssl=1 2x"},"classes":[]},{"id":50938,"url":"https:\/\/www.grieta.org.mx\/index.php\/2020\/06\/17\/inmobiliaria-aprovecha-la-pandemia-para-reiniciar-obra-ilegal-en-periferico-sur-vecinos-de-villas-del-pedregal-protestan-ante-la-inaccion-de-las-autoridades-capitalinas-ciudad-de-mexico\/","url_meta":{"origin":39320,"position":4},"title":"Inmobiliaria aprovecha la pandemia para reiniciar obra ilegal en perif\u00e9rico sur. Vecinos de Villas del Pedregal protestan ante la inacci\u00f3n de las autoridades capitalinas (Ciudad de M\u00e9xico)","author":"grieta","date":"17 junio, 2020","format":false,"excerpt":"Colectivo Grieta Junio 16, 2020. Ciudad de M\u00e9xico.- Con cubrebocas y venciendo el temor a contagiarse de COVID-19, un grupo de vecinos de la Unidad Villas del Pedregal, ubicada en Perif\u00e9rico Sur, en la alcald\u00eda de Coyoac\u00e1n, salieron a la calle a protestar por la reanudaci\u00f3n de obras en el\u2026","rel":"","context":"En &quot;CINTILLO&quot;","block_context":{"text":"CINTILLO","link":"https:\/\/www.grieta.org.mx\/index.php\/category\/cintillo\/"},"img":{"alt_text":"","src":"https:\/\/i0.wp.com\/www.grieta.org.mx\/wp-content\/uploads\/2020\/06\/IMG-20200616-WA0034.jpg?resize=350%2C200&ssl=1","width":350,"height":200,"srcset":"https:\/\/i0.wp.com\/www.grieta.org.mx\/wp-content\/uploads\/2020\/06\/IMG-20200616-WA0034.jpg?resize=350%2C200&ssl=1 1x, https:\/\/i0.wp.com\/www.grieta.org.mx\/wp-content\/uploads\/2020\/06\/IMG-20200616-WA0034.jpg?resize=525%2C300&ssl=1 1.5x, https:\/\/i0.wp.com\/www.grieta.org.mx\/wp-content\/uploads\/2020\/06\/IMG-20200616-WA0034.jpg?resize=700%2C400&ssl=1 2x"},"classes":[]},{"id":42173,"url":"https:\/\/www.grieta.org.mx\/index.php\/2019\/12\/07\/temen-desalojo-contra-comunidad-otomi-en-la-ciudad-de-mexico\/","url_meta":{"origin":39320,"position":5},"title":"Temen desalojo contra comunidad otom\u00ed en la Ciudad de M\u00e9xico","author":"grieta","date":"7 diciembre, 2019","format":false,"excerpt":"Foto: Notoriox Mercedes Matz \/ Notoriox Integrantes de la comunidad Ind\u00edgena Otom\u00ed Residente en la Ciudad de M\u00e9xico denunciaron la amenaza de un desalojo en su contra que podr\u00eda llevarse \u201cen cualquier momento\u201d por parte de las autoridades de la alcald\u00eda Cuauht\u00e9moc y del gobierno capitalino. El pasado mi\u00e9rcoles 4\u2026","rel":"","context":"En &quot;CINTILLO&quot;","block_context":{"text":"CINTILLO","link":"https:\/\/www.grieta.org.mx\/index.php\/category\/cintillo\/"},"img":{"alt_text":"","src":"https:\/\/i0.wp.com\/www.grieta.org.mx\/wp-content\/uploads\/2019\/12\/Temen-desalojo-contra-comunidad-otom%C3%AD-en-la-Ciudad-de-M%C3%A9xico-dic.jpg?resize=350%2C200&ssl=1","width":350,"height":200,"srcset":"https:\/\/i0.wp.com\/www.grieta.org.mx\/wp-content\/uploads\/2019\/12\/Temen-desalojo-contra-comunidad-otom%C3%AD-en-la-Ciudad-de-M%C3%A9xico-dic.jpg?resize=350%2C200&ssl=1 1x, https:\/\/i0.wp.com\/www.grieta.org.mx\/wp-content\/uploads\/2019\/12\/Temen-desalojo-contra-comunidad-otom%C3%AD-en-la-Ciudad-de-M%C3%A9xico-dic.jpg?resize=525%2C300&ssl=1 1.5x"},"classes":[]}],"_links":{"self":[{"href":"https:\/\/www.grieta.org.mx\/index.php\/wp-json\/wp\/v2\/posts\/39320","targetHints":{"allow":["GET"]}}],"collection":[{"href":"https:\/\/www.grieta.org.mx\/index.php\/wp-json\/wp\/v2\/posts"}],"about":[{"href":"https:\/\/www.grieta.org.mx\/index.php\/wp-json\/wp\/v2\/types\/post"}],"author":[{"embeddable":true,"href":"https:\/\/www.grieta.org.mx\/index.php\/wp-json\/wp\/v2\/users\/2"}],"replies":[{"embeddable":true,"href":"https:\/\/www.grieta.org.mx\/index.php\/wp-json\/wp\/v2\/comments?post=39320"}],"version-history":[{"count":1,"href":"https:\/\/www.grieta.org.mx\/index.php\/wp-json\/wp\/v2\/posts\/39320\/revisions"}],"predecessor-version":[{"id":39327,"href":"https:\/\/www.grieta.org.mx\/index.php\/wp-json\/wp\/v2\/posts\/39320\/revisions\/39327"}],"wp:featuredmedia":[{"embeddable":true,"href":"https:\/\/www.grieta.org.mx\/index.php\/wp-json\/wp\/v2\/media\/39321"}],"wp:attachment":[{"href":"https:\/\/www.grieta.org.mx\/index.php\/wp-json\/wp\/v2\/media?parent=39320"}],"wp:term":[{"taxonomy":"category","embeddable":true,"href":"https:\/\/www.grieta.org.mx\/index.php\/wp-json\/wp\/v2\/categories?post=39320"},{"taxonomy":"post_tag","embeddable":true,"href":"https:\/\/www.grieta.org.mx\/index.php\/wp-json\/wp\/v2\/tags?post=39320"}],"curies":[{"name":"wp","href":"https:\/\/api.w.org\/{rel}","templated":true}]}}