{"id":39316,"date":"2019-07-21T13:32:09","date_gmt":"2019-07-21T18:32:09","guid":{"rendered":"http:\/\/www.grieta.org.mx\/?p=39316"},"modified":"2019-09-19T13:36:59","modified_gmt":"2019-09-19T18:36:59","slug":"advierten-estudiantes-de-ayotzinapa-que-lucharan-contra-intentos-de-cerrar-esa-escuela-guerrero","status":"publish","type":"post","link":"https:\/\/www.grieta.org.mx\/index.php\/2019\/07\/21\/advierten-estudiantes-de-ayotzinapa-que-lucharan-contra-intentos-de-cerrar-esa-escuela-guerrero\/","title":{"rendered":"Advierten estudiantes de Ayotzinapa que luchar\u00e1n contra intentos de cerrar esa escuela (Guerrero)"},"content":{"rendered":"<figure id=\"attachment_39317\" aria-describedby=\"caption-attachment-39317\" style=\"width: 800px\" class=\"wp-caption aligncenter\"><a href=\"http:\/\/www.grieta.org.mx\/wp-content\/uploads\/2019\/09\/https-_www.digitalguerrero.com_.mx_wp-content_uploads_2019_07_ayotzi.jpg\"><img loading=\"lazy\" decoding=\"async\" data-attachment-id=\"39317\" data-permalink=\"https:\/\/www.grieta.org.mx\/index.php\/2019\/07\/21\/advierten-estudiantes-de-ayotzinapa-que-lucharan-contra-intentos-de-cerrar-esa-escuela-guerrero\/https-_www-digitalguerrero-com-mx_wp-content_uploads_2019_07_ayotzi\/\" data-orig-file=\"https:\/\/www.grieta.org.mx\/wp-content\/uploads\/2019\/09\/https-_www.digitalguerrero.com_.mx_wp-content_uploads_2019_07_ayotzi.jpg\" data-orig-size=\"770,499\" data-comments-opened=\"0\" data-image-meta=\"{&quot;aperture&quot;:&quot;0&quot;,&quot;credit&quot;:&quot;&quot;,&quot;camera&quot;:&quot;&quot;,&quot;caption&quot;:&quot;&quot;,&quot;created_timestamp&quot;:&quot;0&quot;,&quot;copyright&quot;:&quot;&quot;,&quot;focal_length&quot;:&quot;0&quot;,&quot;iso&quot;:&quot;0&quot;,&quot;shutter_speed&quot;:&quot;0&quot;,&quot;title&quot;:&quot;&quot;,&quot;orientation&quot;:&quot;0&quot;}\" data-image-title=\"https _www.digitalguerrero.com.mx_wp-content_uploads_2019_07_ayotzi\" data-image-description=\"\" data-image-caption=\"\" data-medium-file=\"https:\/\/www.grieta.org.mx\/wp-content\/uploads\/2019\/09\/https-_www.digitalguerrero.com_.mx_wp-content_uploads_2019_07_ayotzi-300x194.jpg\" data-large-file=\"https:\/\/www.grieta.org.mx\/wp-content\/uploads\/2019\/09\/https-_www.digitalguerrero.com_.mx_wp-content_uploads_2019_07_ayotzi.jpg\" class=\"wp-image-39317\" src=\"http:\/\/www.grieta.org.mx\/wp-content\/uploads\/2019\/09\/https-_www.digitalguerrero.com_.mx_wp-content_uploads_2019_07_ayotzi-300x194.jpg\" alt=\"\" width=\"800\" height=\"518\" srcset=\"https:\/\/www.grieta.org.mx\/wp-content\/uploads\/2019\/09\/https-_www.digitalguerrero.com_.mx_wp-content_uploads_2019_07_ayotzi-300x194.jpg 300w, https:\/\/www.grieta.org.mx\/wp-content\/uploads\/2019\/09\/https-_www.digitalguerrero.com_.mx_wp-content_uploads_2019_07_ayotzi-768x498.jpg 768w, https:\/\/www.grieta.org.mx\/wp-content\/uploads\/2019\/09\/https-_www.digitalguerrero.com_.mx_wp-content_uploads_2019_07_ayotzi.jpg 770w\" sizes=\"auto, (max-width: 800px) 100vw, 800px\" \/><\/a><figcaption id=\"caption-attachment-39317\" class=\"wp-caption-text\">Chilpancingo Gro; a 21 de julio del 2019.- El Comit\u00e9 Estudiantil de la Normal Rural \u201cRa\u00fal Isidro Burgos\u201d de Ayotzinapa sostuvo que mantendr\u00e1 la defensa de la instituci\u00f3n ante las intenciones latentes de cerrarla.<\/figcaption><\/figure>\n<p>Redacci\u00f3n \/ Digital Guerrero<\/p>\n<p>Los integrantes del Comit\u00e9 \u201cRicardo Flores Mag\u00f3n\u201d destacaron que la consigna que tienen los alumnos es impedir el cierre de Ayotzinapa, \u201ca pesar de la intenci\u00f3n de algunos\u201d.<\/p>\n<p>A trav\u00e9s de un comunicado p\u00fablico, los estudiantes recordaron que lo que se ha logrado en la Normal Rural ha sido con \u201clucha y sangre\u201d. En este sentido, resaltaron que diez estudiantes han fallecido, algunos de ellos asesinados; adem\u00e1s de a\u00fan mantienen la incertidumbre por la ubicaci\u00f3n de los 43 normalistas desaparecidos en Iguala.<\/p>\n<p>Recordaron a los padres de los 43 que generaciones egresadas y los pr\u00f3ximos alumnos de la instituci\u00f3n seguir\u00e1n insistiendo en que se conozca la verdad de aquel fat\u00eddico acontecimiento, en donde tambi\u00e9n fueron asesinados tres estudiantes.<\/p>\n<p>\u201cA pesar de que existen se\u00f1alamientos de responsables directos, los padres de esos tres estudiantes asesinados la noche del 26 de septiembre del 2014 no han tenido justicia\u201d, acusaron.<\/p>\n<p>El pronunciamiento refiere que la Normal Rural ha sido defendida con lucha y habr\u00e1 resistencia ante cualquier intento de cerrarla.<\/p>\n<p><a href=\"https:\/\/www.digitalguerrero.com.mx\/instante\/advierten-estudiantes-de-ayotzinapa-que-lucharan-contra-intentos-de-cerrar-esa-escuela\/\">https:\/\/www.digitalguerrero.com.mx\/instante\/advierten-estudiantes-de-ayotzinapa-que-lucharan-contra-intentos-de-cerrar-esa-escuela\/<\/a><\/p>\n","protected":false},"excerpt":{"rendered":"<p>Redacci\u00f3n \/ Digital Guerrero Los integrantes del Comit\u00e9 \u201cRicardo Flores Mag\u00f3n\u201d destacaron que la consigna que tienen los alumnos es impedir el cierre de Ayotzinapa, \u201ca pesar de la intenci\u00f3n &hellip; <a href=\"https:\/\/www.grieta.org.mx\/index.php\/2019\/07\/21\/advierten-estudiantes-de-ayotzinapa-que-lucharan-contra-intentos-de-cerrar-esa-escuela-guerrero\/\" class=\"more-link\">Leer m\u00e1s<\/a><\/p>\n","protected":false},"author":1,"featured_media":39317,"comment_status":"closed","ping_status":"closed","sticky":false,"template":"","format":"standard","meta":{"ngg_post_thumbnail":0,"_jetpack_newsletter_access":"","_jetpack_dont_email_post_to_subs":false,"_jetpack_newsletter_tier_id":0,"_jetpack_memberships_contains_paywalled_content":false,"_jetpack_memberships_contains_paid_content":false,"footnotes":""},"categories":[1308,80,916,1982,18,2,83],"tags":[1288,225],"class_list":["post-39316","post","type-post","status-publish","format-standard","has-post-thumbnail","hentry","category-caso-ayotzinapa","category-cintillo","category-privatizacion-del-la-educacion-publica","category-crisis-de-la-educacion-publica-en-guerrero","category-guerrero","category-noticias-nacionales","category-temas-nacionales","tag-educacion-publica","tag-normalistas","entry"],"jetpack_featured_media_url":"https:\/\/www.grieta.org.mx\/wp-content\/uploads\/2019\/09\/https-_www.digitalguerrero.com_.mx_wp-content_uploads_2019_07_ayotzi.jpg","jetpack_sharing_enabled":true,"jetpack_shortlink":"https:\/\/wp.me\/p7ZJR4-ae8","jetpack_likes_enabled":false,"jetpack-related-posts":[{"id":39265,"url":"https:\/\/www.grieta.org.mx\/index.php\/2019\/09\/15\/con-antigrito-reprochan-padres-liberacion-de-24-por-caso-ayotzinapa-guerrero\/","url_meta":{"origin":39316,"position":0},"title":"Con antigrito reprochan padres liberaci\u00f3n de 24 por caso Ayotzinapa (Guerrero)","author":"Admin","date":"15 septiembre, 2019","format":false,"excerpt":"Francisca Meza Carranza\/Quadrat\u00edn CHILPANCINGO, Gro., 15 de septiembre de 2019.- Padres de los 43 normalistas de Ayotzinapa y estudiantes de la Normal Rural Ra\u00fal Isidro Burgos llevaron a cabo un antigrito en la Alameda Granados Maldonado, en donde reprobaron la liberaci\u00f3n de 24 implicados m\u00e1s en el caso, pues consideran\u2026","rel":"","context":"En &quot;Caso Ayotzinapa&quot;","block_context":{"text":"Caso Ayotzinapa","link":"https:\/\/www.grieta.org.mx\/index.php\/category\/noticias-nacionales\/guerrero\/caso-ayotzinapa\/"},"img":{"alt_text":"","src":"https:\/\/i0.wp.com\/www.grieta.org.mx\/wp-content\/uploads\/2019\/09\/ayotzinapa1-1160x700.jpg?resize=350%2C200&ssl=1","width":350,"height":200,"srcset":"https:\/\/i0.wp.com\/www.grieta.org.mx\/wp-content\/uploads\/2019\/09\/ayotzinapa1-1160x700.jpg?resize=350%2C200&ssl=1 1x, https:\/\/i0.wp.com\/www.grieta.org.mx\/wp-content\/uploads\/2019\/09\/ayotzinapa1-1160x700.jpg?resize=525%2C300&ssl=1 1.5x, https:\/\/i0.wp.com\/www.grieta.org.mx\/wp-content\/uploads\/2019\/09\/ayotzinapa1-1160x700.jpg?resize=700%2C400&ssl=1 2x, https:\/\/i0.wp.com\/www.grieta.org.mx\/wp-content\/uploads\/2019\/09\/ayotzinapa1-1160x700.jpg?resize=1050%2C600&ssl=1 3x"},"classes":[]},{"id":8540,"url":"https:\/\/www.grieta.org.mx\/index.php\/2016\/03\/27\/exigen-esclarecimiento-del-caso-ayotzinapa\/","url_meta":{"origin":39316,"position":1},"title":"Exigen esclarecimiento del caso Ayotzinapa","author":"grieta","date":"27 marzo, 2016","format":false,"excerpt":"Domingo, 27 de marzo de 2016 ABIGAIL SALINAS | NTRZACATECAS.COM Zacatecas.- La tarde de este s\u00e1bado, el colectivo de ciudadanos independientes de Zacatecas se manifest\u00f3 pac\u00edficamente en las escalinatas del Teatro Fernando Calder\u00f3n para exigir el esclarecimiento del caso de Ayotzinapa. A 18 meses de la desaparici\u00f3n de los 43\u2026","rel":"","context":"En &quot;CINTILLO&quot;","block_context":{"text":"CINTILLO","link":"https:\/\/www.grieta.org.mx\/index.php\/category\/cintillo\/"},"img":{"alt_text":"","src":"https:\/\/i0.wp.com\/www.grieta.org.mx\/wp-content\/uploads\/2018\/03\/14524434_1106112876131411_958039263622046936_o.jpg?resize=350%2C200&ssl=1","width":350,"height":200,"srcset":"https:\/\/i0.wp.com\/www.grieta.org.mx\/wp-content\/uploads\/2018\/03\/14524434_1106112876131411_958039263622046936_o.jpg?resize=350%2C200&ssl=1 1x, https:\/\/i0.wp.com\/www.grieta.org.mx\/wp-content\/uploads\/2018\/03\/14524434_1106112876131411_958039263622046936_o.jpg?resize=525%2C300&ssl=1 1.5x, https:\/\/i0.wp.com\/www.grieta.org.mx\/wp-content\/uploads\/2018\/03\/14524434_1106112876131411_958039263622046936_o.jpg?resize=700%2C400&ssl=1 2x"},"classes":[]},{"id":2689,"url":"https:\/\/www.grieta.org.mx\/index.php\/2015\/03\/26\/sobreviviente-de-ayotzinapa-llama-a-estudiantes-colimenses-a-continuar-marchas-de-apoyo\/","url_meta":{"origin":39316,"position":2},"title":"Sobreviviente de Ayotzinapa llama a estudiantes colimenses a continuar marchas de apoyo","author":"grieta","date":"26 marzo, 2015","format":false,"excerpt":"Colima 3.0 Por: Dilva Ch\u00e1vez \/ 26 marzo, 2015 A seis meses del caso Ayotzinapa, Jos\u00e9 Adolfo de la Cruz Vel\u00e1zquez es considerado un sobreviviente. La madrugada del 26 de septiembre de 2014, iba en uno de los camiones que trasportaba a los estudiantes de la escuela normal rural Isidro\u2026","rel":"","context":"En &quot;CINTILLO&quot;","block_context":{"text":"CINTILLO","link":"https:\/\/www.grieta.org.mx\/index.php\/category\/cintillo\/"},"img":{"alt_text":"","src":"https:\/\/i0.wp.com\/www.grieta.org.mx\/wp-content\/uploads\/2018\/03\/14524434_1106112876131411_958039263622046936_o.jpg?resize=350%2C200&ssl=1","width":350,"height":200,"srcset":"https:\/\/i0.wp.com\/www.grieta.org.mx\/wp-content\/uploads\/2018\/03\/14524434_1106112876131411_958039263622046936_o.jpg?resize=350%2C200&ssl=1 1x, https:\/\/i0.wp.com\/www.grieta.org.mx\/wp-content\/uploads\/2018\/03\/14524434_1106112876131411_958039263622046936_o.jpg?resize=525%2C300&ssl=1 1.5x, https:\/\/i0.wp.com\/www.grieta.org.mx\/wp-content\/uploads\/2018\/03\/14524434_1106112876131411_958039263622046936_o.jpg?resize=700%2C400&ssl=1 2x"},"classes":[]},{"id":6006,"url":"https:\/\/www.grieta.org.mx\/index.php\/2015\/10\/12\/advierten-padres-y-estudiantes-de-ayotzinapa-no-pararemos-hasta-encontrarlos\/","url_meta":{"origin":39316,"position":3},"title":"Advierten padres y estudiantes de Ayotzinapa: \u2018no pararemos hasta encontrarlos\u2019","author":"grieta","date":"12 octubre, 2015","format":false,"excerpt":"Denisse Hern\u00e1ndez, Le\u00f3n, Gto. El 26 y 27 de septiembre de 2014, en Iguala, Guerrero, m\u00e1s de 180 personas fueron v\u00edctimas de diferentes violaciones de derechos humanos***. Seis de ellas fueron ejecutadas de manera extrajudicial y 43 estudiantes desaparecidos. Entre las quienes perdieron la vida se encuentra Julio C\u00e9sar Ram\u00edrez\u2026","rel":"","context":"En &quot;CINTILLO&quot;","block_context":{"text":"CINTILLO","link":"https:\/\/www.grieta.org.mx\/index.php\/category\/cintillo\/"},"img":{"alt_text":"","src":"https:\/\/i0.wp.com\/www.grieta.org.mx\/wp-content\/uploads\/2018\/03\/14524434_1106112876131411_958039263622046936_o.jpg?resize=350%2C200&ssl=1","width":350,"height":200,"srcset":"https:\/\/i0.wp.com\/www.grieta.org.mx\/wp-content\/uploads\/2018\/03\/14524434_1106112876131411_958039263622046936_o.jpg?resize=350%2C200&ssl=1 1x, https:\/\/i0.wp.com\/www.grieta.org.mx\/wp-content\/uploads\/2018\/03\/14524434_1106112876131411_958039263622046936_o.jpg?resize=525%2C300&ssl=1 1.5x, https:\/\/i0.wp.com\/www.grieta.org.mx\/wp-content\/uploads\/2018\/03\/14524434_1106112876131411_958039263622046936_o.jpg?resize=700%2C400&ssl=1 2x"},"classes":[]},{"id":16224,"url":"https:\/\/www.grieta.org.mx\/index.php\/2016\/07\/05\/levantan-y-ejecutan-a-maestro-de-la-normal-de-ayotzinapa-en-guerrero-2\/","url_meta":{"origin":39316,"position":4},"title":"Levantan y ejecutan a maestro de la Normal de Ayotzinapa en Guerrero","author":"grieta","date":"5 julio, 2016","format":false,"excerpt":"05\/07\/16. Levantan y ejecutan a maestro de la Normal de Ayotzinapa en GuerreroLa Silla rota","rel":"","context":"En &quot;CINTILLO&quot;","block_context":{"text":"CINTILLO","link":"https:\/\/www.grieta.org.mx\/index.php\/category\/cintillo\/"},"img":{"alt_text":"","src":"https:\/\/i0.wp.com\/www.grieta.org.mx\/wp-content\/uploads\/2018\/03\/14524434_1106112876131411_958039263622046936_o.jpg?resize=350%2C200&ssl=1","width":350,"height":200,"srcset":"https:\/\/i0.wp.com\/www.grieta.org.mx\/wp-content\/uploads\/2018\/03\/14524434_1106112876131411_958039263622046936_o.jpg?resize=350%2C200&ssl=1 1x, https:\/\/i0.wp.com\/www.grieta.org.mx\/wp-content\/uploads\/2018\/03\/14524434_1106112876131411_958039263622046936_o.jpg?resize=525%2C300&ssl=1 1.5x, https:\/\/i0.wp.com\/www.grieta.org.mx\/wp-content\/uploads\/2018\/03\/14524434_1106112876131411_958039263622046936_o.jpg?resize=700%2C400&ssl=1 2x"},"classes":[]},{"id":1406,"url":"https:\/\/www.grieta.org.mx\/index.php\/2015\/09\/26\/marchan-por-ayotzinapa\/","url_meta":{"origin":39316,"position":5},"title":"Marchan por Ayotzinapa","author":"grieta","date":"26 septiembre, 2015","format":false,"excerpt":"S\u00e1bado, 26 de septiembre de 2015 ABIGAIL SALINAS Zacatecas.- Despu\u00e9s de las 12 horas de este s\u00e1bado, cientos de j\u00f3venes marcharon al cumplirse un a\u00f1o de la desaparici\u00f3n de los estudiantes de la Escuela Normal Rural Ra\u00fal Isidro Burgos de Ayotzinapa, Guerrero. Los manifestantes se reunieron frente a las oficinas\u2026","rel":"","context":"En &quot;CINTILLO&quot;","block_context":{"text":"CINTILLO","link":"https:\/\/www.grieta.org.mx\/index.php\/category\/cintillo\/"},"img":{"alt_text":"","src":"https:\/\/i0.wp.com\/www.grieta.org.mx\/wp-content\/uploads\/2018\/03\/14524434_1106112876131411_958039263622046936_o.jpg?resize=350%2C200&ssl=1","width":350,"height":200,"srcset":"https:\/\/i0.wp.com\/www.grieta.org.mx\/wp-content\/uploads\/2018\/03\/14524434_1106112876131411_958039263622046936_o.jpg?resize=350%2C200&ssl=1 1x, https:\/\/i0.wp.com\/www.grieta.org.mx\/wp-content\/uploads\/2018\/03\/14524434_1106112876131411_958039263622046936_o.jpg?resize=525%2C300&ssl=1 1.5x, https:\/\/i0.wp.com\/www.grieta.org.mx\/wp-content\/uploads\/2018\/03\/14524434_1106112876131411_958039263622046936_o.jpg?resize=700%2C400&ssl=1 2x"},"classes":[]}],"_links":{"self":[{"href":"https:\/\/www.grieta.org.mx\/index.php\/wp-json\/wp\/v2\/posts\/39316","targetHints":{"allow":["GET"]}}],"collection":[{"href":"https:\/\/www.grieta.org.mx\/index.php\/wp-json\/wp\/v2\/posts"}],"about":[{"href":"https:\/\/www.grieta.org.mx\/index.php\/wp-json\/wp\/v2\/types\/post"}],"author":[{"embeddable":true,"href":"https:\/\/www.grieta.org.mx\/index.php\/wp-json\/wp\/v2\/users\/1"}],"replies":[{"embeddable":true,"href":"https:\/\/www.grieta.org.mx\/index.php\/wp-json\/wp\/v2\/comments?post=39316"}],"version-history":[{"count":1,"href":"https:\/\/www.grieta.org.mx\/index.php\/wp-json\/wp\/v2\/posts\/39316\/revisions"}],"predecessor-version":[{"id":39318,"href":"https:\/\/www.grieta.org.mx\/index.php\/wp-json\/wp\/v2\/posts\/39316\/revisions\/39318"}],"wp:featuredmedia":[{"embeddable":true,"href":"https:\/\/www.grieta.org.mx\/index.php\/wp-json\/wp\/v2\/media\/39317"}],"wp:attachment":[{"href":"https:\/\/www.grieta.org.mx\/index.php\/wp-json\/wp\/v2\/media?parent=39316"}],"wp:term":[{"taxonomy":"category","embeddable":true,"href":"https:\/\/www.grieta.org.mx\/index.php\/wp-json\/wp\/v2\/categories?post=39316"},{"taxonomy":"post_tag","embeddable":true,"href":"https:\/\/www.grieta.org.mx\/index.php\/wp-json\/wp\/v2\/tags?post=39316"}],"curies":[{"name":"wp","href":"https:\/\/api.w.org\/{rel}","templated":true}]}}