{"id":39274,"date":"2019-09-17T11:34:43","date_gmt":"2019-09-17T16:34:43","guid":{"rendered":"http:\/\/www.grieta.org.mx\/?p=39274"},"modified":"2019-09-19T11:44:44","modified_gmt":"2019-09-19T16:44:44","slug":"redes-de-trata-y-desaparecidas-en-hidalgo","status":"publish","type":"post","link":"https:\/\/www.grieta.org.mx\/index.php\/2019\/09\/17\/redes-de-trata-y-desaparecidas-en-hidalgo\/","title":{"rendered":"Redes de trata y desaparecidas en Hidalgo"},"content":{"rendered":"<p><a href=\"http:\/\/www.grieta.org.mx\/wp-content\/uploads\/2019\/09\/https-_www.elindependientedehidalgo.com_.mx_wp-content_uploads_2019_09_PORTADA-TINTA-ALLEC.jpg\"><img loading=\"lazy\" decoding=\"async\" data-attachment-id=\"39275\" data-permalink=\"https:\/\/www.grieta.org.mx\/index.php\/2019\/09\/17\/redes-de-trata-y-desaparecidas-en-hidalgo\/https-_www-elindependientedehidalgo-com-mx_wp-content_uploads_2019_09_portada-tinta-allec\/\" data-orig-file=\"https:\/\/www.grieta.org.mx\/wp-content\/uploads\/2019\/09\/https-_www.elindependientedehidalgo.com_.mx_wp-content_uploads_2019_09_PORTADA-TINTA-ALLEC.jpg\" data-orig-size=\"1080,719\" data-comments-opened=\"0\" data-image-meta=\"{&quot;aperture&quot;:&quot;0&quot;,&quot;credit&quot;:&quot;&quot;,&quot;camera&quot;:&quot;&quot;,&quot;caption&quot;:&quot;&quot;,&quot;created_timestamp&quot;:&quot;0&quot;,&quot;copyright&quot;:&quot;&quot;,&quot;focal_length&quot;:&quot;0&quot;,&quot;iso&quot;:&quot;0&quot;,&quot;shutter_speed&quot;:&quot;0&quot;,&quot;title&quot;:&quot;&quot;,&quot;orientation&quot;:&quot;0&quot;}\" data-image-title=\"https _www.elindependientedehidalgo.com.mx_wp-content_uploads_2019_09_PORTADA-TINTA-ALLEC\" data-image-description=\"\" data-image-caption=\"\" data-medium-file=\"https:\/\/www.grieta.org.mx\/wp-content\/uploads\/2019\/09\/https-_www.elindependientedehidalgo.com_.mx_wp-content_uploads_2019_09_PORTADA-TINTA-ALLEC-300x200.jpg\" data-large-file=\"https:\/\/www.grieta.org.mx\/wp-content\/uploads\/2019\/09\/https-_www.elindependientedehidalgo.com_.mx_wp-content_uploads_2019_09_PORTADA-TINTA-ALLEC-1024x682.jpg\" class=\"aligncenter wp-image-39275\" src=\"http:\/\/www.grieta.org.mx\/wp-content\/uploads\/2019\/09\/https-_www.elindependientedehidalgo.com_.mx_wp-content_uploads_2019_09_PORTADA-TINTA-ALLEC-300x200.jpg\" alt=\"\" width=\"800\" height=\"533\" srcset=\"https:\/\/www.grieta.org.mx\/wp-content\/uploads\/2019\/09\/https-_www.elindependientedehidalgo.com_.mx_wp-content_uploads_2019_09_PORTADA-TINTA-ALLEC-300x200.jpg 300w, https:\/\/www.grieta.org.mx\/wp-content\/uploads\/2019\/09\/https-_www.elindependientedehidalgo.com_.mx_wp-content_uploads_2019_09_PORTADA-TINTA-ALLEC-768x511.jpg 768w, https:\/\/www.grieta.org.mx\/wp-content\/uploads\/2019\/09\/https-_www.elindependientedehidalgo.com_.mx_wp-content_uploads_2019_09_PORTADA-TINTA-ALLEC-1024x682.jpg 1024w, https:\/\/www.grieta.org.mx\/wp-content\/uploads\/2019\/09\/https-_www.elindependientedehidalgo.com_.mx_wp-content_uploads_2019_09_PORTADA-TINTA-ALLEC-751x500.jpg 751w, https:\/\/www.grieta.org.mx\/wp-content\/uploads\/2019\/09\/https-_www.elindependientedehidalgo.com_.mx_wp-content_uploads_2019_09_PORTADA-TINTA-ALLEC.jpg 1080w\" sizes=\"auto, (max-width: 800px) 100vw, 800px\" \/><\/a><\/p>\n<p>Adriana Hern\u00e1ndez Islas \/ El Independiente de Hidalgo<\/p>\n<p>Durante los primeros seis meses de este a\u00f1o 23 personas fueron v\u00edctimas de trata, lo que representa un incremento de 109 por ciento en comparaci\u00f3n con el mismo periodo de 2018, cuando los casos llegaron a 11. Adem\u00e1s, Hidalgo destac\u00f3 en junio por ocupar el primer lugar a nivel nacional en incidencia de ese delito.<\/p>\n<p>Lo anterior se suma a la desaparici\u00f3n de al menos 105 mujeres hidalguenses, principales v\u00edctimas de trata de personas, en lo que va de 2019; de las cuales 83 fueron localizadas con vida, cinco sin vida y 17 contin\u00faan sin ser ubicadas. Los casos son tratados en fiscal\u00edas especializadas que recientemente fueron compactadas en la subprocuradur\u00eda de derechos humanos y que, en el caso de la trata, trabajan con tres personas y 82.26 por ciento menos presupuesto que al inicio de su gesti\u00f3n.<\/p>\n<p><strong>Pudo ser el modus operandi<\/strong><\/p>\n<p>\u201cA pesar de ser una calle transitada no hab\u00eda mucho movimiento y por momentos solo pasaban una o dos personas, ah\u00ed fue donde me percat\u00e9 que algo raro pasaba ya que, por el Sol, nuestras sombras se ve\u00edan claramente y me di cuenta que cuando alguien pasaba \u00e9l hac\u00eda un movimiento simulando que me tocaba, como una pareja cuando viene enojada. Aunque no era tan tarde, muchas de las tiendas que est\u00e1n sobre la calle estaban cerradas, en ese momento supe que algo pod\u00eda salir mal porque el tipo segu\u00eda detr\u00e1s de m\u00ed\u2026<br \/>\n\u201cSobre la calle hay un bar llamado La Barata; no s\u00e9 c\u00f3mo pas\u00f3, pero sin girar la cabeza de reojo vi c\u00f3mo del otro lado ven\u00eda otro hombre de unos 40 o 45 a\u00f1os que con la mano le hizo se\u00f1as al sujeto que ven\u00eda detr\u00e1s de m\u00ed, ah\u00ed supe que no solo me estaba siguiendo una persona, sino que eran dos o quiz\u00e1 m\u00e1s; en ese momento sent\u00ed como si me comenzara a faltar el aire, no pod\u00eda respirar bien porque el miedo se apoderaba de m\u00ed, pero ante todo no pod\u00eda perder la calma\u2026\u201d<\/p>\n<p>Lo anterior es un fragmento del relato de una joven de Pachuca, quien a trav\u00e9s de redes sociales platic\u00f3 lo que vivi\u00f3 una tarde a finales de febrero cuando regresaba de la escuela. En la continuaci\u00f3n del texto describe c\u00f3mo se percata que un grupo de m\u00e1s de dos sujetos la sigue por un trayecto de aproximadamente cinco cuadras en el centro de la capital.<\/p>\n<p>La historia finaliza cuando decide pedir auxilio a los empleados de una tienda, quienes la ayudan a llegar a su casa sana y salva. Ante la experiencia vivida, concluye: \u201cNo s\u00e9 si ese es el modus operandi que utilizan, pero tengan mucho cuidado. Quiz\u00e1 lo m\u00edo fue cuesti\u00f3n de suerte, quiz\u00e1 no, eso no lo voy a saber, pero nadie me quitara la sensaci\u00f3n que viv\u00ed, y si ustedes ven que alguien puede estar pasando por algo as\u00ed, ay\u00fadenla, nunca saben si pueden estar salvando la vida de alguien\u201d.<\/p>\n<p>El 5 de septiembre la misma joven fue reportada como desaparecida por sus familiares; la \u00faltima vez que la vieron fue al salir de su domicilio con direcci\u00f3n al colegio, no obstante, el 14 de septiembre fue localizada en la ciudad de Puebla.<\/p>\n<p><strong>Hidalgo, a la cabeza en trata de personas<\/strong><\/p>\n<p>De acuerdo con cifras del Observatorio Nacional Ciudadano (ONC), el n\u00famero de v\u00edctimas por trata de personas durante los primeros seis meses de 2019 fue de 273 personas, de las cuales 59.0 por ciento fueron mujeres, 17.9 por ciento hombres y en el 23.1 por ciento no se identific\u00f3 el sexo de la v\u00edctima. Hidalgo destac\u00f3 en junio por ocupar el primer lugar a nivel nacional en incidencia de ese delito.<\/p>\n<p>Seg\u00fan el documento, la media nacional de junio fue de 1.56 v\u00edctimas, 1.96 por ciento menos que el promedio de los 12 meses anteriores. Sin embargo, ese promedio fue superado por seis entidades del pa\u00eds, entre ellas Hidalgo, donde se contabiliz\u00f3 el 34.0 por ciento del total nacional de v\u00edctimas de ese mes.<\/p>\n<p>Adem\u00e1s, durante dicho periodo la entidad tuvo el mayor incremento porcentual de v\u00edctimas por cada 100 mil habitantes con 2 mil 429.3 por ciento, al pasar de una tasa promedio de 0.02, de 12 meses atr\u00e1s, a una de 0.56, nivel que la coloc\u00f3 en el primer lugar de los estados en la comisi\u00f3n de ese il\u00edcito. Resalta tambi\u00e9n que durante enero y abril de este a\u00f1o el estado estuvo entre los 10 primeros lugares en incidencia de trata de personas.<\/p>\n<p>En tanto, datos del Secretariado Ejecutivo del Sistema Nacional de Seguridad P\u00fablica (SESNSP) dan cuenta de que durante los primeros seis meses de este a\u00f1o 23 personas fueron v\u00edctimas de trata, lo cual representa un incremento de 109 por ciento en comparaci\u00f3n con el mismo periodo de 2018, cuando los casos llegaron a 11.<\/p>\n<p><strong>\u00bfA d\u00f3nde van?<\/strong><\/p>\n<p>El estudio Trata de personas, un acercamiento a la realidad nacional, publicado en octubre del a\u00f1o pasado por la Comisi\u00f3n Nacional de los Derechos Humanos (CNDH), revela que Hidalgo forma parte de los 16 estados de la Rep\u00fablica donde tratantes provenientes de Tlaxcala \u201cenganchan\u201d a mujeres y ni\u00f1as para la explotaci\u00f3n sexual.<\/p>\n<p>Los lugares de destino para esas v\u00edctimas se concentran en Michoac\u00e1n, Ciudad de M\u00e9xico, Tlaxcala, Baja California Norte, Puebla, Chiapas, Sonora, Tamaulipas, Tabasco, Morelos, Veracruz, Campeche, San Luis Potos\u00ed y Oaxaca, as\u00ed como Los \u00c1ngeles, Nueva York, Chicago y Texas, ciudades de Estados Unidos.<\/p>\n<p>Asimismo, el estado forma parte de los 19 donde la CNDH encontr\u00f3 una vinculaci\u00f3n directa entre el delito de trata de personas y la desaparici\u00f3n de mujeres y ni\u00f1as, y posteriores feminicidios, as\u00ed como una alta incidencia en desapariciones de ese grupo poblacional.<\/p>\n<p>En ese sentido, cabe destacar que, seg\u00fan datos proporcionados por la organizaci\u00f3n Sonrisas Perdidas, en lo que va del a\u00f1o en Hidalgo al menos 105 mujeres fueron reportadas como desaparecidas, de las cuales 83 fueron localizadas con vida, cinco sin vida y 17 contin\u00faan sin ser ubicadas.<\/p>\n<p>Adem\u00e1s, el Diagn\u00f3stico sobre la situaci\u00f3n de la trata de personas en M\u00e9xico 2019, emitido por la misma comisi\u00f3n, encontr\u00f3 que en el estado existe una relaci\u00f3n de v\u00edctimas de trata de menores de edad y hombres reclutados para acciones de \u201chalconeo\u201d por grupos huachicoleros.<\/p>\n<p><strong>Acciones\u2026 a medias<\/strong><\/p>\n<p>Los estudios antes citados refieren que aunque la entidad ejerce medidas de procuraci\u00f3n de justicia en la materia, no cumple con estrategias para la prevenci\u00f3n del delito ni para la protecci\u00f3n de las v\u00edctimas.<\/p>\n<p>Asimismo, denotan que seg\u00fan reportes de la Procuradur\u00eda General de Justicia del Estado de Hidalgo (PGJEH), de 2012 a 2017 un total de 43 personas fueron indiciadas e imputadas por el delito de trata; sin embargo, en el mismo periodo solo nueve, cuatro mujeres y tres hombres, obtuvieron una sentencia condenatoria.<\/p>\n<p>Y aunque existe una Fiscal\u00eda Especializada para la Atenci\u00f3n de los Delitos de Trata de Personas de Hidalgo, esta no tiene peritos especializados en la materia, personal para la atenci\u00f3n de v\u00edctimas, protocolos especializados y, adem\u00e1s de su titular, en ella solo laboran dos personas m\u00e1s, agentes del Ministerio P\u00fablico (MP). A su vez, el presupuesto para el \u00e1rea disminuy\u00f3 en 82.26 por ciento, pues en 2013 fue de 178 mil 800 pesos y para 2017 pas\u00f3 a 98 mil 100 pesos.<\/p>\n<p><strong>Sociedad civil organizada, \u00fanica soluci\u00f3n: especialista<\/strong><\/p>\n<p>Para la profesora investigadora del \u00e1rea de derecho y jurisprudencia de la Universidad Aut\u00f3noma del Estado de Hidalgo (UAEH) Martha Gaona Cante, la organizaci\u00f3n de la sociedad civil es la \u00fanica soluci\u00f3n ante problemas como la trata de personas y otros delitos que aquejan al estado y al pa\u00eds en general.<\/p>\n<p>En entrevista para Libre por convicci\u00f3n Independiente de Hidalgo, la especialista en derecho penal opin\u00f3 que la trata de personas, en particular cometida contra mujeres, es una de las violencias de g\u00e9nero m\u00e1s grandes que existen actualmente, pues se trata de delitos de redes que trascienden fronteras.<\/p>\n<p>Sin embargo, pese a la magnitud de la problem\u00e1tica, consider\u00f3 que no existe voluntad pol\u00edtica de las autoridades para visualizar, prevenir y detenerla, por lo que la mayor\u00eda de veces dichos casos se suman a la lista de delitos que quedan impunes en M\u00e9xico.<\/p>\n<p>Sobre el modus operandi de los tratantes, explic\u00f3 que generalmente llevan a sus v\u00edctimas con enga\u00f1os de ofrecerles un mejor trabajo y en el caso particular de las mujeres las enamoran y les prometen un mejor estilo de vida; sin embargo, tras ser llevadas son explotadas para trabajos forzados o prostituci\u00f3n. Mientras que ni\u00f1as migrantes que viajan solas son captadas durante el trayecto.<\/p>\n<p>Por lo anterior, apunt\u00f3 que \u201ces muy dif\u00edcil erradicar este problema, porque tu agarras a uno, pero es apenas la u\u00f1a de toda una mano\u201d; en ese sentido, dijo que debe trabajarse para generar una cultura que no demande ese tipo de conductas, toda vez que \u201cmientras exista quien consuma, seguir\u00e1n habiendo esos delitos\u201d.<\/p>\n<p>Asimismo, manifest\u00f3 que la sociedad en conjunto debe hacerse responsable de la prevenci\u00f3n de esos hechos, luego que en la actualidad muchos valores se han perdido llevando a las personas a ser indiferentes.<\/p>\n<p>\u201cDebemos ense\u00f1ar a nuestros hijos a cuidarse, pero tambi\u00e9n como sociedad debemos estar m\u00e1s al tanto del otro, dejar de ser tan ap\u00e1ticos, porque si las autoridades no hacen nada, lo \u00fanico que puede rescatarnos es organizarnos como sociedad civil para no permitir que se rompa m\u00e1s el tejido social\u201d.<\/p>\n<p>Hidalgo destac\u00f3 en junio por ocupar el primer lugar a nivel nacional en incidencia del delito<br \/>\nDurante los primeros seis meses de este a\u00f1o 23 personas fueron v\u00edctimas de trata, lo cual representa un incremento de 109 por ciento en comparaci\u00f3n con el mismo periodo de 2018<br \/>\nEl estado es parte de los 16 de la Rep\u00fablica donde tratantes provenientes de Tlaxcala \u201cenganchan\u201d a mujeres y ni\u00f1as para la explotaci\u00f3n sexual<\/p>\n<p><strong>Lugares de destino<\/strong><\/p>\n<p>Michoac\u00e1n<br \/>\nCiudad de M\u00e9xico<br \/>\nTlaxcala<br \/>\nBaja California Norte<br \/>\nPuebla<br \/>\nChiapas<br \/>\nSonora<br \/>\nTamaulipas<br \/>\nTabasco<br \/>\nMorelos<br \/>\nVeracruz<br \/>\nCampeche<br \/>\nSan Luis Potos\u00ed<br \/>\nOaxaca<br \/>\nLos \u00c1ngeles<br \/>\nNueva York<br \/>\nChicago<br \/>\nTexas<\/p>\n<p><a href=\"http:\/\/www.grieta.org.mx\/wp-content\/uploads\/2019\/09\/https-_www.elindependientedehidalgo.com_.mx_wp-content_uploads_2019_09_Mapa-Trata-1024x702.jpg\"><img loading=\"lazy\" decoding=\"async\" data-attachment-id=\"39276\" data-permalink=\"https:\/\/www.grieta.org.mx\/index.php\/2019\/09\/17\/redes-de-trata-y-desaparecidas-en-hidalgo\/https-_www-elindependientedehidalgo-com-mx_wp-content_uploads_2019_09_mapa-trata-1024x702\/\" data-orig-file=\"https:\/\/www.grieta.org.mx\/wp-content\/uploads\/2019\/09\/https-_www.elindependientedehidalgo.com_.mx_wp-content_uploads_2019_09_Mapa-Trata-1024x702.jpg\" data-orig-size=\"1024,702\" data-comments-opened=\"0\" data-image-meta=\"{&quot;aperture&quot;:&quot;0&quot;,&quot;credit&quot;:&quot;&quot;,&quot;camera&quot;:&quot;&quot;,&quot;caption&quot;:&quot;&quot;,&quot;created_timestamp&quot;:&quot;0&quot;,&quot;copyright&quot;:&quot;&quot;,&quot;focal_length&quot;:&quot;0&quot;,&quot;iso&quot;:&quot;0&quot;,&quot;shutter_speed&quot;:&quot;0&quot;,&quot;title&quot;:&quot;&quot;,&quot;orientation&quot;:&quot;0&quot;}\" data-image-title=\"https _www.elindependientedehidalgo.com.mx_wp-content_uploads_2019_09_Mapa-Trata-1024&amp;#215;702\" data-image-description=\"\" data-image-caption=\"\" data-medium-file=\"https:\/\/www.grieta.org.mx\/wp-content\/uploads\/2019\/09\/https-_www.elindependientedehidalgo.com_.mx_wp-content_uploads_2019_09_Mapa-Trata-1024x702-300x206.jpg\" data-large-file=\"https:\/\/www.grieta.org.mx\/wp-content\/uploads\/2019\/09\/https-_www.elindependientedehidalgo.com_.mx_wp-content_uploads_2019_09_Mapa-Trata-1024x702-1024x702.jpg\" class=\"aligncenter wp-image-39276\" src=\"http:\/\/www.grieta.org.mx\/wp-content\/uploads\/2019\/09\/https-_www.elindependientedehidalgo.com_.mx_wp-content_uploads_2019_09_Mapa-Trata-1024x702-300x206.jpg\" alt=\"\" width=\"800\" height=\"548\" srcset=\"https:\/\/www.grieta.org.mx\/wp-content\/uploads\/2019\/09\/https-_www.elindependientedehidalgo.com_.mx_wp-content_uploads_2019_09_Mapa-Trata-1024x702-300x206.jpg 300w, https:\/\/www.grieta.org.mx\/wp-content\/uploads\/2019\/09\/https-_www.elindependientedehidalgo.com_.mx_wp-content_uploads_2019_09_Mapa-Trata-1024x702-768x527.jpg 768w, https:\/\/www.grieta.org.mx\/wp-content\/uploads\/2019\/09\/https-_www.elindependientedehidalgo.com_.mx_wp-content_uploads_2019_09_Mapa-Trata-1024x702.jpg 1024w, https:\/\/www.grieta.org.mx\/wp-content\/uploads\/2019\/09\/https-_www.elindependientedehidalgo.com_.mx_wp-content_uploads_2019_09_Mapa-Trata-1024x702-729x500.jpg 729w\" sizes=\"auto, (max-width: 800px) 100vw, 800px\" \/><\/a><\/p>\n<p><a href=\"https:\/\/www.elindependientedehidalgo.com.mx\/redes-de-trata-y-desaparecidas-en-hidalgo\/\">https:\/\/www.elindependientedehidalgo.com.mx\/redes-de-trata-y-desaparecidas-en-hidalgo\/<\/a><\/p>\n","protected":false},"excerpt":{"rendered":"<p>Adriana Hern\u00e1ndez Islas \/ El Independiente de Hidalgo Durante los primeros seis meses de este a\u00f1o 23 personas fueron v\u00edctimas de trata, lo que representa un incremento de 109 por &hellip; <a href=\"https:\/\/www.grieta.org.mx\/index.php\/2019\/09\/17\/redes-de-trata-y-desaparecidas-en-hidalgo\/\" class=\"more-link\">Leer m\u00e1s<\/a><\/p>\n","protected":false},"author":1,"featured_media":39275,"comment_status":"closed","ping_status":"closed","sticky":false,"template":"","format":"standard","meta":{"ngg_post_thumbnail":0,"_jetpack_newsletter_access":"","_jetpack_dont_email_post_to_subs":false,"_jetpack_newsletter_tier_id":0,"_jetpack_memberships_contains_paywalled_content":false,"_jetpack_memberships_contains_paid_content":false,"footnotes":""},"categories":[80,2244,2141,19,2,2863,2619],"tags":[81,417],"class_list":["post-39274","post","type-post","status-publish","format-standard","has-post-thumbnail","hentry","category-cintillo","category-desaparecidos-en-hidalgo","category-feminicidios-en-hidalgo","category-hidalgo","category-noticias-nacionales","category-trata-de-personas-en-hidalgo","category-violencia-contra-mujeres-en-hidalgo","tag-feminicidios","tag-trata-de-personas","entry"],"jetpack_featured_media_url":"https:\/\/www.grieta.org.mx\/wp-content\/uploads\/2019\/09\/https-_www.elindependientedehidalgo.com_.mx_wp-content_uploads_2019_09_PORTADA-TINTA-ALLEC.jpg","jetpack_sharing_enabled":true,"jetpack_shortlink":"https:\/\/wp.me\/p7ZJR4-ads","jetpack_likes_enabled":false,"jetpack-related-posts":[{"id":34524,"url":"https:\/\/www.grieta.org.mx\/index.php\/2019\/05\/28\/con-victimas-mujeres-694-ilicitos-en-un-cuatrimestre-en-hidalgo\/","url_meta":{"origin":39274,"position":0},"title":"Con v\u00edctimas mujeres, 694 il\u00edcitos en un cuatrimestre, en Hidalgo","author":"grieta","date":"28 mayo, 2019","format":false,"excerpt":"Marisol Flores \/ Criterio Siete feminicidios, diez homicidios dolosos, 671 lesiones intencionales y seis casos de corrupci\u00f3n de menores son los 694 delitos cometidos contra mujeres en Hidalgo entre enero y abril de 2019, de acuerdo con el Secretariado Ejecutivo del Sistema Nacional de Seguridad P\u00fablica (SESNSP). El 25 de\u2026","rel":"","context":"En &quot;CINTILLO&quot;","block_context":{"text":"CINTILLO","link":"https:\/\/www.grieta.org.mx\/index.php\/category\/cintillo\/"},"img":{"alt_text":"","src":"https:\/\/i0.wp.com\/www.grieta.org.mx\/wp-content\/uploads\/2019\/06\/direct-6.jpg?resize=350%2C200&ssl=1","width":350,"height":200,"srcset":"https:\/\/i0.wp.com\/www.grieta.org.mx\/wp-content\/uploads\/2019\/06\/direct-6.jpg?resize=350%2C200&ssl=1 1x, https:\/\/i0.wp.com\/www.grieta.org.mx\/wp-content\/uploads\/2019\/06\/direct-6.jpg?resize=525%2C300&ssl=1 1.5x, https:\/\/i0.wp.com\/www.grieta.org.mx\/wp-content\/uploads\/2019\/06\/direct-6.jpg?resize=700%2C400&ssl=1 2x"},"classes":[]},{"id":39303,"url":"https:\/\/www.grieta.org.mx\/index.php\/2019\/08\/21\/suma-hidalgo-mil-lesiones-contra-mujeres-destacan-acatlan-y-tula-en-feminicidios\/","url_meta":{"origin":39274,"position":1},"title":"Suma Hidalgo mil lesiones contra mujeres; destacan Acatl\u00e1n y Tula en feminicidios","author":"Admin","date":"21 agosto, 2019","format":false,"excerpt":"De enero a junio, Hidalgo sum\u00f3 mil lesiones dolosas contra mujeres, adem\u00e1s de 12 feminicidios, de los cuales, cuatro sucedieron en Acatl\u00e1n y Tula, municipios que destacan entre los primeros cien del pa\u00eds en este tipo de delito. En el mapeo de la violencia de g\u00e9nero, el estado ocupa el\u2026","rel":"","context":"En &quot;CINTILLO&quot;","block_context":{"text":"CINTILLO","link":"https:\/\/www.grieta.org.mx\/index.php\/category\/cintillo\/"},"img":{"alt_text":"","src":"https:\/\/i0.wp.com\/www.grieta.org.mx\/wp-content\/uploads\/2019\/09\/https-_www.am_.com_.mx_export_sites_am_img_2019_08_22_4d35ea23-c7d3-4928-9ad7-a09bef2bd502.jpg_1563092755.jpg?resize=350%2C200&ssl=1","width":350,"height":200,"srcset":"https:\/\/i0.wp.com\/www.grieta.org.mx\/wp-content\/uploads\/2019\/09\/https-_www.am_.com_.mx_export_sites_am_img_2019_08_22_4d35ea23-c7d3-4928-9ad7-a09bef2bd502.jpg_1563092755.jpg?resize=350%2C200&ssl=1 1x, https:\/\/i0.wp.com\/www.grieta.org.mx\/wp-content\/uploads\/2019\/09\/https-_www.am_.com_.mx_export_sites_am_img_2019_08_22_4d35ea23-c7d3-4928-9ad7-a09bef2bd502.jpg_1563092755.jpg?resize=525%2C300&ssl=1 1.5x, https:\/\/i0.wp.com\/www.grieta.org.mx\/wp-content\/uploads\/2019\/09\/https-_www.am_.com_.mx_export_sites_am_img_2019_08_22_4d35ea23-c7d3-4928-9ad7-a09bef2bd502.jpg_1563092755.jpg?resize=700%2C400&ssl=1 2x"},"classes":[]},{"id":43935,"url":"https:\/\/www.grieta.org.mx\/index.php\/2020\/01\/27\/en-hidalgo-se-condena-mas-a-quienes-interrumpen-su-embarazo-que-a-violadores\/","url_meta":{"origin":39274,"position":2},"title":"En Hidalgo se condena m\u00e1s a quienes interrumpen su embarazo que a violadores","author":"Admin","date":"27 enero, 2020","format":false,"excerpt":"Redacci\u00f3n \/ EL Independiente Hidalgo Una investigaci\u00f3n llevada a cabo por este diario, encontr\u00f3 que el Estado no siempre es igual de eficaz al perseguir delitos. Mientras que es muy certero al momento de perseguir a mujeres por el delito de interrupci\u00f3n ilegal del embarazo, cuando se trata de violaci\u00f3n\u2026","rel":"","context":"En &quot;CINTILLO&quot;","block_context":{"text":"CINTILLO","link":"https:\/\/www.grieta.org.mx\/index.php\/category\/cintillo\/"},"img":{"alt_text":"","src":"https:\/\/i0.wp.com\/www.grieta.org.mx\/wp-content\/uploads\/2019\/03\/aborto.jpg?resize=350%2C200&ssl=1","width":350,"height":200,"srcset":"https:\/\/i0.wp.com\/www.grieta.org.mx\/wp-content\/uploads\/2019\/03\/aborto.jpg?resize=350%2C200&ssl=1 1x, https:\/\/i0.wp.com\/www.grieta.org.mx\/wp-content\/uploads\/2019\/03\/aborto.jpg?resize=525%2C300&ssl=1 1.5x, https:\/\/i0.wp.com\/www.grieta.org.mx\/wp-content\/uploads\/2019\/03\/aborto.jpg?resize=700%2C400&ssl=1 2x, https:\/\/i0.wp.com\/www.grieta.org.mx\/wp-content\/uploads\/2019\/03\/aborto.jpg?resize=1050%2C600&ssl=1 3x"},"classes":[]},{"id":1203,"url":"https:\/\/www.grieta.org.mx\/index.php\/2015\/09\/30\/suman-12-feminicidios-en-hidalgo-en-este-ano\/","url_meta":{"origin":39274,"position":3},"title":"Suman 12 feminicidios en Hidalgo en este a\u00f1o","author":"grieta","date":"30 septiembre, 2015","format":false,"excerpt":"Hidalgo.-En lo que va del a\u00f1o, en Hidalgo se han registrado 12 feminicidios, de los cuales apenas dos han sido esclarecidos y se han detenido a los responsables de los casos, de acuerdo con datos de la Procuradur\u00eda General de la Rep\u00fablica (PGR). Los municipios que presentan un mayor n\u00famero\u2026","rel":"","context":"En &quot;CINTILLO&quot;","block_context":{"text":"CINTILLO","link":"https:\/\/www.grieta.org.mx\/index.php\/category\/cintillo\/"},"img":{"alt_text":"","src":"https:\/\/i0.wp.com\/www.grieta.org.mx\/wp-content\/uploads\/2018\/03\/14524434_1106112876131411_958039263622046936_o.jpg?resize=350%2C200&ssl=1","width":350,"height":200,"srcset":"https:\/\/i0.wp.com\/www.grieta.org.mx\/wp-content\/uploads\/2018\/03\/14524434_1106112876131411_958039263622046936_o.jpg?resize=350%2C200&ssl=1 1x, https:\/\/i0.wp.com\/www.grieta.org.mx\/wp-content\/uploads\/2018\/03\/14524434_1106112876131411_958039263622046936_o.jpg?resize=525%2C300&ssl=1 1.5x, https:\/\/i0.wp.com\/www.grieta.org.mx\/wp-content\/uploads\/2018\/03\/14524434_1106112876131411_958039263622046936_o.jpg?resize=700%2C400&ssl=1 2x"},"classes":[]},{"id":1193,"url":"https:\/\/www.grieta.org.mx\/index.php\/2015\/12\/06\/documenta-ong-28-feminicidios-durante-2015-en-la-entidad\/","url_meta":{"origin":39274,"position":4},"title":"Documenta ong 28 feminicidios durante 2015 en la entidad (Hidalgo)","author":"grieta","date":"6 diciembre, 2015","format":false,"excerpt":"Marisol Flores PACHUCA, Hgo., 6 de diciembre de 2015.- De acuerdo a casos documentados por la organizaci\u00f3n de Servicios de Inclusi\u00f3n Integral A.C. (SEIINAC), en este a\u00f1o se han registrado en el estado 28 casos de feminicidios, en contraste con lo reportado por la Procuradur\u00eda General del Estado de Hidalgo\u2026","rel":"","context":"En &quot;CINTILLO&quot;","block_context":{"text":"CINTILLO","link":"https:\/\/www.grieta.org.mx\/index.php\/category\/cintillo\/"},"img":{"alt_text":"","src":"https:\/\/i0.wp.com\/www.grieta.org.mx\/wp-content\/uploads\/2018\/03\/14524434_1106112876131411_958039263622046936_o.jpg?resize=350%2C200&ssl=1","width":350,"height":200,"srcset":"https:\/\/i0.wp.com\/www.grieta.org.mx\/wp-content\/uploads\/2018\/03\/14524434_1106112876131411_958039263622046936_o.jpg?resize=350%2C200&ssl=1 1x, https:\/\/i0.wp.com\/www.grieta.org.mx\/wp-content\/uploads\/2018\/03\/14524434_1106112876131411_958039263622046936_o.jpg?resize=525%2C300&ssl=1 1.5x, https:\/\/i0.wp.com\/www.grieta.org.mx\/wp-content\/uploads\/2018\/03\/14524434_1106112876131411_958039263622046936_o.jpg?resize=700%2C400&ssl=1 2x"},"classes":[]},{"id":30189,"url":"https:\/\/www.grieta.org.mx\/index.php\/2019\/03\/04\/desaparecidos-se-disparan-cifras-en-hidalgo\/","url_meta":{"origin":39274,"position":5},"title":"Desaparecidos: se disparan cifras en Hidalgo","author":"grieta","date":"4 marzo, 2019","format":false,"excerpt":"Adriana Hern\u00e1ndez Islas\/El Independiente de Hidalgo En los \u00faltimos 13 a\u00f1os, mil 775 personas fueron reportadas bajo esa causa Pachuca.- En los \u00faltimos 13 a\u00f1os, m\u00e1s de mil 700 personas fueron reportadas como desaparecidas en Hidalgo; sin embargo, las cifras comenzaron a incrementar en los \u00faltimos tres a\u00f1os, pues durante\u2026","rel":"","context":"En &quot;CINTILLO&quot;","block_context":{"text":"CINTILLO","link":"https:\/\/www.grieta.org.mx\/index.php\/category\/cintillo\/"},"img":{"alt_text":"","src":"https:\/\/i0.wp.com\/www.grieta.org.mx\/wp-content\/uploads\/2019\/03\/pchica-agencia-1-696x470.jpg?resize=350%2C200&ssl=1","width":350,"height":200,"srcset":"https:\/\/i0.wp.com\/www.grieta.org.mx\/wp-content\/uploads\/2019\/03\/pchica-agencia-1-696x470.jpg?resize=350%2C200&ssl=1 1x, https:\/\/i0.wp.com\/www.grieta.org.mx\/wp-content\/uploads\/2019\/03\/pchica-agencia-1-696x470.jpg?resize=525%2C300&ssl=1 1.5x"},"classes":[]}],"_links":{"self":[{"href":"https:\/\/www.grieta.org.mx\/index.php\/wp-json\/wp\/v2\/posts\/39274","targetHints":{"allow":["GET"]}}],"collection":[{"href":"https:\/\/www.grieta.org.mx\/index.php\/wp-json\/wp\/v2\/posts"}],"about":[{"href":"https:\/\/www.grieta.org.mx\/index.php\/wp-json\/wp\/v2\/types\/post"}],"author":[{"embeddable":true,"href":"https:\/\/www.grieta.org.mx\/index.php\/wp-json\/wp\/v2\/users\/1"}],"replies":[{"embeddable":true,"href":"https:\/\/www.grieta.org.mx\/index.php\/wp-json\/wp\/v2\/comments?post=39274"}],"version-history":[{"count":1,"href":"https:\/\/www.grieta.org.mx\/index.php\/wp-json\/wp\/v2\/posts\/39274\/revisions"}],"predecessor-version":[{"id":39277,"href":"https:\/\/www.grieta.org.mx\/index.php\/wp-json\/wp\/v2\/posts\/39274\/revisions\/39277"}],"wp:featuredmedia":[{"embeddable":true,"href":"https:\/\/www.grieta.org.mx\/index.php\/wp-json\/wp\/v2\/media\/39275"}],"wp:attachment":[{"href":"https:\/\/www.grieta.org.mx\/index.php\/wp-json\/wp\/v2\/media?parent=39274"}],"wp:term":[{"taxonomy":"category","embeddable":true,"href":"https:\/\/www.grieta.org.mx\/index.php\/wp-json\/wp\/v2\/categories?post=39274"},{"taxonomy":"post_tag","embeddable":true,"href":"https:\/\/www.grieta.org.mx\/index.php\/wp-json\/wp\/v2\/tags?post=39274"}],"curies":[{"name":"wp","href":"https:\/\/api.w.org\/{rel}","templated":true}]}}