{"id":39222,"date":"2019-09-15T11:30:15","date_gmt":"2019-09-15T16:30:15","guid":{"rendered":"http:\/\/www.grieta.org.mx\/?p=39222"},"modified":"2019-09-17T11:49:12","modified_gmt":"2019-09-17T16:49:12","slug":"en-la-calle-y-endeudados-80-de-damnificados-del-19-s","status":"publish","type":"post","link":"https:\/\/www.grieta.org.mx\/index.php\/2019\/09\/15\/en-la-calle-y-endeudados-80-de-damnificados-del-19-s\/","title":{"rendered":"En la calle y endeudados 80% de damnificados del 19-S"},"content":{"rendered":"<p><img loading=\"lazy\" decoding=\"async\" data-attachment-id=\"39223\" data-permalink=\"https:\/\/www.grieta.org.mx\/index.php\/2019\/09\/15\/en-la-calle-y-endeudados-80-de-damnificados-del-19-s\/441a3307-7eda1956eb74fa16ea9e4373baad87a8-1200x600\/\" data-orig-file=\"https:\/\/www.grieta.org.mx\/wp-content\/uploads\/2019\/09\/441a3307-7eda1956eb74fa16ea9e4373baad87a8-1200x600.jpg\" data-orig-size=\"1200,600\" data-comments-opened=\"0\" data-image-meta=\"{&quot;aperture&quot;:&quot;0&quot;,&quot;credit&quot;:&quot;&quot;,&quot;camera&quot;:&quot;&quot;,&quot;caption&quot;:&quot;&quot;,&quot;created_timestamp&quot;:&quot;0&quot;,&quot;copyright&quot;:&quot;&quot;,&quot;focal_length&quot;:&quot;0&quot;,&quot;iso&quot;:&quot;0&quot;,&quot;shutter_speed&quot;:&quot;0&quot;,&quot;title&quot;:&quot;&quot;,&quot;orientation&quot;:&quot;0&quot;}\" data-image-title=\"441a3307-7eda1956eb74fa16ea9e4373baad87a8-1200&amp;#215;600\" data-image-description=\"\" data-image-caption=\"\" data-medium-file=\"https:\/\/www.grieta.org.mx\/wp-content\/uploads\/2019\/09\/441a3307-7eda1956eb74fa16ea9e4373baad87a8-1200x600-300x150.jpg\" data-large-file=\"https:\/\/www.grieta.org.mx\/wp-content\/uploads\/2019\/09\/441a3307-7eda1956eb74fa16ea9e4373baad87a8-1200x600-1024x512.jpg\" class=\"alignright wp-image-39223\" src=\"http:\/\/www.grieta.org.mx\/wp-content\/uploads\/2019\/09\/441a3307-7eda1956eb74fa16ea9e4373baad87a8-1200x600-1024x512.jpg\" alt=\"\" width=\"800\" height=\"400\" srcset=\"https:\/\/www.grieta.org.mx\/wp-content\/uploads\/2019\/09\/441a3307-7eda1956eb74fa16ea9e4373baad87a8-1200x600-1024x512.jpg 1024w, https:\/\/www.grieta.org.mx\/wp-content\/uploads\/2019\/09\/441a3307-7eda1956eb74fa16ea9e4373baad87a8-1200x600-300x150.jpg 300w, https:\/\/www.grieta.org.mx\/wp-content\/uploads\/2019\/09\/441a3307-7eda1956eb74fa16ea9e4373baad87a8-1200x600-768x384.jpg 768w, https:\/\/www.grieta.org.mx\/wp-content\/uploads\/2019\/09\/441a3307-7eda1956eb74fa16ea9e4373baad87a8-1200x600-1000x500.jpg 1000w, https:\/\/www.grieta.org.mx\/wp-content\/uploads\/2019\/09\/441a3307-7eda1956eb74fa16ea9e4373baad87a8-1200x600.jpg 1200w\" sizes=\"auto, (max-width: 800px) 100vw, 800px\" \/><\/p>\n<p>Daniel Flores\/Publ\u00edmetro<\/p>\n<blockquote><p>De acuerdo con el comisionado para la Reconstrucci\u00f3n de la Ciudad de M\u00e9xico ser\u00e1 hasta 2021 cuando finalice el plan de reconstrucci\u00f3n y regresen a sus casas m\u00e1s de 80 mil personas, lo cual se estima tendr\u00eda un costo final de siete mil millones de pesos<\/p><\/blockquote>\n<p>A 24 meses del sismo del 19 de septiembre, 80 mil damnificados que surgieron tras el derrumbe de 38 inmuebles y 400 edificios con afectaciones graves, siguen en la calle, en campamentos improvisados y con deudas impagables debido a las trabas que ha tenido el proyecto de reconstrucci\u00f3n del gobierno capitalino.<\/p>\n<p>De las 100 mil personas que registraron da\u00f1os de forma parcial o completa en sus casas, departamentos y viviendas, alrededor de 20 mil han podido reincorporarse a sus hogares, mientras que el resto decidi\u00f3 rentar o continuar en los albergues que se abrieron tras el sismo.<\/p>\n<p>De acuerdo a solicitudes de transparencia que elabor\u00f3 Publimetro, la administraci\u00f3n capitalina precis\u00f3 que s\u00f3lo 20% del padr\u00f3n de damnificados que surgieron tras el sismo de 2017 han podido regresar a sus casas, los otros siguen a la espera del plan de reconstrucci\u00f3n.<\/p>\n<p><img loading=\"lazy\" decoding=\"async\" data-attachment-id=\"39224\" data-permalink=\"https:\/\/www.grieta.org.mx\/index.php\/2019\/09\/15\/en-la-calle-y-endeudados-80-de-damnificados-del-19-s\/441a3282-586ee6066f90e9fcddf54698de179114-1200x0\/\" data-orig-file=\"https:\/\/www.grieta.org.mx\/wp-content\/uploads\/2019\/09\/441a3282-586ee6066f90e9fcddf54698de179114-1200x0.jpg\" data-orig-size=\"1200,800\" data-comments-opened=\"0\" data-image-meta=\"{&quot;aperture&quot;:&quot;0&quot;,&quot;credit&quot;:&quot;&quot;,&quot;camera&quot;:&quot;&quot;,&quot;caption&quot;:&quot;&quot;,&quot;created_timestamp&quot;:&quot;0&quot;,&quot;copyright&quot;:&quot;&quot;,&quot;focal_length&quot;:&quot;0&quot;,&quot;iso&quot;:&quot;0&quot;,&quot;shutter_speed&quot;:&quot;0&quot;,&quot;title&quot;:&quot;&quot;,&quot;orientation&quot;:&quot;0&quot;}\" data-image-title=\"441a3282-586ee6066f90e9fcddf54698de179114-1200&amp;#215;0\" data-image-description=\"\" data-image-caption=\"\" data-medium-file=\"https:\/\/www.grieta.org.mx\/wp-content\/uploads\/2019\/09\/441a3282-586ee6066f90e9fcddf54698de179114-1200x0-300x200.jpg\" data-large-file=\"https:\/\/www.grieta.org.mx\/wp-content\/uploads\/2019\/09\/441a3282-586ee6066f90e9fcddf54698de179114-1200x0-1024x683.jpg\" class=\"alignright wp-image-39224\" src=\"http:\/\/www.grieta.org.mx\/wp-content\/uploads\/2019\/09\/441a3282-586ee6066f90e9fcddf54698de179114-1200x0-1024x683.jpg\" alt=\"\" width=\"800\" height=\"533\" srcset=\"https:\/\/www.grieta.org.mx\/wp-content\/uploads\/2019\/09\/441a3282-586ee6066f90e9fcddf54698de179114-1200x0-1024x683.jpg 1024w, https:\/\/www.grieta.org.mx\/wp-content\/uploads\/2019\/09\/441a3282-586ee6066f90e9fcddf54698de179114-1200x0-300x200.jpg 300w, https:\/\/www.grieta.org.mx\/wp-content\/uploads\/2019\/09\/441a3282-586ee6066f90e9fcddf54698de179114-1200x0-768x512.jpg 768w, https:\/\/www.grieta.org.mx\/wp-content\/uploads\/2019\/09\/441a3282-586ee6066f90e9fcddf54698de179114-1200x0-750x500.jpg 750w, https:\/\/www.grieta.org.mx\/wp-content\/uploads\/2019\/09\/441a3282-586ee6066f90e9fcddf54698de179114-1200x0.jpg 1200w\" sizes=\"auto, (max-width: 800px) 100vw, 800px\" \/><\/p>\n<p>Los afectados denuncian que la administraci\u00f3n de la Ciudad de M\u00e9xico se ha quedado corta en cumplir las demandas de este grupo de la poblaci\u00f3n, ya que sigue sin poder brindar las condiciones necesarias para que las familias puedan reincorporarse a su rutina diaria antes del sismo.<\/p>\n<p>Javier Ibarra, damnificado de la avenida del Taller 21, en la alcald\u00eda Cuauht\u00e9moc, asegur\u00f3 que establecieron una especie de guardias al exterior del inmueble, debido a que detectaron rapi\u00f1a en los \u00faltimos meses en sus hogares.<\/p>\n<p>\u201cDesde el 20 de septiembre nos instalamos en campamento, en un principio habitamos ese lugar; sin embargo, debido a la falta de atenci\u00f3n nos encontramos en un rol de guardias para revisar nuestras casas, mientras que el resto vive con alg\u00fan familiar\u201d, sostuvo.<\/p>\n<p>Problema similar viven afectados de \u00c1msterdam 27, de la colonia Hip\u00f3dromo, en donde Trinidad God\u00ednez asegur\u00f3 que la situaci\u00f3n se ha vuelto insostenible ante la falta de respuesta de las autoridades locales para dar celeridad a la demolici\u00f3n de los inmuebles afectados.<\/p>\n<p>\u201cSe nos prometi\u00f3 que, para el 5 de agosto de este a\u00f1o, tendr\u00edan listas nuestras viviendas y a la fecha no ha podido ser as\u00ed. No hicieron pruebas t\u00e9cnicas, s\u00f3lo fueron a tomar fotos y la constructora a cargo s\u00f3lo da\u00f1\u00f3 m\u00e1s el edificio\u201d, declar\u00f3 God\u00ednez.<\/p>\n<p>Silvia Canseco, damnificada de Pestalozzi, en la colonia Narvarte, en la alcald\u00eda Benito Ju\u00e1rez, dice que ha sido complicado rentar una nueva vivienda, mientras que otros afectados tuvieron que irse a vivir con familiares o se adaptaron a campamentos en los que el aseo y la seguridad no es f\u00e1cil.<\/p>\n<p>Al respecto, el colectivo Damnificados Unidos en la Ciudad de M\u00e9xico (DUCDMX) denunci\u00f3 irregularidades en los procesos de restauraci\u00f3n de edificios, el cual asegura que los departamentos que han entregado se encuentran sin ba\u00f1os y con proyectos de incrementar el n\u00famero de habitaciones.<\/p>\n<p>QUEDAN MAL<br \/>\nPara llevar a cabo el plan de reconstrucci\u00f3n la administraci\u00f3n capitalina contrat\u00f3 a diferentes empresas para comenzar a erigir los edificios que resultaron inhabitables, as\u00ed como rehabilitar los inmuebles que tuvieron afectaciones parciales.<\/p>\n<p>Sin embargo, la comisi\u00f3n de reconstrucci\u00f3n inform\u00f3 que tuvieron que desistir del servicio de 55 de las 193 empresas que se contrataron, debido a razones como incumplimiento de contratos, sobreprecios y hasta retrasos en la entrega de los mismos.<\/p>\n<p>De acuerdo con el gobierno de la Ciudad de M\u00e9xico, 10 empresas han sido sustituidas por incumplir lo acordado en la reconstrucci\u00f3n de edificios, mientras que tambi\u00e9n se han enfrentado a actos de corrupci\u00f3n.<\/p>\n<p><img loading=\"lazy\" decoding=\"async\" data-attachment-id=\"39225\" data-permalink=\"https:\/\/www.grieta.org.mx\/index.php\/2019\/09\/15\/en-la-calle-y-endeudados-80-de-damnificados-del-19-s\/publimeto\/\" data-orig-file=\"https:\/\/www.grieta.org.mx\/wp-content\/uploads\/2019\/09\/publ\u00edmeto.jpg\" data-orig-size=\"895,289\" data-comments-opened=\"0\" data-image-meta=\"{&quot;aperture&quot;:&quot;0&quot;,&quot;credit&quot;:&quot;&quot;,&quot;camera&quot;:&quot;&quot;,&quot;caption&quot;:&quot;&quot;,&quot;created_timestamp&quot;:&quot;0&quot;,&quot;copyright&quot;:&quot;&quot;,&quot;focal_length&quot;:&quot;0&quot;,&quot;iso&quot;:&quot;0&quot;,&quot;shutter_speed&quot;:&quot;0&quot;,&quot;title&quot;:&quot;&quot;,&quot;orientation&quot;:&quot;0&quot;}\" data-image-title=\"publ\u00edmeto\" data-image-description=\"\" data-image-caption=\"\" data-medium-file=\"https:\/\/www.grieta.org.mx\/wp-content\/uploads\/2019\/09\/publ\u00edmeto-300x97.jpg\" data-large-file=\"https:\/\/www.grieta.org.mx\/wp-content\/uploads\/2019\/09\/publ\u00edmeto.jpg\" class=\"alignright wp-image-39225\" src=\"http:\/\/www.grieta.org.mx\/wp-content\/uploads\/2019\/09\/publ\u00edmeto.jpg\" alt=\"\" width=\"800\" height=\"258\" srcset=\"https:\/\/www.grieta.org.mx\/wp-content\/uploads\/2019\/09\/publ\u00edmeto.jpg 895w, https:\/\/www.grieta.org.mx\/wp-content\/uploads\/2019\/09\/publ\u00edmeto-300x97.jpg 300w, https:\/\/www.grieta.org.mx\/wp-content\/uploads\/2019\/09\/publ\u00edmeto-768x248.jpg 768w\" sizes=\"auto, (max-width: 800px) 100vw, 800px\" \/><\/p>\n<p><iframe width='600' height='338' src='https:\/\/rudo.video\/vod\/bIjqgL\/country\/MX\/section\/noticias_ciudad_nacional_noticias\/device\/Metro\/type\/sitio\/origin\/embed\/autostart\/true\/volume\/0' frameborder='0' allowfullscreen allow='autoplay; fullscreen'><\/iframe><\/p>\n<p><a href=\"https:\/\/www.publimetro.com.mx\/mx\/noticias\/2019\/09\/15\/la-calle-endeudados-80-damnificados-del-19-s.html\" rel=\"noopener noreferrer\" target=\"_blank\">https:\/\/www.publimetro.com.mx\/mx\/noticias\/2019\/09\/15\/la-calle-endeudados-80-damnificados-del-19-s.html<\/a><\/p>\n","protected":false},"excerpt":{"rendered":"<p>Daniel Flores\/Publ\u00edmetro De acuerdo con el comisionado para la Reconstrucci\u00f3n de la Ciudad de M\u00e9xico ser\u00e1 hasta 2021 cuando finalice el plan de reconstrucci\u00f3n y regresen a sus casas m\u00e1s &hellip; <a href=\"https:\/\/www.grieta.org.mx\/index.php\/2019\/09\/15\/en-la-calle-y-endeudados-80-de-damnificados-del-19-s\/\" class=\"more-link\">Leer m\u00e1s<\/a><\/p>\n","protected":false},"author":2,"featured_media":39223,"comment_status":"closed","ping_status":"closed","sticky":false,"template":"","format":"standard","meta":{"ngg_post_thumbnail":0,"_jetpack_newsletter_access":"","_jetpack_dont_email_post_to_subs":false,"_jetpack_newsletter_tier_id":0,"_jetpack_memberships_contains_paywalled_content":false,"_jetpack_memberships_contains_paid_content":false,"footnotes":""},"categories":[80,14,1742,2],"tags":[1028],"class_list":["post-39222","post","type-post","status-publish","format-standard","has-post-thumbnail","hentry","category-cintillo","category-ciudad-de-mexico","category-damnificados-y-reconstruccion-en-la-ciudad-de-mexico","category-noticias-nacionales","tag-damnificados","entry"],"jetpack_featured_media_url":"https:\/\/www.grieta.org.mx\/wp-content\/uploads\/2019\/09\/441a3307-7eda1956eb74fa16ea9e4373baad87a8-1200x600.jpg","jetpack_sharing_enabled":true,"jetpack_shortlink":"https:\/\/wp.me\/p7ZJR4-acC","jetpack_likes_enabled":false,"jetpack-related-posts":[{"id":23394,"url":"https:\/\/www.grieta.org.mx\/index.php\/2018\/05\/30\/damnificados-montan-campamento-en-calzada-de-tlalpan-reclaman-que-autoridades-cumplan-con-reconstruccion\/","url_meta":{"origin":39222,"position":0},"title":"Damnificados montan campamento en calzada de Tlalpan; reclaman que autoridades cumplan con reconstrucci\u00f3n","author":"grieta","date":"30 mayo, 2018","format":false,"excerpt":"Redacci\u00f3n Animal Pol\u00edtico Damnificados del Multifamiliar dijeron que mantendr\u00e1n un campamento en calzada de Tlalpan, hasta que las autoridades de la CDMX cumplan con sus exigencias de reconstrucci\u00f3n de viviendas, luego de los da\u00f1os causados por el sismo del 19 de septiembre. Damnificados del Multifamiliar Tlalpan informaron la noche de\u2026","rel":"","context":"En &quot;CINTILLO&quot;","block_context":{"text":"CINTILLO","link":"https:\/\/www.grieta.org.mx\/index.php\/category\/cintillo\/"},"img":{"alt_text":"","src":"https:\/\/i0.wp.com\/www.grieta.org.mx\/wp-content\/uploads\/2018\/06\/tlalpan-960x500.jpg?resize=350%2C200&ssl=1","width":350,"height":200,"srcset":"https:\/\/i0.wp.com\/www.grieta.org.mx\/wp-content\/uploads\/2018\/06\/tlalpan-960x500.jpg?resize=350%2C200&ssl=1 1x, https:\/\/i0.wp.com\/www.grieta.org.mx\/wp-content\/uploads\/2018\/06\/tlalpan-960x500.jpg?resize=525%2C300&ssl=1 1.5x, https:\/\/i0.wp.com\/www.grieta.org.mx\/wp-content\/uploads\/2018\/06\/tlalpan-960x500.jpg?resize=700%2C400&ssl=1 2x"},"classes":[]},{"id":35785,"url":"https:\/\/www.grieta.org.mx\/index.php\/2019\/07\/02\/deben-aparecer-3-mil-mdp-de-donaciones-damnificados-unidos-de-la-cdmx\/","url_meta":{"origin":39222,"position":1},"title":"Deben aparecer 3 mil mdp de donaciones: Damnificados Unidos de la CDMX","author":"grieta","date":"2 julio, 2019","format":false,"excerpt":"Redacci\u00f3n\/ PROCESO CIUDAD DE M\u00c9XICO (apro).- La organizaci\u00f3n ciudadana Damnificados Unidos de la Ciudad de M\u00e9xico exigi\u00f3 castigar a funcionarios del gobierno de Miguel \u00c1ngel Mancera y de Claudia Sheinbaum \u201cque propiciaron la opacidad\u201d de las donaciones nacionales e internacionales para atender la emergencia de los sismos del 7 y\u2026","rel":"","context":"En &quot;CINTILLO&quot;","block_context":{"text":"CINTILLO","link":"https:\/\/www.grieta.org.mx\/index.php\/category\/cintillo\/"},"img":{"alt_text":"","src":"https:\/\/i0.wp.com\/www.grieta.org.mx\/wp-content\/uploads\/2019\/07\/Damnificados.jpg?resize=350%2C200&ssl=1","width":350,"height":200,"srcset":"https:\/\/i0.wp.com\/www.grieta.org.mx\/wp-content\/uploads\/2019\/07\/Damnificados.jpg?resize=350%2C200&ssl=1 1x, https:\/\/i0.wp.com\/www.grieta.org.mx\/wp-content\/uploads\/2019\/07\/Damnificados.jpg?resize=525%2C300&ssl=1 1.5x, https:\/\/i0.wp.com\/www.grieta.org.mx\/wp-content\/uploads\/2019\/07\/Damnificados.jpg?resize=700%2C400&ssl=1 2x, https:\/\/i0.wp.com\/www.grieta.org.mx\/wp-content\/uploads\/2019\/07\/Damnificados.jpg?resize=1050%2C600&ssl=1 3x"},"classes":[]},{"id":23950,"url":"https:\/\/www.grieta.org.mx\/index.php\/2018\/06\/22\/damnificados-de-tlalpan-doblan-al-gobierno-de-la-cdmx-consiguen-reconstruccion-con-recursos-publicos\/","url_meta":{"origin":39222,"position":2},"title":"Damnificados de Tlalpan doblan al gobierno de la CDMX: consiguen reconstrucci\u00f3n con recursos p\u00fablicos","author":"grieta","date":"22 junio, 2018","format":false,"excerpt":"Proceso CIUDAD DE M\u00c9XICO (apro).- De manera in\u00e9dita, el gobierno de la Ciudad de M\u00e9xico y la Asamblea Legislativa firmaron una declaratoria de compromisos para iniciar los trabajos de reconstrucci\u00f3n con recursos p\u00fablicos en beneficio de los damnificados que bloquearon alrededor de ocho horas la Calzada de Tlalpan. Esta madrugada,\u2026","rel":"","context":"En &quot;CINTILLO&quot;","block_context":{"text":"CINTILLO","link":"https:\/\/www.grieta.org.mx\/index.php\/category\/cintillo\/"},"img":{"alt_text":"","src":"https:\/\/i0.wp.com\/www.grieta.org.mx\/wp-content\/uploads\/2018\/06\/tlalpan-1.jpg?resize=350%2C200&ssl=1","width":350,"height":200,"srcset":"https:\/\/i0.wp.com\/www.grieta.org.mx\/wp-content\/uploads\/2018\/06\/tlalpan-1.jpg?resize=350%2C200&ssl=1 1x, https:\/\/i0.wp.com\/www.grieta.org.mx\/wp-content\/uploads\/2018\/06\/tlalpan-1.jpg?resize=525%2C300&ssl=1 1.5x, https:\/\/i0.wp.com\/www.grieta.org.mx\/wp-content\/uploads\/2018\/06\/tlalpan-1.jpg?resize=700%2C400&ssl=1 2x"},"classes":[]},{"id":66778,"url":"https:\/\/www.grieta.org.mx\/index.php\/2023\/04\/10\/damnificados-del-19s-denuncian-caos-en-el-invi-para-la-reconstruccion-de-sus-edificios-cdmx\/","url_meta":{"origin":39222,"position":3},"title":"Damnificados del 19S denuncian caos en el Invi para la reconstrucci\u00f3n de sus edificios (CDMX)","author":"grieta","date":"10 abril, 2023","format":false,"excerpt":"Marcha de Damnificados a un a\u00f1o del sismo 19S, para exigir a las autoridades la reconstrucci\u00f3n de sus viviendas. El 19-09-2018. Foto: Germ\u00e1n Canseco Sara Pantoja \/ Proceso En febrero pasado les confirmaron que sus edificios ya no ser\u00e1n atendidos por la Comisi\u00f3n para la Reconstrucci\u00f3n, sino por el Instituto\u2026","rel":"","context":"En &quot;CINTILLO&quot;","block_context":{"text":"CINTILLO","link":"https:\/\/www.grieta.org.mx\/index.php\/category\/cintillo\/"},"img":{"alt_text":"","src":"","width":0,"height":0},"classes":[]},{"id":39389,"url":"https:\/\/www.grieta.org.mx\/index.php\/2019\/09\/19\/dos-anos-del-s19-seguimos-en-la-calle-y-la-corrupcion-continua-recriminan-damnificados-unidos\/","url_meta":{"origin":39222,"position":4},"title":"Dos a\u00f1os del S19, seguimos en la calle y la corrupci\u00f3n contin\u00faa, recriminan Damnificados Unidos","author":"grieta","date":"19 septiembre, 2019","format":false,"excerpt":"Blanca Estela Flores, damnificada del Multifamiliar Tlalpan, detall\u00f3 que los damnificados denunciaron, el pasado mes de mayo, que en el edificio 4B del Multifamiliar Tlalpan, la empresa REM Ingenier\u00eda Ecol\u00f3gica, estaba vendiendo a sobre costos. Dijo que, por ejemplo, un juego de ba\u00f1o que vale 1,800 pesos, la empresa lo\u2026","rel":"","context":"En &quot;CINTILLO&quot;","block_context":{"text":"CINTILLO","link":"https:\/\/www.grieta.org.mx\/index.php\/category\/cintillo\/"},"img":{"alt_text":"","src":"https:\/\/i0.wp.com\/www.grieta.org.mx\/wp-content\/uploads\/2019\/09\/damnificados.jpg?resize=350%2C200&ssl=1","width":350,"height":200,"srcset":"https:\/\/i0.wp.com\/www.grieta.org.mx\/wp-content\/uploads\/2019\/09\/damnificados.jpg?resize=350%2C200&ssl=1 1x, https:\/\/i0.wp.com\/www.grieta.org.mx\/wp-content\/uploads\/2019\/09\/damnificados.jpg?resize=525%2C300&ssl=1 1.5x, https:\/\/i0.wp.com\/www.grieta.org.mx\/wp-content\/uploads\/2019\/09\/damnificados.jpg?resize=700%2C400&ssl=1 2x, https:\/\/i0.wp.com\/www.grieta.org.mx\/wp-content\/uploads\/2019\/09\/damnificados.jpg?resize=1050%2C600&ssl=1 3x"},"classes":[]},{"id":51887,"url":"https:\/\/www.grieta.org.mx\/index.php\/2020\/06\/24\/por-su-inaccion-colectivo-de-damnificados-termina-relacion-con-el-comisionado-cesar-cravioto-ciudad-de-mexico\/","url_meta":{"origin":39222,"position":5},"title":"Por \u201csu inacci\u00f3n\u201d, colectivo de damnificados termina relaci\u00f3n con el comisionado C\u00e9sar Cravioto (Ciudad de M\u00e9xico)","author":"grieta","date":"24 junio, 2020","format":false,"excerpt":"C\u00e9sar Cravioto, comisionado para la Reconstrucci\u00f3n. Foto: Benjam\u00edn Flores Sara Pantoja \/ Proceso CIUDAD DE M\u00c9XICO (apro).- El colectivo Damnificados Unidos de la Ciudad de M\u00e9xico (DUCDMX) dio a conocer que termin\u00f3 la relaci\u00f3n con C\u00e9sar Cravioto, comisionado para la Reconstrucci\u00f3n, debido a \u201csu inacci\u00f3n, ineficacia y falta de resultados\u201d,\u2026","rel":"","context":"En &quot;CINTILLO&quot;","block_context":{"text":"CINTILLO","link":"https:\/\/www.grieta.org.mx\/index.php\/category\/cintillo\/"},"img":{"alt_text":"","src":"https:\/\/i0.wp.com\/www.grieta.org.mx\/wp-content\/uploads\/2020\/07\/Por-%E2%80%9Csu-inacci%C3%B3n%E2%80%9D-colectivo-de-damnificados-termina-relaci%C3%B3n-con-el-comisionado-C%C3%A9sar-Cravioto-cdmx-jul.jpg?resize=350%2C200&ssl=1","width":350,"height":200,"srcset":"https:\/\/i0.wp.com\/www.grieta.org.mx\/wp-content\/uploads\/2020\/07\/Por-%E2%80%9Csu-inacci%C3%B3n%E2%80%9D-colectivo-de-damnificados-termina-relaci%C3%B3n-con-el-comisionado-C%C3%A9sar-Cravioto-cdmx-jul.jpg?resize=350%2C200&ssl=1 1x, https:\/\/i0.wp.com\/www.grieta.org.mx\/wp-content\/uploads\/2020\/07\/Por-%E2%80%9Csu-inacci%C3%B3n%E2%80%9D-colectivo-de-damnificados-termina-relaci%C3%B3n-con-el-comisionado-C%C3%A9sar-Cravioto-cdmx-jul.jpg?resize=525%2C300&ssl=1 1.5x, https:\/\/i0.wp.com\/www.grieta.org.mx\/wp-content\/uploads\/2020\/07\/Por-%E2%80%9Csu-inacci%C3%B3n%E2%80%9D-colectivo-de-damnificados-termina-relaci%C3%B3n-con-el-comisionado-C%C3%A9sar-Cravioto-cdmx-jul.jpg?resize=700%2C400&ssl=1 2x"},"classes":[]}],"_links":{"self":[{"href":"https:\/\/www.grieta.org.mx\/index.php\/wp-json\/wp\/v2\/posts\/39222","targetHints":{"allow":["GET"]}}],"collection":[{"href":"https:\/\/www.grieta.org.mx\/index.php\/wp-json\/wp\/v2\/posts"}],"about":[{"href":"https:\/\/www.grieta.org.mx\/index.php\/wp-json\/wp\/v2\/types\/post"}],"author":[{"embeddable":true,"href":"https:\/\/www.grieta.org.mx\/index.php\/wp-json\/wp\/v2\/users\/2"}],"replies":[{"embeddable":true,"href":"https:\/\/www.grieta.org.mx\/index.php\/wp-json\/wp\/v2\/comments?post=39222"}],"version-history":[{"count":1,"href":"https:\/\/www.grieta.org.mx\/index.php\/wp-json\/wp\/v2\/posts\/39222\/revisions"}],"predecessor-version":[{"id":39227,"href":"https:\/\/www.grieta.org.mx\/index.php\/wp-json\/wp\/v2\/posts\/39222\/revisions\/39227"}],"wp:featuredmedia":[{"embeddable":true,"href":"https:\/\/www.grieta.org.mx\/index.php\/wp-json\/wp\/v2\/media\/39223"}],"wp:attachment":[{"href":"https:\/\/www.grieta.org.mx\/index.php\/wp-json\/wp\/v2\/media?parent=39222"}],"wp:term":[{"taxonomy":"category","embeddable":true,"href":"https:\/\/www.grieta.org.mx\/index.php\/wp-json\/wp\/v2\/categories?post=39222"},{"taxonomy":"post_tag","embeddable":true,"href":"https:\/\/www.grieta.org.mx\/index.php\/wp-json\/wp\/v2\/tags?post=39222"}],"curies":[{"name":"wp","href":"https:\/\/api.w.org\/{rel}","templated":true}]}}