{"id":39194,"date":"2019-09-13T12:46:55","date_gmt":"2019-09-13T17:46:55","guid":{"rendered":"http:\/\/www.grieta.org.mx\/?p=39194"},"modified":"2019-09-14T12:54:52","modified_gmt":"2019-09-14T17:54:52","slug":"ejidatarios-de-holbox-preparan-denuncias-contra-concesionarios-a-los-que-semarnat-entrego-de-manera-irregular-terrenos-ganados-al-mar","status":"publish","type":"post","link":"https:\/\/www.grieta.org.mx\/index.php\/2019\/09\/13\/ejidatarios-de-holbox-preparan-denuncias-contra-concesionarios-a-los-que-semarnat-entrego-de-manera-irregular-terrenos-ganados-al-mar\/","title":{"rendered":"Ejidatarios de Holbox preparan denuncias contra concesionarios a los que Semarnat entreg\u00f3 de manera irregular terrenos ganados al mar"},"content":{"rendered":"<p><img loading=\"lazy\" decoding=\"async\" data-attachment-id=\"39196\" data-permalink=\"https:\/\/www.grieta.org.mx\/index.php\/2019\/09\/13\/ejidatarios-de-holbox-preparan-denuncias-contra-concesionarios-a-los-que-semarnat-entrego-de-manera-irregular-terrenos-ganados-al-mar\/holbox\/\" data-orig-file=\"https:\/\/www.grieta.org.mx\/wp-content\/uploads\/2019\/09\/Holbox-e1568483583805.png\" data-orig-size=\"800,375\" data-comments-opened=\"0\" data-image-meta=\"{&quot;aperture&quot;:&quot;0&quot;,&quot;credit&quot;:&quot;&quot;,&quot;camera&quot;:&quot;&quot;,&quot;caption&quot;:&quot;&quot;,&quot;created_timestamp&quot;:&quot;0&quot;,&quot;copyright&quot;:&quot;&quot;,&quot;focal_length&quot;:&quot;0&quot;,&quot;iso&quot;:&quot;0&quot;,&quot;shutter_speed&quot;:&quot;0&quot;,&quot;title&quot;:&quot;&quot;,&quot;orientation&quot;:&quot;0&quot;}\" data-image-title=\"Holbox\" data-image-description=\"\" data-image-caption=\"\" data-medium-file=\"https:\/\/www.grieta.org.mx\/wp-content\/uploads\/2019\/09\/Holbox-300x141.png\" data-large-file=\"https:\/\/www.grieta.org.mx\/wp-content\/uploads\/2019\/09\/Holbox-e1568483583805.png\" src=\"http:\/\/www.grieta.org.mx\/wp-content\/uploads\/2019\/09\/Holbox-e1568483583805.png\" alt=\"\" width=\"800\" height=\"375\" class=\"alignright size-full wp-image-39196\" \/><br \/>\nNoticaribe<br \/>\nKANTUNILK\u00cdN, MX.- El Ejido Holbox anunci\u00f3 hoy que desconoce las concesiones entregadas por la Semarnat a particulares en terrenos ganados al mar, pues aseguran que no existen tales en la isla y que estas empresas ocupan sus terrenos.<\/p>\n<p>A trav\u00e9s de un comunicado, el presidente del comisariado ejidal, Abilio Canto Mena, revel\u00f3 que en d\u00edas pasados se acord\u00f3 en asamblea lotificar los terrenos comunes, \u201csin embargo muchos de estos terrenos fueron obtenidos por particulares, mediante concesiones mal habidas de terrenos ganados al mar, otorgadas por pasadas administraciones corruptas, tanto municipales como estatales y principalmente federales\u201d.<\/p>\n<p>Seg\u00fan el l\u00edder ejidal, delimitaciones oficiales de la Zona Federal Mar\u00edtimo Terrestre, realizadas en 2002, 2013 y 2018, muestran que en Holbox no hay terrenos ganados al mar, sino que, al contrario, se han perdido terrenos por erosi\u00f3n. Esto, asegura, fue ya presentado ante las nuevas autoridades federales.<\/p>\n<p>\u201cLe hemos pedido a las nuevas autoridades de la Semarnat, revocar las concesiones de terrenos ganados al mar, otorgadas sobre terrenos de nuestra propiedad, despu\u00e9s de nueve meses no hemos obtenido respuesta, manifestando un silencio c\u00f3mplice, por lo que, en breve, iniciaremos los procedimientos legales que correspondan\u201d, se advierte.<\/p>\n<p>Los \u00fanicos terrenos que no han sido lotificados son los que est\u00e1n frente a hoteles, pues \u00e9stos han sido ofrecidos a la venta a estos centros de hospedaje \u201ccon precios preferenciales\u201d.<\/p>\n<p>Canto Mena concluye se\u00f1alando que est\u00e1n abiertos al di\u00e1logo pues no desean perjudicar al turismo. (Agencia SIM)<\/p>\n<p><a href=\"https:\/\/noticaribe.com.mx\/2019\/09\/13\/ejidatarios-de-holbox-preparan-denuncias-contra-concesionarios-a-los-que-semarnat-entrego-de-manera-irregular-terrenos-ganados-al-mar\/\" rel=\"noopener noreferrer\" target=\"_blank\">https:\/\/noticaribe.com.mx\/2019\/09\/13\/ejidatarios-de-holbox-preparan-denuncias-contra-concesionarios-a-los-que-semarnat-entrego-de-manera-irregular-terrenos-ganados-al-mar\/<\/a><\/p>\n","protected":false},"excerpt":{"rendered":"<p>Noticaribe KANTUNILK\u00cdN, MX.- El Ejido Holbox anunci\u00f3 hoy que desconoce las concesiones entregadas por la Semarnat a particulares en terrenos ganados al mar, pues aseguran que no existen tales en &hellip; <a href=\"https:\/\/www.grieta.org.mx\/index.php\/2019\/09\/13\/ejidatarios-de-holbox-preparan-denuncias-contra-concesionarios-a-los-que-semarnat-entrego-de-manera-irregular-terrenos-ganados-al-mar\/\" class=\"more-link\">Leer m\u00e1s<\/a><\/p>\n","protected":false},"author":2,"featured_media":39196,"comment_status":"closed","ping_status":"closed","sticky":false,"template":"","format":"standard","meta":{"ngg_post_thumbnail":0,"_jetpack_newsletter_access":"","_jetpack_dont_email_post_to_subs":false,"_jetpack_newsletter_tier_id":0,"_jetpack_memberships_contains_paywalled_content":false,"_jetpack_memberships_contains_paid_content":false,"footnotes":""},"categories":[80,2,28,2005],"tags":[2311,330],"class_list":["post-39194","post","type-post","status-publish","format-standard","has-post-thumbnail","hentry","category-cintillo","category-noticias-nacionales","category-quintana-roo","category-resistencia-al-despojo-de-tierras-y-aguas-ejidales-en-quintana-roo","tag-despojo-de-tierras","tag-holbox","entry"],"jetpack_featured_media_url":"https:\/\/www.grieta.org.mx\/wp-content\/uploads\/2019\/09\/Holbox-e1568483583805.png","jetpack_sharing_enabled":true,"jetpack_shortlink":"https:\/\/wp.me\/p7ZJR4-aca","jetpack_likes_enabled":false,"jetpack-related-posts":[{"id":56920,"url":"https:\/\/www.grieta.org.mx\/index.php\/2021\/02\/10\/detectan-privatizacion-de-mas-de-500-mil-hectareas-de-tierras-ejidales-en-la-peninsula-de-yucatan\/","url_meta":{"origin":39194,"position":0},"title":"Detectan privatizaci\u00f3n de m\u00e1s de 500 mil hect\u00e1reas de tierras ejidales en la Pen\u00ednsula de Yucat\u00e1n","author":"grieta","date":"10 febrero, 2021","format":false,"excerpt":"Pablo Puerto \/ Yucat\u00e1n a la Mano En por lo menos 30 a\u00f1os, m\u00e1s de 500 mil hect\u00e1reas de tierras ejidales han pasado a manos privadas en Campeche, Yucat\u00e1n y Quintana Roo, revela el informe \u201cTres d\u00e9cadas de privatizaci\u00f3n y despojo de la propiedad social en la Pen\u00ednsula de Yucat\u00e1n\u201d,\u2026","rel":"","context":"En &quot;Campeche&quot;","block_context":{"text":"Campeche","link":"https:\/\/www.grieta.org.mx\/index.php\/category\/noticias-nacionales\/campeche\/"},"img":{"alt_text":"","src":"https:\/\/i0.wp.com\/www.grieta.org.mx\/wp-content\/uploads\/2021\/02\/Privatizacion500-e1613070823855.png?resize=350%2C200&ssl=1","width":350,"height":200,"srcset":"https:\/\/i0.wp.com\/www.grieta.org.mx\/wp-content\/uploads\/2021\/02\/Privatizacion500-e1613070823855.png?resize=350%2C200&ssl=1 1x, https:\/\/i0.wp.com\/www.grieta.org.mx\/wp-content\/uploads\/2021\/02\/Privatizacion500-e1613070823855.png?resize=525%2C300&ssl=1 1.5x, https:\/\/i0.wp.com\/www.grieta.org.mx\/wp-content\/uploads\/2021\/02\/Privatizacion500-e1613070823855.png?resize=700%2C400&ssl=1 2x"},"classes":[]},{"id":4068,"url":"https:\/\/www.grieta.org.mx\/index.php\/2015\/11\/08\/en-holbox-quintana-roo-buscan-separacion-politica-para-frenar-desarrollo-turistico\/","url_meta":{"origin":39194,"position":1},"title":"En Holbox (Quintana Roo) buscan separaci\u00f3n pol\u00edtica para frenar desarrollo tur\u00edstico","author":"grieta","date":"8 noviembre, 2015","format":false,"excerpt":"08\/11\/15. Promueven proyecto de hotel en Holbox BlueEl Economista 22\/08\/15. Surge movimiento separatista en HolboxProceso 12\/08\/15. Alcalde inicia campa\u00f1a para impedir protecci\u00f3n de la reserva de Yum Balam (Holbox)Noticaribe 04\/07\/15. Asegura Profepa embarcaciones sin autorizaci\u00f3n para avistamiento del tibur\u00f3n ballena en HolboxNoticaribe 27\/06\/15. Cadena humana para proteger HolboxNoticaribe 27\/06\/15. Jornada\u2026","rel":"","context":"En &quot;16. Pueblo Maya&quot;","block_context":{"text":"16. Pueblo Maya","link":"https:\/\/www.grieta.org.mx\/index.php\/category\/espejos-de-la-resistencia\/16-pueblo-maya\/"},"img":{"alt_text":"","src":"https:\/\/i0.wp.com\/www.grieta.org.mx\/wp-content\/uploads\/2018\/03\/14524434_1106112876131411_958039263622046936_o.jpg?resize=350%2C200&ssl=1","width":350,"height":200,"srcset":"https:\/\/i0.wp.com\/www.grieta.org.mx\/wp-content\/uploads\/2018\/03\/14524434_1106112876131411_958039263622046936_o.jpg?resize=350%2C200&ssl=1 1x, https:\/\/i0.wp.com\/www.grieta.org.mx\/wp-content\/uploads\/2018\/03\/14524434_1106112876131411_958039263622046936_o.jpg?resize=525%2C300&ssl=1 1.5x, https:\/\/i0.wp.com\/www.grieta.org.mx\/wp-content\/uploads\/2018\/03\/14524434_1106112876131411_958039263622046936_o.jpg?resize=700%2C400&ssl=1 2x"},"classes":[]},{"id":4087,"url":"https:\/\/www.grieta.org.mx\/index.php\/2015\/02\/05\/la-paradisiaca-isla-holbox-en-quintana-roo-la-disputa-entre-comuneros-y-una-empresa\/","url_meta":{"origin":39194,"position":2},"title":"La paradisiaca isla Holbox, en Quintana Roo: la disputa entre comuneros y una empresa","author":"grieta","date":"5 febrero, 2015","format":false,"excerpt":"La paradisiaca isla Holbox, en Quitana Roo, est\u00e1 en la mira para convertirla en un destino tur\u00edstico con villas, hoteles, plaza comercial y un puerto; pero mientras espera el aval ambiental, los comuneros libran una batalla en los tribunales para ganar la representaci\u00f3n ejidal. Un grupo de 73 ejidatarios vendi\u00f3\u2026","rel":"","context":"En &quot;CINTILLO&quot;","block_context":{"text":"CINTILLO","link":"https:\/\/www.grieta.org.mx\/index.php\/category\/cintillo\/"},"img":{"alt_text":"","src":"https:\/\/i0.wp.com\/www.grieta.org.mx\/wp-content\/uploads\/2018\/03\/14524434_1106112876131411_958039263622046936_o.jpg?resize=350%2C200&ssl=1","width":350,"height":200,"srcset":"https:\/\/i0.wp.com\/www.grieta.org.mx\/wp-content\/uploads\/2018\/03\/14524434_1106112876131411_958039263622046936_o.jpg?resize=350%2C200&ssl=1 1x, https:\/\/i0.wp.com\/www.grieta.org.mx\/wp-content\/uploads\/2018\/03\/14524434_1106112876131411_958039263622046936_o.jpg?resize=525%2C300&ssl=1 1.5x, https:\/\/i0.wp.com\/www.grieta.org.mx\/wp-content\/uploads\/2018\/03\/14524434_1106112876131411_958039263622046936_o.jpg?resize=700%2C400&ssl=1 2x"},"classes":[]},{"id":4081,"url":"https:\/\/www.grieta.org.mx\/index.php\/2015\/06\/27\/jornada-de-protestas-ambientales-en-quintana-roo\/","url_meta":{"origin":39194,"position":3},"title":"Jornada de protestas ambientales en Quintana Roo","author":"grieta","date":"27 junio, 2015","format":false,"excerpt":"CANC\u00daN, MX.- Este s\u00e1bado, Quintana Roo vivir\u00e1 una jornada de protestas ciudadanas cuando se realice en Puerto Morelos una marcha para defender una escuela secundaria que se encuentra frente al mar y que ser\u00eda demolida para construir un muelle privado, as\u00ed como una cadena humana en la isla de Holbox\u2026","rel":"","context":"En &quot;CINTILLO&quot;","block_context":{"text":"CINTILLO","link":"https:\/\/www.grieta.org.mx\/index.php\/category\/cintillo\/"},"img":{"alt_text":"","src":"https:\/\/i0.wp.com\/www.grieta.org.mx\/wp-content\/uploads\/2018\/03\/14524434_1106112876131411_958039263622046936_o.jpg?resize=350%2C200&ssl=1","width":350,"height":200,"srcset":"https:\/\/i0.wp.com\/www.grieta.org.mx\/wp-content\/uploads\/2018\/03\/14524434_1106112876131411_958039263622046936_o.jpg?resize=350%2C200&ssl=1 1x, https:\/\/i0.wp.com\/www.grieta.org.mx\/wp-content\/uploads\/2018\/03\/14524434_1106112876131411_958039263622046936_o.jpg?resize=525%2C300&ssl=1 1.5x, https:\/\/i0.wp.com\/www.grieta.org.mx\/wp-content\/uploads\/2018\/03\/14524434_1106112876131411_958039263622046936_o.jpg?resize=700%2C400&ssl=1 2x"},"classes":[]},{"id":57787,"url":"https:\/\/www.grieta.org.mx\/index.php\/2021\/03\/19\/denuncian-nula-actuacion-de-conanp-contra-el-ecocidio-de-manglares-en-holbox-video-quintana-roo\/","url_meta":{"origin":39194,"position":4},"title":"Denuncian nula actuaci\u00f3n de Conanp contra el ecocidio de manglares en Holbox : Video  (Quintana Roo)","author":"grieta","date":"19 marzo, 2021","format":false,"excerpt":"PorEsto! Hasta el momento la dependencia no ha hecho nada al respecto sobre la devastaci\u00f3n de manglares en Holbox, indicaron habitantes La devastaci\u00f3n de manglares en una de las zonas de conservaci\u00f3n de la isla choca de Holbox continua sin que hasta ahora las autoridades ambientales federales, entre ellas la\u2026","rel":"","context":"En &quot;\u00c1reas naturales protegidas&quot;","block_context":{"text":"\u00c1reas naturales protegidas","link":"https:\/\/www.grieta.org.mx\/index.php\/category\/megaproyectos\/areas-naturales-protegidas\/"},"img":{"alt_text":"","src":"https:\/\/i0.wp.com\/www.grieta.org.mx\/wp-content\/uploads\/2021\/03\/HolboxDeforest.png?resize=350%2C200&ssl=1","width":350,"height":200,"srcset":"https:\/\/i0.wp.com\/www.grieta.org.mx\/wp-content\/uploads\/2021\/03\/HolboxDeforest.png?resize=350%2C200&ssl=1 1x, https:\/\/i0.wp.com\/www.grieta.org.mx\/wp-content\/uploads\/2021\/03\/HolboxDeforest.png?resize=525%2C300&ssl=1 1.5x"},"classes":[]},{"id":68582,"url":"https:\/\/www.grieta.org.mx\/index.php\/2024\/02\/18\/tulum-un-jugoso-despojo-a-ejidatarios-cerca-del-aeropuerto-carrillo-puertoquintana-roo\/","url_meta":{"origin":39194,"position":5},"title":"Tulum: un jugoso despojo a ejidatarios cerca del aeropuerto Carrillo Puerto(Quintana Roo)","author":"grieta","date":"18 febrero, 2024","format":false,"excerpt":"Diana Lastiri \/ Revista Proceso Desde 1974 una serie de alteraciones del registro de tierras por parte de autoridades afectaron una gran porci\u00f3n de terrenos ejidales junto al mar Caribe. Los terrenos, que por ley no pod\u00edan venderse a particulares, fueron adquiridos fraudulentamente por hoteleros extranjeros. Desde hace medio siglo\u2026","rel":"","context":"En &quot;CINTILLO&quot;","block_context":{"text":"CINTILLO","link":"https:\/\/www.grieta.org.mx\/index.php\/category\/cintillo\/"},"img":{"alt_text":"","src":"https:\/\/i0.wp.com\/www.grieta.org.mx\/wp-content\/uploads\/2024\/03\/Tulum-e1709623756607.jpg?resize=350%2C200&ssl=1","width":350,"height":200,"srcset":"https:\/\/i0.wp.com\/www.grieta.org.mx\/wp-content\/uploads\/2024\/03\/Tulum-e1709623756607.jpg?resize=350%2C200&ssl=1 1x, https:\/\/i0.wp.com\/www.grieta.org.mx\/wp-content\/uploads\/2024\/03\/Tulum-e1709623756607.jpg?resize=525%2C300&ssl=1 1.5x, https:\/\/i0.wp.com\/www.grieta.org.mx\/wp-content\/uploads\/2024\/03\/Tulum-e1709623756607.jpg?resize=700%2C400&ssl=1 2x"},"classes":[]}],"_links":{"self":[{"href":"https:\/\/www.grieta.org.mx\/index.php\/wp-json\/wp\/v2\/posts\/39194","targetHints":{"allow":["GET"]}}],"collection":[{"href":"https:\/\/www.grieta.org.mx\/index.php\/wp-json\/wp\/v2\/posts"}],"about":[{"href":"https:\/\/www.grieta.org.mx\/index.php\/wp-json\/wp\/v2\/types\/post"}],"author":[{"embeddable":true,"href":"https:\/\/www.grieta.org.mx\/index.php\/wp-json\/wp\/v2\/users\/2"}],"replies":[{"embeddable":true,"href":"https:\/\/www.grieta.org.mx\/index.php\/wp-json\/wp\/v2\/comments?post=39194"}],"version-history":[{"count":1,"href":"https:\/\/www.grieta.org.mx\/index.php\/wp-json\/wp\/v2\/posts\/39194\/revisions"}],"predecessor-version":[{"id":39198,"href":"https:\/\/www.grieta.org.mx\/index.php\/wp-json\/wp\/v2\/posts\/39194\/revisions\/39198"}],"wp:featuredmedia":[{"embeddable":true,"href":"https:\/\/www.grieta.org.mx\/index.php\/wp-json\/wp\/v2\/media\/39196"}],"wp:attachment":[{"href":"https:\/\/www.grieta.org.mx\/index.php\/wp-json\/wp\/v2\/media?parent=39194"}],"wp:term":[{"taxonomy":"category","embeddable":true,"href":"https:\/\/www.grieta.org.mx\/index.php\/wp-json\/wp\/v2\/categories?post=39194"},{"taxonomy":"post_tag","embeddable":true,"href":"https:\/\/www.grieta.org.mx\/index.php\/wp-json\/wp\/v2\/tags?post=39194"}],"curies":[{"name":"wp","href":"https:\/\/api.w.org\/{rel}","templated":true}]}}