{"id":39176,"date":"2019-09-10T00:06:19","date_gmt":"2019-09-10T05:06:19","guid":{"rendered":"http:\/\/www.grieta.org.mx\/?p=39176"},"modified":"2019-09-13T00:15:52","modified_gmt":"2019-09-13T05:15:52","slug":"muere-joven-herido-por-militares-en-acajete-denuncian-pobladores-puebla","status":"publish","type":"post","link":"https:\/\/www.grieta.org.mx\/index.php\/2019\/09\/10\/muere-joven-herido-por-militares-en-acajete-denuncian-pobladores-puebla\/","title":{"rendered":"Muere joven herido por militares en Acajete, denuncian pobladores (Puebla)"},"content":{"rendered":"<p><a href=\"http:\/\/www.grieta.org.mx\/wp-content\/uploads\/2019\/09\/https-_cdn.proceso.com_.mx_media_2019_09_acajete.jpg\"><img loading=\"lazy\" decoding=\"async\" data-attachment-id=\"39177\" data-permalink=\"https:\/\/www.grieta.org.mx\/index.php\/2019\/09\/10\/muere-joven-herido-por-militares-en-acajete-denuncian-pobladores-puebla\/https-_cdn-proceso-com-mx_media_2019_09_acajete\/\" data-orig-file=\"https:\/\/www.grieta.org.mx\/wp-content\/uploads\/2019\/09\/https-_cdn.proceso.com_.mx_media_2019_09_acajete.jpg\" data-orig-size=\"1200,771\" data-comments-opened=\"0\" data-image-meta=\"{&quot;aperture&quot;:&quot;0&quot;,&quot;credit&quot;:&quot;&quot;,&quot;camera&quot;:&quot;&quot;,&quot;caption&quot;:&quot;&quot;,&quot;created_timestamp&quot;:&quot;0&quot;,&quot;copyright&quot;:&quot;&quot;,&quot;focal_length&quot;:&quot;0&quot;,&quot;iso&quot;:&quot;0&quot;,&quot;shutter_speed&quot;:&quot;0&quot;,&quot;title&quot;:&quot;&quot;,&quot;orientation&quot;:&quot;0&quot;}\" data-image-title=\"https _cdn.proceso.com.mx_media_2019_09_acajete\" data-image-description=\"\" data-image-caption=\"\" data-medium-file=\"https:\/\/www.grieta.org.mx\/wp-content\/uploads\/2019\/09\/https-_cdn.proceso.com_.mx_media_2019_09_acajete-300x193.jpg\" data-large-file=\"https:\/\/www.grieta.org.mx\/wp-content\/uploads\/2019\/09\/https-_cdn.proceso.com_.mx_media_2019_09_acajete-1024x658.jpg\" class=\"aligncenter wp-image-39177\" src=\"http:\/\/www.grieta.org.mx\/wp-content\/uploads\/2019\/09\/https-_cdn.proceso.com_.mx_media_2019_09_acajete-300x193.jpg\" alt=\"\" width=\"800\" height=\"514\" srcset=\"https:\/\/www.grieta.org.mx\/wp-content\/uploads\/2019\/09\/https-_cdn.proceso.com_.mx_media_2019_09_acajete-300x193.jpg 300w, https:\/\/www.grieta.org.mx\/wp-content\/uploads\/2019\/09\/https-_cdn.proceso.com_.mx_media_2019_09_acajete-768x493.jpg 768w, https:\/\/www.grieta.org.mx\/wp-content\/uploads\/2019\/09\/https-_cdn.proceso.com_.mx_media_2019_09_acajete-1024x658.jpg 1024w, https:\/\/www.grieta.org.mx\/wp-content\/uploads\/2019\/09\/https-_cdn.proceso.com_.mx_media_2019_09_acajete-778x500.jpg 778w, https:\/\/www.grieta.org.mx\/wp-content\/uploads\/2019\/09\/https-_cdn.proceso.com_.mx_media_2019_09_acajete.jpg 1200w\" sizes=\"auto, (max-width: 800px) 100vw, 800px\" \/><\/a><\/p>\n<p>PUEBLA, Pue. (apro).- La Secretar\u00eda de la Defensa Nacional (Sedena) sostuvo que en la confrontaci\u00f3n de ayer entre pobladores y militares en Apango, municipio de Acajete, no hubo lesionados, pero los pobladores aseguran que dos personas resultaron heridas, y una de ellas, Enrique N, de 22 a\u00f1os, falleci\u00f3 tras recibir un disparo en la cara.<\/p>\n<p>En un bolet\u00edn, la Sedena reconoci\u00f3 que cuando los soldados fueron rodeados por aproximadamente 150 pobladores, quienes les lanzaron palos y piedras, hicieron disparos al aire para obligar a los lugare\u00f1os a dispersarse. Sin embargo, subray\u00f3, ning\u00fan civil o militar result\u00f3 herido.<\/p>\n<p>Hoy, los pobladores aseguraron que s\u00ed hubo dos heridos, entre ellos un joven de 22 a\u00f1os de edad, quien muri\u00f3 poco despu\u00e9s del enfrentamiento, cuando fue llevado a un hospital de la zona.<\/p>\n<p>La confrontaci\u00f3n entre soldados y pobladores ocurri\u00f3 la tarde del lunes 9, cuando que los militares custodiaban una bodega y los pobladores intentaron recuperarla.<\/p>\n<p>En ese sitio, seg\u00fan un comunicado emitido este martes por la Secretar\u00eda de Seguridad P\u00fablica (SSP), se localizaron veh\u00edculos con reporte de robo, as\u00ed como diversas mercanc\u00edas sustra\u00eddas.<\/p>\n<p>Los familiares aseguraron que la v\u00edctima fatal s\u00f3lo se hab\u00eda acercado al lugar por curiosidad, pero fue alcanzado por una bala. La madre sostuvo que su hijo era comerciante, originario de San Antonio Tlacamilco, y ten\u00eda pocos d\u00edas de haber regresado de M\u00e9rida, Yucat\u00e1n.<\/p>\n<p>Seg\u00fan los pobladores, los disparos que hicieron los soldados no fueron al aire, como asegur\u00f3 la Sedena en su bolet\u00edn, sino que apuntaron de manera directa contra las personas que se encontraban en el lugar de los hechos.<\/p>\n<p>    Ante la ocurrencia de un delito y en los casos en los que el personal militar o de la Guardia Nacional acudan con el objeto de garantizar la seguridad y paz en el pa\u00eds, y sean objeto de una agresi\u00f3n se actuar\u00e1 en su defensa legitima (SEDENA). pic.twitter.com\/SQ62K1tNdf<\/p>\n<p>Hasta ahora las autoridades estatales no han emitido ning\u00fan reporte que confirme la muerte del joven por el enfrentamiento entre civiles y soldados.<\/p>\n<p>De acuerdo con el subsecretario de Desarrollo Pol\u00edtico, David M\u00e9ndez M\u00e1rquez, hay localidades de Puebla, como ocurri\u00f3 en Acajete, donde los pobladores defienden a los grupos delincuenciales que se asentaron en la zona por el robo del huachicol.<\/p>\n<p>Eso, dijo, se gener\u00f3 en los gobiernos panistas de Rafael Moreno Valle y Antonio Gali Fayad, luego de que se desatendi\u00f3 la problem\u00e1tica y se permiti\u00f3 que creciera, sobre todo en la Sierra Norte de Puebla, San Mart\u00edn Texmelucan y el Tri\u00e1ngulo Rojo.<\/p>\n<p><a href=\"https:\/\/www.proceso.com.mx\/599255\/muere-joven-herido-por-militares-en-acajete-denuncian-pobladores\">https:\/\/www.proceso.com.mx\/599255\/muere-joven-herido-por-militares-en-acajete-denuncian-pobladores<\/a><\/p>\n","protected":false},"excerpt":{"rendered":"<p>PUEBLA, Pue. (apro).- La Secretar\u00eda de la Defensa Nacional (Sedena) sostuvo que en la confrontaci\u00f3n de ayer entre pobladores y militares en Apango, municipio de Acajete, no hubo lesionados, pero &hellip; <a href=\"https:\/\/www.grieta.org.mx\/index.php\/2019\/09\/10\/muere-joven-herido-por-militares-en-acajete-denuncian-pobladores-puebla\/\" class=\"more-link\">Leer m\u00e1s<\/a><\/p>\n","protected":false},"author":1,"featured_media":39177,"comment_status":"closed","ping_status":"closed","sticky":false,"template":"","format":"standard","meta":{"ngg_post_thumbnail":0,"_jetpack_newsletter_access":"","_jetpack_dont_email_post_to_subs":false,"_jetpack_newsletter_tier_id":0,"_jetpack_memberships_contains_paywalled_content":false,"_jetpack_memberships_contains_paid_content":false,"footnotes":""},"categories":[80,912,2,26,83,1256],"tags":[614],"class_list":["post-39176","post","type-post","status-publish","format-standard","has-post-thumbnail","hentry","category-cintillo","category-militarizacion","category-noticias-nacionales","category-puebla","category-temas-nacionales","category-violencia-de-las-fuerzas-represivas-en-puebla","tag-militarizacion","entry"],"jetpack_featured_media_url":"https:\/\/www.grieta.org.mx\/wp-content\/uploads\/2019\/09\/https-_cdn.proceso.com_.mx_media_2019_09_acajete.jpg","jetpack_sharing_enabled":true,"jetpack_shortlink":"https:\/\/wp.me\/p7ZJR4-abS","jetpack_likes_enabled":false,"jetpack-related-posts":[{"id":13120,"url":"https:\/\/www.grieta.org.mx\/index.php\/2016\/06\/27\/pobladores-de-san-francisco-tlaloc-contra-chupaductos-en-puebla\/","url_meta":{"origin":39176,"position":0},"title":"Pobladores contra &#8220;chupaductos&#8221;en Puebla","author":"grieta","date":"27 junio, 2016","format":false,"excerpt":"27\/06\/16. Queman nuevamente veh\u00edculos \"chupaductos\" en Puebla El Universal 14\/06\/16. Disputa entre bandas de 'chupaductos' deja tres muertos y 11 heridos en Puebla Expansion 30\/05\/16. Pobladores se enfrentan con banda de \u201cchupaductos\u201d en Puebla Proceso 26\/05\/16. Pobladores queman veh\u00edculos de \u201cchupaductos\u201d en Puebla El Universal 03\/05\/16. El robo de hidrocarburos\u2026","rel":"","context":"En &quot;CINTILLO&quot;","block_context":{"text":"CINTILLO","link":"https:\/\/www.grieta.org.mx\/index.php\/category\/cintillo\/"},"img":{"alt_text":"","src":"https:\/\/i0.wp.com\/www.grieta.org.mx\/wp-content\/uploads\/2018\/03\/14524434_1106112876131411_958039263622046936_o.jpg?resize=350%2C200&ssl=1","width":350,"height":200,"srcset":"https:\/\/i0.wp.com\/www.grieta.org.mx\/wp-content\/uploads\/2018\/03\/14524434_1106112876131411_958039263622046936_o.jpg?resize=350%2C200&ssl=1 1x, https:\/\/i0.wp.com\/www.grieta.org.mx\/wp-content\/uploads\/2018\/03\/14524434_1106112876131411_958039263622046936_o.jpg?resize=525%2C300&ssl=1 1.5x, https:\/\/i0.wp.com\/www.grieta.org.mx\/wp-content\/uploads\/2018\/03\/14524434_1106112876131411_958039263622046936_o.jpg?resize=700%2C400&ssl=1 2x"},"classes":[]},{"id":13797,"url":"https:\/\/www.grieta.org.mx\/index.php\/2016\/07\/23\/pobadores-contra-violencia-policiaca-en-puebla\/","url_meta":{"origin":39176,"position":1},"title":"Violencia policiaca en Puebla","author":"grieta","date":"23 julio, 2016","format":false,"excerpt":"23\/07\/16. Se comprob\u00f3 que polic\u00edas de Puebla accionaron armas de fuego en desalojo de comerciantes Regeneraci\u00f3n 11\/07\/16. Puebla, dos a\u00f1os bajo el dominio de la Ley Bala; el Congreso desatiende iniciativa para abrogarla La Jornada de Oriente 03\/07\/16. Violaci\u00f3n, m\u00e9todo para arrancar confesiones a mujeres en Puebla: AI Intolerancia Diario\u2026","rel":"","context":"En &quot;NOTICIAS NACIONALES&quot;","block_context":{"text":"NOTICIAS NACIONALES","link":"https:\/\/www.grieta.org.mx\/index.php\/category\/noticias-nacionales\/"},"img":{"alt_text":"","src":"https:\/\/i0.wp.com\/www.grieta.org.mx\/wp-content\/uploads\/2018\/03\/14524434_1106112876131411_958039263622046936_o.jpg?resize=350%2C200&ssl=1","width":350,"height":200,"srcset":"https:\/\/i0.wp.com\/www.grieta.org.mx\/wp-content\/uploads\/2018\/03\/14524434_1106112876131411_958039263622046936_o.jpg?resize=350%2C200&ssl=1 1x, https:\/\/i0.wp.com\/www.grieta.org.mx\/wp-content\/uploads\/2018\/03\/14524434_1106112876131411_958039263622046936_o.jpg?resize=525%2C300&ssl=1 1.5x, https:\/\/i0.wp.com\/www.grieta.org.mx\/wp-content\/uploads\/2018\/03\/14524434_1106112876131411_958039263622046936_o.jpg?resize=700%2C400&ssl=1 2x"},"classes":[]},{"id":12457,"url":"https:\/\/www.grieta.org.mx\/index.php\/2016\/09\/05\/pobladores-de-ocotepec-contra-empresa-living-water-puebla\/","url_meta":{"origin":39176,"position":2},"title":"Pobladores de Ocotepec contra empresa Living Water (Puebla)","author":"grieta","date":"5 septiembre, 2016","format":false,"excerpt":"05\/09\/16. Acusan a minera Almaden de no querer pagar regal\u00edas en Ixtacamaxtitl\u00e1n (Puebla) La Jornada de Oriente 29\/08\/16. Advierten en Ocotepec que agua ser\u00eda para minera Almaden (Puebla) La Jornada de Oriente 18\/03\/16. La trasnacional Living Water instala obra en municipio vecino a Ocotepec pese al malestar ciudadano (Puebla) La\u2026","rel":"","context":"En &quot;NOTICIAS NACIONALES&quot;","block_context":{"text":"NOTICIAS NACIONALES","link":"https:\/\/www.grieta.org.mx\/index.php\/category\/noticias-nacionales\/"},"img":{"alt_text":"","src":"https:\/\/i0.wp.com\/www.grieta.org.mx\/wp-content\/uploads\/2018\/03\/14524434_1106112876131411_958039263622046936_o.jpg?resize=350%2C200&ssl=1","width":350,"height":200,"srcset":"https:\/\/i0.wp.com\/www.grieta.org.mx\/wp-content\/uploads\/2018\/03\/14524434_1106112876131411_958039263622046936_o.jpg?resize=350%2C200&ssl=1 1x, https:\/\/i0.wp.com\/www.grieta.org.mx\/wp-content\/uploads\/2018\/03\/14524434_1106112876131411_958039263622046936_o.jpg?resize=525%2C300&ssl=1 1.5x, https:\/\/i0.wp.com\/www.grieta.org.mx\/wp-content\/uploads\/2018\/03\/14524434_1106112876131411_958039263622046936_o.jpg?resize=700%2C400&ssl=1 2x"},"classes":[]},{"id":39690,"url":"https:\/\/www.grieta.org.mx\/index.php\/2019\/09\/28\/pobladores-denuncian-obras-para-industrializar-tierras-cercanas-al-volcan-popocatepetl-puebla\/","url_meta":{"origin":39176,"position":3},"title":"Pobladores denuncian obras para industrializar tierras cercanas al volc\u00e1n Popocat\u00e9petl (Puebla)","author":"Admin","date":"28 septiembre, 2019","format":false,"excerpt":"Gabriela Hern\u00e1ndez \/ Proceso PUEBLA, Pue. (apro).- El Frente de Pueblos Morelos-Puebla-Tlaxcala (FPMPT) denunci\u00f3 que, con el respaldo de polic\u00edas estatales, federales y de la Guardia Nacional, este viernes se reiniciaron las obras para descargar desechos al r\u00edo Metlapanapa, con lo que se busca extender el corredor industrial de Huejotzingo\u2026","rel":"","context":"En &quot;CINTILLO&quot;","block_context":{"text":"CINTILLO","link":"https:\/\/www.grieta.org.mx\/index.php\/category\/cintillo\/"},"img":{"alt_text":"","src":"https:\/\/i0.wp.com\/www.grieta.org.mx\/wp-content\/uploads\/2019\/09\/https-_cdn.proceso.com_.mx_media_2019_09_Puebla-ok.jpg?resize=350%2C200&ssl=1","width":350,"height":200,"srcset":"https:\/\/i0.wp.com\/www.grieta.org.mx\/wp-content\/uploads\/2019\/09\/https-_cdn.proceso.com_.mx_media_2019_09_Puebla-ok.jpg?resize=350%2C200&ssl=1 1x, https:\/\/i0.wp.com\/www.grieta.org.mx\/wp-content\/uploads\/2019\/09\/https-_cdn.proceso.com_.mx_media_2019_09_Puebla-ok.jpg?resize=525%2C300&ssl=1 1.5x, https:\/\/i0.wp.com\/www.grieta.org.mx\/wp-content\/uploads\/2019\/09\/https-_cdn.proceso.com_.mx_media_2019_09_Puebla-ok.jpg?resize=700%2C400&ssl=1 2x, https:\/\/i0.wp.com\/www.grieta.org.mx\/wp-content\/uploads\/2019\/09\/https-_cdn.proceso.com_.mx_media_2019_09_Puebla-ok.jpg?resize=1050%2C600&ssl=1 3x"},"classes":[]},{"id":28462,"url":"https:\/\/www.grieta.org.mx\/index.php\/2018\/12\/18\/pobladores-nahuas-denuncian-concesiones-mineras-que-violan-la-ley-puebla\/","url_meta":{"origin":39176,"position":4},"title":"Pobladores nahuas denuncian concesiones mineras que violan la ley (Puebla)","author":"grieta","date":"18 diciembre, 2018","format":false,"excerpt":"Luis Francisco Quiroga, nuevo subsecretario de Miner\u00eda, apoy\u00f3 un proyecto minero por el que la Secretar\u00eda de Econom\u00eda, de la que \u00e9l es representante, est\u00e1 demandada. El amparo, promovido por una comunidad de Puebla, es por el otorgamiento de dos concesiones mineras para las que no se consult\u00f3 a los\u2026","rel":"","context":"En &quot;26. Sierra Puebla&quot;","block_context":{"text":"26. Sierra Puebla","link":"https:\/\/www.grieta.org.mx\/index.php\/category\/espejos-de-la-resistencia\/26-sierra-puebla\/"},"img":{"alt_text":"","src":"https:\/\/i0.wp.com\/www.grieta.org.mx\/wp-content\/uploads\/2019\/01\/direct-13.jpg?resize=350%2C200&ssl=1","width":350,"height":200,"srcset":"https:\/\/i0.wp.com\/www.grieta.org.mx\/wp-content\/uploads\/2019\/01\/direct-13.jpg?resize=350%2C200&ssl=1 1x, https:\/\/i0.wp.com\/www.grieta.org.mx\/wp-content\/uploads\/2019\/01\/direct-13.jpg?resize=525%2C300&ssl=1 1.5x, https:\/\/i0.wp.com\/www.grieta.org.mx\/wp-content\/uploads\/2019\/01\/direct-13.jpg?resize=700%2C400&ssl=1 2x"},"classes":[]},{"id":15142,"url":"https:\/\/www.grieta.org.mx\/index.php\/2016\/06\/17\/pobladores-de-tezoapan-puebla-toman-carretera\/","url_meta":{"origin":39176,"position":5},"title":"Pobladores de Tezoapan, Puebla &#8216;toman&#8217; carretera","author":"grieta","date":"17 junio, 2016","format":false,"excerpt":"Por Elizabeth Rodr\u00edguez Ca\u00f1ada Morelos, Pue. Pobladores de la rancher\u00eda de Tezoapan bloquearon la carretera 144 que comunica al municipio poblano de Tehuac\u00e1n con el estado de Veracruz, e incendiaron veh\u00edculos para exigir la liberaci\u00f3n de tres pobladores presuntamente acusados de robo y que cesen los abuso de autoridad de\u2026","rel":"","context":"En &quot;CINTILLO&quot;","block_context":{"text":"CINTILLO","link":"https:\/\/www.grieta.org.mx\/index.php\/category\/cintillo\/"},"img":{"alt_text":"","src":"https:\/\/i0.wp.com\/www.grieta.org.mx\/wp-content\/uploads\/2018\/03\/14524434_1106112876131411_958039263622046936_o.jpg?resize=350%2C200&ssl=1","width":350,"height":200,"srcset":"https:\/\/i0.wp.com\/www.grieta.org.mx\/wp-content\/uploads\/2018\/03\/14524434_1106112876131411_958039263622046936_o.jpg?resize=350%2C200&ssl=1 1x, https:\/\/i0.wp.com\/www.grieta.org.mx\/wp-content\/uploads\/2018\/03\/14524434_1106112876131411_958039263622046936_o.jpg?resize=525%2C300&ssl=1 1.5x, https:\/\/i0.wp.com\/www.grieta.org.mx\/wp-content\/uploads\/2018\/03\/14524434_1106112876131411_958039263622046936_o.jpg?resize=700%2C400&ssl=1 2x"},"classes":[]}],"_links":{"self":[{"href":"https:\/\/www.grieta.org.mx\/index.php\/wp-json\/wp\/v2\/posts\/39176","targetHints":{"allow":["GET"]}}],"collection":[{"href":"https:\/\/www.grieta.org.mx\/index.php\/wp-json\/wp\/v2\/posts"}],"about":[{"href":"https:\/\/www.grieta.org.mx\/index.php\/wp-json\/wp\/v2\/types\/post"}],"author":[{"embeddable":true,"href":"https:\/\/www.grieta.org.mx\/index.php\/wp-json\/wp\/v2\/users\/1"}],"replies":[{"embeddable":true,"href":"https:\/\/www.grieta.org.mx\/index.php\/wp-json\/wp\/v2\/comments?post=39176"}],"version-history":[{"count":1,"href":"https:\/\/www.grieta.org.mx\/index.php\/wp-json\/wp\/v2\/posts\/39176\/revisions"}],"predecessor-version":[{"id":39178,"href":"https:\/\/www.grieta.org.mx\/index.php\/wp-json\/wp\/v2\/posts\/39176\/revisions\/39178"}],"wp:featuredmedia":[{"embeddable":true,"href":"https:\/\/www.grieta.org.mx\/index.php\/wp-json\/wp\/v2\/media\/39177"}],"wp:attachment":[{"href":"https:\/\/www.grieta.org.mx\/index.php\/wp-json\/wp\/v2\/media?parent=39176"}],"wp:term":[{"taxonomy":"category","embeddable":true,"href":"https:\/\/www.grieta.org.mx\/index.php\/wp-json\/wp\/v2\/categories?post=39176"},{"taxonomy":"post_tag","embeddable":true,"href":"https:\/\/www.grieta.org.mx\/index.php\/wp-json\/wp\/v2\/tags?post=39176"}],"curies":[{"name":"wp","href":"https:\/\/api.w.org\/{rel}","templated":true}]}}