{"id":39151,"date":"2019-09-09T22:35:29","date_gmt":"2019-09-10T03:35:29","guid":{"rendered":"http:\/\/www.grieta.org.mx\/?p=39151"},"modified":"2019-09-12T22:43:40","modified_gmt":"2019-09-13T03:43:40","slug":"guerrero-entre-los-estados-con-mas-agresiones-contra-periodistas","status":"publish","type":"post","link":"https:\/\/www.grieta.org.mx\/index.php\/2019\/09\/09\/guerrero-entre-los-estados-con-mas-agresiones-contra-periodistas\/","title":{"rendered":"Guerrero, entre los estados con m\u00e1s agresiones contra periodistas"},"content":{"rendered":"<figure id=\"attachment_39152\" aria-describedby=\"caption-attachment-39152\" style=\"width: 800px\" class=\"wp-caption aligncenter\"><a href=\"http:\/\/www.grieta.org.mx\/wp-content\/uploads\/2019\/09\/0d9964c6429957172e1ef3e327c97cde_L.jpg\"><img loading=\"lazy\" decoding=\"async\" data-attachment-id=\"39152\" data-permalink=\"https:\/\/www.grieta.org.mx\/index.php\/2019\/09\/09\/guerrero-entre-los-estados-con-mas-agresiones-contra-periodistas\/0d9964c6429957172e1ef3e327c97cde_l\/\" data-orig-file=\"https:\/\/www.grieta.org.mx\/wp-content\/uploads\/2019\/09\/0d9964c6429957172e1ef3e327c97cde_L.jpg\" data-orig-size=\"750,450\" data-comments-opened=\"0\" data-image-meta=\"{&quot;aperture&quot;:&quot;0&quot;,&quot;credit&quot;:&quot;&quot;,&quot;camera&quot;:&quot;&quot;,&quot;caption&quot;:&quot;&quot;,&quot;created_timestamp&quot;:&quot;0&quot;,&quot;copyright&quot;:&quot;&quot;,&quot;focal_length&quot;:&quot;0&quot;,&quot;iso&quot;:&quot;0&quot;,&quot;shutter_speed&quot;:&quot;0&quot;,&quot;title&quot;:&quot;&quot;,&quot;orientation&quot;:&quot;0&quot;}\" data-image-title=\"0d9964c6429957172e1ef3e327c97cde_L\" data-image-description=\"\" data-image-caption=\"\" data-medium-file=\"https:\/\/www.grieta.org.mx\/wp-content\/uploads\/2019\/09\/0d9964c6429957172e1ef3e327c97cde_L-300x180.jpg\" data-large-file=\"https:\/\/www.grieta.org.mx\/wp-content\/uploads\/2019\/09\/0d9964c6429957172e1ef3e327c97cde_L.jpg\" class=\"wp-image-39152\" src=\"http:\/\/www.grieta.org.mx\/wp-content\/uploads\/2019\/09\/0d9964c6429957172e1ef3e327c97cde_L-300x180.jpg\" alt=\"\" width=\"800\" height=\"480\" srcset=\"https:\/\/www.grieta.org.mx\/wp-content\/uploads\/2019\/09\/0d9964c6429957172e1ef3e327c97cde_L-300x180.jpg 300w, https:\/\/www.grieta.org.mx\/wp-content\/uploads\/2019\/09\/0d9964c6429957172e1ef3e327c97cde_L.jpg 750w\" sizes=\"auto, (max-width: 800px) 100vw, 800px\" \/><\/a><figcaption id=\"caption-attachment-39152\" class=\"wp-caption-text\">Foto: La Jornada Guerrero\/Archivo<\/figcaption><\/figure>\n<p>Beatriz Garc\u00eda \/ La Jornada Guerrero<br \/>\n<strong><br \/>\nEntre las coberturas con m\u00e1s riesgo est\u00e1n corrupci\u00f3n, pol\u00edtica y seguridad, indican<\/p>\n<p>En el primer semestre del a\u00f1o, el estado figura en los primeros cinco a nivel nacional; suma 22<\/p>\n<p>Desde 2013 es considerada una de las entidades m\u00e1s violentas del pa\u00eds, documenta Art\u00edculo 19<\/strong><\/p>\n<p>Chilpancingo, 8 de septiembre. En el primer semestre del a\u00f1o, Guerrero ocupa uno de los cinco primeros lugares a nivel nacional en agresiones contra periodistas sumando 22 casos; adem\u00e1s de que desde 2013 es considerado uno de los estados m\u00e1s violentos, de acuerdo a la documentaci\u00f3n de Art\u00edculo 19.<\/p>\n<p>\u201cEn M\u00e9xico se registra una agresi\u00f3n contra un o una periodista cada 17.4 horas\u201d, manifest\u00f3 el organismo.<\/p>\n<p>En un comunicado, el organismo defensor de la libertad de expresi\u00f3n expuso que en el primer semestre del a\u00f1o se han registrado 249 agresiones y 10 asesinatos.<\/p>\n<p>Los cinco estados que registraron mayor n\u00famero de agresiones en contra de la prensa fueron: Quintana Roo, con 26; Ciudad de M\u00e9xico, con 25; Guerrero, con 22; Oaxaca y Veracruz, con 19 cada uno.<\/p>\n<p>Sin embargo, Ciudad de M\u00e9xico, Guerrero, Oaxaca y Veracruz desde 2013, se mantienen como los m\u00e1s violentos.<\/p>\n<p>\u201cPara tener una perspectiva del riesgo que viven las y los periodistas es importante considerar los registros de a\u00f1os anteriores. La cifra de este a\u00f1o a\u00fan no supera la de 2016 (11 asesinatos) y 2017 (12 asesinatos, el registro m\u00e1s alto), sin embargo, hasta ahora es la misma que la de 2006, 2008 y 2010\u201d, detall\u00f3 Art\u00edculo 19.<\/p>\n<p>Indic\u00f3 que hasta ahora, el nivel de violencia contra la prensa es similar al observado en la segunda parte del sexenio del ex presidente Enrique Pe\u00f1a Nieto.<\/p>\n<p>Los tipos de agresiones que m\u00e1s se documentaron fueron los actos de intimidaci\u00f3n, que representan 25.7 por ciento del total, es decir 67 agresiones. Seguido por las amenazas, con 61, equivalente al 24.49 por ciento, resalt\u00f3.<\/p>\n<p>Art\u00edculo 19 registr\u00f3 en las coberturas de mayor riesgo para la prensa 126 agresiones hacia quienes cubren temas de corrupci\u00f3n y pol\u00edtica; 74 sobre temas de seguridad y justicia; 33 agresiones en coberturas de derechos humanos y seis de coberturas sobre tierra y territorio.<\/p>\n<p>\u201cEs decir, la violencia contra la prensa se ejerce con el fin de silenciar y censurar las voces que podr\u00edan afectar intereses pol\u00edticos, econ\u00f3micos y redes de delincuencia en las que incluso pueden estar involucradas autoridades por lo que dicha violencia se alimenta de la impunidad que existe en M\u00e9xico\u201d, a\u00f1adi\u00f3.<\/p>\n<p>A casi un a\u00f1o del inicio de la administraci\u00f3n de Andr\u00e9s Manuel L\u00f3pez Obrador, es indispensable generar las condiciones para contrarrestar la violencia ejercida contra periodistas.<\/p>\n<p>\u201cLa consolidaci\u00f3n democr\u00e1tica del pa\u00eds pasa por garantizar la libertad de expresi\u00f3n y una acci\u00f3n decidida por parte del Estado para brindar las condiciones id\u00f3neas para el ejercicio de tal derecho\u201d, puntualiz\u00f3.<\/p>\n<p><a href=\"https:\/\/lajornadaguerrero.com.mx\/index.php\/sociedadyjusticia\/item\/8462-guerrero-entre-los-estados-con-mas-agresiones-contra-periodistas\">https:\/\/lajornadaguerrero.com.mx\/index.php\/sociedadyjusticia\/item\/8462-guerrero-entre-los-estados-con-mas-agresiones-contra-periodistas<\/a><\/p>\n","protected":false},"excerpt":{"rendered":"<p>Beatriz Garc\u00eda \/ La Jornada Guerrero Entre las coberturas con m\u00e1s riesgo est\u00e1n corrupci\u00f3n, pol\u00edtica y seguridad, indican En el primer semestre del a\u00f1o, el estado figura en los primeros &hellip; <a href=\"https:\/\/www.grieta.org.mx\/index.php\/2019\/09\/09\/guerrero-entre-los-estados-con-mas-agresiones-contra-periodistas\/\" class=\"more-link\">Leer m\u00e1s<\/a><\/p>\n","protected":false},"author":1,"featured_media":39152,"comment_status":"closed","ping_status":"closed","sticky":false,"template":"","format":"standard","meta":{"ngg_post_thumbnail":0,"_jetpack_newsletter_access":"","_jetpack_dont_email_post_to_subs":false,"_jetpack_newsletter_tier_id":0,"_jetpack_memberships_contains_paywalled_content":false,"_jetpack_memberships_contains_paid_content":false,"footnotes":""},"categories":[80,18,2,83,88,1219],"tags":[1180],"class_list":["post-39151","post","type-post","status-publish","format-standard","has-post-thumbnail","hentry","category-cintillo","category-guerrero","category-noticias-nacionales","category-temas-nacionales","category-violencia-contra-periodistas","category-violencia-contra-periodistas-en-guerrero","tag-asesinato-de-periodistas","entry"],"jetpack_featured_media_url":"https:\/\/www.grieta.org.mx\/wp-content\/uploads\/2019\/09\/0d9964c6429957172e1ef3e327c97cde_L.jpg","jetpack_sharing_enabled":true,"jetpack_shortlink":"https:\/\/wp.me\/p7ZJR4-abt","jetpack_likes_enabled":false,"jetpack-related-posts":[{"id":19020,"url":"https:\/\/www.grieta.org.mx\/index.php\/2016\/08\/04\/19020\/","url_meta":{"origin":39151,"position":0},"title":"Es Puebla quinto lugar nacional en ataques a la prensa: Article 19","author":"grieta","date":"4 agosto, 2016","format":false,"excerpt":"Por Mar\u00eda Pineda Con un total de 15 ataques a periodistas, Puebla se encuentra dentro de las cinco entidades que a nivel nacional reportan la mayor incidencia de agresiones a la prensa, mismas que se realizaron de enero a julio de 2016, reporta la organizaci\u00f3n Art\u00edculo 19. En la presentaci\u00f3n\u2026","rel":"","context":"En &quot;CINTILLO&quot;","block_context":{"text":"CINTILLO","link":"https:\/\/www.grieta.org.mx\/index.php\/category\/cintillo\/"},"img":{"alt_text":"","src":"https:\/\/i0.wp.com\/www.grieta.org.mx\/wp-content\/uploads\/2018\/03\/14524434_1106112876131411_958039263622046936_o.jpg?resize=350%2C200&ssl=1","width":350,"height":200,"srcset":"https:\/\/i0.wp.com\/www.grieta.org.mx\/wp-content\/uploads\/2018\/03\/14524434_1106112876131411_958039263622046936_o.jpg?resize=350%2C200&ssl=1 1x, https:\/\/i0.wp.com\/www.grieta.org.mx\/wp-content\/uploads\/2018\/03\/14524434_1106112876131411_958039263622046936_o.jpg?resize=525%2C300&ssl=1 1.5x, https:\/\/i0.wp.com\/www.grieta.org.mx\/wp-content\/uploads\/2018\/03\/14524434_1106112876131411_958039263622046936_o.jpg?resize=700%2C400&ssl=1 2x"},"classes":[]},{"id":34583,"url":"https:\/\/www.grieta.org.mx\/index.php\/2019\/06\/07\/inseguridad-y-agresiones-pan-de-cada-dia-para-periodistas-en-guerrero\/","url_meta":{"origin":39151,"position":1},"title":"Inseguridad y agresiones, &#8220;pan de cada d\u00eda&#8221; para periodistas en Guerrero","author":"Admin","date":"7 junio, 2019","format":false,"excerpt":"Redacci\u00f3n \/ 20 minutos Asociaciones de periodistas de Guerrero realizaron un foro de discusi\u00f3n por el D\u00eda de la Libertad de Expresi\u00f3n, en donde expusieron las problem\u00e1ticas de inseguridad, violencia, divisi\u00f3n del gremio y asfixia econ\u00f3mica en medios de comunicaci\u00f3n, las cuales repercuten en su quehacer diario. Reporteros, columnistas y\u2026","rel":"","context":"En &quot;CINTILLO&quot;","block_context":{"text":"CINTILLO","link":"https:\/\/www.grieta.org.mx\/index.php\/category\/cintillo\/"},"img":{"alt_text":"","src":"https:\/\/i0.wp.com\/www.grieta.org.mx\/wp-content\/uploads\/2018\/09\/pablo-rodriguez-pan-puebla-agresion-periodista.jpg?resize=350%2C200&ssl=1","width":350,"height":200,"srcset":"https:\/\/i0.wp.com\/www.grieta.org.mx\/wp-content\/uploads\/2018\/09\/pablo-rodriguez-pan-puebla-agresion-periodista.jpg?resize=350%2C200&ssl=1 1x, https:\/\/i0.wp.com\/www.grieta.org.mx\/wp-content\/uploads\/2018\/09\/pablo-rodriguez-pan-puebla-agresion-periodista.jpg?resize=525%2C300&ssl=1 1.5x, https:\/\/i0.wp.com\/www.grieta.org.mx\/wp-content\/uploads\/2018\/09\/pablo-rodriguez-pan-puebla-agresion-periodista.jpg?resize=700%2C400&ssl=1 2x"},"classes":[]},{"id":23060,"url":"https:\/\/www.grieta.org.mx\/index.php\/2017\/05\/16\/en-durango-y-coahuila-hubo-7-homicidios-de-periodistas\/","url_meta":{"origin":39151,"position":2},"title":"En Durango y Coahuila hubo 7 homicidios de periodistas","author":"grieta","date":"16 mayo, 2017","format":false,"excerpt":"Redacci\u00f3n\/El Siglo de Torre\u00f3n La Procuradur\u00eda General de la Rep\u00fablica inform\u00f3 que en un per\u00edodo de 7 a\u00f1os en Coahuila fueron registrados dos asesinatos a periodistas, mientras que en Durango sumaron 5, de los cuales 4 sucedieron en solo un a\u00f1o. De acuerdo a la Fiscal\u00eda Especial Para la Atenci\u00f3n\u2026","rel":"","context":"En &quot;CINTILLO&quot;","block_context":{"text":"CINTILLO","link":"https:\/\/www.grieta.org.mx\/index.php\/category\/cintillo\/"},"img":{"alt_text":"","src":"https:\/\/i0.wp.com\/www.grieta.org.mx\/wp-content\/uploads\/2018\/05\/p1.jpeg?resize=350%2C200&ssl=1","width":350,"height":200,"srcset":"https:\/\/i0.wp.com\/www.grieta.org.mx\/wp-content\/uploads\/2018\/05\/p1.jpeg?resize=350%2C200&ssl=1 1x, https:\/\/i0.wp.com\/www.grieta.org.mx\/wp-content\/uploads\/2018\/05\/p1.jpeg?resize=525%2C300&ssl=1 1.5x, https:\/\/i0.wp.com\/www.grieta.org.mx\/wp-content\/uploads\/2018\/05\/p1.jpeg?resize=700%2C400&ssl=1 2x, https:\/\/i0.wp.com\/www.grieta.org.mx\/wp-content\/uploads\/2018\/05\/p1.jpeg?resize=1050%2C600&ssl=1 3x"},"classes":[]},{"id":47589,"url":"https:\/\/www.grieta.org.mx\/index.php\/2020\/04\/06\/el-periodista-victor-fernando-alvarez-es-reportado-como-desaparecido-en-guerrero\/","url_meta":{"origin":39151,"position":3},"title":"El periodista V\u00edctor Fernando \u00c1lvarez es reportado como desaparecido en Guerrero","author":"Admin","date":"6 abril, 2020","format":false,"excerpt":"Laura Reyes \/ Expansi\u00f3n El reporte que los familiares dieron a las autoridades de Seguridad P\u00fablica estatal indica que desde las 21:00 horas del 1 de abril ya no respondi\u00f3 llamadas. De acuerdo con sus compa\u00f1eros de trabajo, el periodista hab\u00eda sido amenazado hace unos d\u00edas por integrantes de la\u2026","rel":"","context":"En &quot;CINTILLO&quot;","block_context":{"text":"CINTILLO","link":"https:\/\/www.grieta.org.mx\/index.php\/category\/cintillo\/"},"img":{"alt_text":"","src":"https:\/\/i0.wp.com\/www.grieta.org.mx\/wp-content\/uploads\/2020\/04\/Captura-de-pantalla-2020-04-09-a-las-11.52.49-p.m..png?resize=350%2C200&ssl=1","width":350,"height":200,"srcset":"https:\/\/i0.wp.com\/www.grieta.org.mx\/wp-content\/uploads\/2020\/04\/Captura-de-pantalla-2020-04-09-a-las-11.52.49-p.m..png?resize=350%2C200&ssl=1 1x, https:\/\/i0.wp.com\/www.grieta.org.mx\/wp-content\/uploads\/2020\/04\/Captura-de-pantalla-2020-04-09-a-las-11.52.49-p.m..png?resize=525%2C300&ssl=1 1.5x"},"classes":[]},{"id":53688,"url":"https:\/\/www.grieta.org.mx\/index.php\/2020\/09\/14\/agresiones-contra-la-prensa-se-disparan-45-mas-durante-2020\/","url_meta":{"origin":39151,"position":4},"title":"Agresiones contra la prensa se disparan: 45% m\u00e1s durante 2020","author":"Admin","date":"14 septiembre, 2020","format":false,"excerpt":"Redacci\u00f3n \/ Sin embargo El mayor n\u00famero de agresiones provienen de alg\u00fan funcionario p\u00fablico A pesar de que el a\u00f1o anterior fue considerado como el m\u00e1s violento para el periodista, con un total de 609 agresiones, los reportes de Art\u00edculo 19 reflejan que \u201choy se agrede a la prensa cada\u2026","rel":"","context":"En &quot;CINTILLO&quot;","block_context":{"text":"CINTILLO","link":"https:\/\/www.grieta.org.mx\/index.php\/category\/cintillo\/"},"img":{"alt_text":"","src":"https:\/\/i0.wp.com\/www.grieta.org.mx\/wp-content\/uploads\/2020\/09\/infografia.jpg?resize=350%2C200&ssl=1","width":350,"height":200,"srcset":"https:\/\/i0.wp.com\/www.grieta.org.mx\/wp-content\/uploads\/2020\/09\/infografia.jpg?resize=350%2C200&ssl=1 1x, https:\/\/i0.wp.com\/www.grieta.org.mx\/wp-content\/uploads\/2020\/09\/infografia.jpg?resize=525%2C300&ssl=1 1.5x, https:\/\/i0.wp.com\/www.grieta.org.mx\/wp-content\/uploads\/2020\/09\/infografia.jpg?resize=700%2C400&ssl=1 2x"},"classes":[]},{"id":61346,"url":"https:\/\/www.grieta.org.mx\/index.php\/2021\/08\/24\/un-periodista-es-agredido-cada-12-horas-en-mexico-en-2021-articulo-19\/","url_meta":{"origin":39151,"position":5},"title":"Un periodista es agredido cada 12 horas en M\u00e9xico en 2021: Art\u00edculo 19","author":"grieta","date":"24 agosto, 2021","format":false,"excerpt":"Redacci\u00f3n La-Lista EFE.- En el primer semestre de 2021 se registraron 362 agresiones contra la prensa en M\u00e9xico, \u201clo que equivale a un periodista agredido cada 12 horas\u201c, resalt\u00f3 revel\u00f3 un informe presentado este martes por la organizaci\u00f3n Art\u00edculo 19. El informe detalla que los estados con m\u00e1s agresiones hacia\u2026","rel":"","context":"En &quot;CINTILLO&quot;","block_context":{"text":"CINTILLO","link":"https:\/\/www.grieta.org.mx\/index.php\/category\/cintillo\/"},"img":{"alt_text":"","src":"https:\/\/i0.wp.com\/www.grieta.org.mx\/wp-content\/uploads\/2021\/08\/periodistas-sonora-asesinados-e1630262812343.jpeg?resize=350%2C200&ssl=1","width":350,"height":200,"srcset":"https:\/\/i0.wp.com\/www.grieta.org.mx\/wp-content\/uploads\/2021\/08\/periodistas-sonora-asesinados-e1630262812343.jpeg?resize=350%2C200&ssl=1 1x, https:\/\/i0.wp.com\/www.grieta.org.mx\/wp-content\/uploads\/2021\/08\/periodistas-sonora-asesinados-e1630262812343.jpeg?resize=525%2C300&ssl=1 1.5x, https:\/\/i0.wp.com\/www.grieta.org.mx\/wp-content\/uploads\/2021\/08\/periodistas-sonora-asesinados-e1630262812343.jpeg?resize=700%2C400&ssl=1 2x"},"classes":[]}],"_links":{"self":[{"href":"https:\/\/www.grieta.org.mx\/index.php\/wp-json\/wp\/v2\/posts\/39151","targetHints":{"allow":["GET"]}}],"collection":[{"href":"https:\/\/www.grieta.org.mx\/index.php\/wp-json\/wp\/v2\/posts"}],"about":[{"href":"https:\/\/www.grieta.org.mx\/index.php\/wp-json\/wp\/v2\/types\/post"}],"author":[{"embeddable":true,"href":"https:\/\/www.grieta.org.mx\/index.php\/wp-json\/wp\/v2\/users\/1"}],"replies":[{"embeddable":true,"href":"https:\/\/www.grieta.org.mx\/index.php\/wp-json\/wp\/v2\/comments?post=39151"}],"version-history":[{"count":1,"href":"https:\/\/www.grieta.org.mx\/index.php\/wp-json\/wp\/v2\/posts\/39151\/revisions"}],"predecessor-version":[{"id":39153,"href":"https:\/\/www.grieta.org.mx\/index.php\/wp-json\/wp\/v2\/posts\/39151\/revisions\/39153"}],"wp:featuredmedia":[{"embeddable":true,"href":"https:\/\/www.grieta.org.mx\/index.php\/wp-json\/wp\/v2\/media\/39152"}],"wp:attachment":[{"href":"https:\/\/www.grieta.org.mx\/index.php\/wp-json\/wp\/v2\/media?parent=39151"}],"wp:term":[{"taxonomy":"category","embeddable":true,"href":"https:\/\/www.grieta.org.mx\/index.php\/wp-json\/wp\/v2\/categories?post=39151"},{"taxonomy":"post_tag","embeddable":true,"href":"https:\/\/www.grieta.org.mx\/index.php\/wp-json\/wp\/v2\/tags?post=39151"}],"curies":[{"name":"wp","href":"https:\/\/api.w.org\/{rel}","templated":true}]}}