{"id":39087,"date":"2019-09-06T19:48:06","date_gmt":"2019-09-07T00:48:06","guid":{"rendered":"http:\/\/www.grieta.org.mx\/?p=39087"},"modified":"2019-09-11T19:56:15","modified_gmt":"2019-09-12T00:56:15","slug":"no-les-dan-medicinas-tras-horas-de-espera-en-el-issste-sinaloa","status":"publish","type":"post","link":"https:\/\/www.grieta.org.mx\/index.php\/2019\/09\/06\/no-les-dan-medicinas-tras-horas-de-espera-en-el-issste-sinaloa\/","title":{"rendered":"No les dan medicinas tras horas de espera en el ISSSTE (Sinaloa)"},"content":{"rendered":"<p><img loading=\"lazy\" decoding=\"async\" data-attachment-id=\"39088\" data-permalink=\"https:\/\/www.grieta.org.mx\/index.php\/2019\/09\/06\/no-les-dan-medicinas-tras-horas-de-espera-en-el-issste-sinaloa\/issste_medicinas-jpg_219914347\/\" data-orig-file=\"https:\/\/www.grieta.org.mx\/wp-content\/uploads\/2019\/09\/issste_medicinas.jpg_219914347.jpg\" data-orig-size=\"960,540\" data-comments-opened=\"0\" data-image-meta=\"{&quot;aperture&quot;:&quot;0&quot;,&quot;credit&quot;:&quot;&quot;,&quot;camera&quot;:&quot;&quot;,&quot;caption&quot;:&quot;&quot;,&quot;created_timestamp&quot;:&quot;0&quot;,&quot;copyright&quot;:&quot;&quot;,&quot;focal_length&quot;:&quot;0&quot;,&quot;iso&quot;:&quot;0&quot;,&quot;shutter_speed&quot;:&quot;0&quot;,&quot;title&quot;:&quot;&quot;,&quot;orientation&quot;:&quot;0&quot;}\" data-image-title=\"issste_medicinas.jpg_219914347\" data-image-description=\"\" data-image-caption=\"\" data-medium-file=\"https:\/\/www.grieta.org.mx\/wp-content\/uploads\/2019\/09\/issste_medicinas.jpg_219914347-300x169.jpg\" data-large-file=\"https:\/\/www.grieta.org.mx\/wp-content\/uploads\/2019\/09\/issste_medicinas.jpg_219914347.jpg\" class=\" wp-image-39088 aligncenter\" src=\"http:\/\/www.grieta.org.mx\/wp-content\/uploads\/2019\/09\/issste_medicinas.jpg_219914347.jpg\" alt=\"\" width=\"800\" height=\"450\" srcset=\"https:\/\/www.grieta.org.mx\/wp-content\/uploads\/2019\/09\/issste_medicinas.jpg_219914347.jpg 960w, https:\/\/www.grieta.org.mx\/wp-content\/uploads\/2019\/09\/issste_medicinas.jpg_219914347-300x169.jpg 300w, https:\/\/www.grieta.org.mx\/wp-content\/uploads\/2019\/09\/issste_medicinas.jpg_219914347-768x432.jpg 768w, https:\/\/www.grieta.org.mx\/wp-content\/uploads\/2019\/09\/issste_medicinas.jpg_219914347-889x500.jpg 889w\" sizes=\"auto, (max-width: 800px) 100vw, 800px\" \/><\/p>\n<p>Foto: Javier Padilla &#8211; El Debate<\/p>\n<p><em>Alrededor de 300 derechohabientes no alcanzaron a ser atendidos en la farmacia por la lentitud en el servicio y no les respetan para hoy el turno<\/em><\/p>\n<p>Redacci\u00f3n \/ El Debate<\/p>\n<p><strong>Los Mochis, Sinaloa<\/strong>.- Un c\u00e1lculo de 300 derechohabientes del Instituto de Seguridad y Servicios Sociales de los Trabajadores del Estado se quedaron ayer sin recoger su medicina de la farmacia por la lentitud en la atenci\u00f3n.<\/p>\n<p>Eso no es todo para desgracia de los pacientes: despu\u00e9s de largas horas de esperar el turno, los trabajadores de la farmacia les salieron con que no hab\u00eda la medicina que solicitaban.<\/p>\n<p>Desde hace mucho ha existido el problema y no hay qui\u00e9n establezca un sistema de atenci\u00f3n que evite que los pacientes pasen horas en espera de las medicinas que les receta el doctor.<\/p>\n<p><strong>No alcanzaron<\/strong><\/p>\n<p>Sin embargo, ayer el problema hizo crisis cuando los empleados de la farmacia cerraron y los derechohabientes se quedaron en la espera de su turno.<\/p>\n<p>Los trabajadores dijeron que el sistema se cierra a las 20:00 horas y ya no pueden seguir.<\/p>\n<p>Ya para entonces muchos se hab\u00edan retirado de la cl\u00ednica porque les hab\u00eda tocado un n\u00famero superior del 650 y calcularon que por la lentitud de la atenci\u00f3n no iban a alcanzar. Hab\u00eda turnos m\u00e1s altos que el 700.<\/p>\n<p>Pero los que se quedaron con el turno en la mano hablaron por ellos. Se inconformaron por la tardanza en la atenci\u00f3n, pero m\u00e1s porque despu\u00e9s de esperar horas no les respetan el turno para el d\u00eda siguiente.<\/p>\n<p><strong>Injusticia<\/strong><\/p>\n<p>\u201cEl doctor Islas vino y nos dijo que no, que ma\u00f1ana tendr\u00edamos que venir para sacar de nuevo turno\u201d, se\u00f1al\u00f3 una de las quejosas.<\/p>\n<p>Ella y otras m\u00e1s consideraron que esa postura es injusta porque despu\u00e9s de horas de esperar el turno no alcanzaron a surtir las medicinas.<\/p>\n<p>Y luego rechazaron la forma en que les hablan, como si ellos fueran mexicanos de segunda.<\/p>\n<p>Explicaron que lo que pretend\u00edan era que ma\u00f1ana (hoy) les respetaran el turno que ten\u00edan para ser de las primeras, pero no accedieron.<\/p>\n<p>La informaci\u00f3n precisa que un buen n\u00famero de derechohabientes ya se hab\u00edan retirado de la cl\u00ednica para no seguir perdiendo el tiempo. Son gente que vienen de las sindicaturas, de los pueblos y como vieron que no iban a alcanzar a ser atendidos hasta las 20:00 horas optaron por retirarse.<\/p>\n<p><strong>Con la manos vac\u00edas\u00a0<\/strong><\/p>\n<p>\u00bfC\u00f3mo que no hay la medicina?, le alz\u00f3 la voz una derechohabiente a una empleada de la farmacia.<\/p>\n<p>\u201cNo, no hay. Venga el pr\u00f3ximo martes\u201d, le responde la empleada tras el cristal.<\/p>\n<p>La mujer ten\u00eda el n\u00famero 550 para pasar. Se alegr\u00f3 cuando vio su pase en la pantalla. Y es que estaba desde las 13:30 horas y faltaban 15 minutos para las 20:00 horas, la hora del cierre. Pero su gusto se desvaneci\u00f3 porque no ten\u00edan la medicina.<\/p>\n<p>Otros pacientes expresaron que por eso desde que llegaron a esperar su turno fueron con los trabajadores de la farmacia para\u00a0preguntarles si ten\u00edan la medicina que requer\u00edan para que no les pasara lo que a la mujer que estaba molesta.<\/p>\n<p><a href=\"https:\/\/www.debate.com.mx\/losmochis\/No-les-dan-medicinas-tras-horas-de-espera-en-el-Issste-20190906-0034.html\">https:\/\/www.debate.com.mx\/losmochis\/No-les-dan-medicinas-tras-horas-de-espera-en-el-Issste-20190906-0034.html<\/a><\/p>\n","protected":false},"excerpt":{"rendered":"<p>Foto: Javier Padilla &#8211; El Debate Alrededor de 300 derechohabientes no alcanzaron a ser atendidos en la farmacia por la lentitud en el servicio y no les respetan para hoy &hellip; <a href=\"https:\/\/www.grieta.org.mx\/index.php\/2019\/09\/06\/no-les-dan-medicinas-tras-horas-de-espera-en-el-issste-sinaloa\/\" class=\"more-link\">Leer m\u00e1s<\/a><\/p>\n","protected":false},"author":2,"featured_media":39088,"comment_status":"closed","ping_status":"closed","sticky":false,"template":"","format":"standard","meta":{"ngg_post_thumbnail":0,"_jetpack_newsletter_access":"","_jetpack_dont_email_post_to_subs":false,"_jetpack_newsletter_tier_id":0,"_jetpack_memberships_contains_paywalled_content":false,"_jetpack_memberships_contains_paid_content":false,"footnotes":""},"categories":[80,918,2420,2,30,83],"tags":[2367,2587,2366,2551,492,893],"class_list":["post-39087","post","type-post","status-publish","format-standard","has-post-thumbnail","hentry","category-cintillo","category-privatizacion-del-sector-salud","category-crisis-del-sector-salud-en-sinaloa","category-noticias-nacionales","category-sinaloa","category-temas-nacionales","tag-crisis-en-el-sector-salud","tag-derecho-a-la-salud","tag-desabasto-de-medicinas","tag-falta-de-medicinas","tag-issste","tag-privatizacion-de-la-salud","entry"],"jetpack_featured_media_url":"https:\/\/www.grieta.org.mx\/wp-content\/uploads\/2019\/09\/issste_medicinas.jpg_219914347.jpg","jetpack_sharing_enabled":true,"jetpack_shortlink":"https:\/\/wp.me\/p7ZJR4-aar","jetpack_likes_enabled":false,"jetpack-related-posts":[{"id":39084,"url":"https:\/\/www.grieta.org.mx\/index.php\/2019\/09\/06\/derechohabientes-reclaman-servicio-y-medicinas-en-imss-san-blas-sinaloa\/","url_meta":{"origin":39087,"position":0},"title":"Derechohabientes reclaman servicio y medicinas en IMSS San Blas (Sinaloa)","author":"grieta","date":"6 septiembre, 2019","format":false,"excerpt":"Foto: El Debate Los inconformes acudieron a las instalaciones de la cl\u00ednica para impedir cualquier actividad al personal m\u00e9dico y administrativo Mar\u00eda de Jes\u00fas Estrada \/ El Debate El Fuerte, Sinaloa.- Un grupo de derechohabientes de la cl\u00ednica del Instituto Mexicano del Seguro Social (IMSS) de la poblaci\u00f3n de San\u2026","rel":"","context":"En &quot;CINTILLO&quot;","block_context":{"text":"CINTILLO","link":"https:\/\/www.grieta.org.mx\/index.php\/category\/cintillo\/"},"img":{"alt_text":"","src":"https:\/\/i0.wp.com\/www.grieta.org.mx\/wp-content\/uploads\/2019\/09\/clina_imss_san_blas.jpg_219914347.jpg?resize=350%2C200&ssl=1","width":350,"height":200,"srcset":"https:\/\/i0.wp.com\/www.grieta.org.mx\/wp-content\/uploads\/2019\/09\/clina_imss_san_blas.jpg_219914347.jpg?resize=350%2C200&ssl=1 1x, https:\/\/i0.wp.com\/www.grieta.org.mx\/wp-content\/uploads\/2019\/09\/clina_imss_san_blas.jpg_219914347.jpg?resize=525%2C300&ssl=1 1.5x, https:\/\/i0.wp.com\/www.grieta.org.mx\/wp-content\/uploads\/2019\/09\/clina_imss_san_blas.jpg_219914347.jpg?resize=700%2C400&ssl=1 2x"},"classes":[]},{"id":31944,"url":"https:\/\/www.grieta.org.mx\/index.php\/2019\/04\/09\/sin-resolver-problema-de-desabasto-de-medicinas-en-hospitales-de-sinaloa\/","url_meta":{"origin":39087,"position":1},"title":"Sin resolver problema de desabasto de medicinas en hospitales de Sinaloa","author":"grieta","date":"9 abril, 2019","format":false,"excerpt":"\u00c1reas de farmacias de hospitales\u00a0y centros de salud mantienen los estands sin medicamentos en Sinaloa Mar\u00eda Elizalde \/ El Debate Culiac\u00e1n, Sinaloa.- En un recorrido por centros de salud y hospitales del municipio de Culiac\u00e1n se detect\u00f3 que, a pesar de que se anunci\u00f3 que se est\u00e1n realizando la distribuci\u00f3n\u2026","rel":"","context":"En &quot;CINTILLO&quot;","block_context":{"text":"CINTILLO","link":"https:\/\/www.grieta.org.mx\/index.php\/category\/cintillo\/"},"img":{"alt_text":"","src":"https:\/\/i0.wp.com\/www.grieta.org.mx\/wp-content\/uploads\/2019\/04\/sin_resolver_problema_de_desabasto_de_medicinas_en_hospitales_de_sinaloa.jpg_1727466156.jpg?resize=350%2C200&ssl=1","width":350,"height":200,"srcset":"https:\/\/i0.wp.com\/www.grieta.org.mx\/wp-content\/uploads\/2019\/04\/sin_resolver_problema_de_desabasto_de_medicinas_en_hospitales_de_sinaloa.jpg_1727466156.jpg?resize=350%2C200&ssl=1 1x, https:\/\/i0.wp.com\/www.grieta.org.mx\/wp-content\/uploads\/2019\/04\/sin_resolver_problema_de_desabasto_de_medicinas_en_hospitales_de_sinaloa.jpg_1727466156.jpg?resize=525%2C300&ssl=1 1.5x, https:\/\/i0.wp.com\/www.grieta.org.mx\/wp-content\/uploads\/2019\/04\/sin_resolver_problema_de_desabasto_de_medicinas_en_hospitales_de_sinaloa.jpg_1727466156.jpg?resize=700%2C400&ssl=1 2x"},"classes":[]},{"id":38199,"url":"https:\/\/www.grieta.org.mx\/index.php\/2019\/08\/08\/hasta-tres-horas-hacen-fila-por-un-medicamento-en-el-issste-sinaloa\/","url_meta":{"origin":39087,"position":2},"title":"Hasta tres horas hacen fila por un medicamento en el ISSSTE (Sinaloa)","author":"grieta","date":"8 agosto, 2019","format":false,"excerpt":"Foto: VIVAVOZ Derechohabientes tienen que elegir entre aguantarse el largo tiempo de espera o desembolsar para comprar el medicamento por fuera. Margarita Palazuelos \/ VIVAVOZ Culiac\u00e1n, Sinaloa.\u00a0Pacientes de todas las edades, pero en su mayor\u00eda personas de la tercera edad con padecimientos cr\u00f3nicos y degenerativos, han tenido que padecer desde\u2026","rel":"","context":"En &quot;CINTILLO&quot;","block_context":{"text":"CINTILLO","link":"https:\/\/www.grieta.org.mx\/index.php\/category\/cintillo\/"},"img":{"alt_text":"","src":"https:\/\/i0.wp.com\/www.grieta.org.mx\/wp-content\/uploads\/2019\/08\/6977e2f24adc4fbc65195d0940372f02_L.jpg?resize=350%2C200&ssl=1","width":350,"height":200,"srcset":"https:\/\/i0.wp.com\/www.grieta.org.mx\/wp-content\/uploads\/2019\/08\/6977e2f24adc4fbc65195d0940372f02_L.jpg?resize=350%2C200&ssl=1 1x, https:\/\/i0.wp.com\/www.grieta.org.mx\/wp-content\/uploads\/2019\/08\/6977e2f24adc4fbc65195d0940372f02_L.jpg?resize=525%2C300&ssl=1 1.5x, https:\/\/i0.wp.com\/www.grieta.org.mx\/wp-content\/uploads\/2019\/08\/6977e2f24adc4fbc65195d0940372f02_L.jpg?resize=700%2C400&ssl=1 2x"},"classes":[]},{"id":32720,"url":"https:\/\/www.grieta.org.mx\/index.php\/2019\/04\/27\/faltan-medicinas-para-hipertensos-en-el-issste-sinaloa\/","url_meta":{"origin":39087,"position":3},"title":"Faltan medicinas para hipertensos en el Issste (Sinaloa)","author":"grieta","date":"27 abril, 2019","format":false,"excerpt":"Lorena Caro\u00a0, Esmeralda Ivonne Ba\u00f1uelos Rodr\u00edguez, Mar\u00eda Elizande y Gerardo Jim\u00e9nez\u00a0\/ EL Debate La situaci\u00f3n cr\u00edtica en que podr\u00eda estar el Issste seg\u00fan declararon las autoridades federales todav\u00eda no se observa en el hospital de Culiac\u00e1n, al menos no en cuanto a las consultas familiares y de especialidades. Sin embargo,\u2026","rel":"","context":"En &quot;CINTILLO&quot;","block_context":{"text":"CINTILLO","link":"https:\/\/www.grieta.org.mx\/index.php\/category\/cintillo\/"},"img":{"alt_text":"","src":"https:\/\/i0.wp.com\/www.grieta.org.mx\/wp-content\/uploads\/2019\/04\/faltan_medicinas_para_hipertensos_en_el_issste_crop1556372676865.jpg_219914347.jpg?resize=350%2C200&ssl=1","width":350,"height":200,"srcset":"https:\/\/i0.wp.com\/www.grieta.org.mx\/wp-content\/uploads\/2019\/04\/faltan_medicinas_para_hipertensos_en_el_issste_crop1556372676865.jpg_219914347.jpg?resize=350%2C200&ssl=1 1x, https:\/\/i0.wp.com\/www.grieta.org.mx\/wp-content\/uploads\/2019\/04\/faltan_medicinas_para_hipertensos_en_el_issste_crop1556372676865.jpg_219914347.jpg?resize=525%2C300&ssl=1 1.5x, https:\/\/i0.wp.com\/www.grieta.org.mx\/wp-content\/uploads\/2019\/04\/faltan_medicinas_para_hipertensos_en_el_issste_crop1556372676865.jpg_219914347.jpg?resize=700%2C400&ssl=1 2x"},"classes":[]},{"id":32716,"url":"https:\/\/www.grieta.org.mx\/index.php\/2019\/04\/25\/faltan-medicinas-para-usuarios-de-centros-de-salud-sinaloa\/","url_meta":{"origin":39087,"position":4},"title":"Faltan medicinas para usuarios de Centros de Salud (Sinaloa)","author":"grieta","date":"25 abril, 2019","format":false,"excerpt":"Blanca Regalado \/ El Debate Mazatl\u00e1n, Sinaloa.- Los usuarios de las unidades de la Secretar\u00eda de Salud padecen la falta de medicinas para tratar varios padecimientos. Entre los f\u00e1rmacos que no han podido surtir en los \u00faltimas d\u00edas en los centros de salud est\u00e1n \u00a0nifedipina, losart\u00e1n, hidroclorotiazida, \u00a0paracetamol e \u00a0insulina.\u2026","rel":"","context":"En &quot;CINTILLO&quot;","block_context":{"text":"CINTILLO","link":"https:\/\/www.grieta.org.mx\/index.php\/category\/cintillo\/"},"img":{"alt_text":"","src":"https:\/\/i0.wp.com\/www.grieta.org.mx\/wp-content\/uploads\/2019\/04\/no_hay_medicinas_en_el_centro_de_salu_en_mazatlan.jpg_219914347.jpg?resize=350%2C200&ssl=1","width":350,"height":200,"srcset":"https:\/\/i0.wp.com\/www.grieta.org.mx\/wp-content\/uploads\/2019\/04\/no_hay_medicinas_en_el_centro_de_salu_en_mazatlan.jpg_219914347.jpg?resize=350%2C200&ssl=1 1x, https:\/\/i0.wp.com\/www.grieta.org.mx\/wp-content\/uploads\/2019\/04\/no_hay_medicinas_en_el_centro_de_salu_en_mazatlan.jpg_219914347.jpg?resize=525%2C300&ssl=1 1.5x, https:\/\/i0.wp.com\/www.grieta.org.mx\/wp-content\/uploads\/2019\/04\/no_hay_medicinas_en_el_centro_de_salu_en_mazatlan.jpg_219914347.jpg?resize=700%2C400&ssl=1 2x"},"classes":[]},{"id":35464,"url":"https:\/\/www.grieta.org.mx\/index.php\/2019\/06\/26\/el-imss-de-mazatlan-se-queda-ahora-sin-rayos-x-sinaloa\/","url_meta":{"origin":39087,"position":5},"title":"El IMSS de Mazatl\u00e1n se queda ahora sin rayos X (Sinaloa)","author":"grieta","date":"26 junio, 2019","format":false,"excerpt":"Foto: El Debate Personas de todas edades, que provienen hasta de zona rural, no pudieron realizarse los estudios Blanca Regalado \/ El Debate Mazatl\u00e1n, Sinaloa.- El equipo de rayos X del Hospital General de Zona (HGZ) 3, del Instituto Mexicano del Seguro Social (IMSS), se descompuso. Esta falla dej\u00f3 a\u2026","rel":"","context":"En &quot;CINTILLO&quot;","block_context":{"text":"CINTILLO","link":"https:\/\/www.grieta.org.mx\/index.php\/category\/cintillo\/"},"img":{"alt_text":"","src":"https:\/\/i0.wp.com\/www.grieta.org.mx\/wp-content\/uploads\/2019\/06\/sala_de_espera_imss_crop1561561952953.jpg_1727466156.jpg?resize=350%2C200&ssl=1","width":350,"height":200,"srcset":"https:\/\/i0.wp.com\/www.grieta.org.mx\/wp-content\/uploads\/2019\/06\/sala_de_espera_imss_crop1561561952953.jpg_1727466156.jpg?resize=350%2C200&ssl=1 1x, https:\/\/i0.wp.com\/www.grieta.org.mx\/wp-content\/uploads\/2019\/06\/sala_de_espera_imss_crop1561561952953.jpg_1727466156.jpg?resize=525%2C300&ssl=1 1.5x, https:\/\/i0.wp.com\/www.grieta.org.mx\/wp-content\/uploads\/2019\/06\/sala_de_espera_imss_crop1561561952953.jpg_1727466156.jpg?resize=700%2C400&ssl=1 2x"},"classes":[]}],"_links":{"self":[{"href":"https:\/\/www.grieta.org.mx\/index.php\/wp-json\/wp\/v2\/posts\/39087","targetHints":{"allow":["GET"]}}],"collection":[{"href":"https:\/\/www.grieta.org.mx\/index.php\/wp-json\/wp\/v2\/posts"}],"about":[{"href":"https:\/\/www.grieta.org.mx\/index.php\/wp-json\/wp\/v2\/types\/post"}],"author":[{"embeddable":true,"href":"https:\/\/www.grieta.org.mx\/index.php\/wp-json\/wp\/v2\/users\/2"}],"replies":[{"embeddable":true,"href":"https:\/\/www.grieta.org.mx\/index.php\/wp-json\/wp\/v2\/comments?post=39087"}],"version-history":[{"count":1,"href":"https:\/\/www.grieta.org.mx\/index.php\/wp-json\/wp\/v2\/posts\/39087\/revisions"}],"predecessor-version":[{"id":39090,"href":"https:\/\/www.grieta.org.mx\/index.php\/wp-json\/wp\/v2\/posts\/39087\/revisions\/39090"}],"wp:featuredmedia":[{"embeddable":true,"href":"https:\/\/www.grieta.org.mx\/index.php\/wp-json\/wp\/v2\/media\/39088"}],"wp:attachment":[{"href":"https:\/\/www.grieta.org.mx\/index.php\/wp-json\/wp\/v2\/media?parent=39087"}],"wp:term":[{"taxonomy":"category","embeddable":true,"href":"https:\/\/www.grieta.org.mx\/index.php\/wp-json\/wp\/v2\/categories?post=39087"},{"taxonomy":"post_tag","embeddable":true,"href":"https:\/\/www.grieta.org.mx\/index.php\/wp-json\/wp\/v2\/tags?post=39087"}],"curies":[{"name":"wp","href":"https:\/\/api.w.org\/{rel}","templated":true}]}}