{"id":39081,"date":"2019-09-11T19:13:46","date_gmt":"2019-09-12T00:13:46","guid":{"rendered":"http:\/\/www.grieta.org.mx\/?p=39081"},"modified":"2019-09-11T19:13:46","modified_gmt":"2019-09-12T00:13:46","slug":"personal-del-hospital-de-la-mujer-se-manifiesta-por-falta-de-pago-sinaloa","status":"publish","type":"post","link":"https:\/\/www.grieta.org.mx\/index.php\/2019\/09\/11\/personal-del-hospital-de-la-mujer-se-manifiesta-por-falta-de-pago-sinaloa\/","title":{"rendered":"Personal del Hospital de la Mujer se manifiesta por falta de pago (Sinaloa)"},"content":{"rendered":"<p><img loading=\"lazy\" decoding=\"async\" data-attachment-id=\"39082\" data-permalink=\"https:\/\/www.grieta.org.mx\/index.php\/2019\/09\/11\/personal-del-hospital-de-la-mujer-se-manifiesta-por-falta-de-pago-sinaloa\/personal_del_hospital_de_la_mujer_se_manifiesta_por_falta_de_pago-jpg_219914347\/\" data-orig-file=\"https:\/\/www.grieta.org.mx\/wp-content\/uploads\/2019\/09\/personal_del_hospital_de_la_mujer_se_manifiesta_por_falta_de_pago.jpg_219914347.jpg\" data-orig-size=\"960,540\" data-comments-opened=\"0\" data-image-meta=\"{&quot;aperture&quot;:&quot;0&quot;,&quot;credit&quot;:&quot;&quot;,&quot;camera&quot;:&quot;&quot;,&quot;caption&quot;:&quot;&quot;,&quot;created_timestamp&quot;:&quot;0&quot;,&quot;copyright&quot;:&quot;&quot;,&quot;focal_length&quot;:&quot;0&quot;,&quot;iso&quot;:&quot;0&quot;,&quot;shutter_speed&quot;:&quot;0&quot;,&quot;title&quot;:&quot;&quot;,&quot;orientation&quot;:&quot;0&quot;}\" data-image-title=\"personal_del_hospital_de_la_mujer_se_manifiesta_por_falta_de_pago.jpg_219914347\" data-image-description=\"\" data-image-caption=\"\" data-medium-file=\"https:\/\/www.grieta.org.mx\/wp-content\/uploads\/2019\/09\/personal_del_hospital_de_la_mujer_se_manifiesta_por_falta_de_pago.jpg_219914347-300x169.jpg\" data-large-file=\"https:\/\/www.grieta.org.mx\/wp-content\/uploads\/2019\/09\/personal_del_hospital_de_la_mujer_se_manifiesta_por_falta_de_pago.jpg_219914347.jpg\" class=\" wp-image-39082 aligncenter\" src=\"http:\/\/www.grieta.org.mx\/wp-content\/uploads\/2019\/09\/personal_del_hospital_de_la_mujer_se_manifiesta_por_falta_de_pago.jpg_219914347.jpg\" alt=\"\" width=\"800\" height=\"450\" srcset=\"https:\/\/www.grieta.org.mx\/wp-content\/uploads\/2019\/09\/personal_del_hospital_de_la_mujer_se_manifiesta_por_falta_de_pago.jpg_219914347.jpg 960w, https:\/\/www.grieta.org.mx\/wp-content\/uploads\/2019\/09\/personal_del_hospital_de_la_mujer_se_manifiesta_por_falta_de_pago.jpg_219914347-300x169.jpg 300w, https:\/\/www.grieta.org.mx\/wp-content\/uploads\/2019\/09\/personal_del_hospital_de_la_mujer_se_manifiesta_por_falta_de_pago.jpg_219914347-768x432.jpg 768w, https:\/\/www.grieta.org.mx\/wp-content\/uploads\/2019\/09\/personal_del_hospital_de_la_mujer_se_manifiesta_por_falta_de_pago.jpg_219914347-889x500.jpg 889w\" sizes=\"auto, (max-width: 800px) 100vw, 800px\" \/><\/p>\n<p>Foto: El Debate<\/p>\n<p><em>\u00a0A los trabajadores se les otorg\u00f3 un incremento como compensaci\u00f3n mientras son basificados, pero hasta la fecha el pago nunca les ha llegado en tiempo y forma, por lo que est\u00e1n molestos<\/em><\/p>\n<p>Yamileth Zamudio Garc\u00eda \/ El Debate<\/p>\n<p><strong>Culiac\u00e1n, Sinaloa<\/strong>.-Trabajadores del Hospital de la Mujer se manifestaron la ma\u00f1ana de ayer debido a los constantes atrasos en los pagos de la homologaci\u00f3n, ya que en lo que va del a\u00f1o no se les ha hecho ning\u00fan pago en tiempo y forma.<\/p>\n<p>El personal asegur\u00f3 que, debido a la falta de basificaci\u00f3n, se les prometi\u00f3 una compensaci\u00f3n, pero no ha sido constante, y tienen un adeudo de mes y medio, por lo que decidieron manifestarse para exigir lo que les corresponde por derecho.<\/p>\n<p>Reina Franco, enfermera desde hace cinco a\u00f1os, dijo que est\u00e1n inconformes, ya que no tienen una estabilidad porque adem\u00e1s no tienen prestaciones y los tienen con la espera de los pagos.<\/p>\n<p>&#8220;Todos estamos en las mismas condiciones. Ahorita somos pocos, pero en realidad somos m\u00e1s de 400 empleados que estamos en la misma situaci\u00f3n&#8221;<\/p>\n<p>Dijo que a inicios del a\u00f1o se les inform\u00f3 que se les dar\u00eda un aumento de sueldo en compensaci\u00f3n por la ausencia, como homologar su salario con uno de base, mismo que se retras\u00f3 debido a firmas u otros tr\u00e1mites durante cinco meses, por lo que temen que les suceda lo mismo.<\/p>\n<p>La enfermera por contrato manifest\u00f3 que se les apoy\u00f3 con el incremento de salario, mismo que no les ha servido de nada, ya que nunca se les ha entregado en tiempo y forma, y todos tienen una familia que sostener.<\/p>\n<p><strong>Sin respuesta<\/strong><\/p>\n<p>El personal se organiz\u00f3 para alzar la voz, ya que lo han externado varias veces a la Secretar\u00eda de Salud, pero no han tenido ninguna respuesta favorable ante el caso. Se\u00f1alaron que ya est\u00e1n cansados de estar en esta situaci\u00f3n, ya que ellos trabajan en tiempo y forma, por lo que tambi\u00e9n quieren sus pagos as\u00ed.<\/p>\n<p>Los trabajadores del nosocomio destacaron que, al no tener respuestas de las autoridades de salud, tomar\u00e1n las instalaciones o parar\u00e1n labores las veces que sean necesarias.<\/p>\n<p>Los pagos se empezaron a realizar los meses de enero a mayo, plazo en el que los trabajadores del sector de la salud no estuvieron contando con un salario digno.<\/p>\n<p>A partir de que se aprob\u00f3 el aumento, se les prometi\u00f3 un sueldo mayor y de forma permanente; sin embargo, no les han cumplido como se debe y a\u00fan contin\u00faan laborando sin basificaci\u00f3n y con pagos retrasados, por lo que hacen un llamado al secretario de Salud, Efr\u00e9n Encinas, para que les cumpla.<\/p>\n<p><a href=\"https:\/\/www.debate.com.mx\/culiacan\/Personal-del-Hospital-de-la-Mujer-se-manifiesta-por-falta-de-pago-20190911-0029.html\">https:\/\/www.debate.com.mx\/culiacan\/Personal-del-Hospital-de-la-Mujer-se-manifiesta-por-falta-de-pago-20190911-0029.html<\/a><\/p>\n","protected":false},"excerpt":{"rendered":"<p>Foto: El Debate \u00a0A los trabajadores se les otorg\u00f3 un incremento como compensaci\u00f3n mientras son basificados, pero hasta la fecha el pago nunca les ha llegado en tiempo y forma, &hellip; <a href=\"https:\/\/www.grieta.org.mx\/index.php\/2019\/09\/11\/personal-del-hospital-de-la-mujer-se-manifiesta-por-falta-de-pago-sinaloa\/\" class=\"more-link\">Leer m\u00e1s<\/a><\/p>\n","protected":false},"author":2,"featured_media":39082,"comment_status":"closed","ping_status":"closed","sticky":false,"template":"","format":"standard","meta":{"ngg_post_thumbnail":0,"_jetpack_newsletter_access":"","_jetpack_dont_email_post_to_subs":false,"_jetpack_newsletter_tier_id":0,"_jetpack_memberships_contains_paywalled_content":false,"_jetpack_memberships_contains_paid_content":false,"footnotes":""},"categories":[80,918,2420,2,30,83],"tags":[2367,893,530],"class_list":["post-39081","post","type-post","status-publish","format-standard","has-post-thumbnail","hentry","category-cintillo","category-privatizacion-del-sector-salud","category-crisis-del-sector-salud-en-sinaloa","category-noticias-nacionales","category-sinaloa","category-temas-nacionales","tag-crisis-en-el-sector-salud","tag-privatizacion-de-la-salud","tag-trabajadores-de-la-salud","entry"],"jetpack_featured_media_url":"https:\/\/www.grieta.org.mx\/wp-content\/uploads\/2019\/09\/personal_del_hospital_de_la_mujer_se_manifiesta_por_falta_de_pago.jpg_219914347.jpg","jetpack_sharing_enabled":true,"jetpack_shortlink":"https:\/\/wp.me\/p7ZJR4-aal","jetpack_likes_enabled":false,"jetpack-related-posts":[{"id":37703,"url":"https:\/\/www.grieta.org.mx\/index.php\/2019\/08\/08\/trabajadores-se-manifiestan-en-el-hospital-general-de-los-mochis-sinaloa\/","url_meta":{"origin":39081,"position":0},"title":"Trabajadores se manifiestan en el Hospital General de Los Mochis (Sinaloa)","author":"grieta","date":"8 agosto, 2019","format":false,"excerpt":"Foto: El Debate Exigen el pago de sus fondos de ahorro Marisela Jolie y Lupita G\u00e1mez \/ El Debate Los Mochis, Sinaloa.- Por falta de pagos del fondo de ahorro, trabajadores estatales etiquetados como regulares, formalizados y homologados se manifestaron de manera pac\u00edfica en la entrada del Hospital General de\u2026","rel":"","context":"En &quot;CINTILLO&quot;","block_context":{"text":"CINTILLO","link":"https:\/\/www.grieta.org.mx\/index.php\/category\/cintillo\/"},"img":{"alt_text":"","src":"https:\/\/i0.wp.com\/www.grieta.org.mx\/wp-content\/uploads\/2019\/08\/manifestacion_hospital_general.jpg_219914347.jpg?resize=350%2C200&ssl=1","width":350,"height":200,"srcset":"https:\/\/i0.wp.com\/www.grieta.org.mx\/wp-content\/uploads\/2019\/08\/manifestacion_hospital_general.jpg_219914347.jpg?resize=350%2C200&ssl=1 1x, https:\/\/i0.wp.com\/www.grieta.org.mx\/wp-content\/uploads\/2019\/08\/manifestacion_hospital_general.jpg_219914347.jpg?resize=525%2C300&ssl=1 1.5x, https:\/\/i0.wp.com\/www.grieta.org.mx\/wp-content\/uploads\/2019\/08\/manifestacion_hospital_general.jpg_219914347.jpg?resize=700%2C400&ssl=1 2x"},"classes":[]},{"id":33950,"url":"https:\/\/www.grieta.org.mx\/index.php\/2019\/05\/24\/recortes-austeros-afectan-al-issste-en-mazatlan-sinaloa\/","url_meta":{"origin":39081,"position":1},"title":"Recortes austeros afectan al ISSSTE en Mazatl\u00e1n (Sinaloa)","author":"grieta","date":"24 mayo, 2019","format":false,"excerpt":"Durante la ma\u00f1ana del viernes decenas de trabajadores se manifestaron para exigir se d\u00e9 cobertura a pagos atrasados acumulados desde el 2018 Scarlett Nordahl \/ El Sol de Sinaloa Mazatl\u00e1n,\u00a0Sinaloa.- La ma\u00f1ana del viernes\u00a0trabajadores suplentes\u00a0se manifestaron a las afueras de la\u00a0Cl\u00ednica Hospital del Instituto de Seguridad y Servicios Sociales\u00a0de los\u00a0Trabajadores\u00a0del\u2026","rel":"","context":"En &quot;CINTILLO&quot;","block_context":{"text":"CINTILLO","link":"https:\/\/www.grieta.org.mx\/index.php\/category\/cintillo\/"},"img":{"alt_text":"","src":"https:\/\/i0.wp.com\/www.grieta.org.mx\/wp-content\/uploads\/2019\/05\/Salud-Sinaloa-2.jpeg?resize=350%2C200&ssl=1","width":350,"height":200,"srcset":"https:\/\/i0.wp.com\/www.grieta.org.mx\/wp-content\/uploads\/2019\/05\/Salud-Sinaloa-2.jpeg?resize=350%2C200&ssl=1 1x, https:\/\/i0.wp.com\/www.grieta.org.mx\/wp-content\/uploads\/2019\/05\/Salud-Sinaloa-2.jpeg?resize=525%2C300&ssl=1 1.5x"},"classes":[]},{"id":31944,"url":"https:\/\/www.grieta.org.mx\/index.php\/2019\/04\/09\/sin-resolver-problema-de-desabasto-de-medicinas-en-hospitales-de-sinaloa\/","url_meta":{"origin":39081,"position":2},"title":"Sin resolver problema de desabasto de medicinas en hospitales de Sinaloa","author":"grieta","date":"9 abril, 2019","format":false,"excerpt":"\u00c1reas de farmacias de hospitales\u00a0y centros de salud mantienen los estands sin medicamentos en Sinaloa Mar\u00eda Elizalde \/ El Debate Culiac\u00e1n, Sinaloa.- En un recorrido por centros de salud y hospitales del municipio de Culiac\u00e1n se detect\u00f3 que, a pesar de que se anunci\u00f3 que se est\u00e1n realizando la distribuci\u00f3n\u2026","rel":"","context":"En &quot;CINTILLO&quot;","block_context":{"text":"CINTILLO","link":"https:\/\/www.grieta.org.mx\/index.php\/category\/cintillo\/"},"img":{"alt_text":"","src":"https:\/\/i0.wp.com\/www.grieta.org.mx\/wp-content\/uploads\/2019\/04\/sin_resolver_problema_de_desabasto_de_medicinas_en_hospitales_de_sinaloa.jpg_1727466156.jpg?resize=350%2C200&ssl=1","width":350,"height":200,"srcset":"https:\/\/i0.wp.com\/www.grieta.org.mx\/wp-content\/uploads\/2019\/04\/sin_resolver_problema_de_desabasto_de_medicinas_en_hospitales_de_sinaloa.jpg_1727466156.jpg?resize=350%2C200&ssl=1 1x, https:\/\/i0.wp.com\/www.grieta.org.mx\/wp-content\/uploads\/2019\/04\/sin_resolver_problema_de_desabasto_de_medicinas_en_hospitales_de_sinaloa.jpg_1727466156.jpg?resize=525%2C300&ssl=1 1.5x, https:\/\/i0.wp.com\/www.grieta.org.mx\/wp-content\/uploads\/2019\/04\/sin_resolver_problema_de_desabasto_de_medicinas_en_hospitales_de_sinaloa.jpg_1727466156.jpg?resize=700%2C400&ssl=1 2x"},"classes":[]},{"id":38806,"url":"https:\/\/www.grieta.org.mx\/index.php\/2019\/09\/02\/denuncian-pesimo-servicio-en-centro-de-salud-del-sector-pemex-culiacan-sinaloa\/","url_meta":{"origin":39081,"position":3},"title":"Denuncian p\u00e9simo servicio en Centro de Salud del sector Pemex, Culiac\u00e1n (Sinaloa)","author":"grieta","date":"2 septiembre, 2019","format":false,"excerpt":"Foto: El Debate A veces no hay m\u00e9dicos y en otras ocasiones no tienen medicamentos, denuncian pacientes del Centro de Salud unidad Pemex Mar\u00eda Elizalde \/ El Debate Culiac\u00e1n, Sinaloa.- Gran inconformidad entre los usuarios que asisten al Centro de Salud unidad Pemex debido a que hay estudiantes que desde\u2026","rel":"","context":"En &quot;CINTILLO&quot;","block_context":{"text":"CINTILLO","link":"https:\/\/www.grieta.org.mx\/index.php\/category\/cintillo\/"},"img":{"alt_text":"","src":"https:\/\/i0.wp.com\/www.grieta.org.mx\/wp-content\/uploads\/2019\/09\/denuncian_pxsimo_servicio_en_centro_de_salud_del_sector_pemexx_culiacxn.jpeg_219914347.jpeg?resize=350%2C200&ssl=1","width":350,"height":200,"srcset":"https:\/\/i0.wp.com\/www.grieta.org.mx\/wp-content\/uploads\/2019\/09\/denuncian_pxsimo_servicio_en_centro_de_salud_del_sector_pemexx_culiacxn.jpeg_219914347.jpeg?resize=350%2C200&ssl=1 1x, https:\/\/i0.wp.com\/www.grieta.org.mx\/wp-content\/uploads\/2019\/09\/denuncian_pxsimo_servicio_en_centro_de_salud_del_sector_pemexx_culiacxn.jpeg_219914347.jpeg?resize=525%2C300&ssl=1 1.5x, https:\/\/i0.wp.com\/www.grieta.org.mx\/wp-content\/uploads\/2019\/09\/denuncian_pxsimo_servicio_en_centro_de_salud_del_sector_pemexx_culiacxn.jpeg_219914347.jpeg?resize=700%2C400&ssl=1 2x"},"classes":[]},{"id":39087,"url":"https:\/\/www.grieta.org.mx\/index.php\/2019\/09\/06\/no-les-dan-medicinas-tras-horas-de-espera-en-el-issste-sinaloa\/","url_meta":{"origin":39081,"position":4},"title":"No les dan medicinas tras horas de espera en el ISSSTE (Sinaloa)","author":"grieta","date":"6 septiembre, 2019","format":false,"excerpt":"Foto: Javier Padilla - El Debate Alrededor de 300 derechohabientes no alcanzaron a ser atendidos en la farmacia por la lentitud en el servicio y no les respetan para hoy el turno Redacci\u00f3n \/ El Debate Los Mochis, Sinaloa.- Un c\u00e1lculo de 300 derechohabientes del Instituto de Seguridad y Servicios\u2026","rel":"","context":"En &quot;CINTILLO&quot;","block_context":{"text":"CINTILLO","link":"https:\/\/www.grieta.org.mx\/index.php\/category\/cintillo\/"},"img":{"alt_text":"","src":"https:\/\/i0.wp.com\/www.grieta.org.mx\/wp-content\/uploads\/2019\/09\/issste_medicinas.jpg_219914347.jpg?resize=350%2C200&ssl=1","width":350,"height":200,"srcset":"https:\/\/i0.wp.com\/www.grieta.org.mx\/wp-content\/uploads\/2019\/09\/issste_medicinas.jpg_219914347.jpg?resize=350%2C200&ssl=1 1x, https:\/\/i0.wp.com\/www.grieta.org.mx\/wp-content\/uploads\/2019\/09\/issste_medicinas.jpg_219914347.jpg?resize=525%2C300&ssl=1 1.5x, https:\/\/i0.wp.com\/www.grieta.org.mx\/wp-content\/uploads\/2019\/09\/issste_medicinas.jpg_219914347.jpg?resize=700%2C400&ssl=1 2x"},"classes":[]},{"id":32568,"url":"https:\/\/www.grieta.org.mx\/index.php\/2019\/04\/26\/pacientes-con-cancer-piden-que-les-den-tratamiento-sinaloa\/","url_meta":{"origin":39081,"position":5},"title":"Pacientes con c\u00e1ncer piden que les den tratamiento (Sinaloa)","author":"grieta","date":"26 abril, 2019","format":false,"excerpt":"Angelina Corral \/ Debate Culiac\u00e1n, Sinaloa.- Personas que sufren c\u00e1ncer se plantaron ayer en el Palacio de Gobierno para pedir al gobernador Quirino Ordaz Coppel y al secretario de Salud, Efr\u00e9n Encinas, que arreglen el acelerador lineal del Instituto Sinaloense de Cancerolog\u00eda. Francisco Paredes Vel\u00e1zquez, quien habl\u00f3 por los inconformes,\u2026","rel":"","context":"En &quot;CINTILLO&quot;","block_context":{"text":"CINTILLO","link":"https:\/\/www.grieta.org.mx\/index.php\/category\/cintillo\/"},"img":{"alt_text":"","src":"https:\/\/i0.wp.com\/www.grieta.org.mx\/wp-content\/uploads\/2019\/04\/pacientes_con_cxncer_piden_que_les_den_tratamiento.jpg_1306284052.jpg?resize=350%2C200&ssl=1","width":350,"height":200,"srcset":"https:\/\/i0.wp.com\/www.grieta.org.mx\/wp-content\/uploads\/2019\/04\/pacientes_con_cxncer_piden_que_les_den_tratamiento.jpg_1306284052.jpg?resize=350%2C200&ssl=1 1x, https:\/\/i0.wp.com\/www.grieta.org.mx\/wp-content\/uploads\/2019\/04\/pacientes_con_cxncer_piden_que_les_den_tratamiento.jpg_1306284052.jpg?resize=525%2C300&ssl=1 1.5x, https:\/\/i0.wp.com\/www.grieta.org.mx\/wp-content\/uploads\/2019\/04\/pacientes_con_cxncer_piden_que_les_den_tratamiento.jpg_1306284052.jpg?resize=700%2C400&ssl=1 2x, https:\/\/i0.wp.com\/www.grieta.org.mx\/wp-content\/uploads\/2019\/04\/pacientes_con_cxncer_piden_que_les_den_tratamiento.jpg_1306284052.jpg?resize=1050%2C600&ssl=1 3x, https:\/\/i0.wp.com\/www.grieta.org.mx\/wp-content\/uploads\/2019\/04\/pacientes_con_cxncer_piden_que_les_den_tratamiento.jpg_1306284052.jpg?resize=1400%2C800&ssl=1 4x"},"classes":[]}],"_links":{"self":[{"href":"https:\/\/www.grieta.org.mx\/index.php\/wp-json\/wp\/v2\/posts\/39081","targetHints":{"allow":["GET"]}}],"collection":[{"href":"https:\/\/www.grieta.org.mx\/index.php\/wp-json\/wp\/v2\/posts"}],"about":[{"href":"https:\/\/www.grieta.org.mx\/index.php\/wp-json\/wp\/v2\/types\/post"}],"author":[{"embeddable":true,"href":"https:\/\/www.grieta.org.mx\/index.php\/wp-json\/wp\/v2\/users\/2"}],"replies":[{"embeddable":true,"href":"https:\/\/www.grieta.org.mx\/index.php\/wp-json\/wp\/v2\/comments?post=39081"}],"version-history":[{"count":1,"href":"https:\/\/www.grieta.org.mx\/index.php\/wp-json\/wp\/v2\/posts\/39081\/revisions"}],"predecessor-version":[{"id":39083,"href":"https:\/\/www.grieta.org.mx\/index.php\/wp-json\/wp\/v2\/posts\/39081\/revisions\/39083"}],"wp:featuredmedia":[{"embeddable":true,"href":"https:\/\/www.grieta.org.mx\/index.php\/wp-json\/wp\/v2\/media\/39082"}],"wp:attachment":[{"href":"https:\/\/www.grieta.org.mx\/index.php\/wp-json\/wp\/v2\/media?parent=39081"}],"wp:term":[{"taxonomy":"category","embeddable":true,"href":"https:\/\/www.grieta.org.mx\/index.php\/wp-json\/wp\/v2\/categories?post=39081"},{"taxonomy":"post_tag","embeddable":true,"href":"https:\/\/www.grieta.org.mx\/index.php\/wp-json\/wp\/v2\/tags?post=39081"}],"curies":[{"name":"wp","href":"https:\/\/api.w.org\/{rel}","templated":true}]}}