{"id":3906,"date":"2015-11-03T22:33:24","date_gmt":"2015-11-03T22:33:24","guid":{"rendered":"http:\/\/50.22.11.12\/~grietaor\/?p=3906"},"modified":"2016-03-18T22:53:46","modified_gmt":"2016-03-18T22:53:46","slug":"ocotepec-enfrenta-guerra-por-el-agua-promovida-por-edil-priista-y-fundacion-ligada-a-coca-cola","status":"publish","type":"post","link":"https:\/\/www.grieta.org.mx\/index.php\/2015\/11\/03\/ocotepec-enfrenta-guerra-por-el-agua-promovida-por-edil-priista-y-fundacion-ligada-a-coca-cola\/","title":{"rendered":"Ocotepec enfrenta \u201cguerra por el agua\u201d promovida por edil priista y fundaci\u00f3n ligada a Coca-Cola"},"content":{"rendered":"<p>noviembre 03, 2015<br \/>\nAldabi Olvera, Puebla <\/p>\n<p><img loading=\"lazy\" decoding=\"async\" data-attachment-id=\"3915\" data-permalink=\"https:\/\/www.grieta.org.mx\/index.php\/2015\/11\/03\/ocotepec-enfrenta-guerra-por-el-agua-promovida-por-edil-priista-y-fundacion-ligada-a-coca-cola\/ocotepec_privatizacion-del-agua_-daliri-oropeza-11\/\" data-orig-file=\"https:\/\/www.grieta.org.mx\/wp-content\/uploads\/2016\/03\/Ocotepec_Privatizacion-del-agua_-daliri-oropeza-11.jpg\" data-orig-size=\"1051,701\" data-comments-opened=\"0\" data-image-meta=\"{&quot;aperture&quot;:&quot;3.5&quot;,&quot;credit&quot;:&quot;&quot;,&quot;camera&quot;:&quot;Canon EOS-1D Mark II&quot;,&quot;caption&quot;:&quot;&quot;,&quot;created_timestamp&quot;:&quot;1445796039&quot;,&quot;copyright&quot;:&quot;&quot;,&quot;focal_length&quot;:&quot;70&quot;,&quot;iso&quot;:&quot;250&quot;,&quot;shutter_speed&quot;:&quot;0.004&quot;,&quot;title&quot;:&quot;&quot;,&quot;orientation&quot;:&quot;0&quot;}\" data-image-title=\"Ocotepec_Privatizacion-del-agua_-daliri-oropeza-11\" data-image-description=\"\" data-image-caption=\"\" data-medium-file=\"https:\/\/www.grieta.org.mx\/wp-content\/uploads\/2016\/03\/Ocotepec_Privatizacion-del-agua_-daliri-oropeza-11-300x200.jpg\" data-large-file=\"https:\/\/www.grieta.org.mx\/wp-content\/uploads\/2016\/03\/Ocotepec_Privatizacion-del-agua_-daliri-oropeza-11-1024x683.jpg\" src=\"http:\/\/grieta.org.mx\/wp-content\/uploads\/2016\/03\/Ocotepec_Privatizacion-del-agua_-daliri-oropeza-11-300x200.jpg\" alt=\"Ocotepec_Privatizacion-del-agua_-daliri-oropeza-11\" width=\"300\" height=\"200\" class=\"alignnone size-medium wp-image-3915\" srcset=\"https:\/\/www.grieta.org.mx\/wp-content\/uploads\/2016\/03\/Ocotepec_Privatizacion-del-agua_-daliri-oropeza-11-300x200.jpg 300w, https:\/\/www.grieta.org.mx\/wp-content\/uploads\/2016\/03\/Ocotepec_Privatizacion-del-agua_-daliri-oropeza-11-768x512.jpg 768w, https:\/\/www.grieta.org.mx\/wp-content\/uploads\/2016\/03\/Ocotepec_Privatizacion-del-agua_-daliri-oropeza-11-1024x683.jpg 1024w, https:\/\/www.grieta.org.mx\/wp-content\/uploads\/2016\/03\/Ocotepec_Privatizacion-del-agua_-daliri-oropeza-11.jpg 1051w\" sizes=\"auto, (max-width: 300px) 100vw, 300px\" \/><\/p>\n<p>Cuando rompieron los vidrios de su casa, cuando vio a la polic\u00eda ministerial merodeando por las calles de su pueblo, cuando llegaron los militares cay\u00f3 en cuenta: Esto es la guerra misma. Una guerra por el abundante agua del municipio donde vive.<\/p>\n<p>Don Mario es integrante del recientemente formado Comit\u00e9 para la defensa del agua y los recursos naturales de Ocotepec, Puebla, y al igual que la mayor parte de sus vecinos, se levant\u00f3 para expulsar a una fundaci\u00f3n religiosa que les hab\u00eda prometido la construcci\u00f3n de una obra hidr\u00e1ulica: un tanque de 150 mil litros.<\/p>\n<p>\u201cInicialmente, en el pueblo, hab\u00edamos aceptado la obra p\u00fablica\u201d, relata Oswaldo Villegas, tambi\u00e9n integrante del Comit\u00e9 de Ocotepec, \u201cen la primera junta no dieron informaci\u00f3n del proyecto, maqueta, proyecto arquitect\u00f3nico, nos dimos cuenta cuando pedimos el Convenio\u201d.<\/p>\n<p>Ocotepec es un peque\u00f1o municipio que se encuentra en la cima de un cerro, se alcanzan a ver las nubes y las monta\u00f1as de la Sierra Norte de Puebla. El 3 de noviembre (d\u00eda de publicaci\u00f3n de este art\u00edculo) llegaron al auditorio y al palacio municipal elementos del Ej\u00e9rcito cerca de las 11 de la ma\u00f1ana.<\/p>\n<p>La presidente municipal, Macaria Hern\u00e1ndez Rodr\u00edguez, enfermera de profesi\u00f3n y de extracci\u00f3n priista, firm\u00f3 un convenio con la fundaci\u00f3n Living Water que, adem\u00e1s de la construcci\u00f3n de la obra hidr\u00e1ulica, tendr\u00eda acceso directo a educaci\u00f3n, religi\u00f3n y salud del municipio.<\/p>\n<p>Los habitantes investigaron en Internet a la fundaci\u00f3n, cuyo lema es \u201cagua para la vida, en el nombre de Jes\u00fas\u201d y encontraron que es financiada por Coca-Cola FEMSA y la petrolera Chevron.<\/p>\n<p>Una copia del Convenio fue proporcionada a M\u00e1sde131. En el numerando VI dice que se puede cancelar si hay problemas sociales en la comunidad. Despu\u00e9s de marchas, amenazas, mesas de negociaci\u00f3n rotas, papeles firmados por la propia empresa en la que asevera que dejar\u00e1 el municipio, el convenio no ha sido cancelado.<\/p>\n<p>El Convenio dicta que la edil pri\u00edsta acudi\u00f3 a la fundaci\u00f3n porque el agua de Ocotepec enferma a los habitantes. En una reuni\u00f3n, donde los presentes dejamos el celular en una olla de barro al entrar, los ocotepences mostraron a este colectivo de comunicaci\u00f3n un papel que muestra por qu\u00e9 el agua que hoy consumen no tiene turbiedad ni heces fecales y cumple con la norma de Secretar\u00eda de Salud.<\/p>\n<p>Cuando el pueblo ya se hab\u00eda levantado, el 10 de septiembre a las diez y media de la noche, la edil priista, los regidores del pueblo, el ayuntamiento y la fundaci\u00f3n hicieron una extensi\u00f3n del contrato en la Notaria 1 en el municipio vecino de Libres. En este nuevo papel se estipula que Living Water no se va hasta que se terminen de utilizar los materiales que dio.<\/p>\n<p>Un d\u00eda antes, Living Water hab\u00eda firmado con el pueblo un papel que fue proporcionado tambi\u00e9n a M\u00e1sde131 en el que renunciaba a entrar a Ocotepec en 100 a\u00f1os. En la reuni\u00f3n estuvieron el frente Agua para todos y el peri\u00f3dico La Jornada.<\/p>\n<p>El 12 de septiembre, la poblaci\u00f3n realiz\u00f3 una marcha interna de m\u00e1s de dos mil personas en este municipio de 4 mil 800 habitantes. Los alba\u00f1iles que constru\u00edan el pozo de Living Water salieron corriendo. El pueblo cancel\u00f3 la obra y puso un cord\u00f3n. Un mes despu\u00e9s, los habitantes de Ocotepec realizaron una marcha con las comunidades de Payuca, Tateno y Cuyoaco hacia el municipio de Libres.<\/p>\n<p>\u201cA partir de ah\u00ed ya no da la cara por \u00f3rdenes de gobernaci\u00f3n\u201d, relata Oswaldo.<\/p>\n<p>VIEJOS DEFENSORES, VIEJA AMENAZA<\/p>\n<p>Ocotepec consume 200 mil metros c\u00fabicos anuales de agua de riego y potable. El Convenio describe que Living Water quiere sacar el doble (400 mil m2).<\/p>\n<p>\u201c\u00bfQu\u00e9 har\u00e1n para esa agua?\u201d, pregunta Oswaldo, \u201cestando las empresas se lleva por trasferencia de volumen el excedente de toda la regi\u00f3n porque ya no hay permisos para hacer pozos de agua\u201d.<\/p>\n<p>Y es que Ocotepec se encuentra en el extenso Valle de los Llanos, enclavado en la Cuenca Libres-Oriental que limita con Veracruz y Tlaxcala y cuenta con 29 municipios. En este valle surgen los primeros montes de la Sierra Norte de Puebla.<\/p>\n<p>M\u00e1sde131 ha realizado diversos reportajes en esta regi\u00f3n sobre actividades contra la Miner\u00eda a cielo abierto y granjas de cerdos Carroll que amenaza al municipio de Libres y un extra\u00f1o proyecto fantasma en el municipio de Oriental.<\/p>\n<p>En 1987, durante el sexenio del gobernador Mariano Pi\u00f1a Olaya, se quiso instalar el \u201cProyecto Moctezuma\u201d, destinado a extraer 4 mil litros de agua por segundo de esta cuenca para la capital de Puebla.<\/p>\n<p>Como lo hace Ocotepec ahora, en aquella d\u00e9cada, la cuenca fue defendida por pobladores de varios municipios.<\/p>\n<p>M\u00e1sde131 cuenta con una copia de constituci\u00f3n de la \u201cAsociaci\u00f3n Regional Para la Defensa de los Recursos Naturales del Valle Oriente de Puebla y Colindante de los Estados de Puebla, Tlaxcala y Veracruz\u201d que data de 1987.<\/p>\n<p>Quienes se asociaron en aquel entonces pidieron de cinco a diez pozos por municipio para dar el s\u00ed al proyecto. Las autoridades se desistieron ante la exigencia. Hoy, los pueblos de la regi\u00f3n tienen prohibido abrir nuevos pozos para su propio consumo.<\/p>\n<p>\u201cLos viejos defensores est\u00e1n ya con nosotros. Vamos a ganar este movimiento. Pero estamos seguros que en diez a\u00f1os van a regresar\u201d<\/p>\n<p>relata Oswaldo<\/p>\n<p>\u201cpero si no nos alcanza la vida, a otros les tocar\u00e1 defender. Y si a\u00fan estamos, a\u00fan con reumas estaremos presentes\u201d.<\/p>\n<p>El 8 de septiembre, La Jornada de Oriente public\u00f3 una nota informando que la fundaci\u00f3n Living Water tiene 132 proyectos en Puebla. Al siguiente d\u00eda, el mismo diario public\u00f3 una entrevista con Gian Carlo Delgado, Experto en Ecolog\u00eda Pol\u00edtica de los Recursos Naturales Estrat\u00e9gicos de la UNAM, donde explica que la fundaci\u00f3n podr\u00eda dar la informaci\u00f3n que recab\u00f3 sobre estos proyectos a Coca-Cola FEMSA, con la cual firm\u00f3 el convenio \u201cLazos de Agua en M\u00e9xico\u201d para conseguir 1.55 millones de pesos para obras en Puebla.<\/p>\n<p>\u201cEs la avanzada de grandes corporativos como Coca Cola para hacer un mapeo de lugares donde hay rica agua\u201d acusa Oswaldo, quien tambi\u00e9n asevera que el siguiente paso es la privatizaci\u00f3n del servicio, como en la capital del estado.<\/p>\n<p>Esta fundaci\u00f3n ha recibido reconocimientos por parte de Fundaci\u00f3n FEMSA por proyectos a nivel continental. Inclusive Living Water forma parte de un proyecto llamado Millennium Water Alliance (MWA) que argumenta llevar\u00e1n agua potable a \u201ccomunidades vulnerables\u201d, participan tambi\u00e9n las organizaciones CARE, Aguayuda, WaterAid, Water for People y World Vision, las cuales la embotelladora de la refresquera las define como \u201cexpertas en pr\u00e1cticas sostenibles para el acceso al agua potable, saneamiento, educaci\u00f3n e higiene se comprometen a alcanzar las metas del programa\u201d.<\/p>\n<p>43<\/p>\n<p>Al mirar que una integrante de este colectivo realizaba fotograf\u00edas de la obra cancelada y acordonada, polic\u00edas del municipio quisieron interrumpir e impedir su trabajo. Nuestra compa\u00f1era sigui\u00f3 con el recorrido por las calles del pueblo para retratar las paredes de quienes se oponen a la obra. Los polic\u00edas siguieron sus actividades todo el tiempo.<\/p>\n<p>Los integrantes del Comit\u00e9 cuentan que cuando perifonean por el pueblo para anunciar sus actividades, la polic\u00eda les exige permisos. Integrantes de la polic\u00eda estatal se encuentran apostados en la entrada del municipio y piden papeles constantemente a quien entra al lugar.<\/p>\n<p>Tambi\u00e9n denuncia que el s\u00edndico municipal se pasea con judiciales cerca del domicilio de los integrantes del comit\u00e9 y polic\u00eda ministerial recorre los hogares para exigir que borren las pintas de sus paredes y que en el municipio se form\u00f3 ya un grupo de la organizaci\u00f3n pri\u00edsta Antorcha Campesina. Temen que sea usado como grupo de choque.<\/p>\n<p>Cuatro de ellos tienen citatorios por supuestas amenazas al s\u00edndico municipal. Los cuatro se han presentado a los careos, pero el s\u00edndico no.<\/p>\n<p>Por todos estos sucesos, los defensores del agua de Ocotepec pidieron el 28 de septiembre ante el Congreso del Estado la revocaci\u00f3n de mandato a la edil Macaria Hern\u00e1ndez Rodr\u00edguez. El tr\u00e1mite sigue en curso.<\/p>\n<p>Los defensores denuncian que van dos veces que los citan a dialogar en la Secretar\u00eda General de Gobierno de Puebla. Luis Carlos Migliavacca Monroy, director de la dependencia, los intent\u00f3 disuadir el 11 y el 18 de septiembre. Ellos argumentaron las razones por las cuales no quer\u00edan el proyecto y se rompi\u00f3 el di\u00e1logo.<\/p>\n<p>\u201cAl salir de la primera reuni\u00f3n les dije, se\u00f1ores, nos faltan 43\u201d, cuenta Oswaldo.<\/p>\n<p>El 15 de septiembre fue distribuido en el pueblo un volante hecho por la presidencia municipal a nombre del Comit\u00e9 en el que dice: \u201cHagamos la guerra contra el gobierno\u201d y pide muerte para la presidente municipal y para el gobernador. En la parte izquierda de las hojas hay una mano con el n\u00famero 43.<\/p>\n<p>D\u00edas despu\u00e9s, la presidencia municipal lanza un bolet\u00edn informativo en el que se muestra el pasqu\u00edn anterior y acusan al Comit\u00e9 de \u201cdesestabilizar la paz social (\u2026) infundir odio y p\u00e1nico con la \u00fanica finalidad de impedir el progreso del municipio\u201d.<\/p>\n<p>A\u00fan as\u00ed, Ocotepec mantiene su defensa del agua. Actualmente prepara un congreso en los pr\u00f3ximos meses. El d\u00eda de muertos realizaron un festival de calaveras y recorrieron el pueblo cantando consignas en defensa de su agua:<\/p>\n<p>Calavera calaverita, con estos versos me esmero,<\/p>\n<p>ll\u00e9vale a la Presidenta el techo financiero,<\/p>\n<p>son 8 millones de pesos y dice que no hay dinero<\/p>\n<p>y que por eso Living Water vino a hacer un agujero.<\/p>\n<p><a href=\"http:\/\/masde131.com\/2015\/11\/ocotepec-enfrenta-guerra-por-el-agua-promovida-por-edil-priista-y-fundacion-ligada-a-coca-cola\/\" target=\"_blank\">http:\/\/masde131.com\/2015\/11\/ocotepec-enfrenta-guerra-por-el-agua-promovida-por-edil-priista-y-fundacion-ligada-a-coca-cola\/<\/a><\/p>\n","protected":false},"excerpt":{"rendered":"<p>noviembre 03, 2015 Aldabi Olvera, Puebla Cuando rompieron los vidrios de su casa, cuando vio a la polic\u00eda ministerial merodeando por las calles de su pueblo, cuando llegaron los militares &hellip; <a href=\"https:\/\/www.grieta.org.mx\/index.php\/2015\/11\/03\/ocotepec-enfrenta-guerra-por-el-agua-promovida-por-edil-priista-y-fundacion-ligada-a-coca-cola\/\" class=\"more-link\">Leer m\u00e1s<\/a><\/p>\n","protected":false},"author":2,"featured_media":21928,"comment_status":"closed","ping_status":"open","sticky":false,"template":"","format":"standard","meta":{"ngg_post_thumbnail":0,"_jetpack_newsletter_access":"","_jetpack_dont_email_post_to_subs":false,"_jetpack_newsletter_tier_id":0,"_jetpack_memberships_contains_paywalled_content":false,"_jetpack_memberships_contains_paid_content":false,"footnotes":""},"categories":[80],"tags":[273],"class_list":["post-3906","post","type-post","status-publish","format-standard","has-post-thumbnail","hentry","category-cintillo","tag-fracking","entry"],"jetpack_featured_media_url":"https:\/\/www.grieta.org.mx\/wp-content\/uploads\/2018\/03\/14524434_1106112876131411_958039263622046936_o.jpg","jetpack_sharing_enabled":true,"jetpack_shortlink":"https:\/\/wp.me\/p7ZJR4-110","jetpack_likes_enabled":false,"jetpack-related-posts":[{"id":12457,"url":"https:\/\/www.grieta.org.mx\/index.php\/2016\/09\/05\/pobladores-de-ocotepec-contra-empresa-living-water-puebla\/","url_meta":{"origin":3906,"position":0},"title":"Pobladores de Ocotepec contra empresa Living Water (Puebla)","author":"grieta","date":"5 septiembre, 2016","format":false,"excerpt":"05\/09\/16. Acusan a minera Almaden de no querer pagar regal\u00edas en Ixtacamaxtitl\u00e1n (Puebla) La Jornada de Oriente 29\/08\/16. Advierten en Ocotepec que agua ser\u00eda para minera Almaden (Puebla) La Jornada de Oriente 18\/03\/16. La trasnacional Living Water instala obra en municipio vecino a Ocotepec pese al malestar ciudadano (Puebla) La\u2026","rel":"","context":"En &quot;NOTICIAS NACIONALES&quot;","block_context":{"text":"NOTICIAS NACIONALES","link":"https:\/\/www.grieta.org.mx\/index.php\/category\/noticias-nacionales\/"},"img":{"alt_text":"","src":"https:\/\/i0.wp.com\/www.grieta.org.mx\/wp-content\/uploads\/2018\/03\/14524434_1106112876131411_958039263622046936_o.jpg?resize=350%2C200&ssl=1","width":350,"height":200,"srcset":"https:\/\/i0.wp.com\/www.grieta.org.mx\/wp-content\/uploads\/2018\/03\/14524434_1106112876131411_958039263622046936_o.jpg?resize=350%2C200&ssl=1 1x, https:\/\/i0.wp.com\/www.grieta.org.mx\/wp-content\/uploads\/2018\/03\/14524434_1106112876131411_958039263622046936_o.jpg?resize=525%2C300&ssl=1 1.5x, https:\/\/i0.wp.com\/www.grieta.org.mx\/wp-content\/uploads\/2018\/03\/14524434_1106112876131411_958039263622046936_o.jpg?resize=700%2C400&ssl=1 2x"},"classes":[]},{"id":12462,"url":"https:\/\/www.grieta.org.mx\/index.php\/2016\/03\/18\/la-trasnacional-living-water-instala-obra-en-municipio-vecino-a-ocotepec-pese-al-malestar-ciudadano-puebla\/","url_meta":{"origin":3906,"position":1},"title":"La trasnacional Living Water instala obra en municipio vecino a Ocotepec pese al malestar ciudadano (Puebla)","author":"grieta","date":"18 marzo, 2016","format":false,"excerpt":"Por Yadira Llaven Anzures La fundaci\u00f3n estadounidense Living Water, ligada a las trasnacionales Femsa y Chevron, instal\u00f3 un nuevo tanque de almacenamiento en la comunidad de La Gloria, en el municipio de Cuyoaco, sin consultar a la poblaci\u00f3n de origen ind\u00edgena, inform\u00f3 el comisariado ejidal de Ocotepec, Oswaldo Villegas. La\u2026","rel":"","context":"En &quot;CINTILLO&quot;","block_context":{"text":"CINTILLO","link":"https:\/\/www.grieta.org.mx\/index.php\/category\/cintillo\/"},"img":{"alt_text":"","src":"https:\/\/i0.wp.com\/www.grieta.org.mx\/wp-content\/uploads\/2018\/03\/14524434_1106112876131411_958039263622046936_o.jpg?resize=350%2C200&ssl=1","width":350,"height":200,"srcset":"https:\/\/i0.wp.com\/www.grieta.org.mx\/wp-content\/uploads\/2018\/03\/14524434_1106112876131411_958039263622046936_o.jpg?resize=350%2C200&ssl=1 1x, https:\/\/i0.wp.com\/www.grieta.org.mx\/wp-content\/uploads\/2018\/03\/14524434_1106112876131411_958039263622046936_o.jpg?resize=525%2C300&ssl=1 1.5x, https:\/\/i0.wp.com\/www.grieta.org.mx\/wp-content\/uploads\/2018\/03\/14524434_1106112876131411_958039263622046936_o.jpg?resize=700%2C400&ssl=1 2x"},"classes":[]},{"id":3926,"url":"https:\/\/www.grieta.org.mx\/index.php\/2015\/11\/25\/con-policias-reinician-obras-de-living-water-en-ocotepec\/","url_meta":{"origin":3906,"position":2},"title":"Con polic\u00edas, reinician obras de Living Water en Ocotepec","author":"grieta","date":"25 noviembre, 2015","format":false,"excerpt":"noviembre 25, 2015 Leticia \u00c1nimas Vargas, Ocotepec, Pue. En un ambiente de confrontaci\u00f3n entre pobladores y mediante el uso de la fuerza p\u00fablica, la alcaldesa de Ocotepec Macaria Hern\u00e1ndez reinici\u00f3 las obras patrocinadas por la fundaci\u00f3n estadunidense Living Water International (LWI) que, seg\u00fan denuncias de miembros del Comit\u00e9 de Defensa\u2026","rel":"","context":"En &quot;CINTILLO&quot;","block_context":{"text":"CINTILLO","link":"https:\/\/www.grieta.org.mx\/index.php\/category\/cintillo\/"},"img":{"alt_text":"","src":"https:\/\/i0.wp.com\/www.grieta.org.mx\/wp-content\/uploads\/2018\/03\/14524434_1106112876131411_958039263622046936_o.jpg?resize=350%2C200&ssl=1","width":350,"height":200,"srcset":"https:\/\/i0.wp.com\/www.grieta.org.mx\/wp-content\/uploads\/2018\/03\/14524434_1106112876131411_958039263622046936_o.jpg?resize=350%2C200&ssl=1 1x, https:\/\/i0.wp.com\/www.grieta.org.mx\/wp-content\/uploads\/2018\/03\/14524434_1106112876131411_958039263622046936_o.jpg?resize=525%2C300&ssl=1 1.5x, https:\/\/i0.wp.com\/www.grieta.org.mx\/wp-content\/uploads\/2018\/03\/14524434_1106112876131411_958039263622046936_o.jpg?resize=700%2C400&ssl=1 2x"},"classes":[]},{"id":20982,"url":"https:\/\/www.grieta.org.mx\/index.php\/2016\/08\/29\/advierten-en-ocotepec-que-agua-seria-para-minera-almaden-puebla\/","url_meta":{"origin":3906,"position":3},"title":"Advierten en Ocotepec que agua ser\u00eda para minera Almaden (Puebla)","author":"grieta","date":"29 agosto, 2016","format":false,"excerpt":"Por Mart\u00edn Hern\u00e1ndez Alc\u00e1ntara El 24 de agosto pasado el Movimiento para la Defensa del Agua y de otros Recursos Naturales de Ocotepec, Puebla y Pueblos Unidos cumpli\u00f3 un a\u00f1o de lucha y lo festej\u00f3 en las instalaciones ejidales de ese municipio, ubicado en los l\u00edmites entre la regi\u00f3n centro\u2026","rel":"","context":"En &quot;CINTILLO&quot;","block_context":{"text":"CINTILLO","link":"https:\/\/www.grieta.org.mx\/index.php\/category\/cintillo\/"},"img":{"alt_text":"","src":"https:\/\/i0.wp.com\/www.grieta.org.mx\/wp-content\/uploads\/2018\/03\/14524434_1106112876131411_958039263622046936_o.jpg?resize=350%2C200&ssl=1","width":350,"height":200,"srcset":"https:\/\/i0.wp.com\/www.grieta.org.mx\/wp-content\/uploads\/2018\/03\/14524434_1106112876131411_958039263622046936_o.jpg?resize=350%2C200&ssl=1 1x, https:\/\/i0.wp.com\/www.grieta.org.mx\/wp-content\/uploads\/2018\/03\/14524434_1106112876131411_958039263622046936_o.jpg?resize=525%2C300&ssl=1 1.5x, https:\/\/i0.wp.com\/www.grieta.org.mx\/wp-content\/uploads\/2018\/03\/14524434_1106112876131411_958039263622046936_o.jpg?resize=700%2C400&ssl=1 2x"},"classes":[]},{"id":3950,"url":"https:\/\/www.grieta.org.mx\/index.php\/2015\/11\/03\/ejercito-llega-a-ocotepec-y-opositores-temen-actos-de-intimidacion\/","url_meta":{"origin":3906,"position":4},"title":"Ej\u00e9rcito llega a Ocotepec y opositores temen actos de intimidaci\u00f3n","author":"grieta","date":"3 noviembre, 2015","format":false,"excerpt":"noviembre 03, 2015 Leticia \u00c1nimas Vargas, Ocotepec, Pue. Como un acto intimidatorio por su movilizaci\u00f3n en defensa del agua y los recursos naturales de su territorio, fue considerado por pobladores de Ocotepec el acuartelamiento de elementos del Ej\u00e9rcito Mexicano que esta ma\u00f1ana llegaron en convoy a la cabecera del municipio\u2026","rel":"","context":"En &quot;CINTILLO&quot;","block_context":{"text":"CINTILLO","link":"https:\/\/www.grieta.org.mx\/index.php\/category\/cintillo\/"},"img":{"alt_text":"","src":"https:\/\/i0.wp.com\/www.grieta.org.mx\/wp-content\/uploads\/2018\/03\/14524434_1106112876131411_958039263622046936_o.jpg?resize=350%2C200&ssl=1","width":350,"height":200,"srcset":"https:\/\/i0.wp.com\/www.grieta.org.mx\/wp-content\/uploads\/2018\/03\/14524434_1106112876131411_958039263622046936_o.jpg?resize=350%2C200&ssl=1 1x, https:\/\/i0.wp.com\/www.grieta.org.mx\/wp-content\/uploads\/2018\/03\/14524434_1106112876131411_958039263622046936_o.jpg?resize=525%2C300&ssl=1 1.5x, https:\/\/i0.wp.com\/www.grieta.org.mx\/wp-content\/uploads\/2018\/03\/14524434_1106112876131411_958039263622046936_o.jpg?resize=700%2C400&ssl=1 2x"},"classes":[]},{"id":3932,"url":"https:\/\/www.grieta.org.mx\/index.php\/2016\/01\/04\/opositores-a-living-water-cierran-presidencia-de-ocotepec\/","url_meta":{"origin":3906,"position":5},"title":"Opositores a Living Water cierran presidencia de Ocotepec","author":"grieta","date":"4 enero, 2016","format":false,"excerpt":"enero 04, 2016 Leticia \u00c1nimas Vargas, Ocotepec, Pue. En rechazo a la privatizaci\u00f3n del servicio de agua potable y en demanda de que se cancele el convenio con la fundaci\u00f3n estadounidense Living Water International (LWI), pobladores de Ocotepec cerraron este lunes la presidencia municipal y amagaron con bloquear la autopista\u2026","rel":"","context":"En &quot;CINTILLO&quot;","block_context":{"text":"CINTILLO","link":"https:\/\/www.grieta.org.mx\/index.php\/category\/cintillo\/"},"img":{"alt_text":"","src":"https:\/\/i0.wp.com\/www.grieta.org.mx\/wp-content\/uploads\/2018\/03\/14524434_1106112876131411_958039263622046936_o.jpg?resize=350%2C200&ssl=1","width":350,"height":200,"srcset":"https:\/\/i0.wp.com\/www.grieta.org.mx\/wp-content\/uploads\/2018\/03\/14524434_1106112876131411_958039263622046936_o.jpg?resize=350%2C200&ssl=1 1x, https:\/\/i0.wp.com\/www.grieta.org.mx\/wp-content\/uploads\/2018\/03\/14524434_1106112876131411_958039263622046936_o.jpg?resize=525%2C300&ssl=1 1.5x, https:\/\/i0.wp.com\/www.grieta.org.mx\/wp-content\/uploads\/2018\/03\/14524434_1106112876131411_958039263622046936_o.jpg?resize=700%2C400&ssl=1 2x"},"classes":[]}],"_links":{"self":[{"href":"https:\/\/www.grieta.org.mx\/index.php\/wp-json\/wp\/v2\/posts\/3906","targetHints":{"allow":["GET"]}}],"collection":[{"href":"https:\/\/www.grieta.org.mx\/index.php\/wp-json\/wp\/v2\/posts"}],"about":[{"href":"https:\/\/www.grieta.org.mx\/index.php\/wp-json\/wp\/v2\/types\/post"}],"author":[{"embeddable":true,"href":"https:\/\/www.grieta.org.mx\/index.php\/wp-json\/wp\/v2\/users\/2"}],"replies":[{"embeddable":true,"href":"https:\/\/www.grieta.org.mx\/index.php\/wp-json\/wp\/v2\/comments?post=3906"}],"version-history":[{"count":1,"href":"https:\/\/www.grieta.org.mx\/index.php\/wp-json\/wp\/v2\/posts\/3906\/revisions"}],"predecessor-version":[{"id":3916,"href":"https:\/\/www.grieta.org.mx\/index.php\/wp-json\/wp\/v2\/posts\/3906\/revisions\/3916"}],"wp:featuredmedia":[{"embeddable":true,"href":"https:\/\/www.grieta.org.mx\/index.php\/wp-json\/wp\/v2\/media\/21928"}],"wp:attachment":[{"href":"https:\/\/www.grieta.org.mx\/index.php\/wp-json\/wp\/v2\/media?parent=3906"}],"wp:term":[{"taxonomy":"category","embeddable":true,"href":"https:\/\/www.grieta.org.mx\/index.php\/wp-json\/wp\/v2\/categories?post=3906"},{"taxonomy":"post_tag","embeddable":true,"href":"https:\/\/www.grieta.org.mx\/index.php\/wp-json\/wp\/v2\/tags?post=3906"}],"curies":[{"name":"wp","href":"https:\/\/api.w.org\/{rel}","templated":true}]}}