{"id":39059,"date":"2019-09-02T12:06:03","date_gmt":"2019-09-02T17:06:03","guid":{"rendered":"http:\/\/www.grieta.org.mx\/?p=39059"},"modified":"2019-09-11T12:11:49","modified_gmt":"2019-09-11T17:11:49","slug":"docentes-de-telebachillerato-tomarian-acciones-mas-drasticas-yucatan","status":"publish","type":"post","link":"https:\/\/www.grieta.org.mx\/index.php\/2019\/09\/02\/docentes-de-telebachillerato-tomarian-acciones-mas-drasticas-yucatan\/","title":{"rendered":"Docentes de Telebachillerato tomar\u00edan acciones m\u00e1s dr\u00e1sticas (Yucat\u00e1n)"},"content":{"rendered":"<p><img loading=\"lazy\" decoding=\"async\" data-attachment-id=\"39060\" data-permalink=\"https:\/\/www.grieta.org.mx\/index.php\/2019\/09\/02\/docentes-de-telebachillerato-tomarian-acciones-mas-drasticas-yucatan\/maestros-560x416\/\" data-orig-file=\"https:\/\/www.grieta.org.mx\/wp-content\/uploads\/2019\/09\/maestros-560x416.jpg\" data-orig-size=\"560,416\" data-comments-opened=\"0\" data-image-meta=\"{&quot;aperture&quot;:&quot;0&quot;,&quot;credit&quot;:&quot;&quot;,&quot;camera&quot;:&quot;&quot;,&quot;caption&quot;:&quot;&quot;,&quot;created_timestamp&quot;:&quot;0&quot;,&quot;copyright&quot;:&quot;&quot;,&quot;focal_length&quot;:&quot;0&quot;,&quot;iso&quot;:&quot;0&quot;,&quot;shutter_speed&quot;:&quot;0&quot;,&quot;title&quot;:&quot;&quot;,&quot;orientation&quot;:&quot;0&quot;}\" data-image-title=\"maestros&amp;#8211;560&amp;#215;416\" data-image-description=\"\" data-image-caption=\"\" data-medium-file=\"https:\/\/www.grieta.org.mx\/wp-content\/uploads\/2019\/09\/maestros-560x416-300x223.jpg\" data-large-file=\"https:\/\/www.grieta.org.mx\/wp-content\/uploads\/2019\/09\/maestros-560x416.jpg\" src=\"http:\/\/www.grieta.org.mx\/wp-content\/uploads\/2019\/09\/maestros-560x416.jpg\" alt=\"\" width=\"560\" height=\"416\" class=\"alignright size-full wp-image-39060\" srcset=\"https:\/\/www.grieta.org.mx\/wp-content\/uploads\/2019\/09\/maestros-560x416.jpg 560w, https:\/\/www.grieta.org.mx\/wp-content\/uploads\/2019\/09\/maestros-560x416-300x223.jpg 300w\" sizes=\"auto, (max-width: 560px) 100vw, 560px\" \/><\/p>\n<blockquote><p>Ante la injusticia, advierten al Gobierno de Yucat\u00e1n que habr\u00eda protestas radicales en todo el pa\u00eds. Programan mesa de di\u00e1logo con la secretaria de Educaci\u00f3n, Loreto Villanueva.<\/p><\/blockquote>\n<p>Por Herbeth Escalante \/ Haz Ruido <\/p>\n<p>M\u00e9rida, Yucat\u00e1n.- Docentes del Telebachillerato Comunitario de Yucat\u00e1n advirtieron al Gobierno del Estado que de no recontratar a los cerca de 150 que faltan y mejorar sus condiciones laborales, realizar\u00e1n acciones y manifestaciones m\u00e1s dr\u00e1sticas, como la toma de edificios p\u00fablicos.<\/p>\n<p>En rueda de prensa, anunciaron que cuentan con el respaldo del Frente \u00danico Nacional de Trabajadores del Telebachillerato, pues de acuerdo con su presidente, Sergio Gonz\u00e1lez Osorio, protestar\u00edan en los 32 estados de la rep\u00fablica para exigir justicia para las y los profesores yucatecos.<\/p>\n<p>Una de las lideresas de este movimiento en Yucat\u00e1n, Rub\u00ed Capistr\u00e1n Arroyo, record\u00f3 que las autoridades educativas no les renovaron contratos para este ciclo escolar, dejando en desamparo a decenas de maestras y maestros que impart\u00edan clases a j\u00f3venes de comunidades rurales. Esta injusticia tambi\u00e9n provoc\u00f3 el enojo de pobladores que tomaron algunos planteles a manera de presi\u00f3n, para que los docentes sean restituidos.<\/p>\n<p>Inform\u00f3 que por fin esta tarde entablar\u00e1n una mesa de di\u00e1logo con la secretaria estatal de Educaci\u00f3n, Loreto Villanueva Trujillo, en la que le pedir\u00e1n la reinstalaci\u00f3n inmediata de sus compa\u00f1eros, que de manera arbitraria no fueron contratados. Asimismo, certeza laboral, continuidad en su servicio profesional y prestaciones. <\/p>\n<p>En ese sentido, sostuvo que en caso de no cumplir con sus demandas, implementar\u00e1n acciones legales, movilizaciones, protestas y hasta la toma de edificios p\u00fablicos. <\/p>\n<p>Por su parte, Celestino Jim\u00e9nez Aparicio, secretario de Organizaci\u00f3n del Frente, advirti\u00f3 que tambi\u00e9n realizar\u00edan acciones m\u00e1s radicales a nivel nacional, para que sean escuchados incluso por el gobierno federal.<\/p>\n<p>Capistr\u00e1n Arroyo relat\u00f3 que la Secretar\u00eda Estatal de Educaci\u00f3n (Segey) opt\u00f3 por darle sus puestos a otras personas que no cuentan con el perfil ni la experiencia en aulas. Dijo que de esta manera est\u00e1n pagando favores pol\u00edticos, pues se trata de gente allegada al partido en el poder, el PAN.<\/p>\n<p>Para colmo, tienen reportes de que algunos  \u201cmaestros nuevos\u201d han abandonado sus puestos al constatar las condiciones deplorables en las que se encuentran los plantes del Telebachillerato.<\/p>\n<p>Se\u00f1al\u00f3 que el movimiento que encabeza cuenta con el apoyo de estudiantes, madres y padres de familia de las comunidades en donde trabajaban, quienes a manera de protesta han dejado de ir a las aulas o tomaron los planteles.<\/p>\n<p>Lamentablemente, se\u00f1al\u00f3, tienen conocimiento de casos en los que, de forma violenta, las autoridades obligan a las y los estudiantes a regresar a las escuelas o los amenazan con cerrarlas.<\/p>\n<p>Durante la rueda de prensa de esta ma\u00f1ana, precisamente algunas alumnas y alumnos de Telebachillerato se presentaron con cartulinas en mano para exigir que sus maestros sean restituidos.<\/p>\n<p><a href=\"http:\/\/www.hazruido.mx\/reportes\/docentes-de-telebachillerato-tomarian-acciones-mas-drasticas\/\" rel=\"noopener noreferrer\" target=\"_blank\">http:\/\/www.hazruido.mx\/reportes\/docentes-de-telebachillerato-tomarian-acciones-mas-drasticas\/<\/a><\/p>\n","protected":false},"excerpt":{"rendered":"<p>Ante la injusticia, advierten al Gobierno de Yucat\u00e1n que habr\u00eda protestas radicales en todo el pa\u00eds. Programan mesa de di\u00e1logo con la secretaria de Educaci\u00f3n, Loreto Villanueva. Por Herbeth Escalante &hellip; <a href=\"https:\/\/www.grieta.org.mx\/index.php\/2019\/09\/02\/docentes-de-telebachillerato-tomarian-acciones-mas-drasticas-yucatan\/\" class=\"more-link\">Leer m\u00e1s<\/a><\/p>\n","protected":false},"author":2,"featured_media":39060,"comment_status":"closed","ping_status":"closed","sticky":false,"template":"","format":"standard","meta":{"ngg_post_thumbnail":0,"_jetpack_newsletter_access":"","_jetpack_dont_email_post_to_subs":false,"_jetpack_newsletter_tier_id":0,"_jetpack_memberships_contains_paywalled_content":false,"_jetpack_memberships_contains_paid_content":false,"footnotes":""},"categories":[80,2658,2,36],"tags":[163,2822],"class_list":["post-39059","post","type-post","status-publish","format-standard","has-post-thumbnail","hentry","category-cintillo","category-crisis-de-la-educacion-publica-en-yucatan","category-noticias-nacionales","category-yucatan","tag-despidos","tag-telebachillerato","entry"],"jetpack_featured_media_url":"https:\/\/www.grieta.org.mx\/wp-content\/uploads\/2019\/09\/maestros-560x416.jpg","jetpack_sharing_enabled":true,"jetpack_shortlink":"https:\/\/wp.me\/p7ZJR4-a9Z","jetpack_likes_enabled":false,"jetpack-related-posts":[{"id":38409,"url":"https:\/\/www.grieta.org.mx\/index.php\/2019\/08\/28\/el-telebachillerato-de-muxupip-en-lio-yucatan\/","url_meta":{"origin":39059,"position":0},"title":"El Telebachillerato de Muxupip, en l\u00edo (Yucat\u00e1n)","author":"grieta","date":"28 agosto, 2019","format":false,"excerpt":"Mauricio Can\/Diario de Yucat\u00e1n Alumnos y pap\u00e1s toman el plantel y apoyan a docentes MUXUPIP.\u2014 Habitantes de esta comunidad tomaron el Telebachillerato Comunitario local porque se quejan del despido injustificado de los maestros del plantel. Anteayer lunes vecinos de Eu\u00e1n, Tixkokob, cerraron con candado el Telebachillerato de esa comisar\u00eda y\u2026","rel":"","context":"En &quot;CINTILLO&quot;","block_context":{"text":"CINTILLO","link":"https:\/\/www.grieta.org.mx\/index.php\/category\/cintillo\/"},"img":{"alt_text":"","src":"https:\/\/i0.wp.com\/www.grieta.org.mx\/wp-content\/uploads\/2019\/08\/TelebachilleratoMuxupip.png?resize=350%2C200&ssl=1","width":350,"height":200,"srcset":"https:\/\/i0.wp.com\/www.grieta.org.mx\/wp-content\/uploads\/2019\/08\/TelebachilleratoMuxupip.png?resize=350%2C200&ssl=1 1x, https:\/\/i0.wp.com\/www.grieta.org.mx\/wp-content\/uploads\/2019\/08\/TelebachilleratoMuxupip.png?resize=525%2C300&ssl=1 1.5x, https:\/\/i0.wp.com\/www.grieta.org.mx\/wp-content\/uploads\/2019\/08\/TelebachilleratoMuxupip.png?resize=700%2C400&ssl=1 2x"},"classes":[]},{"id":53662,"url":"https:\/\/www.grieta.org.mx\/index.php\/2020\/09\/21\/despido-de-docentes-fue-para-contratar-operadores-del-pan-yucatan\/","url_meta":{"origin":39059,"position":1},"title":"Despido de docentes fue para contratar operadores del PAN ( Yucat\u00e1n)","author":"grieta","date":"21 septiembre, 2020","format":false,"excerpt":"Claudia Arriaga \/ Haz Ruido De nuevo, denuncian despidos irregulares de maestras y maestros de Telebachillerato. M\u00e9rida, Yucat\u00e1n, \u2013 Personal del Telebachillerato Comunitario de Yucat\u00e1n denunci\u00f3 que a 300 docentes y a cinco administrativos no les renovaron sus contratos en este ciclo escolar, pero no fue por las afectaciones del\u2026","rel":"","context":"En &quot;CINTILLO&quot;","block_context":{"text":"CINTILLO","link":"https:\/\/www.grieta.org.mx\/index.php\/category\/cintillo\/"},"img":{"alt_text":"","src":"https:\/\/i0.wp.com\/www.grieta.org.mx\/wp-content\/uploads\/2020\/09\/escuelas-560x416-1.jpg?resize=350%2C200&ssl=1","width":350,"height":200,"srcset":"https:\/\/i0.wp.com\/www.grieta.org.mx\/wp-content\/uploads\/2020\/09\/escuelas-560x416-1.jpg?resize=350%2C200&ssl=1 1x, https:\/\/i0.wp.com\/www.grieta.org.mx\/wp-content\/uploads\/2020\/09\/escuelas-560x416-1.jpg?resize=525%2C300&ssl=1 1.5x"},"classes":[]},{"id":67042,"url":"https:\/\/www.grieta.org.mx\/index.php\/2023\/06\/22\/docentes-y-administrativos-de-bachillerato-exigen-mejores-condiciones-laborales-yucatan\/","url_meta":{"origin":39059,"position":2},"title":"Docentes y administrativos de bachillerato exigen mejores condiciones laborales (Yucat\u00e1n)","author":"grieta","date":"22 junio, 2023","format":false,"excerpt":"Haz Ruido Al menos 72 planteles del Colegio de Bachilleres, Conalep, Cecitey y Telebachillerato se quedaron sin clases pues sus trabajadores protestaron para que les reconozcan su antig\u00fcedad y puedan jubilarse. M\u00e9rida, Yucat\u00e1n, 22 de junio de 2023.-Trabajadores del Colegio de Bachilleres, Conalep, Cecitey y Telebachillerato en Yucat\u00e1n protestaron en\u2026","rel":"","context":"En &quot;CINTILLO&quot;","block_context":{"text":"CINTILLO","link":"https:\/\/www.grieta.org.mx\/index.php\/category\/cintillo\/"},"img":{"alt_text":"","src":"https:\/\/i0.wp.com\/www.grieta.org.mx\/wp-content\/uploads\/2023\/06\/Bach-e1687489553175.jpg?resize=350%2C200&ssl=1","width":350,"height":200,"srcset":"https:\/\/i0.wp.com\/www.grieta.org.mx\/wp-content\/uploads\/2023\/06\/Bach-e1687489553175.jpg?resize=350%2C200&ssl=1 1x, https:\/\/i0.wp.com\/www.grieta.org.mx\/wp-content\/uploads\/2023\/06\/Bach-e1687489553175.jpg?resize=525%2C300&ssl=1 1.5x, https:\/\/i0.wp.com\/www.grieta.org.mx\/wp-content\/uploads\/2023\/06\/Bach-e1687489553175.jpg?resize=700%2C400&ssl=1 2x"},"classes":[]},{"id":38181,"url":"https:\/\/www.grieta.org.mx\/index.php\/2019\/08\/23\/maestros-de-telebachilleratos-de-yucatan-demandan-reinstalacion-video\/","url_meta":{"origin":39059,"position":3},"title":"Maestros de Telebachilleratos de Yucat\u00e1n demandan reinstalaci\u00f3n (Video)","author":"grieta","date":"23 agosto, 2019","format":false,"excerpt":"Jes\u00fas Mej\u00eda\/LectorMx M\u00e9rida, Yucat\u00e1n.- Unos 30 profesores del Telebachillerato Comunitario del Estado de Yucat\u00e1n (TCEY) demandaron la reinstalaci\u00f3n de 150 docentes que fueron despedidos, seg\u00fan dijeron, sin causa justificada. Rub\u00ed Capistr\u00e1n Arroyo, representante del Frente \u00danico Nacional de Trabajadores del TCEY, declar\u00f3 que fueron notificados de la rescisi\u00f3n de sus\u2026","rel":"","context":"En &quot;CINTILLO&quot;","block_context":{"text":"CINTILLO","link":"https:\/\/www.grieta.org.mx\/index.php\/category\/cintillo\/"},"img":{"alt_text":"","src":"https:\/\/i0.wp.com\/www.grieta.org.mx\/wp-content\/uploads\/2019\/08\/IMG-20190823-WA0012-1280x640-e1566584870440.jpg?resize=350%2C200&ssl=1","width":350,"height":200,"srcset":"https:\/\/i0.wp.com\/www.grieta.org.mx\/wp-content\/uploads\/2019\/08\/IMG-20190823-WA0012-1280x640-e1566584870440.jpg?resize=350%2C200&ssl=1 1x, https:\/\/i0.wp.com\/www.grieta.org.mx\/wp-content\/uploads\/2019\/08\/IMG-20190823-WA0012-1280x640-e1566584870440.jpg?resize=525%2C300&ssl=1 1.5x, https:\/\/i0.wp.com\/www.grieta.org.mx\/wp-content\/uploads\/2019\/08\/IMG-20190823-WA0012-1280x640-e1566584870440.jpg?resize=700%2C400&ssl=1 2x"},"classes":[]},{"id":30988,"url":"https:\/\/www.grieta.org.mx\/index.php\/2019\/03\/19\/tramites-burocraticos-federales-ocasionan-que-emsad-telebachillerato-y-tiempo-completo-hagan-manifestaciones-colima\/","url_meta":{"origin":39059,"position":4},"title":"Tr\u00e1mites burocr\u00e1ticos federales ocasionan que EMSAD, Telebachillerato y Tiempo Completo hagan manifestaciones (Colima)","author":"grieta","date":"19 marzo, 2019","format":false,"excerpt":"Edgardo Zamora|CN COLIMANOTICIAS, 15 de marzo de 2019 Colima, Col.- La lentitud en los tr\u00e1mites burocr\u00e1ticos por parte del gobierno federal para la radicaci\u00f3n de recursos ocasion\u00f3 que docentes del EMSAD, Telebachillerato, as\u00ed como del Programa de Escuelas de Tiempo Completo se manifestaran en la Secretar\u00eda de Educaci\u00f3n para solicitar\u2026","rel":"","context":"En &quot;CINTILLO&quot;","block_context":{"text":"CINTILLO","link":"https:\/\/www.grieta.org.mx\/index.php\/category\/cintillo\/"},"img":{"alt_text":"","src":"https:\/\/i0.wp.com\/www.grieta.org.mx\/wp-content\/uploads\/2018\/03\/14524434_1106112876131411_958039263622046936_o.jpg?resize=350%2C200&ssl=1","width":350,"height":200,"srcset":"https:\/\/i0.wp.com\/www.grieta.org.mx\/wp-content\/uploads\/2018\/03\/14524434_1106112876131411_958039263622046936_o.jpg?resize=350%2C200&ssl=1 1x, https:\/\/i0.wp.com\/www.grieta.org.mx\/wp-content\/uploads\/2018\/03\/14524434_1106112876131411_958039263622046936_o.jpg?resize=525%2C300&ssl=1 1.5x, https:\/\/i0.wp.com\/www.grieta.org.mx\/wp-content\/uploads\/2018\/03\/14524434_1106112876131411_958039263622046936_o.jpg?resize=700%2C400&ssl=1 2x"},"classes":[]},{"id":30183,"url":"https:\/\/www.grieta.org.mx\/index.php\/2019\/03\/04\/telebachillerato-comunitario-protesta-en-el-centro-de-morelia\/","url_meta":{"origin":39059,"position":5},"title":"Telebachillerato Comunitario protesta en el Centro de Morelia","author":"grieta","date":"4 marzo, 2019","format":false,"excerpt":"Octavio Ortiz Garc\u00eda \/ diario ABC de Michoac\u00e1n MORELIA, MICH, 04 de marzo de 2019.- Los docentes del Telebachillerato Comunitario protestan a las afueras de la Subsecrerar\u00eda de Educaci\u00f3n Media Superior de la Secretar\u00eda de Educaci\u00f3n, en la calle Andr\u00e9s Quintana Roo del centro de la capital del estado. Los\u2026","rel":"","context":"En &quot;CINTILLO&quot;","block_context":{"text":"CINTILLO","link":"https:\/\/www.grieta.org.mx\/index.php\/category\/cintillo\/"},"img":{"alt_text":"","src":"https:\/\/i0.wp.com\/www.grieta.org.mx\/wp-content\/uploads\/2019\/03\/tel-780x600.jpg?resize=350%2C200&ssl=1","width":350,"height":200,"srcset":"https:\/\/i0.wp.com\/www.grieta.org.mx\/wp-content\/uploads\/2019\/03\/tel-780x600.jpg?resize=350%2C200&ssl=1 1x, https:\/\/i0.wp.com\/www.grieta.org.mx\/wp-content\/uploads\/2019\/03\/tel-780x600.jpg?resize=525%2C300&ssl=1 1.5x, https:\/\/i0.wp.com\/www.grieta.org.mx\/wp-content\/uploads\/2019\/03\/tel-780x600.jpg?resize=700%2C400&ssl=1 2x"},"classes":[]}],"_links":{"self":[{"href":"https:\/\/www.grieta.org.mx\/index.php\/wp-json\/wp\/v2\/posts\/39059","targetHints":{"allow":["GET"]}}],"collection":[{"href":"https:\/\/www.grieta.org.mx\/index.php\/wp-json\/wp\/v2\/posts"}],"about":[{"href":"https:\/\/www.grieta.org.mx\/index.php\/wp-json\/wp\/v2\/types\/post"}],"author":[{"embeddable":true,"href":"https:\/\/www.grieta.org.mx\/index.php\/wp-json\/wp\/v2\/users\/2"}],"replies":[{"embeddable":true,"href":"https:\/\/www.grieta.org.mx\/index.php\/wp-json\/wp\/v2\/comments?post=39059"}],"version-history":[{"count":1,"href":"https:\/\/www.grieta.org.mx\/index.php\/wp-json\/wp\/v2\/posts\/39059\/revisions"}],"predecessor-version":[{"id":39061,"href":"https:\/\/www.grieta.org.mx\/index.php\/wp-json\/wp\/v2\/posts\/39059\/revisions\/39061"}],"wp:featuredmedia":[{"embeddable":true,"href":"https:\/\/www.grieta.org.mx\/index.php\/wp-json\/wp\/v2\/media\/39060"}],"wp:attachment":[{"href":"https:\/\/www.grieta.org.mx\/index.php\/wp-json\/wp\/v2\/media?parent=39059"}],"wp:term":[{"taxonomy":"category","embeddable":true,"href":"https:\/\/www.grieta.org.mx\/index.php\/wp-json\/wp\/v2\/categories?post=39059"},{"taxonomy":"post_tag","embeddable":true,"href":"https:\/\/www.grieta.org.mx\/index.php\/wp-json\/wp\/v2\/tags?post=39059"}],"curies":[{"name":"wp","href":"https:\/\/api.w.org\/{rel}","templated":true}]}}