{"id":38996,"date":"2019-09-08T16:20:37","date_gmt":"2019-09-08T21:20:37","guid":{"rendered":"http:\/\/www.grieta.org.mx\/?p=38996"},"modified":"2019-09-09T16:48:02","modified_gmt":"2019-09-09T21:48:02","slug":"decenas-de-miles-dejaron-juarez-chihuahua-en-la-guerra-de-carteles-ahora-se-enfrentan-al-odio-en-el-paso","status":"publish","type":"post","link":"https:\/\/www.grieta.org.mx\/index.php\/2019\/09\/08\/decenas-de-miles-dejaron-juarez-chihuahua-en-la-guerra-de-carteles-ahora-se-enfrentan-al-odio-en-el-paso\/","title":{"rendered":"Decenas de miles dejaron Ju\u00e1rez (Chihuahua) en la guerra de c\u00e1rteles. Ahora se enfrentan al odio en El Paso"},"content":{"rendered":"<figure id=\"attachment_38997\" aria-describedby=\"caption-attachment-38997\" style=\"width: 800px\" class=\"wp-caption alignright\"><img loading=\"lazy\" decoding=\"async\" data-attachment-id=\"38997\" data-permalink=\"https:\/\/www.grieta.org.mx\/index.php\/2019\/09\/08\/decenas-de-miles-dejaron-juarez-chihuahua-en-la-guerra-de-carteles-ahora-se-enfrentan-al-odio-en-el-paso\/el-paso\/\" data-orig-file=\"https:\/\/www.grieta.org.mx\/wp-content\/uploads\/2019\/09\/el-paso.jpg\" data-orig-size=\"1100,580\" data-comments-opened=\"0\" data-image-meta=\"{&quot;aperture&quot;:&quot;0&quot;,&quot;credit&quot;:&quot;&quot;,&quot;camera&quot;:&quot;&quot;,&quot;caption&quot;:&quot;&quot;,&quot;created_timestamp&quot;:&quot;0&quot;,&quot;copyright&quot;:&quot;&quot;,&quot;focal_length&quot;:&quot;0&quot;,&quot;iso&quot;:&quot;0&quot;,&quot;shutter_speed&quot;:&quot;0&quot;,&quot;title&quot;:&quot;&quot;,&quot;orientation&quot;:&quot;0&quot;}\" data-image-title=\"el-paso\" data-image-description=\"\" data-image-caption=\"&lt;p&gt;Muchas descripciones de los medios de comunicaci\u00f3n de El Paso a ra\u00edz de su peor masacre han sido incompletas y han dejado fuera una importante realidad. Foto: AP&lt;\/p&gt;\n\" data-medium-file=\"https:\/\/www.grieta.org.mx\/wp-content\/uploads\/2019\/09\/el-paso-300x158.jpg\" data-large-file=\"https:\/\/www.grieta.org.mx\/wp-content\/uploads\/2019\/09\/el-paso-1024x540.jpg\" class=\"wp-image-38997\" src=\"http:\/\/www.grieta.org.mx\/wp-content\/uploads\/2019\/09\/el-paso-1024x540.jpg\" alt=\"\" width=\"800\" height=\"422\" srcset=\"https:\/\/www.grieta.org.mx\/wp-content\/uploads\/2019\/09\/el-paso-1024x540.jpg 1024w, https:\/\/www.grieta.org.mx\/wp-content\/uploads\/2019\/09\/el-paso-300x158.jpg 300w, https:\/\/www.grieta.org.mx\/wp-content\/uploads\/2019\/09\/el-paso-768x405.jpg 768w, https:\/\/www.grieta.org.mx\/wp-content\/uploads\/2019\/09\/el-paso-948x500.jpg 948w, https:\/\/www.grieta.org.mx\/wp-content\/uploads\/2019\/09\/el-paso.jpg 1100w\" sizes=\"auto, (max-width: 800px) 100vw, 800px\" \/><figcaption id=\"caption-attachment-38997\" class=\"wp-caption-text\">Muchas descripciones de los medios de comunicaci\u00f3n de El Paso a ra\u00edz de su peor masacre han sido incompletas y han dejado fuera una importante realidad. Foto: AP<\/figcaption><\/figure>\n<p>Andrew Kennis\/ SIN EMBARGO<\/p>\n<blockquote><p>Una masacre por motivos raciales, separaciones familiares, lavado de dinero, tiroteos transfronterizos y nacionalismo blanco vuelan contra las semillas ?de la voluntad popular de El Paso, una ciudad hist\u00f3rica que a veces parece una escena de una vieja pel\u00edcula del oeste. Durante mucho tiempo ha sido un destino para migrantes y refugiados.<br \/>\nEl Paso fue empujado por primera vez al centro de la guerra de Donald Trump contra los migrantes cuando el r\u00e9gimen promulg\u00f3 una pol\u00edtica oficial conocida como \u201ctolerancia cero\u201d, en junio de 2018. Este texto fue originalmente publicado en el ingl\u00e9s por AlterNet.<\/p><\/blockquote>\n<p>El Paso\/Ciudad Ju\u00e1rez\/Ciudad de M\u00e9xico, 8 de septiembre (AlterNet\/SinEmbargo).\u2013 Marisela Ortiz no es ajena a la violencia. Residente de El Paso que se estableci\u00f3 en esta ciudad fronteriza despu\u00e9s de solicitar asilo con \u00e9xito en 2012, la desgarradora descripci\u00f3n de Ortiz de las amenazas de muerte que ella y su familia recibieron, as\u00ed como las condiciones de Ciudad Ju\u00e1rez durante sus peores espasmos de violencia, son el tipo de historias que se pueden escuchar de muchos residentes de esta extensa ciudad de Texas.<\/p>\n<p>\u201cLa situaci\u00f3n era tan horrible en Ju\u00e1rez que se ve\u00edan los cad\u00e1veres de hombres colgados en los puentes. Cuando estabas en una sala de cine se o\u00edan los tiroteos y luego te dabas cuenta de que tres o cuatro o m\u00e1s personas hab\u00edan sido asesinadas durante ellos \u201c, dijo Ortiz a AlterNet.<\/p>\n<p>Ortiz recibi\u00f3 asilo debido a las constantes amenazas resultantes de su activismo frente a la violencia sistem\u00e1tica contra las mujeres en Ju\u00e1rez. Ella se uni\u00f3 a una ola de migraci\u00f3n transfronteriza en 2011. \u201cAmbos factores contaron mucho: las amenazas relacionadas con mi activismo y la situaci\u00f3n de seguridad en general en Ju\u00e1rez, que fue realmente horrible\u201d, explic\u00f3 Ortiz. Una de esas amenazas fue a punta de pistola.<\/p>\n<p>La \u201csituaci\u00f3n de seguridad\u201d en Ju\u00e1rez durante ese tiempo fue una guerra territorial que alcanz\u00f3 su punto m\u00e1ximo de violencia entre 2009 y 2011. Las facciones en guerra entre el c\u00e1rtel de La L\u00ednea y el c\u00e1rtel de Sinaloa, liderado por \u201cEl Chapo\u201d Guzm\u00e1n, que compet\u00edan por el control de la \u201cplaza\u201d m\u00e1s valiosa e importante del mundo, dejaron m\u00e1s de 3 mil personas muertas en Ju\u00e1rez en 2010. No menos de un cuarto de mill\u00f3n de juarenses huyeron de la ciudad durante ese tiempo, una sexta parte de la poblaci\u00f3n total. Y muchos de ellos, como Ortiz, buscaron refugiarse del derramamiento de sangre en El Paso. \u201cMucha gente abandon\u00f3 sus casas. Incluso algunos bloques enteros se vaciaron porque la gente se fue por miedo \u201c, afirm\u00f3 Ortiz a AlterNet.<\/p>\n<figure id=\"attachment_38998\" aria-describedby=\"caption-attachment-38998\" style=\"width: 800px\" class=\"wp-caption alignright\"><img loading=\"lazy\" decoding=\"async\" data-attachment-id=\"38998\" data-permalink=\"https:\/\/www.grieta.org.mx\/index.php\/2019\/09\/08\/decenas-de-miles-dejaron-juarez-chihuahua-en-la-guerra-de-carteles-ahora-se-enfrentan-al-odio-en-el-paso\/texas-1\/\" data-orig-file=\"https:\/\/www.grieta.org.mx\/wp-content\/uploads\/2019\/09\/texas-1.jpg\" data-orig-size=\"700,392\" data-comments-opened=\"0\" data-image-meta=\"{&quot;aperture&quot;:&quot;0&quot;,&quot;credit&quot;:&quot;&quot;,&quot;camera&quot;:&quot;&quot;,&quot;caption&quot;:&quot;&quot;,&quot;created_timestamp&quot;:&quot;0&quot;,&quot;copyright&quot;:&quot;&quot;,&quot;focal_length&quot;:&quot;0&quot;,&quot;iso&quot;:&quot;0&quot;,&quot;shutter_speed&quot;:&quot;0&quot;,&quot;title&quot;:&quot;&quot;,&quot;orientation&quot;:&quot;0&quot;}\" data-image-title=\"texas-1\" data-image-description=\"\" data-image-caption=\"&lt;p&gt;El tiroteo masivo, el circo medi\u00e1tico y la politizaci\u00f3n de la tragedia que le siguieron, fueron parte de una larga l\u00ednea de abusos cometidos en El Paso. Foto: EFE&lt;\/p&gt;\n\" data-medium-file=\"https:\/\/www.grieta.org.mx\/wp-content\/uploads\/2019\/09\/texas-1-300x168.jpg\" data-large-file=\"https:\/\/www.grieta.org.mx\/wp-content\/uploads\/2019\/09\/texas-1.jpg\" class=\"wp-image-38998\" src=\"http:\/\/www.grieta.org.mx\/wp-content\/uploads\/2019\/09\/texas-1.jpg\" alt=\"\" width=\"800\" height=\"448\" srcset=\"https:\/\/www.grieta.org.mx\/wp-content\/uploads\/2019\/09\/texas-1.jpg 700w, https:\/\/www.grieta.org.mx\/wp-content\/uploads\/2019\/09\/texas-1-300x168.jpg 300w\" sizes=\"auto, (max-width: 800px) 100vw, 800px\" \/><figcaption id=\"caption-attachment-38998\" class=\"wp-caption-text\">El tiroteo masivo, el circo medi\u00e1tico y la politizaci\u00f3n de la tragedia que le siguieron, fueron parte de una larga l\u00ednea de abusos cometidos en El Paso. Foto: EFE<\/figcaption><\/figure>\n<p>Hace unas semanas, una buena parte de la poblaci\u00f3n de El Paso se vio envuelta en la terrible violencia de la que hab\u00eda huido cuando un residente de un suburbio \u2014conocido durante mucho tiempo como un foco de racismo y xenofobia\u2014 de Dallas, us\u00f3 un rifle de asalto para matar a 22 personas y lesionar a docenas m\u00e1s, muchos de los cuales a\u00fan permanecen en estado cr\u00edtico.<\/p>\n<p>Muchas descripciones de los medios de comunicaci\u00f3n de El Paso a ra\u00edz de su peor masacre han sido incompletas y han dejado fuera una importante realidad que define a la ciudad fronteriza: si bien su remota ubicaci\u00f3n en el desierto ha servido durante mucho tiempo como una especie de refugio, tambi\u00e9n ha estado plagada de problem\u00e1ticas y dolorosas realidades locales forjadas por poderosas fuerzas externas. Al menos en este sentido, el tiroteo masivo, el circo medi\u00e1tico y la politizaci\u00f3n de la tragedia que le siguieron, fueron parte de una larga l\u00ednea de abusos cometidos en El Paso por viles fuerzas externas.<\/p>\n<p>Hab\u00eda pasado m\u00e1s de un siglo desde que se produjo una masacre por motivos raciales en esta regi\u00f3n. El tiroteo en s\u00ed mismo fue traum\u00e1tico no solo por la cantidad de vidas inocentes que tom\u00f3, sino tambi\u00e9n por su claro motivo racial. Los notables y cuantiosos paralelismos entre el manifiesto del presunto tirador y la ret\u00f3rica cada vez m\u00e1s ardiente que emanaba de la Casa Blanca en las semanas previas a la masacre congelaron a muchos residentes de esta ciudad.<\/p>\n<p>Desde entonces, El Paso ha sido el centro de atenci\u00f3n de los medios en formas nunca antes vistas. Y la mayor\u00eda de sus habitantes estar\u00edan de acuerdo con algunas de las descripciones de su ciudad que han surgido desde el ataque.<\/p>\n<p><img loading=\"lazy\" decoding=\"async\" data-attachment-id=\"38999\" data-permalink=\"https:\/\/www.grieta.org.mx\/index.php\/2019\/09\/08\/decenas-de-miles-dejaron-juarez-chihuahua-en-la-guerra-de-carteles-ahora-se-enfrentan-al-odio-en-el-paso\/paso-3\/\" data-orig-file=\"https:\/\/www.grieta.org.mx\/wp-content\/uploads\/2019\/09\/paso-3.jpg\" data-orig-size=\"700,490\" data-comments-opened=\"0\" data-image-meta=\"{&quot;aperture&quot;:&quot;0&quot;,&quot;credit&quot;:&quot;&quot;,&quot;camera&quot;:&quot;&quot;,&quot;caption&quot;:&quot;&quot;,&quot;created_timestamp&quot;:&quot;0&quot;,&quot;copyright&quot;:&quot;&quot;,&quot;focal_length&quot;:&quot;0&quot;,&quot;iso&quot;:&quot;0&quot;,&quot;shutter_speed&quot;:&quot;0&quot;,&quot;title&quot;:&quot;&quot;,&quot;orientation&quot;:&quot;0&quot;}\" data-image-title=\"paso-3\" data-image-description=\"\" data-image-caption=\"\" data-medium-file=\"https:\/\/www.grieta.org.mx\/wp-content\/uploads\/2019\/09\/paso-3-300x210.jpg\" data-large-file=\"https:\/\/www.grieta.org.mx\/wp-content\/uploads\/2019\/09\/paso-3.jpg\" class=\"alignright wp-image-38999\" src=\"http:\/\/www.grieta.org.mx\/wp-content\/uploads\/2019\/09\/paso-3.jpg\" alt=\"\" width=\"800\" height=\"560\" srcset=\"https:\/\/www.grieta.org.mx\/wp-content\/uploads\/2019\/09\/paso-3.jpg 700w, https:\/\/www.grieta.org.mx\/wp-content\/uploads\/2019\/09\/paso-3-300x210.jpg 300w\" sizes=\"auto, (max-width: 800px) 100vw, 800px\" \/><\/p>\n<p>\u201cUna comunidad fronteriza amigable y biling\u00fce que se clasifica constantemente como una de las ciudades m\u00e1s seguras de Estados Unidos\u201d, inform\u00f3 The New York Times. El Times tambi\u00e9n describi\u00f3 la escena del crimen en s\u00ed como una \u201cUni\u00f3n de Naciones\u201c, donde uno de los Walmarts m\u00e1s activos del pa\u00eds se uni\u00f3 a dos mundos. Juarenses de un lado de la frontera se unir\u00edan a los compradores de El Paso, que a menudo provienen de Ju\u00e1rez o son inmigrantes mexicanos de primera, segunda o tercera generaci\u00f3n.<\/p>\n<p>\u201cNos gust\u00f3 mucho ir de compras a El Paso y nos quedar\u00edamos un fin de semana en un hotel con piscina, para evitar pasar mucho tiempo en Ju\u00e1rez debido a las amenazas\u201d, dijo Ortiz a AlterNet.<\/p>\n<p>A ra\u00edz de la masacre, pol\u00edticos y expertos debatieron sobre las causas del tiroteo. Nombraron culpables tan dispares como los videojuegos, las enfermedades mentales y el racismo. Lo m\u00e1s notable fue la reprimenda apasionada de \u201cconectar los puntos\u201d de la propia ret\u00f3rica de Trump por el ex representante local y actual candidato presidencial, Beto O\u2019Rourke.<\/p>\n<p>Esto est\u00e1 lejos de ser la primera vez que la ciudad se encuentra en el centro de un problema que se desarrolla en todo el pa\u00eds. \u201cEl Paso se ha convertido en el laboratorio de lo que vemos cada vez m\u00e1s en general en los Estados Unidos\u201d, dijo a AlterNet Carlos Marentes, director del Centro de Trabajadores Fronterizos Agr\u00edcolas.<\/p>\n<figure id=\"attachment_39000\" aria-describedby=\"caption-attachment-39000\" style=\"width: 800px\" class=\"wp-caption alignright\"><img loading=\"lazy\" decoding=\"async\" data-attachment-id=\"39000\" data-permalink=\"https:\/\/www.grieta.org.mx\/index.php\/2019\/09\/08\/decenas-de-miles-dejaron-juarez-chihuahua-en-la-guerra-de-carteles-ahora-se-enfrentan-al-odio-en-el-paso\/paso-1\/\" data-orig-file=\"https:\/\/www.grieta.org.mx\/wp-content\/uploads\/2019\/09\/paso-1.jpg\" data-orig-size=\"700,467\" data-comments-opened=\"0\" data-image-meta=\"{&quot;aperture&quot;:&quot;0&quot;,&quot;credit&quot;:&quot;&quot;,&quot;camera&quot;:&quot;&quot;,&quot;caption&quot;:&quot;&quot;,&quot;created_timestamp&quot;:&quot;0&quot;,&quot;copyright&quot;:&quot;&quot;,&quot;focal_length&quot;:&quot;0&quot;,&quot;iso&quot;:&quot;0&quot;,&quot;shutter_speed&quot;:&quot;0&quot;,&quot;title&quot;:&quot;&quot;,&quot;orientation&quot;:&quot;0&quot;}\" data-image-title=\"paso-1\" data-image-description=\"\" data-image-caption=\"&lt;p&gt;El tiroteo en s\u00ed mismo fue traum\u00e1tico no solo por la cantidad de vidas inocentes que tom\u00f3, sino tambi\u00e9n por su claro motivo racial. Foto: AP&lt;\/p&gt;\n\" data-medium-file=\"https:\/\/www.grieta.org.mx\/wp-content\/uploads\/2019\/09\/paso-1-300x200.jpg\" data-large-file=\"https:\/\/www.grieta.org.mx\/wp-content\/uploads\/2019\/09\/paso-1.jpg\" class=\"wp-image-39000\" src=\"http:\/\/www.grieta.org.mx\/wp-content\/uploads\/2019\/09\/paso-1.jpg\" alt=\"\" width=\"800\" height=\"534\" srcset=\"https:\/\/www.grieta.org.mx\/wp-content\/uploads\/2019\/09\/paso-1.jpg 700w, https:\/\/www.grieta.org.mx\/wp-content\/uploads\/2019\/09\/paso-1-300x200.jpg 300w\" sizes=\"auto, (max-width: 800px) 100vw, 800px\" \/><figcaption id=\"caption-attachment-39000\" class=\"wp-caption-text\">El tiroteo en s\u00ed mismo fue traum\u00e1tico no solo por la cantidad de vidas inocentes que tom\u00f3, sino tambi\u00e9n por su claro motivo racial. Foto: AP<\/figcaption><\/figure>\n<p>La base militar de El Paso, entre los m\u00e1s grandes del mundo, se est\u00e1 utilizando como un \u00e1rea para campos de concentraci\u00f3n y pr\u00e1cticas de separaci\u00f3n familiar.<\/p>\n<p>La ciudad tambi\u00e9n ha sido testigo de un aumento sin precedentes de agentes de la Patrulla Fronteriza y una ola de abusos contra ciudadanos de M\u00e9xico y Estados Unidos, incluyendo una serie de asesinatos transfronterizos mediante agentes de gatillo f\u00e1cil, pero sin experiencia.<\/p>\n<p>Los bancos de la ciudad se utilizan como un importante punto de partida para el lavado de dinero internacional. Y sus fronteras, tanto con Ju\u00e1rez como con Nuevo M\u00e9xico, son el nexo de una batalla pol\u00edtica en curso sobre si la principal promesa de campa\u00f1a de Trump: construir un \u201cmuro grande y hermoso\u201d, alguna vez se har\u00e1 realidad.<\/p>\n<p>Ya se ha construido, ampliado y conmemorado un tramo de muro de construcci\u00f3n privada a trav\u00e9s de un soporte mayormente externo. No mucho antes del tiroteo masivo, un grupo nacionalista blanco, dirigido y fundado por un forastero, se estaba organizando abiertamente en la ciudad.<\/p>\n<p>Durante su discurso del Estado de la Uni\u00f3n en febrero pasado, Donald Trump reconoci\u00f3 que la cerca fronteriza de Bush hab\u00eda reducido las \u201ctasas extremadamente altas de cr\u00edmenes violentos\u201d en El Paso. Afirm\u00f3 falsamente que El Paso hab\u00eda sido \u201cuna de las ciudades m\u00e1s peligrosas de nuestra naci\u00f3n\u201d.<\/p>\n<p>UN REFUGIO DE LA VIOLENCIA Y LA POBREZA<\/p>\n<p>El Paso es una ciudad hist\u00f3rica que a veces parece una escena de una vieja pel\u00edcula del oeste. Durante mucho tiempo ha sido un destino para migrantes y refugiados. Hist\u00f3ricamente ha sido un asunto complicado para El Paso, a pesar (o tal vez, como resultado) de estar a un tiro de piedra de la frontera con M\u00e9xico. Hasta principios de la d\u00e9cada de 1990, los agentes de la Patrulla Fronteriza sol\u00edan acosar a inmigrantes indocumentados en una plaza bien transitada ubicada en el centro hist\u00f3rico de la ciudad. Las cosas han cambiado significativamente desde entonces gracias a tres desarrollos clave.<\/p>\n<p>Primero, un jefe de la Patrulla Fronteriza de mediados de 1990 llen\u00f3 la frontera con agentes cada algunos cientos de pies para evitar cruces de indocumentados. Luego, la pol\u00edtica xen\u00f3foba que sigui\u00f3 a los ataques del 11 de septiembre reformul\u00f3 la regi\u00f3n fronteriza. A medida que las reglas de inmigraci\u00f3n, m\u00e1s estrictas que nunca, entraron en juego debidamente aplicadas por la Agencia de Inmigraci\u00f3n y Control de Aduanas (ICE), los d\u00edas en que los residentes de Ju\u00e1rez pod\u00edan cruzar con relativa facilidad a El Paso sin una visa llegaron a un abrupto final. Y despu\u00e9s, al inicio de su presidencia, el ex presidente mexicano Felipe Calder\u00f3n lanz\u00f3 lo que ser\u00eda una sangrienta ofensiva de guerra contra las drogas que atrapar\u00eda a Ju\u00e1rez en una tormenta de violencia.<\/p>\n<figure id=\"attachment_39001\" aria-describedby=\"caption-attachment-39001\" style=\"width: 800px\" class=\"wp-caption alignright\"><img loading=\"lazy\" decoding=\"async\" data-attachment-id=\"39001\" data-permalink=\"https:\/\/www.grieta.org.mx\/index.php\/2019\/09\/08\/decenas-de-miles-dejaron-juarez-chihuahua-en-la-guerra-de-carteles-ahora-se-enfrentan-al-odio-en-el-paso\/violencia-juarez\/\" data-orig-file=\"https:\/\/www.grieta.org.mx\/wp-content\/uploads\/2019\/09\/violencia-juarez.jpg\" data-orig-size=\"700,439\" data-comments-opened=\"0\" data-image-meta=\"{&quot;aperture&quot;:&quot;0&quot;,&quot;credit&quot;:&quot;&quot;,&quot;camera&quot;:&quot;&quot;,&quot;caption&quot;:&quot;&quot;,&quot;created_timestamp&quot;:&quot;0&quot;,&quot;copyright&quot;:&quot;&quot;,&quot;focal_length&quot;:&quot;0&quot;,&quot;iso&quot;:&quot;0&quot;,&quot;shutter_speed&quot;:&quot;0&quot;,&quot;title&quot;:&quot;&quot;,&quot;orientation&quot;:&quot;0&quot;}\" data-image-title=\"violencia-juarez\" data-image-description=\"\" data-image-caption=\"&lt;p&gt;La \u201csituaci\u00f3n de seguridad\u201d en Ju\u00e1rez durante ese tiempo fue una guerra territorial que alcanz\u00f3 su punto m\u00e1ximo de violencia entre 2009 y 2011. Foto: Archivo, Cuartoscuro&lt;\/p&gt;\n\" data-medium-file=\"https:\/\/www.grieta.org.mx\/wp-content\/uploads\/2019\/09\/violencia-juarez-300x188.jpg\" data-large-file=\"https:\/\/www.grieta.org.mx\/wp-content\/uploads\/2019\/09\/violencia-juarez.jpg\" class=\"wp-image-39001\" src=\"http:\/\/www.grieta.org.mx\/wp-content\/uploads\/2019\/09\/violencia-juarez.jpg\" alt=\"\" width=\"800\" height=\"502\" srcset=\"https:\/\/www.grieta.org.mx\/wp-content\/uploads\/2019\/09\/violencia-juarez.jpg 700w, https:\/\/www.grieta.org.mx\/wp-content\/uploads\/2019\/09\/violencia-juarez-300x188.jpg 300w\" sizes=\"auto, (max-width: 800px) 100vw, 800px\" \/><figcaption id=\"caption-attachment-39001\" class=\"wp-caption-text\">La \u201csituaci\u00f3n de seguridad\u201d en Ju\u00e1rez durante ese tiempo fue una guerra territorial que alcanz\u00f3 su punto m\u00e1ximo de violencia entre 2009 y 2011. Foto: Archivo, Cuartoscuro<\/figcaption><\/figure>\n<p>M\u00e1s de 10,000 personas fueron asesinadas en Ju\u00e1rez durante la ofensiva de Calder\u00f3n en un \u00e1rea que, como un punto de entrada vital para que los env\u00edos de drogas pasen sin problemas al mercado nacional de consumo de drogas m\u00e1s lucrativo del mundo, ya hab\u00eda sido v\u00edctima de guerras territoriales.<\/p>\n<p>Muchos miembros de la \u00e9lite de Ju\u00e1rez tambi\u00e9n participaron. En un incidente, el ex jefe de polic\u00eda municipal de Ju\u00e1rez, Sa\u00fal Reyes Gamboa, fue arrestado en El Paso en 2008 por intentar sobornar a un oficial de aduanas de Estados Unidos para que lo ayudara a pasar de contrabando camiones llenos de marihuana por la frontera. La DEA aleg\u00f3 que Reyes fue c\u00f3mplice del c\u00e1rtel de Ju\u00e1rez. Casos similares contin\u00faan ocurriendo.<\/p>\n<p>Mientras tanto, Ju\u00e1rez se convirti\u00f3 r\u00e1pidamente en la ciudad m\u00e1s peligrosa del mundo y El Paso se transform\u00f3 en la ciudad m\u00e1s segura de Estados Unidos y su poblaci\u00f3n y econom\u00eda florecieron. Los habitantes de El Paso se aterrorizaron de Ju\u00e1rez. Muchos de los que una vez vinieron desde all\u00ed se comprometieron a nunca volver.<\/p>\n<p>La mayor\u00eda de las personas de clase media y en ascenso formaron el n\u00facleo del \u00e9xodo masivo que dej\u00f3 a Ju\u00e1rez en la confusi\u00f3n de una econom\u00eda impulsada por la maquiladora, agravada significativamente por la guerra contra las drogas. Los due\u00f1os de negocios locales, que anteriormente resid\u00edan en Ju\u00e1rez, se reasentaron en El Paso y llevaron consigo muchos de los restaurantes y tiendas m\u00e1s populares de Ju\u00e1rez. El Paso sufri\u00f3 un mini boom.<\/p>\n<p>\u201cTOLERANCIA CERO\u201d<\/p>\n<p>El Paso fue empujado por primera vez al centro de la guerra de Trump contra los migrantes cuando el r\u00e9gimen promulg\u00f3 una pol\u00edtica oficial conocida como \u201ctolerancia cero\u201d, en junio de 2018.<\/p>\n<p>Tras recibir se\u00f1ales de un sitio web conocido por difundir teor\u00edas de conspiraci\u00f3n sobre los tiroteos en las escuelas de Parkland, Trump tuite\u00f3 en abril de 2018 que se acercaban \u201ccaravanas m\u00e1s peligrosas\u201d. \u201cLos republicanos deben ir a la alternativa nuclear para aprobar leyes f\u00e9rreas\u201d, tuite\u00f3. Poco despu\u00e9s, el entonces Fiscal General Jeff Sessions dio a conocer la pol\u00edtica de \u201ctolerancia cero\u201d, lo que condujo a una explosi\u00f3n de separaciones familiares con unos 2,342 ni\u00f1os enviados solos a centros de detenci\u00f3n. (Cabe se\u00f1alar que las separaciones comenzaron bajo la administraci\u00f3n de Obama a fines de 2016: los datos publicados por el Departamento de Seguridad Nacional revelaron que m\u00e1s de mil ni\u00f1os hab\u00edan sido separados de padres y tutores entre octubre de 2016 y septiembre de 2017).<\/p>\n<p>En una ciudad con una gran poblaci\u00f3n indocumentada como El Paso, la reacci\u00f3n a estas pol\u00edticas antiinmigrantes fue inicialmente silenciosa porque muchos residentes tem\u00edan represalias por hablar. Pero Marantes dijo a AlterNet que debajo de la superficie la \u201cangustia general\u201d creci\u00f3 en toda la ciudad a medida que las pr\u00e1cticas, lentamente pero a paso seguro, se hicieron m\u00e1s ampliamente conocidas.<\/p>\n<p>La indignaci\u00f3n p\u00fablica alcanz\u00f3 su punto m\u00e1ximo poco despu\u00e9s, en junio de 2018, cuando la cobertura de la \u201ctolerancia cero\u201d y la pol\u00edtica de separaci\u00f3n familiar finalmente comenzaron a entrar en la conciencia del p\u00fablico en general. Fotos de madres llorando y ni\u00f1os separados en la frontera fueron compartidas ampliamente en Internet y cubiertas por los medios de comunicaci\u00f3n. Los reporteros locales comenzaron a describir condiciones similares a las de los campos de concentraci\u00f3n en los desbordados centros de detenci\u00f3n de Trump, con ni\u00f1os enfermos muriendo a causa de enfermedades curables y horribles escenas de familias empacadas como sardinas en cercas de alambre de p\u00faas.<\/p>\n<p><img loading=\"lazy\" decoding=\"async\" data-attachment-id=\"39002\" data-permalink=\"https:\/\/www.grieta.org.mx\/index.php\/2019\/09\/08\/decenas-de-miles-dejaron-juarez-chihuahua-en-la-guerra-de-carteles-ahora-se-enfrentan-al-odio-en-el-paso\/paso-2-2\/\" data-orig-file=\"https:\/\/www.grieta.org.mx\/wp-content\/uploads\/2019\/09\/paso-2-2.jpg\" data-orig-size=\"700,467\" data-comments-opened=\"0\" data-image-meta=\"{&quot;aperture&quot;:&quot;0&quot;,&quot;credit&quot;:&quot;&quot;,&quot;camera&quot;:&quot;&quot;,&quot;caption&quot;:&quot;&quot;,&quot;created_timestamp&quot;:&quot;0&quot;,&quot;copyright&quot;:&quot;&quot;,&quot;focal_length&quot;:&quot;0&quot;,&quot;iso&quot;:&quot;0&quot;,&quot;shutter_speed&quot;:&quot;0&quot;,&quot;title&quot;:&quot;&quot;,&quot;orientation&quot;:&quot;0&quot;}\" data-image-title=\"paso-2 2\" data-image-description=\"\" data-image-caption=\"\" data-medium-file=\"https:\/\/www.grieta.org.mx\/wp-content\/uploads\/2019\/09\/paso-2-2-300x200.jpg\" data-large-file=\"https:\/\/www.grieta.org.mx\/wp-content\/uploads\/2019\/09\/paso-2-2.jpg\" class=\"alignright wp-image-39002\" src=\"http:\/\/www.grieta.org.mx\/wp-content\/uploads\/2019\/09\/paso-2-2.jpg\" alt=\"\" width=\"800\" height=\"534\" srcset=\"https:\/\/www.grieta.org.mx\/wp-content\/uploads\/2019\/09\/paso-2-2.jpg 700w, https:\/\/www.grieta.org.mx\/wp-content\/uploads\/2019\/09\/paso-2-2-300x200.jpg 300w\" sizes=\"auto, (max-width: 800px) 100vw, 800px\" \/><\/p>\n<p>Finalmente, las cuatro ex primeras damas vivas, as\u00ed como la actual Primera Dama, Melania Trump, expresaron su oposici\u00f3n a las separaciones. Para el 20 de junio de 2018, Trump emiti\u00f3 una orden ejecutiva que efectivamente rescindi\u00f3 la pol\u00edtica. Pero desde entonces, en lo que posiblemente ha sido la reversi\u00f3n m\u00e1s significativa de la presidencia de Trump, al menos 900 ni\u00f1os han sido separados de sus familias por violaciones tan leves como una citaci\u00f3n de tr\u00e1fico.<\/p>\n<p>Pero la \u201ccrisis\u201d que Trump ha usado para justificar estos abusos \u2014lo que \u00e9l llama una \u201cinvasi\u00f3n\u201d\u2014 es inventada seg\u00fan los activistas y expertos en inmigraci\u00f3n.<\/p>\n<p>En el a\u00f1o 2000, despu\u00e9s de que el Tratado de Libre Comercio de Am\u00e9rica del Norte (TLCAN) entrara en vigor durante cinco a\u00f1os, 1.6 millones de refugiados llegaron a los Estados Unidos en busca de asilo, un aumento de seis veces m\u00e1s que el a\u00f1o anterior.<\/p>\n<p>Como si los campos de concentraci\u00f3n no fueran una carga suficiente para los residentes de El Paso, el nacionalismo blanco lleg\u00f3 pocos meses antes de la masacre de Wal-Mart.<\/p>\n<p>LA LLEGADA DEL NACIONALISMO BLANCO<\/p>\n<p>La agrupaci\u00f3n The United Constitutional Patriots (UCP) lleg\u00f3 a El Paso en febrero de 2019 e, inicialmente, alegaron que hab\u00edan ido a \u201cobservar\u201d los cruces de migrantes y a alertar a la Patrulla Fronteriza en consecuencia. Sin embargo, la ACLU de Nuevo M\u00e9xico descubri\u00f3 algo diferente. Despu\u00e9s de ver los videos que el grupo subi\u00f3, que inclu\u00edan a miembros del grupo que deten\u00edan a migrantes a punta de pistola, la ACLU describi\u00f3 al grupo como \u201cuna organizaci\u00f3n de la milicia fascista armada\u201d compuesta por \u201cvigilantes\u201d que intentaron \u201csecuestrar y detener a personas que buscaban asilo\u201d.<\/p>\n<p>En uno de esos incidentes, un video muestra al UCP persiguiendo a una mujer migrante horrorizada que llevaba una maleta y que cay\u00f3 por una colina y tropez\u00f3 con una pila de ladrillos.<\/p>\n<p>Cuando se corri\u00f3 la voz de los videos inquietantes de UCP, el grupo de vigilantes se top\u00f3 con problemas legales. Su \u201ccomandante\u201d fue encarcelado por cargos de armas y discursos de odio, lo que result\u00f3 en que Paypal y servicios similares cerraron sus cuentas de donaciones en l\u00ednea. Una compa\u00f1\u00eda ferroviaria, que supuestamente no sab\u00eda que el campamento del grupo estaba ubicado en su propiedad, los desaloj\u00f3 de inmediato.<\/p>\n<p>Despu\u00e9s de que arrestaron a su comandante, el fundador de UCP, Jim Benvie, fue acusado de hacerse pasar por un agente de la Patrulla Fronteriza. Mientras que un juez liber\u00f3 a Benvie de la custodia, las condiciones de su liberaci\u00f3n incluyen la prohibici\u00f3n de acercarse hasta 10 millas de la frontera M\u00e9xico-Estados Unidos.<\/p>\n<p>En este momento, la UCP se renombr\u00f3 a s\u00ed misma como \u201cPatriotas Guardianes\u201d. El grupo recientemente renombrado, desde entonces ha atenuado sus actividades y ahora tiende a transmitir im\u00e1genes en vivo de migrantes que ya han sido detenidos por la Patrulla Fronteriza, seg\u00fan un informe local de profunda investigaci\u00f3n. Sin embargo, seg\u00fan los informes, varios residentes de El Paso siguen siendo miembros activos del grupo, incluido un destacado conocido como \u201cConservador Anthony\u201d, que publica sus propios videos de Guardian Patriot. Los videos muestran al \u201cConservador Anthony\u201d siguiendo de cerca a los solicitantes de asilo, vigil\u00e1ndolos en hoteles y refugios y en la estaci\u00f3n de autobuses Greyhound del centro de El Paso, donde a menudo se congregan los migrantes.<\/p>\n<p>\u201cQUE SE MUERA EL PERRO\u201d<\/p>\n<p>Un delgado ni\u00f1o de 15 a\u00f1os llamado Sergio Adri\u00e1n Hern\u00e1ndez G\u00fcereca, que amaba el f\u00fatbol y aspiraba a ser un oficial de polic\u00eda, recibi\u00f3 un disparo mortal en el ojo izquierdo el 6 de junio de 2010. El chico era originario de Ciudad Ju\u00e1rez. \u00bfSu asesino? Un agente de la Patrulla Fronteriza con base en El Paso.<\/p>\n<p>La agencia de Aduanas y Protecci\u00f3n Fronteriza (CBP, por sus siglas en ingl\u00e9s) fue responsable de, al menos, media docena de asesinatos transfronterizos durante un sangriento periodo entre 2010 y 2012. Las v\u00edctimas eran todas mexicanas en suelo mexicano, todas estaban desarmadas y, seg\u00fan las verificaciones de antecedentes, solo una de ellas ten\u00eda antecedentes penales. Algunos de los agentes que hab\u00edan apretado esos gatillos no ten\u00edan experiencia; otros hab\u00edan sido despedidos de trabajos anteriores de orden p\u00fablico.<\/p>\n<p>En uno de los asesinatos, el hermano de Juan Pablo Santill\u00e1n corri\u00f3 a su lado mientras este yac\u00eda herido despu\u00e9s de recibir un disparo. Cuando le pidi\u00f3 ayuda m\u00e9dica al agente de la Patrulla Fronteriza que le estaba apuntando con un rifle, escuch\u00f3 que el agente le gritaba: \u201cQue se muera el perro\u201d.<\/p>\n<figure id=\"attachment_39003\" aria-describedby=\"caption-attachment-39003\" style=\"width: 800px\" class=\"wp-caption alignright\"><img loading=\"lazy\" decoding=\"async\" data-attachment-id=\"39003\" data-permalink=\"https:\/\/www.grieta.org.mx\/index.php\/2019\/09\/08\/decenas-de-miles-dejaron-juarez-chihuahua-en-la-guerra-de-carteles-ahora-se-enfrentan-al-odio-en-el-paso\/patrulla-fronteriza\/\" data-orig-file=\"https:\/\/www.grieta.org.mx\/wp-content\/uploads\/2019\/09\/patrulla-fronteriza.jpg\" data-orig-size=\"700,467\" data-comments-opened=\"0\" data-image-meta=\"{&quot;aperture&quot;:&quot;0&quot;,&quot;credit&quot;:&quot;&quot;,&quot;camera&quot;:&quot;&quot;,&quot;caption&quot;:&quot;&quot;,&quot;created_timestamp&quot;:&quot;0&quot;,&quot;copyright&quot;:&quot;&quot;,&quot;focal_length&quot;:&quot;0&quot;,&quot;iso&quot;:&quot;0&quot;,&quot;shutter_speed&quot;:&quot;0&quot;,&quot;title&quot;:&quot;&quot;,&quot;orientation&quot;:&quot;0&quot;}\" data-image-title=\"patrulla-fronteriza\" data-image-description=\"\" data-image-caption=\"&lt;p&gt;En los \u00faltimos 15 a\u00f1os, una campa\u00f1a de contrataci\u00f3n sin precedentes ha llevado al gobierno a reducir los est\u00e1ndares de reclutamiento y a apresurar la capacitaci\u00f3n de los agentes de la Patrulla Fronteriza. Foto: AP&lt;\/p&gt;\n\" data-medium-file=\"https:\/\/www.grieta.org.mx\/wp-content\/uploads\/2019\/09\/patrulla-fronteriza-300x200.jpg\" data-large-file=\"https:\/\/www.grieta.org.mx\/wp-content\/uploads\/2019\/09\/patrulla-fronteriza.jpg\" class=\"wp-image-39003\" src=\"http:\/\/www.grieta.org.mx\/wp-content\/uploads\/2019\/09\/patrulla-fronteriza.jpg\" alt=\"\" width=\"800\" height=\"534\" srcset=\"https:\/\/www.grieta.org.mx\/wp-content\/uploads\/2019\/09\/patrulla-fronteriza.jpg 700w, https:\/\/www.grieta.org.mx\/wp-content\/uploads\/2019\/09\/patrulla-fronteriza-300x200.jpg 300w\" sizes=\"auto, (max-width: 800px) 100vw, 800px\" \/><figcaption id=\"caption-attachment-39003\" class=\"wp-caption-text\">En los \u00faltimos 15 a\u00f1os, una campa\u00f1a de contrataci\u00f3n sin precedentes ha llevado al gobierno a reducir los est\u00e1ndares de reclutamiento y a apresurar la capacitaci\u00f3n de los agentes de la Patrulla Fronteriza. Foto: AP<\/figcaption><\/figure>\n<p>En los \u00faltimos 15 a\u00f1os, una campa\u00f1a de contrataci\u00f3n sin precedentes ha llevado al gobierno a reducir los est\u00e1ndares de reclutamiento y a apresurar la capacitaci\u00f3n de los agentes. Y los activistas aseguran que esta es la ra\u00edz de una serie de abusos por parte de los oficiales de la CPB.<\/p>\n<p>Un emocionante viaje de victorias y reveses ha caracterizado durante mucho tiempo a los cuerpos de esfuerzos legales para responsabilizar a la CPB por las familias de las v\u00edctimas. Su objetivo principal es obtener el derecho de demandar a los agentes fronterizos cuando matan a mexicanos en su propio suelo en tiroteos transfronterizos.<\/p>\n<p>Araceli Rodr\u00edguez Salazar, la madre de Jos\u00e9 Antonio Elena Rodr\u00edguez, un joven desarmado de 16 a\u00f1os que recibi\u00f3 10 disparos de un agente en Nogales, dijo sobre la dif\u00edcil b\u00fasqueda de su familia de cierta responsabilidad por parte de la CBP: \u201cTal vez, solo tal vez, por la muerte de mi hijo, todo este desastre cambie. No quiero que ning\u00fan otro padre sufra lo que yo he sufrido\u201d.<\/p>\n<p>M\u00c1S GRANDE QUE TRUMP<\/p>\n<p>A pesar de toda la ret\u00f3rica de Trump acerca de que El Paso y el resto de la regi\u00f3n fronteriza est\u00e1n \u201cinvadidos\u201d por refugiados indigentes, El Paso sirve como un banco de sangre para la guerra contra las drogas, que alimenta al lavar grandes cantidades de dinero sucio.<\/p>\n<p>El profesor Howard Campbell, jefe del departamento de Sociolog\u00eda y Antropolog\u00eda de la Universidad de Texas, El Paso (UTEP), dijo a AlterNet que \u201cno hay duda de que El Paso es uno de los centros de lavado de dinero m\u00e1s importantes del mundo\u201d.<\/p>\n<p>Campbell, quien ha vivido en El Paso durante varias d\u00e9cadas y ha escrito varios libros sobre el submundo de las drogas, explic\u00f3 que \u201cla corrupci\u00f3n, el tr\u00e1fico de drogas y el lavado de dinero se consideran actividades normales aqu\u00ed y las personas ni siquiera emiten juicios morales por ser algo que est\u00e1 tan entretejido en la econom\u00eda y la sociedad de El Paso\u201d.<\/p>\n<p>\u00bfQU\u00c9 TAN ENTRETEJIDO?<\/p>\n<p>Seg\u00fan el profesor adjunto de UTEP y nativo de El Paso, Richard Pineda, \u201cEl secreto peor guardado de la ciudad es que El Paso pr\u00e1cticamente lidera el pa\u00eds en dep\u00f3sitos bancarios en efectivo totales, y solo le sigue la ciudad de Nueva York\u201d en esa medida. Esa es una aberraci\u00f3n notable dada la relativamente modesta densidad de poblaci\u00f3n por km\u00b2 de El Paso, que ocupa el puesto 68 en el pa\u00eds.<\/p>\n<p>Como el economista con sede en El Paso, Carlos Aguilar, dijo a El Paso Times \u2014el \u00fanico diario en ingl\u00e9s de la ciudad\u2014 los casos de lavado de dinero, aunque numerosos, a menudo son dif\u00edciles de probar. Y el lavado de dinero es tan importante para la econom\u00eda de El Paso que, en gran medida, las autoridades tienden a hacer la vista gorda. \u201cInform\u00e9 de lavado de dinero una vez\u201d, dijo Aguilar al peri\u00f3dico, \u201cpero las autoridades dijeron que no estaban interesadas porque la cantidad de dinero posiblemente involucrada era demasiado peque\u00f1a\u201d, afirm\u00f3.<\/p>\n<p>El profesor Eduardo Barerra, de la Universidad de Texas en El Paso y residente desde 1990, explic\u00f3 a AlterNet: \u201cEl Paso siempre ha sido el objetivo de muchas, muchas fuerzas; no solo pol\u00edticas federales recientes, sino tambi\u00e9n capital transnacional y nacional. Las fuerzas externas siempre han apuntado a El Paso y siempre han tenido su propia agenda con la ciudad\u201d.<\/p>\n<p>Ya sea que Trump logre o no otra victoria ante el Colegio Electoral el pr\u00f3ximo a\u00f1o, es poco probable que el papel de El Paso como centro de lavado de dinero, im\u00e1n para los nacionalistas blancos y campo de pruebas para iniciativas antiinmigrantes cambie pronto.<\/p>\n<p><a href=\"https:\/\/www.sinembargo.mx\/08-09-2019\/3642253\" target=\"_blank\" rel=\"noopener noreferrer\">https:\/\/www.sinembargo.mx\/08-09-2019\/3642253<\/a><\/p>\n","protected":false},"excerpt":{"rendered":"<p>Andrew Kennis\/ SIN EMBARGO Una masacre por motivos raciales, separaciones familiares, lavado de dinero, tiroteos transfronterizos y nacionalismo blanco vuelan contra las semillas ?de la voluntad popular de El Paso, &hellip; <a href=\"https:\/\/www.grieta.org.mx\/index.php\/2019\/09\/08\/decenas-de-miles-dejaron-juarez-chihuahua-en-la-guerra-de-carteles-ahora-se-enfrentan-al-odio-en-el-paso\/\" class=\"more-link\">Leer m\u00e1s<\/a><\/p>\n","protected":false},"author":2,"featured_media":38997,"comment_status":"closed","ping_status":"closed","sticky":false,"template":"","format":"standard","meta":{"ngg_post_thumbnail":0,"_jetpack_newsletter_access":"","_jetpack_dont_email_post_to_subs":false,"_jetpack_newsletter_tier_id":0,"_jetpack_memberships_contains_paywalled_content":false,"_jetpack_memberships_contains_paid_content":false,"footnotes":""},"categories":[12,80,2655,86,370,1193,912,2,83],"tags":[1395,2856,2836,2858,1194,2857,1394,2553,2854,739,2855],"class_list":["post-38996","post","type-post","status-publish","format-standard","has-post-thumbnail","hentry","category-chihuahua","category-cintillo","category-desplazados-por-violencia-en-chihuahua","category-migrantes","category-migrantes-analisis","category-migrantes-en-chihuahua","category-militarizacion","category-noticias-nacionales","category-temas-nacionales","tag-abuso-contra-migrantes","tag-abusos-de-la-border-patrol","tag-alineacion-de-amlo-con-politica-antimigrante-de-trump","tag-crimenes-racistas-en-eu","tag-criminalizacion-de-migrantes","tag-desplazados-por-la-violencia-en-mexico","tag-migrantes-nacionales","tag-milicias-antimigrantes","tag-separacion-de-familias-migrantes-en-eu","tag-violencia-contra-migrantes","tag-violencia-de-la-border-patrol-contra-paisanos","entry"],"jetpack_featured_media_url":"https:\/\/www.grieta.org.mx\/wp-content\/uploads\/2019\/09\/el-paso.jpg","jetpack_sharing_enabled":true,"jetpack_shortlink":"https:\/\/wp.me\/p7ZJR4-a8Y","jetpack_likes_enabled":false,"jetpack-related-posts":[{"id":35505,"url":"https:\/\/www.grieta.org.mx\/index.php\/2019\/06\/20\/galeria-migrantes-cruzan-el-rio-bravo-desafian-a-la-guardia-nacional-chihuahua\/","url_meta":{"origin":38996,"position":0},"title":"Galer\u00eda: Migrantes cruzan el r\u00edo Bravo, desaf\u00edan a la Guardia Nacional (Chihuahua)","author":"grieta","date":"20 junio, 2019","format":false,"excerpt":"Fotograf\u00edas: Rey R. Jauregui\/ LA VERDAD Ciudad Ju\u00e1rez \u2013 Trepados a la estructura ferroviaria binacional conocida como el puente negro o resistiendo el afluente del r\u00edo Bravo, los migrantes extranjeros contin\u00faan su trayecto hacia Estados Unido por Ciudad Ju\u00e1rez, en un franco desaf\u00edo a la custodia que mantienen elementos militarizados\u2026","rel":"","context":"En &quot;Chihuahua&quot;","block_context":{"text":"Chihuahua","link":"https:\/\/www.grieta.org.mx\/index.php\/category\/noticias-nacionales\/chihuahua\/"},"img":{"alt_text":"","src":"https:\/\/i0.wp.com\/www.grieta.org.mx\/wp-content\/uploads\/2019\/06\/Mujer-y-adolescente-migrate-Rey-R.-Jauregui-1000x600.jpeg?resize=350%2C200&ssl=1","width":350,"height":200,"srcset":"https:\/\/i0.wp.com\/www.grieta.org.mx\/wp-content\/uploads\/2019\/06\/Mujer-y-adolescente-migrate-Rey-R.-Jauregui-1000x600.jpeg?resize=350%2C200&ssl=1 1x, https:\/\/i0.wp.com\/www.grieta.org.mx\/wp-content\/uploads\/2019\/06\/Mujer-y-adolescente-migrate-Rey-R.-Jauregui-1000x600.jpeg?resize=525%2C300&ssl=1 1.5x, https:\/\/i0.wp.com\/www.grieta.org.mx\/wp-content\/uploads\/2019\/06\/Mujer-y-adolescente-migrate-Rey-R.-Jauregui-1000x600.jpeg?resize=700%2C400&ssl=1 2x"},"classes":[]},{"id":39710,"url":"https:\/\/www.grieta.org.mx\/index.php\/2019\/09\/24\/oleada-de-desplazados-huyen-de-mexico-por-ciudad-juarez-chihuahua\/","url_meta":{"origin":38996,"position":1},"title":"Oleada de desplazados huyen de M\u00e9xico por Ciudad Ju\u00e1rez (Chihuahua)","author":"grieta","date":"24 septiembre, 2019","format":false,"excerpt":"Migrantes procedentes de Michoac\u00e1n, Guerrero y Zacatecas, principalmente, buscan asilo en Estados Unidos; arriban a esta frontera y campan a la intemperie en calles aleda\u00f1as a tres puentes internacionales. Se estima hay m\u00e1s de mil en espera de cruzar, mucho ya lo hicieron, aseguran Roc\u00edo Gallegos\/ LA VERDAD\/ PIE DE\u2026","rel":"","context":"En &quot;Chihuahua&quot;","block_context":{"text":"Chihuahua","link":"https:\/\/www.grieta.org.mx\/index.php\/category\/noticias-nacionales\/chihuahua\/"},"img":{"alt_text":"","src":"https:\/\/i0.wp.com\/www.grieta.org.mx\/wp-content\/uploads\/2019\/09\/Migrantes-en-el-PASO-DEL-Norte-Roc%C3%ADo-Gallegos-OK-768x576.jpg?resize=350%2C200&ssl=1","width":350,"height":200,"srcset":"https:\/\/i0.wp.com\/www.grieta.org.mx\/wp-content\/uploads\/2019\/09\/Migrantes-en-el-PASO-DEL-Norte-Roc%C3%ADo-Gallegos-OK-768x576.jpg?resize=350%2C200&ssl=1 1x, https:\/\/i0.wp.com\/www.grieta.org.mx\/wp-content\/uploads\/2019\/09\/Migrantes-en-el-PASO-DEL-Norte-Roc%C3%ADo-Gallegos-OK-768x576.jpg?resize=525%2C300&ssl=1 1.5x, https:\/\/i0.wp.com\/www.grieta.org.mx\/wp-content\/uploads\/2019\/09\/Migrantes-en-el-PASO-DEL-Norte-Roc%C3%ADo-Gallegos-OK-768x576.jpg?resize=700%2C400&ssl=1 2x"},"classes":[]},{"id":39378,"url":"https:\/\/www.grieta.org.mx\/index.php\/2019\/08\/28\/denuncian-discriminacion-por-caceria-contra-migrantes-en-los-hoteles-del-centro-chihuahua\/","url_meta":{"origin":38996,"position":2},"title":"Denuncian discriminaci\u00f3n por \u00abcacer\u00eda\u00bb contra migrantes en los hoteles del centro (Chihuahua)","author":"grieta","date":"28 agosto, 2019","format":false,"excerpt":"RA\u00cdCHALI Chihuahua.- Los operativos de revisi\u00f3n y detenci\u00f3n a migrantes en por lo menos cuatro hoteles y moteles del centro de la ciudad, incumplieron con los est\u00e1ndares m\u00ednimos que marca la Ley de Migraci\u00f3n, denunci\u00f3 la organizaci\u00f3n Uno de Siete Migrando. Durante la ma\u00f1ana de este mi\u00e9rcoles, decenas de efectivos\u2026","rel":"","context":"En &quot;Chihuahua&quot;","block_context":{"text":"Chihuahua","link":"https:\/\/www.grieta.org.mx\/index.php\/category\/noticias-nacionales\/chihuahua\/"},"img":{"alt_text":"","src":"https:\/\/i0.wp.com\/www.grieta.org.mx\/wp-content\/uploads\/2019\/09\/Sin-t%C3%ADtulo.jpg?resize=350%2C200&ssl=1","width":350,"height":200,"srcset":"https:\/\/i0.wp.com\/www.grieta.org.mx\/wp-content\/uploads\/2019\/09\/Sin-t%C3%ADtulo.jpg?resize=350%2C200&ssl=1 1x, https:\/\/i0.wp.com\/www.grieta.org.mx\/wp-content\/uploads\/2019\/09\/Sin-t%C3%ADtulo.jpg?resize=525%2C300&ssl=1 1.5x, https:\/\/i0.wp.com\/www.grieta.org.mx\/wp-content\/uploads\/2019\/09\/Sin-t%C3%ADtulo.jpg?resize=700%2C400&ssl=1 2x"},"classes":[]},{"id":22920,"url":"https:\/\/www.grieta.org.mx\/index.php\/2017\/12\/05\/criminalizacion-y-caceria-de-migrantes-en-chihuahua\/","url_meta":{"origin":38996,"position":3},"title":"Criminalizaci\u00f3n y cacer\u00eda de migrantes en Chihuahua","author":"grieta","date":"5 diciembre, 2017","format":false,"excerpt":"La Casa del Migrante en Chihuahua. Foto: Especial CHIHUAHUA, Chih. (apro).- Adem\u00e1s de los riesgos de ser reclutados de manera forzada por grupos delictivos y falta de protecci\u00f3n, los migrantes centroamericanos y mexicanos que pasan por Chihuahua, son v\u00edctimas de discriminaci\u00f3n y persecuci\u00f3n de las autoridades municipales de la capital.\u2026","rel":"","context":"En &quot;chihuahua&quot;","block_context":{"text":"chihuahua","link":"https:\/\/www.grieta.org.mx\/index.php\/category\/chihuahua\/"},"img":{"alt_text":"","src":"https:\/\/i0.wp.com\/www.grieta.org.mx\/wp-content\/uploads\/2018\/05\/Migrante-hermano.jpg?resize=350%2C200&ssl=1","width":350,"height":200,"srcset":"https:\/\/i0.wp.com\/www.grieta.org.mx\/wp-content\/uploads\/2018\/05\/Migrante-hermano.jpg?resize=350%2C200&ssl=1 1x, https:\/\/i0.wp.com\/www.grieta.org.mx\/wp-content\/uploads\/2018\/05\/Migrante-hermano.jpg?resize=525%2C300&ssl=1 1.5x, https:\/\/i0.wp.com\/www.grieta.org.mx\/wp-content\/uploads\/2018\/05\/Migrante-hermano.jpg?resize=700%2C400&ssl=1 2x"},"classes":[]},{"id":35519,"url":"https:\/\/www.grieta.org.mx\/index.php\/2019\/06\/27\/galeria-guardia-nacional-extiende-muro-humano-a-zonas-semideserticas-chihuahua\/","url_meta":{"origin":38996,"position":4},"title":"Galer\u00eda: Guardia Nacional extiende \u2018muro humano\u2019 a zonas semides\u00e9rticas (Chihuahua)","author":"grieta","date":"27 junio, 2019","format":false,"excerpt":"Fotograf\u00edas: Rey R. Jauregui\/ LA VERDAD Ciudad Ju\u00e1rez \u2013 La Guardia Nacional (GN) endureci\u00f3 sus acciones para evitar el paso de migrantes hacia Estados Unidos al extender su patrullaje m\u00e1s all\u00e1 del r\u00edo Bravo, colocando vigilancia en la zona fronteriza entre Anapra, Ciudad Ju\u00e1rez y Sunland Park, Nuevo M\u00e9xico. Elementos\u2026","rel":"","context":"En &quot;Chihuahua&quot;","block_context":{"text":"Chihuahua","link":"https:\/\/www.grieta.org.mx\/index.php\/category\/noticias-nacionales\/chihuahua\/"},"img":{"alt_text":"","src":"https:\/\/i0.wp.com\/www.grieta.org.mx\/wp-content\/uploads\/2019\/06\/Militares-en-el-Muro-Rey-R.-Jauregui.jpeg?resize=350%2C200&ssl=1","width":350,"height":200,"srcset":"https:\/\/i0.wp.com\/www.grieta.org.mx\/wp-content\/uploads\/2019\/06\/Militares-en-el-Muro-Rey-R.-Jauregui.jpeg?resize=350%2C200&ssl=1 1x, https:\/\/i0.wp.com\/www.grieta.org.mx\/wp-content\/uploads\/2019\/06\/Militares-en-el-Muro-Rey-R.-Jauregui.jpeg?resize=525%2C300&ssl=1 1.5x, https:\/\/i0.wp.com\/www.grieta.org.mx\/wp-content\/uploads\/2019\/06\/Militares-en-el-Muro-Rey-R.-Jauregui.jpeg?resize=700%2C400&ssl=1 2x, https:\/\/i0.wp.com\/www.grieta.org.mx\/wp-content\/uploads\/2019\/06\/Militares-en-el-Muro-Rey-R.-Jauregui.jpeg?resize=1050%2C600&ssl=1 3x"},"classes":[]},{"id":31114,"url":"https:\/\/www.grieta.org.mx\/index.php\/2019\/03\/20\/siete-migrantes-son-repatriados-al-mes-a-veracruz-tras-fallecer\/","url_meta":{"origin":38996,"position":5},"title":"Siete migrantes son repatriados al mes a Veracruz, tras fallecer","author":"grieta","date":"20 marzo, 2019","format":false,"excerpt":"Regina Montes \/ Palabrasclaras.mx Xalapa, Ver.- De acuerdo con el director general de Atenci\u00f3n a Migrantes del Gobierno del Estado, Carlos Escalante Igual, cerca de siete veracruzanos que mueren en territorio norteamericano, son repatriados al mes a la entidad veracruzana. Dijo que, Ren\u00e9 Pablo P\u00e9rez Gordillo, originario del municipio de\u2026","rel":"","context":"En &quot;CINTILLO&quot;","block_context":{"text":"CINTILLO","link":"https:\/\/www.grieta.org.mx\/index.php\/category\/cintillo\/"},"img":{"alt_text":"","src":"https:\/\/i0.wp.com\/www.grieta.org.mx\/wp-content\/uploads\/2019\/03\/direct-6.jpg?resize=350%2C200&ssl=1","width":350,"height":200,"srcset":"https:\/\/i0.wp.com\/www.grieta.org.mx\/wp-content\/uploads\/2019\/03\/direct-6.jpg?resize=350%2C200&ssl=1 1x, https:\/\/i0.wp.com\/www.grieta.org.mx\/wp-content\/uploads\/2019\/03\/direct-6.jpg?resize=525%2C300&ssl=1 1.5x, https:\/\/i0.wp.com\/www.grieta.org.mx\/wp-content\/uploads\/2019\/03\/direct-6.jpg?resize=700%2C400&ssl=1 2x"},"classes":[]}],"_links":{"self":[{"href":"https:\/\/www.grieta.org.mx\/index.php\/wp-json\/wp\/v2\/posts\/38996","targetHints":{"allow":["GET"]}}],"collection":[{"href":"https:\/\/www.grieta.org.mx\/index.php\/wp-json\/wp\/v2\/posts"}],"about":[{"href":"https:\/\/www.grieta.org.mx\/index.php\/wp-json\/wp\/v2\/types\/post"}],"author":[{"embeddable":true,"href":"https:\/\/www.grieta.org.mx\/index.php\/wp-json\/wp\/v2\/users\/2"}],"replies":[{"embeddable":true,"href":"https:\/\/www.grieta.org.mx\/index.php\/wp-json\/wp\/v2\/comments?post=38996"}],"version-history":[{"count":1,"href":"https:\/\/www.grieta.org.mx\/index.php\/wp-json\/wp\/v2\/posts\/38996\/revisions"}],"predecessor-version":[{"id":39004,"href":"https:\/\/www.grieta.org.mx\/index.php\/wp-json\/wp\/v2\/posts\/38996\/revisions\/39004"}],"wp:featuredmedia":[{"embeddable":true,"href":"https:\/\/www.grieta.org.mx\/index.php\/wp-json\/wp\/v2\/media\/38997"}],"wp:attachment":[{"href":"https:\/\/www.grieta.org.mx\/index.php\/wp-json\/wp\/v2\/media?parent=38996"}],"wp:term":[{"taxonomy":"category","embeddable":true,"href":"https:\/\/www.grieta.org.mx\/index.php\/wp-json\/wp\/v2\/categories?post=38996"},{"taxonomy":"post_tag","embeddable":true,"href":"https:\/\/www.grieta.org.mx\/index.php\/wp-json\/wp\/v2\/tags?post=38996"}],"curies":[{"name":"wp","href":"https:\/\/api.w.org\/{rel}","templated":true}]}}