{"id":3893,"date":"2015-06-25T21:44:32","date_gmt":"2015-06-25T21:44:32","guid":{"rendered":"http:\/\/50.22.11.12\/~grietaor\/?p=3893"},"modified":"2016-03-18T21:48:10","modified_gmt":"2016-03-18T21:48:10","slug":"rechazan-fracking-organizaciones-del-totonacapan-y-la-huasteca","status":"publish","type":"post","link":"https:\/\/www.grieta.org.mx\/index.php\/2015\/06\/25\/rechazan-fracking-organizaciones-del-totonacapan-y-la-huasteca\/","title":{"rendered":"Rechazan fracking organizaciones del Totonacapan y la Huasteca"},"content":{"rendered":"<p>junio 25, 2015<br \/>\nLeticia \u00c1nimas Vargas, Huauchinango, Pue.<\/p>\n<p><img loading=\"lazy\" decoding=\"async\" data-attachment-id=\"3895\" data-permalink=\"https:\/\/www.grieta.org.mx\/index.php\/2015\/06\/25\/rechazan-fracking-organizaciones-del-totonacapan-y-la-huasteca\/nofracking02\/\" data-orig-file=\"https:\/\/www.grieta.org.mx\/wp-content\/uploads\/2015\/06\/nofracking02.jpg\" data-orig-size=\"640,426\" data-comments-opened=\"0\" data-image-meta=\"{&quot;aperture&quot;:&quot;0&quot;,&quot;credit&quot;:&quot;&quot;,&quot;camera&quot;:&quot;&quot;,&quot;caption&quot;:&quot;&quot;,&quot;created_timestamp&quot;:&quot;0&quot;,&quot;copyright&quot;:&quot;&quot;,&quot;focal_length&quot;:&quot;0&quot;,&quot;iso&quot;:&quot;0&quot;,&quot;shutter_speed&quot;:&quot;0&quot;,&quot;title&quot;:&quot;&quot;,&quot;orientation&quot;:&quot;0&quot;}\" data-image-title=\"nofracking02\" data-image-description=\"\" data-image-caption=\"\" data-medium-file=\"https:\/\/www.grieta.org.mx\/wp-content\/uploads\/2015\/06\/nofracking02-300x200.jpg\" data-large-file=\"https:\/\/www.grieta.org.mx\/wp-content\/uploads\/2015\/06\/nofracking02.jpg\" src=\"http:\/\/grieta.org.mx\/wp-content\/uploads\/2015\/06\/nofracking02-300x200.jpg\" alt=\"nofracking02\" width=\"300\" height=\"200\" class=\"alignnone size-medium wp-image-3895\" srcset=\"https:\/\/www.grieta.org.mx\/wp-content\/uploads\/2015\/06\/nofracking02-300x200.jpg 300w, https:\/\/www.grieta.org.mx\/wp-content\/uploads\/2015\/06\/nofracking02.jpg 640w\" sizes=\"auto, (max-width: 300px) 100vw, 300px\" \/><\/p>\n<p>Aunque Petr\u00f3leos Mexicanos (Pemex) y el gobierno han ocultado informaci\u00f3n sobre el uso de la fracturaci\u00f3n hidr\u00e1ulica (fracking) en el Totonacapan y la Huasteca poblana y veracruzana, las consecuencias de su pr\u00e1ctica han empezado a sentirse en la regi\u00f3n, se\u00f1alaron miembros de 50 organizaciones sociales que se pronunciaron en contra de esta t\u00e9cnica para la extracci\u00f3n de hidrocarburos, pero tambi\u00e9n en contra de los denominados \u201cproyectos de muerte\u201d.<\/p>\n<p>Reunidos el pasado fin de semana en el ejido Emiliano Zapata de Papantla, donde las columnas de fuego de algunos pozos de venteo han anulado la noche y el ruido ensordecedor de las turbinas petroleras mantienen en vigilia a los pobladores, decidieron constituir la Coordinadora Regional de Acci\u00f3n Solidaria en Defensa del Territorio Huasteca-Totonacapan (CORASON).<\/p>\n<p>Fue el agente municipal de esta comunidad, Gumersindo Gonz\u00e1lez S\u00e1nchez, quien cont\u00f3 c\u00f3mo han lidiado durante 50 a\u00f1os con la explotaci\u00f3n petrolera en su territorio.<\/p>\n<p>\u201cTodo se ha llenado de tubos y pozos. Se han contaminado muchos r\u00edos y manantiales con los derrames. Ha crecido el n\u00famero de enfermedades relacionadas con la contaminaci\u00f3n, como el c\u00e1ncer, enfermedades de la piel, males respiratorios y auditivos. Hay dos pozos de venteo sin control y sus enormes flamas se elevan en medio de las comunidad y hacen que las noches parezcan d\u00edas. Tambi\u00e9n, en el centro, hay una enorme turbina que trabaja todo el d\u00eda y nos deja sordos. Vivimos al lado de una bomba de tiempo\u201d.<\/p>\n<p>\u201cPemex oculta informaci\u00f3n sobre la apertura de pozos y no sabemos si utiliza la t\u00e9cnica de la fractura hidr\u00e1ulica. Pero sabemos que en \u00darsulo Galv\u00e1n hay dos de fracking y en El Remolino hay cuatro. Apenas el 12 de abril hubo otro derrame en la comunidad. Creemos que es a consecuencia del uso del fracking. Hemos preguntado si es as\u00ed, pero no nos lo han negado ni nos lo han afirmado. Dicen que el petr\u00f3leo sali\u00f3 porque es un brote natural. Pero nosotros creemos que son las consecuencias de esta nueva perforaci\u00f3n\u201d, dijo la autoridad.<\/p>\n<p>S\u00f3lo en Papantla, inform\u00f3 en la reuni\u00f3n el investigador de FUNDAR Francisco Cravioto, se han abierto 172 pozos con fractura hidr\u00e1ulica, casi el 50 por ciento de los 347 que se ha aceptado que existen en el estado de Veracruz, de acuerdo con la respuesta dada a una solicitud de informaci\u00f3n p\u00fablica.<\/p>\n<p>Mientras que en el estado de Puebla se han abierto con fracking 233 pozos petroleros. Un total de 121 en Francisco Z. Mena, 98 en Venustiano Carranza y 14 en Pantepec, todos ellos ubicados en la provincia geol\u00f3gica Tampico-Misantla donde est\u00e1 el yacimiento Paleocanal de Chicontepec.<\/p>\n<p>Tambi\u00e9n se sabe que m\u00e1s de un centenar de municipios de cuatro estados de la Huasteca y el Totonacapan se encuentran amenazados por el fracking, en las rondas cero y uno de la Secretar\u00eda de Energ\u00eda, de acuerdo con los mapas de Advanced Resources Internacional.<\/p>\n<p>En Veracruz son 49 los municipios en riesgo inminente. En Puebla, 22. En Hidalgo, 21. Y en San Luis Potos\u00ed, 18, que son territorio de los pueblos nahua, tenek, otom\u00ed, tepehua y totonaku.<\/p>\n<p>En el pronunciamiento final, los participantes en el primer encuentro regional mandaron el mensaje a las empresas de que \u201cnuestras tierras, territorios, salud y vida no son mercanc\u00edas. Que para nosotros, hijos e hijas de la tierra, la vida digna no tiene que ver con eso que ellos llaman progreso y desarrollo y que no permitiremos la entrada de ninguno de estos proyectos de muerte sean hidroel\u00e9ctricas, Miner\u00eda, trasvases de cuencas, deforestaci\u00f3n, fracking o transg\u00e9nicos\u2026 y les decimos: no pasar\u00e1n\u201d.<\/p>\n<p>El gobierno responde<\/p>\n<p>Tras la reuni\u00f3n, a trav\u00e9s de la Direcci\u00f3n de Comunicaci\u00f3n del estado de Veracruz, el titular de la Procuradur\u00eda Estatal de Protecci\u00f3n al Medio Ambiente (PMA), Dalos Ulises Rodr\u00edguez Vargas, indic\u00f3 que no se han presentado denuncias oficiales sobre la pr\u00e1ctica del fracking y agreg\u00f3 que la dependencia a su cargo est\u00e1 abierta a recibir las quejas de los grupos ambientalistas.<\/p>\n<p>\u201cLo \u00fanico que hemos visto a trav\u00e9s de los medios ha sido la opini\u00f3n de estas agrupaciones que se oponen a este tipo de pr\u00e1cticas, que hoy por hoy se realizan en el mundo, pero esta es una decisi\u00f3n que no depende de un orden local o estatal, sino nacional\u201d.<\/p>\n<p>Aclar\u00f3 que \u201cno existe evidencia de que el fracking ocasione sismos y diversos tipo de c\u00e1ncer, como lo han manifestados los grupos ambientalistas. Nosotros no tenemos nada comprobado, no hay ning\u00fan especialista que lo haya determinado\u201d.<\/p>\n<p>Adem\u00e1s Rodr\u00edguez Vargas se\u00f1al\u00f3 que \u201cse continuar\u00e1 recomendando a los inversionistas privados a que colaboren en resarcir da\u00f1os en caso de deteriorar alg\u00fan ecosistema\u201d. <\/p>\n<p><a href=\"http:\/\/municipiospuebla.com.mx\/nota\/2015-06-25\/huauchinango\/rechazan-fracking-organizaciones-del-totonacapan-y-la-huasteca\" target=\"_blank\">http:\/\/municipiospuebla.com.mx\/nota\/2015-06-25\/huauchinango\/rechazan-fracking-organizaciones-del-totonacapan-y-la-huasteca<\/a><\/p>\n","protected":false},"excerpt":{"rendered":"<p>junio 25, 2015 Leticia \u00c1nimas Vargas, Huauchinango, Pue. Aunque Petr\u00f3leos Mexicanos (Pemex) y el gobierno han ocultado informaci\u00f3n sobre el uso de la fracturaci\u00f3n hidr\u00e1ulica (fracking) en el Totonacapan y &hellip; <a href=\"https:\/\/www.grieta.org.mx\/index.php\/2015\/06\/25\/rechazan-fracking-organizaciones-del-totonacapan-y-la-huasteca\/\" class=\"more-link\">Leer m\u00e1s<\/a><\/p>\n","protected":false},"author":2,"featured_media":21928,"comment_status":"closed","ping_status":"open","sticky":false,"template":"","format":"standard","meta":{"ngg_post_thumbnail":0,"_jetpack_newsletter_access":"","_jetpack_dont_email_post_to_subs":false,"_jetpack_newsletter_tier_id":0,"_jetpack_memberships_contains_paywalled_content":false,"_jetpack_memberships_contains_paid_content":false,"footnotes":""},"categories":[80],"tags":[273],"class_list":["post-3893","post","type-post","status-publish","format-standard","has-post-thumbnail","hentry","category-cintillo","tag-fracking","entry"],"jetpack_featured_media_url":"https:\/\/www.grieta.org.mx\/wp-content\/uploads\/2018\/03\/14524434_1106112876131411_958039263622046936_o.jpg","jetpack_sharing_enabled":true,"jetpack_shortlink":"https:\/\/wp.me\/p7ZJR4-10N","jetpack_likes_enabled":false,"jetpack-related-posts":[{"id":8288,"url":"https:\/\/www.grieta.org.mx\/index.php\/2015\/06\/20\/crean-frente-para-frenar-el-fracking-en-el-totonacapan-y-la-huasteca\/","url_meta":{"origin":3893,"position":0},"title":"Crean frente para frenar el Fracking en el Totonacapan y la Huasteca","author":"Admin","date":"20 junio, 2015","format":false,"excerpt":"Xalapa, Ver. Con la reforma energ\u00e9tica se prev\u00e9n desastres ambientales en el estado de Veracruz, por lo que organizaciones civiles realizar\u00e1n un encuentro este fin de semana, en Papantla. Guillermo Rodr\u00edguez Curiel, l\u00edder de La Asamblea Veracruzana de Iniciativas en Defensa Ambiental (Lavida) indic\u00f3 que colectivos en defensa del territorio,\u2026","rel":"","context":"En &quot;CINTILLO&quot;","block_context":{"text":"CINTILLO","link":"https:\/\/www.grieta.org.mx\/index.php\/category\/cintillo\/"},"img":{"alt_text":"","src":"https:\/\/i0.wp.com\/www.grieta.org.mx\/wp-content\/uploads\/2018\/03\/14524434_1106112876131411_958039263622046936_o.jpg?resize=350%2C200&ssl=1","width":350,"height":200,"srcset":"https:\/\/i0.wp.com\/www.grieta.org.mx\/wp-content\/uploads\/2018\/03\/14524434_1106112876131411_958039263622046936_o.jpg?resize=350%2C200&ssl=1 1x, https:\/\/i0.wp.com\/www.grieta.org.mx\/wp-content\/uploads\/2018\/03\/14524434_1106112876131411_958039263622046936_o.jpg?resize=525%2C300&ssl=1 1.5x, https:\/\/i0.wp.com\/www.grieta.org.mx\/wp-content\/uploads\/2018\/03\/14524434_1106112876131411_958039263622046936_o.jpg?resize=700%2C400&ssl=1 2x"},"classes":[]},{"id":40845,"url":"https:\/\/www.grieta.org.mx\/index.php\/2019\/10\/16\/pese-a-promesa-de-prohibir-el-fracking-persiste-en-la-huasteca-meridional-veracruz\/","url_meta":{"origin":3893,"position":1},"title":"Pese a promesa de \u201cprohibir\u201d el fracking, persiste en la Huasteca Meridional (Veracruz)","author":"grieta","date":"16 octubre, 2019","format":false,"excerpt":"Jordana Gonzalez \/ Contral\u00ednea La imposici\u00f3n del fracking contin\u00faa en Ixhuatl\u00e1n de Madero, Veracruz, gracias al proyecto petrolero Aceite Terciario del Golfo. Ello, pese a la promesa del presidente Andr\u00e9s Manuel L\u00f3pez Obrador de cancelar la fractura hidr\u00e1ulica, revel\u00f3 el etn\u00f3logo Mauricio Gonz\u00e1lez Gonz\u00e1lez en un acercamiento etnogr\u00e1fico a la\u2026","rel":"","context":"En &quot;CINTILLO&quot;","block_context":{"text":"CINTILLO","link":"https:\/\/www.grieta.org.mx\/index.php\/category\/cintillo\/"},"img":{"alt_text":"","src":"https:\/\/i0.wp.com\/www.grieta.org.mx\/wp-content\/uploads\/2019\/11\/Especial.jpg?resize=350%2C200&ssl=1","width":350,"height":200,"srcset":"https:\/\/i0.wp.com\/www.grieta.org.mx\/wp-content\/uploads\/2019\/11\/Especial.jpg?resize=350%2C200&ssl=1 1x, https:\/\/i0.wp.com\/www.grieta.org.mx\/wp-content\/uploads\/2019\/11\/Especial.jpg?resize=525%2C300&ssl=1 1.5x"},"classes":[]},{"id":8213,"url":"https:\/\/www.grieta.org.mx\/index.php\/2016\/03\/10\/fracking-en-veracruz\/","url_meta":{"origin":3893,"position":2},"title":"Fracking en Veracruz","author":"Admin","date":"10 marzo, 2016","format":false,"excerpt":"Desaparece el R\u00edo Atoyac, ambientalistas culpan al fracking 03\/03\/16. #Veracruz: Enorme cr\u00e1ter se \u2018traga\u2019 al R\u00edo Atoyac; ambientalistas culpan al \u2018fracking\u2019 Anonymous Hispano Oposici\u00f3n al Fracking en Veracruz 10\/03\/16. Protestan contra el fracking durante marcha UV en Poza Rica E-consulta Veracruz 03\/03\/16. Miles en Puebla y Veracruz rechazan fracking para\u2026","rel":"","context":"En &quot;Fracking&quot;","block_context":{"text":"Fracking","link":"https:\/\/www.grieta.org.mx\/index.php\/category\/megaproyectos\/fracking\/"},"img":{"alt_text":"","src":"https:\/\/i0.wp.com\/www.grieta.org.mx\/wp-content\/uploads\/2018\/03\/14524434_1106112876131411_958039263622046936_o.jpg?resize=350%2C200&ssl=1","width":350,"height":200,"srcset":"https:\/\/i0.wp.com\/www.grieta.org.mx\/wp-content\/uploads\/2018\/03\/14524434_1106112876131411_958039263622046936_o.jpg?resize=350%2C200&ssl=1 1x, https:\/\/i0.wp.com\/www.grieta.org.mx\/wp-content\/uploads\/2018\/03\/14524434_1106112876131411_958039263622046936_o.jpg?resize=525%2C300&ssl=1 1.5x, https:\/\/i0.wp.com\/www.grieta.org.mx\/wp-content\/uploads\/2018\/03\/14524434_1106112876131411_958039263622046936_o.jpg?resize=700%2C400&ssl=1 2x"},"classes":[]},{"id":8740,"url":"https:\/\/www.grieta.org.mx\/index.php\/2015\/05\/21\/productores-agropecuarios-de-la-huasteca-se-pronuncian-contra-el-fracking\/","url_meta":{"origin":3893,"position":3},"title":"Productores agropecuarios de la Huasteca se pronuncian contra el fracking (San Luis Potos\u00ed)","author":"grieta","date":"21 mayo, 2015","format":false,"excerpt":"San Luis Potos\u00ed, S. L. P.- Rosa Esther Pe\u00f1a Soto, \u00a0Coordinadora de Organizaciones Campesinas e Ind\u00edgenas de la Huasteca Potosina \u00a0(COCIHP) denunci\u00f3 que en la Huasteca potosina, productores de 18 municipios podr\u00e1n verse afectados por el fracking y el plan Monterrey VI. Pe\u00f1a Soto detallo que cafetaleros, productores de piloncillo,\u2026","rel":"","context":"En &quot;CINTILLO&quot;","block_context":{"text":"CINTILLO","link":"https:\/\/www.grieta.org.mx\/index.php\/category\/cintillo\/"},"img":{"alt_text":"","src":"https:\/\/i0.wp.com\/www.grieta.org.mx\/wp-content\/uploads\/2015\/05\/Productores-agropecuarios-de-la-Huasteca-se-pronuncian-contra-el-fracking.jpg?resize=350%2C200&ssl=1","width":350,"height":200,"srcset":"https:\/\/i0.wp.com\/www.grieta.org.mx\/wp-content\/uploads\/2015\/05\/Productores-agropecuarios-de-la-Huasteca-se-pronuncian-contra-el-fracking.jpg?resize=350%2C200&ssl=1 1x, https:\/\/i0.wp.com\/www.grieta.org.mx\/wp-content\/uploads\/2015\/05\/Productores-agropecuarios-de-la-Huasteca-se-pronuncian-contra-el-fracking.jpg?resize=525%2C300&ssl=1 1.5x, https:\/\/i0.wp.com\/www.grieta.org.mx\/wp-content\/uploads\/2015\/05\/Productores-agropecuarios-de-la-Huasteca-se-pronuncian-contra-el-fracking.jpg?resize=700%2C400&ssl=1 2x, https:\/\/i0.wp.com\/www.grieta.org.mx\/wp-content\/uploads\/2015\/05\/Productores-agropecuarios-de-la-Huasteca-se-pronuncian-contra-el-fracking.jpg?resize=1050%2C600&ssl=1 3x, https:\/\/i0.wp.com\/www.grieta.org.mx\/wp-content\/uploads\/2015\/05\/Productores-agropecuarios-de-la-Huasteca-se-pronuncian-contra-el-fracking.jpg?resize=1400%2C800&ssl=1 4x"},"classes":[]},{"id":70676,"url":"https:\/\/www.grieta.org.mx\/index.php\/2024\/04\/18\/con-amparo-van-contra-el-fracking-14-comunidades-totonacas\/","url_meta":{"origin":3893,"position":4},"title":"Con amparo, van contra el fracking 14 comunidades totonacas","author":"Admin","date":"18 abril, 2024","format":false,"excerpt":"Habitantes de la regi\u00f3n del Totonacapan acusan que que el fracking afecta su patrimonio biocultural y viola sus derechos humanos Francisco de Luna \/ E-consulta Veracruz Xalapa, Ver.\u2014 La Asociaci\u00f3n Interamericana para la Defensa del Ambiente (AIDA) promovi\u00f3 amparos contra el uso del fracking en 14 comunidades. Buscan defender el\u2026","rel":"","context":"En &quot;CINTILLO&quot;","block_context":{"text":"CINTILLO","link":"https:\/\/www.grieta.org.mx\/index.php\/category\/cintillo\/"},"img":{"alt_text":"","src":"https:\/\/i0.wp.com\/www.grieta.org.mx\/wp-content\/uploads\/2024\/12\/imagen_2024-04-18_155410810.webp?resize=350%2C200&ssl=1","width":350,"height":200,"srcset":"https:\/\/i0.wp.com\/www.grieta.org.mx\/wp-content\/uploads\/2024\/12\/imagen_2024-04-18_155410810.webp?resize=350%2C200&ssl=1 1x, https:\/\/i0.wp.com\/www.grieta.org.mx\/wp-content\/uploads\/2024\/12\/imagen_2024-04-18_155410810.webp?resize=525%2C300&ssl=1 1.5x"},"classes":[]},{"id":8251,"url":"https:\/\/www.grieta.org.mx\/index.php\/2015\/09\/16\/se-organizan-contra-fracking-en-limites-entre-puebla-y-veracruz-2\/","url_meta":{"origin":3893,"position":5},"title":"Se organizan contra fracking en l\u00edmites entre Puebla y Veracruz","author":"Admin","date":"16 septiembre, 2015","format":false,"excerpt":"Pobladores de n\u00facleos ejidales de la regi\u00f3n del Totonacapan, constituyeron en Papantla un Comit\u00e9 de Defensa territorial. Sierra Norte.- Para hacer frente a la \u201camenaza\u201d que representa para sus tierras y r\u00edos la explotaci\u00f3n petrolera por medio de la fractura hidr\u00e1ulica (fracking), pobladores de n\u00facleos ejidales de la regi\u00f3n del\u2026","rel":"","context":"En &quot;CINTILLO&quot;","block_context":{"text":"CINTILLO","link":"https:\/\/www.grieta.org.mx\/index.php\/category\/cintillo\/"},"img":{"alt_text":"","src":"https:\/\/i0.wp.com\/www.grieta.org.mx\/wp-content\/uploads\/2018\/03\/14524434_1106112876131411_958039263622046936_o.jpg?resize=350%2C200&ssl=1","width":350,"height":200,"srcset":"https:\/\/i0.wp.com\/www.grieta.org.mx\/wp-content\/uploads\/2018\/03\/14524434_1106112876131411_958039263622046936_o.jpg?resize=350%2C200&ssl=1 1x, https:\/\/i0.wp.com\/www.grieta.org.mx\/wp-content\/uploads\/2018\/03\/14524434_1106112876131411_958039263622046936_o.jpg?resize=525%2C300&ssl=1 1.5x, https:\/\/i0.wp.com\/www.grieta.org.mx\/wp-content\/uploads\/2018\/03\/14524434_1106112876131411_958039263622046936_o.jpg?resize=700%2C400&ssl=1 2x"},"classes":[]}],"_links":{"self":[{"href":"https:\/\/www.grieta.org.mx\/index.php\/wp-json\/wp\/v2\/posts\/3893","targetHints":{"allow":["GET"]}}],"collection":[{"href":"https:\/\/www.grieta.org.mx\/index.php\/wp-json\/wp\/v2\/posts"}],"about":[{"href":"https:\/\/www.grieta.org.mx\/index.php\/wp-json\/wp\/v2\/types\/post"}],"author":[{"embeddable":true,"href":"https:\/\/www.grieta.org.mx\/index.php\/wp-json\/wp\/v2\/users\/2"}],"replies":[{"embeddable":true,"href":"https:\/\/www.grieta.org.mx\/index.php\/wp-json\/wp\/v2\/comments?post=3893"}],"version-history":[{"count":1,"href":"https:\/\/www.grieta.org.mx\/index.php\/wp-json\/wp\/v2\/posts\/3893\/revisions"}],"predecessor-version":[{"id":3896,"href":"https:\/\/www.grieta.org.mx\/index.php\/wp-json\/wp\/v2\/posts\/3893\/revisions\/3896"}],"wp:featuredmedia":[{"embeddable":true,"href":"https:\/\/www.grieta.org.mx\/index.php\/wp-json\/wp\/v2\/media\/21928"}],"wp:attachment":[{"href":"https:\/\/www.grieta.org.mx\/index.php\/wp-json\/wp\/v2\/media?parent=3893"}],"wp:term":[{"taxonomy":"category","embeddable":true,"href":"https:\/\/www.grieta.org.mx\/index.php\/wp-json\/wp\/v2\/categories?post=3893"},{"taxonomy":"post_tag","embeddable":true,"href":"https:\/\/www.grieta.org.mx\/index.php\/wp-json\/wp\/v2\/tags?post=3893"}],"curies":[{"name":"wp","href":"https:\/\/api.w.org\/{rel}","templated":true}]}}