{"id":38898,"date":"2019-08-03T13:07:44","date_gmt":"2019-08-03T18:07:44","guid":{"rendered":"http:\/\/www.grieta.org.mx\/?p=38898"},"modified":"2019-09-08T13:12:41","modified_gmt":"2019-09-08T18:12:41","slug":"simulan-investigacion-en-veracruz-por-asesinato-de-ruben-espinosa","status":"publish","type":"post","link":"https:\/\/www.grieta.org.mx\/index.php\/2019\/08\/03\/simulan-investigacion-en-veracruz-por-asesinato-de-ruben-espinosa\/","title":{"rendered":"Simulan investigaci\u00f3n en Veracruz por asesinato de Rub\u00e9n Espinosa"},"content":{"rendered":"<p><img loading=\"lazy\" decoding=\"async\" data-attachment-id=\"38899\" data-permalink=\"https:\/\/www.grieta.org.mx\/index.php\/2019\/08\/03\/simulan-investigacion-en-veracruz-por-asesinato-de-ruben-espinosa\/paty2-01\/\" data-orig-file=\"https:\/\/www.grieta.org.mx\/wp-content\/uploads\/2019\/09\/paty2-01.jpeg\" data-orig-size=\"916,611\" data-comments-opened=\"0\" data-image-meta=\"{&quot;aperture&quot;:&quot;0&quot;,&quot;credit&quot;:&quot;Robert Gonzalez&quot;,&quot;camera&quot;:&quot;&quot;,&quot;caption&quot;:&quot;&quot;,&quot;created_timestamp&quot;:&quot;0&quot;,&quot;copyright&quot;:&quot;Robert Gonzalez&quot;,&quot;focal_length&quot;:&quot;0&quot;,&quot;iso&quot;:&quot;0&quot;,&quot;shutter_speed&quot;:&quot;0&quot;,&quot;title&quot;:&quot;&quot;,&quot;orientation&quot;:&quot;1&quot;}\" data-image-title=\"paty2-01\" data-image-description=\"\" data-image-caption=\"\" data-medium-file=\"https:\/\/www.grieta.org.mx\/wp-content\/uploads\/2019\/09\/paty2-01-300x200.jpeg\" data-large-file=\"https:\/\/www.grieta.org.mx\/wp-content\/uploads\/2019\/09\/paty2-01.jpeg\" class=\"aligncenter wp-image-38899\" src=\"http:\/\/www.grieta.org.mx\/wp-content\/uploads\/2019\/09\/paty2-01.jpeg\" alt=\"\" width=\"800\" height=\"534\" srcset=\"https:\/\/www.grieta.org.mx\/wp-content\/uploads\/2019\/09\/paty2-01.jpeg 916w, https:\/\/www.grieta.org.mx\/wp-content\/uploads\/2019\/09\/paty2-01-300x200.jpeg 300w, https:\/\/www.grieta.org.mx\/wp-content\/uploads\/2019\/09\/paty2-01-768x512.jpeg 768w, https:\/\/www.grieta.org.mx\/wp-content\/uploads\/2019\/09\/paty2-01-750x500.jpeg 750w\" sizes=\"auto, (max-width: 800px) 100vw, 800px\" \/><\/p>\n<p>Foto: Patricia Barradas<br \/>\nTexto: Voz Alterna<\/p>\n<p>La Procuradur\u00eda General de Justicia de la Ciudad de M\u00e9xico (PGJDF) agot\u00f3 la l\u00ednea de investigaci\u00f3n del Caso Narvarte, preguntando al exgobernador de Veracruz, Javier Duarte de Ochoa y al ex secretario de Seguridad P\u00fablica, Arturo Berm\u00fadez Zurita, \u201csi ellos ten\u00edan odio contra Rub\u00e9n\u201d o \u201csi participaron en el multihomicidio\u201d.<\/p>\n<p>David Pe\u00f1a, coordinador jur\u00eddico del Grupo de Acci\u00f3n por los Derechos Humanos y la Justicia Social, explic\u00f3 que las autoridades encargadas de las l\u00edneas de investigaci\u00f3n del homicidio de Rub\u00e9n Espinosa y el feminicidio de Nadia Vera, Mile Virginia, Yesenia Quir\u00f3z y Alejandra Negrete, no profundizaron en las amenazas que Espinosa y Vera denunciaron meses previos.<\/p>\n<p>\u201cVienen a nosotros y nos dicen, ya les fuimos a preguntar, ya desahogamos la l\u00ednea de Veracruz. Hasta al gobernador le preguntamos y dijo que no, que no ten\u00eda nada que ver, qu\u00e9 m\u00e1s podemos hacer. En esa l\u00f3gica de lo absurdo se desahog\u00f3 la l\u00ednea de Veracruz\u201d.<\/p>\n<p>Las preguntas que le hicieron en la PGJDF a Duarte fueron: \u00bfUsted conoc\u00eda a Rub\u00e9n?, \u00bfUsted ten\u00eda odio o animadversi\u00f3n en su contra?, \u00bfUsted supo que fue asesinado? y si ten\u00eda algo que agregar.<\/p>\n<p>Sus respuestas fueron: \u201cNo conoc\u00eda a Rub\u00e9n, tampoco ten\u00eda odio o animadversi\u00f3n contra \u00e9l\u201d. Se enter\u00f3 que fue asesinado a trav\u00e9s de medios de comunicaci\u00f3n y no agreg\u00f3 nada.<\/p>\n<p>Mientras que al ex secretario, Berm\u00fadez Zurita se le cuestion\u00f3: \u00bfConoc\u00eda a Rub\u00e9n Espinosa?, \u00bfUsted sab\u00eda que muri\u00f3?, \u00bfTen\u00eda alg\u00fan odio o animadversi\u00f3n en su contra?, \u00bfUsted particip\u00f3 en el asesinato? y \u00bftiene algo que agregar?.<\/p>\n<p>El ex funcionario estatal de Veracruz respondi\u00f3 que s\u00ed conoc\u00eda a Rub\u00e9n, s\u00ed se enter\u00f3 que muri\u00f3, no ten\u00eda odio contra el fotoperiodista, que tampoco particip\u00f3 en el crimen y no agreg\u00f3 nada.<\/p>\n<p>La ma\u00f1ana del jueves primero de agosto, a cuatro a\u00f1os del crimen en un departamento de la colonia Narvarte, familiares de las v\u00edctimas e integrantes de Art\u00edculo 19 presentaron la plataforma \u201cMemoria y verdad\u201d que ya est\u00e1 vigente en la web.<\/p>\n<p>En la conferencia, donde estuvo presente Indira Alfaro, madre de Yesenia Quir\u00f3z Alfaro; Angy Mart\u00edn, hermana de Mile Virginia Mart\u00edn; Patricia Espinosa, hermana de Rub\u00e9n Espinosa; Leopoldo Maldonado, Subdirector de Art\u00edculo 19 y David Pe\u00f1a, coordinador jur\u00eddico del Grupo de Acci\u00f3n por los Derechos Humanos y la Justicia Social; detallaron que la plataforma cuenta con informaci\u00f3n de la investigaci\u00f3n hasta el momento.<br \/>\nNi Perd\u00f3n Ni Olvido<\/p>\n<p>A trav\u00e9s de https:\/\/casonarvarte.articulo19.org\/ se muestra una novela gr\u00e1fica narrando c\u00f3mo las v\u00edctimas fueron revictimizadas por parte de la Procuradur\u00eda General de Justicia de la Ciudad de M\u00e9xico y que en mayo del 2016 -diez meses despu\u00e9s del multihomicidio- abogados, familiares y activistas exigieron al entonces jefe de Gobierno, Miguel \u00c1ngel Mancera, -actual senador- llamar a declarar al gobernador de Veracruz, Javier Duarte de Ochoa y a su \u201cgente\u201d del gabinete.<\/p>\n<p>Pero meses antes, el 10 de agosto de 2015, Duarte expres\u00f3 p\u00fablicamente, a trav\u00e9s de una carta, que ten\u00eda disposici\u00f3n para colaborar en la investigaci\u00f3n. Su \u201ccolaboraci\u00f3n\u201d se dio antes del 12 de octubre del 2016, cuando pidi\u00f3 licencia al Congreso de Veracruz para salir del cargo como mandatario estatal y huy\u00f3 del pa\u00eds.<\/p>\n<p>En tanto, Arturo Berm\u00fadez Zurita fue citado a declarar como testigo en tres ocasiones.<\/p>\n<p>Meses despu\u00e9s, el 3 de febrero del 2017, fue recluido en el Penal de Pacho Viejo, en el municipio de Coatepec, ubicado a unos minutos de Xalapa, por el presunto delito de desaparici\u00f3n forzada y enriquecimiento il\u00edcito, permaneciendo hasta el 5 de diciembre del 2018 por pagar una fianza de un mill\u00f3n de pesos.<\/p>\n<p>Por el momento, Berm\u00fadez sigue en las calles y Duarte de Ochoa contin\u00faa preso en el Reclusorio Norte de la Ciudad de M\u00e9xico, exigiendo ser liberado y enviando cartas a medios de comunicaci\u00f3n, citando que es un \u201cpreso pol\u00edtico\u201d por diferencias con el ex secretario de Gobierno, Miguel \u00c1ngel Osorio Chong, en el sexenio de Enrique Pe\u00f1a Nieto.<\/p>\n<p>A ello se suma que desde que ocurri\u00f3 el crimen se filtr\u00f3 informaci\u00f3n a medios de comunicaci\u00f3n: fotos, dict\u00e1menes iniciales y resultados de las necropsias.<\/p>\n<p>El 5 de agosto, cinco d\u00edas despu\u00e9s del crimen, se difundieron im\u00e1genes en video de una c\u00e1mara de videovigilancia que mostraba a los tres presuntos responsables del crimen, salir del edificio.<\/p>\n<p>La persecuci\u00f3n hacia Nadia y Rub\u00e9n desapareci\u00f3 para enfocarse en Mile y Yesenia, argumentando la versi\u00f3n que los hechos estaban relacionados con narcomenudeo y trabajo sexual.<\/p>\n<p>La cadena de custodia fue insuficiente a partir de la primera inspecci\u00f3n, se permiti\u00f3 que entraran personas ajenas a la investigaci\u00f3n, incluso que sacaran cosas. La escena del crimen fue tan alterada que cuando el examen dactilar arroj\u00f3 resultados algunas huellas pertenec\u00edan a uno de los propios polic\u00edas.<\/p>\n<p>Los familiares de Mile, Yesenia, Alejandra, Nadia y Rub\u00e9n contin\u00faan exigiendo justicia, pues ya esperaron procesos electorales, cambios de gobierno y promesas de campa\u00f1a.<\/p>\n<p>\u201cPararon la investigaci\u00f3n del caso para indagar en quienes filtraron informaci\u00f3n. Las v\u00edctimas esperaron campa\u00f1as, la transici\u00f3n de gobierno y ahora que tomen \u201cel tren\u201d de la funci\u00f3n p\u00fablica\u201d, agreg\u00f3 Leopoldo Maldonado, subdirector de Art\u00edculo 19.<\/p>\n<p><a href=\"https:\/\/vozalterna.com\/simulan-investigacion-en-veracruz-por-asesinato-de-ruben-espinosa\/\">https:\/\/vozalterna.com\/simulan-investigacion-en-veracruz-por-asesinato-de-ruben-espinosa\/<\/a><\/p>\n","protected":false},"excerpt":{"rendered":"<p>Foto: Patricia Barradas Texto: Voz Alterna La Procuradur\u00eda General de Justicia de la Ciudad de M\u00e9xico (PGJDF) agot\u00f3 la l\u00ednea de investigaci\u00f3n del Caso Narvarte, preguntando al exgobernador de Veracruz, &hellip; <a href=\"https:\/\/www.grieta.org.mx\/index.php\/2019\/08\/03\/simulan-investigacion-en-veracruz-por-asesinato-de-ruben-espinosa\/\" class=\"more-link\">Leer m\u00e1s<\/a><\/p>\n","protected":false},"author":2,"featured_media":38899,"comment_status":"closed","ping_status":"closed","sticky":false,"template":"","format":"standard","meta":{"ngg_post_thumbnail":0,"_jetpack_newsletter_access":"","_jetpack_dont_email_post_to_subs":false,"_jetpack_newsletter_tier_id":0,"_jetpack_memberships_contains_paywalled_content":false,"_jetpack_memberships_contains_paid_content":false,"footnotes":""},"categories":[80,2,83,35,88,1221],"tags":[2262,1180,120],"class_list":["post-38898","post","type-post","status-publish","format-standard","has-post-thumbnail","hentry","category-cintillo","category-noticias-nacionales","category-temas-nacionales","category-veracruz","category-violencia-contra-periodistas","category-violencia-contra-periodistas-en-veracruz","tag-agresiones-contra-periodistas","tag-asesinato-de-periodistas","tag-violencia-contra-periodistas","entry"],"jetpack_featured_media_url":"https:\/\/www.grieta.org.mx\/wp-content\/uploads\/2019\/09\/paty2-01.jpeg","jetpack_sharing_enabled":true,"jetpack_shortlink":"https:\/\/wp.me\/p7ZJR4-a7o","jetpack_likes_enabled":false,"jetpack-related-posts":[{"id":8403,"url":"https:\/\/www.grieta.org.mx\/index.php\/2015\/08\/10\/protestan-en-veracruz-por-el-multihomicidio-en-la-colonia-narvarte\/","url_meta":{"origin":38898,"position":0},"title":"Protestan en Veracruz por el multihomicidio en la colonia Narvarte","author":"Admin","date":"10 agosto, 2015","format":false,"excerpt":"10\/08\/15. Con Megamarcha activistas y periodistas exigen justicia para Rub\u00e9n Espinosa, en Xalapa El Dem\u00f3crata 01\/08\/15. Periodistas se manifiestan en Veracruz para exigir justicia en el crimen de Rub\u00e9n Espinosa Plumas Libres","rel":"","context":"En &quot;NOTICIAS NACIONALES&quot;","block_context":{"text":"NOTICIAS NACIONALES","link":"https:\/\/www.grieta.org.mx\/index.php\/category\/noticias-nacionales\/"},"img":{"alt_text":"","src":"https:\/\/i0.wp.com\/www.grieta.org.mx\/wp-content\/uploads\/2018\/03\/14524434_1106112876131411_958039263622046936_o.jpg?resize=350%2C200&ssl=1","width":350,"height":200,"srcset":"https:\/\/i0.wp.com\/www.grieta.org.mx\/wp-content\/uploads\/2018\/03\/14524434_1106112876131411_958039263622046936_o.jpg?resize=350%2C200&ssl=1 1x, https:\/\/i0.wp.com\/www.grieta.org.mx\/wp-content\/uploads\/2018\/03\/14524434_1106112876131411_958039263622046936_o.jpg?resize=525%2C300&ssl=1 1.5x, https:\/\/i0.wp.com\/www.grieta.org.mx\/wp-content\/uploads\/2018\/03\/14524434_1106112876131411_958039263622046936_o.jpg?resize=700%2C400&ssl=1 2x"},"classes":[]},{"id":8918,"url":"https:\/\/www.grieta.org.mx\/index.php\/2015\/08\/03\/repudian-periodistas-michoacanos-el-asesinato-de-ruben-espinosa\/","url_meta":{"origin":38898,"position":1},"title":"Repudian periodistas michoacanos el asesinato de Rub\u00e9n Espinosa","author":"Admin","date":"3 agosto, 2015","format":false,"excerpt":"Tanto reporteros gr\u00e1ficos, as\u00ed como escritos exigieron adem\u00e1s un alto definitivo a las agresiones y asesinatos contra periodistas Por Carlos Arrieta Corresponsal Michoac\u00e1n.- De espaldas hacia la clase pol\u00edtica en los eventos convocados para este lunes y con pancartas, fue la manera en la que levantaron la voz los periodistas\u2026","rel":"","context":"En &quot;CINTILLO&quot;","block_context":{"text":"CINTILLO","link":"https:\/\/www.grieta.org.mx\/index.php\/category\/cintillo\/"},"img":{"alt_text":"","src":"https:\/\/i0.wp.com\/www.grieta.org.mx\/wp-content\/uploads\/2018\/03\/14524434_1106112876131411_958039263622046936_o.jpg?resize=350%2C200&ssl=1","width":350,"height":200,"srcset":"https:\/\/i0.wp.com\/www.grieta.org.mx\/wp-content\/uploads\/2018\/03\/14524434_1106112876131411_958039263622046936_o.jpg?resize=350%2C200&ssl=1 1x, https:\/\/i0.wp.com\/www.grieta.org.mx\/wp-content\/uploads\/2018\/03\/14524434_1106112876131411_958039263622046936_o.jpg?resize=525%2C300&ssl=1 1.5x, https:\/\/i0.wp.com\/www.grieta.org.mx\/wp-content\/uploads\/2018\/03\/14524434_1106112876131411_958039263622046936_o.jpg?resize=700%2C400&ssl=1 2x"},"classes":[]},{"id":8413,"url":"https:\/\/www.grieta.org.mx\/index.php\/2015\/08\/01\/periodistas-se-manifiestan-en-veracruz-para-exigir-justicia-en-el-crimen-de-ruben-espinosa\/","url_meta":{"origin":38898,"position":2},"title":"Periodistas se manifiestan en Veracruz para exigir justicia en el crimen de Rub\u00e9n Espinosa","author":"Admin","date":"1 agosto, 2015","format":false,"excerpt":"Ciudad de M\u00e9xico, 1 de agosto (SinEmbargo).\u2013 Periodistas y amigos de Rub\u00e9n Espinosa Becerril se congregaron en la Plaza Lerdo, Xalapa, Veracruz, para exigir justicia por el homicidio del fotoperiodista ocurrido la noche de este viernes en un departamento de la colonia Narvarte, en la Ciudad de M\u00e9xico. Los manifestantes\u2026","rel":"","context":"En &quot;CINTILLO&quot;","block_context":{"text":"CINTILLO","link":"https:\/\/www.grieta.org.mx\/index.php\/category\/cintillo\/"},"img":{"alt_text":"","src":"https:\/\/i0.wp.com\/www.grieta.org.mx\/wp-content\/uploads\/2018\/03\/14524434_1106112876131411_958039263622046936_o.jpg?resize=350%2C200&ssl=1","width":350,"height":200,"srcset":"https:\/\/i0.wp.com\/www.grieta.org.mx\/wp-content\/uploads\/2018\/03\/14524434_1106112876131411_958039263622046936_o.jpg?resize=350%2C200&ssl=1 1x, https:\/\/i0.wp.com\/www.grieta.org.mx\/wp-content\/uploads\/2018\/03\/14524434_1106112876131411_958039263622046936_o.jpg?resize=525%2C300&ssl=1 1.5x, https:\/\/i0.wp.com\/www.grieta.org.mx\/wp-content\/uploads\/2018\/03\/14524434_1106112876131411_958039263622046936_o.jpg?resize=700%2C400&ssl=1 2x"},"classes":[]},{"id":7552,"url":"https:\/\/www.grieta.org.mx\/index.php\/2015\/08\/05\/protestaran-periodistas-de-tlaxcala-por-asesinato-de-ruben-espinosa\/","url_meta":{"origin":38898,"position":3},"title":"Protestar\u00e1n periodistas de Tlaxcala por asesinato de Rub\u00e9n Espinosa","author":"grieta","date":"5 agosto, 2015","format":false,"excerpt":"Alex G\u00f3mez\/Monitor Tlaxcala La Confederaci\u00f3n de Periodistas convoc\u00f3 a todos los integrantes del gremio en la entidad para llevar a cabo un acto de protesta por el asesinato del fotoperiodista Ruben Espinosa este 5 de agosto frente Palacio de Gobierno de Tlaxcala a las 18:30 hrs. Asimismo, la organizaci\u00f3n de\u2026","rel":"","context":"En &quot;CINTILLO&quot;","block_context":{"text":"CINTILLO","link":"https:\/\/www.grieta.org.mx\/index.php\/category\/cintillo\/"},"img":{"alt_text":"","src":"https:\/\/i0.wp.com\/www.grieta.org.mx\/wp-content\/uploads\/2018\/03\/14524434_1106112876131411_958039263622046936_o.jpg?resize=350%2C200&ssl=1","width":350,"height":200,"srcset":"https:\/\/i0.wp.com\/www.grieta.org.mx\/wp-content\/uploads\/2018\/03\/14524434_1106112876131411_958039263622046936_o.jpg?resize=350%2C200&ssl=1 1x, https:\/\/i0.wp.com\/www.grieta.org.mx\/wp-content\/uploads\/2018\/03\/14524434_1106112876131411_958039263622046936_o.jpg?resize=525%2C300&ssl=1 1.5x, https:\/\/i0.wp.com\/www.grieta.org.mx\/wp-content\/uploads\/2018\/03\/14524434_1106112876131411_958039263622046936_o.jpg?resize=700%2C400&ssl=1 2x"},"classes":[]},{"id":9354,"url":"https:\/\/www.grieta.org.mx\/index.php\/2016\/02\/11\/periodistas-se-manifiestan-contra-gobierno-de-veracruz\/","url_meta":{"origin":38898,"position":4},"title":"Periodistas se manifiestan contra gobierno de Veracruz","author":"grieta","date":"11 febrero, 2016","format":false,"excerpt":"Somos el medio No se mata la verdad matando periodistas Autor(es): Mario Marlo Eduardo Blas Covarrubias CDMX 11 febrero 2016.- Una vez m\u00e1s, representantes de los medios de comunicaci\u00f3n entre fot\u00f3grafos, reporteros y camar\u00f3grafos, se dieron cita en la representaci\u00f3n de Veracruz para manifestarse contra la impunidad, omisi\u00f3n y violencia\u2026","rel":"","context":"En &quot;CINTILLO&quot;","block_context":{"text":"CINTILLO","link":"https:\/\/www.grieta.org.mx\/index.php\/category\/cintillo\/"},"img":{"alt_text":"","src":"https:\/\/i0.wp.com\/www.grieta.org.mx\/wp-content\/uploads\/2018\/03\/14524434_1106112876131411_958039263622046936_o.jpg?resize=350%2C200&ssl=1","width":350,"height":200,"srcset":"https:\/\/i0.wp.com\/www.grieta.org.mx\/wp-content\/uploads\/2018\/03\/14524434_1106112876131411_958039263622046936_o.jpg?resize=350%2C200&ssl=1 1x, https:\/\/i0.wp.com\/www.grieta.org.mx\/wp-content\/uploads\/2018\/03\/14524434_1106112876131411_958039263622046936_o.jpg?resize=525%2C300&ssl=1 1.5x, https:\/\/i0.wp.com\/www.grieta.org.mx\/wp-content\/uploads\/2018\/03\/14524434_1106112876131411_958039263622046936_o.jpg?resize=700%2C400&ssl=1 2x"},"classes":[]},{"id":4402,"url":"https:\/\/www.grieta.org.mx\/index.php\/2015\/08\/02\/periodistas-de-nuevo-leon-se-suman-a-exigencia-de-justicia-por-asesinato-de-ruben\/","url_meta":{"origin":38898,"position":5},"title":"Periodistas de Nuevo Le\u00f3n se suman a exigencia de justicia por asesinato de Rub\u00e9n","author":"grieta","date":"2 agosto, 2015","format":false,"excerpt":"Proceso MONTERREY, N.L. (proceso.com.mx).- Periodistas de Nuevo Le\u00f3n protestaron esta tarde por el asesinato del fot\u00f3grafo de Proceso, Rub\u00e9n Espinosa, quien fue encontrado muerto el s\u00e1bado en el Distrito Federal. Una ofrenda floral luctuosa con la leyenda: \u201cPeriodistas: ni un muerto m\u00e1s\u201d, fue colocada al pie del Monumento de la\u2026","rel":"","context":"En &quot;CINTILLO&quot;","block_context":{"text":"CINTILLO","link":"https:\/\/www.grieta.org.mx\/index.php\/category\/cintillo\/"},"img":{"alt_text":"","src":"https:\/\/i0.wp.com\/www.grieta.org.mx\/wp-content\/uploads\/2018\/03\/14524434_1106112876131411_958039263622046936_o.jpg?resize=350%2C200&ssl=1","width":350,"height":200,"srcset":"https:\/\/i0.wp.com\/www.grieta.org.mx\/wp-content\/uploads\/2018\/03\/14524434_1106112876131411_958039263622046936_o.jpg?resize=350%2C200&ssl=1 1x, https:\/\/i0.wp.com\/www.grieta.org.mx\/wp-content\/uploads\/2018\/03\/14524434_1106112876131411_958039263622046936_o.jpg?resize=525%2C300&ssl=1 1.5x, https:\/\/i0.wp.com\/www.grieta.org.mx\/wp-content\/uploads\/2018\/03\/14524434_1106112876131411_958039263622046936_o.jpg?resize=700%2C400&ssl=1 2x"},"classes":[]}],"_links":{"self":[{"href":"https:\/\/www.grieta.org.mx\/index.php\/wp-json\/wp\/v2\/posts\/38898","targetHints":{"allow":["GET"]}}],"collection":[{"href":"https:\/\/www.grieta.org.mx\/index.php\/wp-json\/wp\/v2\/posts"}],"about":[{"href":"https:\/\/www.grieta.org.mx\/index.php\/wp-json\/wp\/v2\/types\/post"}],"author":[{"embeddable":true,"href":"https:\/\/www.grieta.org.mx\/index.php\/wp-json\/wp\/v2\/users\/2"}],"replies":[{"embeddable":true,"href":"https:\/\/www.grieta.org.mx\/index.php\/wp-json\/wp\/v2\/comments?post=38898"}],"version-history":[{"count":1,"href":"https:\/\/www.grieta.org.mx\/index.php\/wp-json\/wp\/v2\/posts\/38898\/revisions"}],"predecessor-version":[{"id":38901,"href":"https:\/\/www.grieta.org.mx\/index.php\/wp-json\/wp\/v2\/posts\/38898\/revisions\/38901"}],"wp:featuredmedia":[{"embeddable":true,"href":"https:\/\/www.grieta.org.mx\/index.php\/wp-json\/wp\/v2\/media\/38899"}],"wp:attachment":[{"href":"https:\/\/www.grieta.org.mx\/index.php\/wp-json\/wp\/v2\/media?parent=38898"}],"wp:term":[{"taxonomy":"category","embeddable":true,"href":"https:\/\/www.grieta.org.mx\/index.php\/wp-json\/wp\/v2\/categories?post=38898"},{"taxonomy":"post_tag","embeddable":true,"href":"https:\/\/www.grieta.org.mx\/index.php\/wp-json\/wp\/v2\/tags?post=38898"}],"curies":[{"name":"wp","href":"https:\/\/api.w.org\/{rel}","templated":true}]}}