{"id":38837,"date":"2019-09-02T19:46:31","date_gmt":"2019-09-03T00:46:31","guid":{"rendered":"http:\/\/www.grieta.org.mx\/?p=38837"},"modified":"2019-09-05T19:52:25","modified_gmt":"2019-09-06T00:52:25","slug":"feministas-de-vallarta-exigiran-a-enrique-alfaro-acciones-contra-feminicidios-jalisco","status":"publish","type":"post","link":"https:\/\/www.grieta.org.mx\/index.php\/2019\/09\/02\/feministas-de-vallarta-exigiran-a-enrique-alfaro-acciones-contra-feminicidios-jalisco\/","title":{"rendered":"Feministas de Vallarta exigir\u00e1n a Enrique Alfaro acciones contra feminicidios (Jalisco)"},"content":{"rendered":"<p><img loading=\"lazy\" decoding=\"async\" data-attachment-id=\"38838\" data-permalink=\"https:\/\/www.grieta.org.mx\/index.php\/2019\/09\/02\/feministas-de-vallarta-exigiran-a-enrique-alfaro-acciones-contra-feminicidios-jalisco\/manifestacion-feminista-en-puerto-vallarta-1\/\" data-orig-file=\"https:\/\/www.grieta.org.mx\/wp-content\/uploads\/2019\/09\/Manifestaci\u00f3n-feminista-en-Puerto-Vallarta-1.jpeg\" data-orig-size=\"1024,512\" data-comments-opened=\"0\" data-image-meta=\"{&quot;aperture&quot;:&quot;0&quot;,&quot;credit&quot;:&quot;&quot;,&quot;camera&quot;:&quot;&quot;,&quot;caption&quot;:&quot;&quot;,&quot;created_timestamp&quot;:&quot;0&quot;,&quot;copyright&quot;:&quot;&quot;,&quot;focal_length&quot;:&quot;0&quot;,&quot;iso&quot;:&quot;0&quot;,&quot;shutter_speed&quot;:&quot;0&quot;,&quot;title&quot;:&quot;&quot;,&quot;orientation&quot;:&quot;1&quot;}\" data-image-title=\"Manifestaci\u00f3n-feminista-en-Puerto-Vallarta-1\" data-image-description=\"\" data-image-caption=\"\" data-medium-file=\"https:\/\/www.grieta.org.mx\/wp-content\/uploads\/2019\/09\/Manifestaci\u00f3n-feminista-en-Puerto-Vallarta-1-300x150.jpeg\" data-large-file=\"https:\/\/www.grieta.org.mx\/wp-content\/uploads\/2019\/09\/Manifestaci\u00f3n-feminista-en-Puerto-Vallarta-1-1024x512.jpeg\" class=\" wp-image-38838 aligncenter\" src=\"http:\/\/www.grieta.org.mx\/wp-content\/uploads\/2019\/09\/Manifestaci\u00f3n-feminista-en-Puerto-Vallarta-1.jpeg\" alt=\"\" width=\"800\" height=\"400\" srcset=\"https:\/\/www.grieta.org.mx\/wp-content\/uploads\/2019\/09\/Manifestaci\u00f3n-feminista-en-Puerto-Vallarta-1.jpeg 1024w, https:\/\/www.grieta.org.mx\/wp-content\/uploads\/2019\/09\/Manifestaci\u00f3n-feminista-en-Puerto-Vallarta-1-300x150.jpeg 300w, https:\/\/www.grieta.org.mx\/wp-content\/uploads\/2019\/09\/Manifestaci\u00f3n-feminista-en-Puerto-Vallarta-1-768x384.jpeg 768w, https:\/\/www.grieta.org.mx\/wp-content\/uploads\/2019\/09\/Manifestaci\u00f3n-feminista-en-Puerto-Vallarta-1-1000x500.jpeg 1000w\" sizes=\"auto, (max-width: 800px) 100vw, 800px\" \/><\/p>\n<p>Foto: Vallarta Opina<\/p>\n<p>Jos\u00e9 Luis Burgos \/ Vallarta Opina<\/p>\n<p>El colectivo de activistas mujeres \u201cVallarta Fem\u201d ha anunciado su intenci\u00f3n de enviar un pliego petitorio al Gobierno de Jalisco para que tome cartas en la crisis de feminicidios y trata de mujeres que existe en Puerto Vallarta.<\/p>\n<p>Esto, luego de anteriormente haber enviado un primer pliego petitorio a todos los regidores del Ayuntamiento de Puerto Vallarta y al acalde, Arturo D\u00e1valos, en el que el colectivo feminsta ped\u00eda mejores condiciones de seguridad para las mujeres.<\/p>\n<p>Sin embargo, relata el comunicado de Vallarta Fem, una de las regidoras, Norma Ang\u00e9lica, de la Comisi\u00f3n de Igualdad de G\u00e9nero, les respondi\u00f3 que el municipio \u201cno puede hacer nada ante lo que est\u00e1 pasando ya que no est\u00e1 facultado para actuar\u201d.<\/p>\n<p>Entre las peticiones de Vallarta FEM, est\u00e1n protocolos para protecci\u00f3n de mujeres, evaluaci\u00f3n psicol\u00f3gica de polic\u00edas, reducir el tiempo de espera para reportar a una persona desaparecida y mayores sanciones ante el acoso f\u00edsico o virtual a las mujeres.<\/p>\n<article id=\"post-301338\" class=\"post post-inner category-5055\"><strong>Alerta de genero<\/strong>Apenas a principios de julio pasado, la Comisi\u00f3n Estatal de Derechos Humanos de Jalisco (CEDHJ) emiti\u00f3 una alerta por trata de personas, con foco rojo en el sector de las mujeres, para Puerto Vallarta, que advert\u00eda sobre \u201cla problem\u00e1tica de la trata de personas y del n\u00famero de casos de muertes violentas de mujeres registradas por el Instituto Jalisciense de Ciencias Forenses\u201d.La CEDHJ hizo observaciones al municipio sobre el seguimiento de la alerta de violencia de g\u00e9nero: \u201cse encontr\u00f3 que no hay un grupo especializado de b\u00fasqueda y reacci\u00f3n inmediata. Los colectivos solicitaron coordinaci\u00f3n con estados vecinos para la b\u00fasqueda inmediata de mujeres y ni\u00f1as desaparecidas, y no hay reportes de seguimiento de \u00f3rdenes de protecci\u00f3n\u201d.<\/p>\n<p>En lo que va del a\u00f1o, se han registrado 8 feminicidios en Puerto Vallarta.<\/p>\n<p><a href=\"http:\/\/vallartaopina.net\/2019\/09\/02\/notas-principales-del-dia\/feministas-de-vallarta-exigiran-a-enrique-alfaro-acciones-contra-feminicidios\/\">http:\/\/vallartaopina.net\/2019\/09\/02\/notas-principales-del-dia\/feministas-de-vallarta-exigiran-a-enrique-alfaro-acciones-contra-feminicidios\/<\/a><\/p>\n<\/article>\n","protected":false},"excerpt":{"rendered":"<p>Foto: Vallarta Opina Jos\u00e9 Luis Burgos \/ Vallarta Opina El colectivo de activistas mujeres \u201cVallarta Fem\u201d ha anunciado su intenci\u00f3n de enviar un pliego petitorio al Gobierno de Jalisco para &hellip; <a href=\"https:\/\/www.grieta.org.mx\/index.php\/2019\/09\/02\/feministas-de-vallarta-exigiran-a-enrique-alfaro-acciones-contra-feminicidios-jalisco\/\" class=\"more-link\">Leer m\u00e1s<\/a><\/p>\n","protected":false},"author":2,"featured_media":38838,"comment_status":"closed","ping_status":"closed","sticky":false,"template":"","format":"standard","meta":{"ngg_post_thumbnail":0,"_jetpack_newsletter_access":"","_jetpack_dont_email_post_to_subs":false,"_jetpack_newsletter_tier_id":0,"_jetpack_memberships_contains_paywalled_content":false,"_jetpack_memberships_contains_paid_content":false,"footnotes":""},"categories":[80,84,2107,20,2,83],"tags":[81,1428],"class_list":["post-38837","post","type-post","status-publish","format-standard","has-post-thumbnail","hentry","category-cintillo","category-feminicidios","category-feminicidios-en-jalisco","category-jalisco","category-noticias-nacionales","category-temas-nacionales","tag-feminicidios","tag-protestas-contra-el-feminicidio","entry"],"jetpack_featured_media_url":"https:\/\/www.grieta.org.mx\/wp-content\/uploads\/2019\/09\/Manifestaci\u00f3n-feminista-en-Puerto-Vallarta-1.jpeg","jetpack_sharing_enabled":true,"jetpack_shortlink":"https:\/\/wp.me\/p7ZJR4-a6p","jetpack_likes_enabled":false,"jetpack-related-posts":[{"id":63695,"url":"https:\/\/www.grieta.org.mx\/index.php\/2022\/03\/08\/marchan-mujeres-de-vallarta-para-exigir-respeto-y-seguridad-jalisco\/","url_meta":{"origin":38837,"position":0},"title":"Marchan mujeres de Vallarta para exigir respeto y seguridad (Jalisco)","author":"grieta","date":"8 marzo, 2022","format":false,"excerpt":"Foto: Tribuna de la Bah\u00eda Brenda Beltr\u00e1n \/ Tribuna de la Bah\u00eda Cientos de mujeres, pertenecientes a colectivos de\u00a0Puerto Vallarta, estudiantes, madres de familias y m\u00e1s, salieron a\u00a0marchar este 8 de marzo\u00a0de forma pac\u00edfica, exigiendo a las autoridades que sean escuchadas ante la violencia que se vive en la ciudad.\u2026","rel":"","context":"En &quot;CINTILLO&quot;","block_context":{"text":"CINTILLO","link":"https:\/\/www.grieta.org.mx\/index.php\/category\/cintillo\/"},"img":{"alt_text":"","src":"https:\/\/i0.wp.com\/www.grieta.org.mx\/wp-content\/uploads\/2022\/03\/marcha-8m-cover.jpg?resize=350%2C200&ssl=1","width":350,"height":200,"srcset":"https:\/\/i0.wp.com\/www.grieta.org.mx\/wp-content\/uploads\/2022\/03\/marcha-8m-cover.jpg?resize=350%2C200&ssl=1 1x, https:\/\/i0.wp.com\/www.grieta.org.mx\/wp-content\/uploads\/2022\/03\/marcha-8m-cover.jpg?resize=525%2C300&ssl=1 1.5x, https:\/\/i0.wp.com\/www.grieta.org.mx\/wp-content\/uploads\/2022\/03\/marcha-8m-cover.jpg?resize=700%2C400&ssl=1 2x"},"classes":[]},{"id":62790,"url":"https:\/\/www.grieta.org.mx\/index.php\/2021\/11\/25\/marchan-mujeres-para-exigir-alto-a-la-violencia-en-vallarta-jalisco\/","url_meta":{"origin":38837,"position":1},"title":"Marchan mujeres para exigir alto a la violencia en Vallarta (Jalisco)","author":"grieta","date":"25 noviembre, 2021","format":false,"excerpt":"Foto: Tribuna de la Bah\u00eda Brenda Beltr\u00e1n \/ Tribuna de la Bah\u00eda Este jueves, colectivos de mujeres, hombres y ciudadanos en general, marcharon para exigir un alto a la violencia contra las mujeres de\u00a0Puerto Vallarta, saliendo del parque de\u00a0Las Mujeres hasta llegar a Los Arcos del Malec\u00f3n. Como ya se\u2026","rel":"","context":"En &quot;CINTILLO&quot;","block_context":{"text":"CINTILLO","link":"https:\/\/www.grieta.org.mx\/index.php\/category\/cintillo\/"},"img":{"alt_text":"","src":"https:\/\/i0.wp.com\/www.grieta.org.mx\/wp-content\/uploads\/2021\/11\/marcha-contra-violencia-vallarta-2-cover.jpg?resize=350%2C200&ssl=1","width":350,"height":200,"srcset":"https:\/\/i0.wp.com\/www.grieta.org.mx\/wp-content\/uploads\/2021\/11\/marcha-contra-violencia-vallarta-2-cover.jpg?resize=350%2C200&ssl=1 1x, https:\/\/i0.wp.com\/www.grieta.org.mx\/wp-content\/uploads\/2021\/11\/marcha-contra-violencia-vallarta-2-cover.jpg?resize=525%2C300&ssl=1 1.5x, https:\/\/i0.wp.com\/www.grieta.org.mx\/wp-content\/uploads\/2021\/11\/marcha-contra-violencia-vallarta-2-cover.jpg?resize=700%2C400&ssl=1 2x"},"classes":[]},{"id":52647,"url":"https:\/\/www.grieta.org.mx\/index.php\/2020\/08\/12\/https-www-somoselmedio-com-2020-08-12-colectivas-feministas-declaran-en-semaforo-rojo-a-los-municipios-de-puerto-vallarta-y-bahia-de-banderas-por-violencia-sexual-y-feminicida\/","url_meta":{"origin":38837,"position":2},"title":"Colectivas feministas declaran en Sem\u00e1foro Rojo a los municipios de Puerto Vallarta y Bah\u00eda de Banderas por violencia sexual y feminicida (Nayarit, Jalisco)","author":"grieta","date":"12 agosto, 2020","format":false,"excerpt":"Foto: Somos el Medio Redacci\u00f3n \/ @Somoselmeio Esta tarde, el Comit\u00e9 para Am\u00e9rica Latina y el Caribe para la Defensa de los Derechos de las Mujeres (Cladem), el Colectivo Mujeres Puerto Vallarta, el Colectivo MAM y mujeres feministas, declararon en\u00a0Sem\u00e1foro Rojo a los municipios de Puerto Vallarta y Bah\u00eda de\u2026","rel":"","context":"En &quot;CINTILLO&quot;","block_context":{"text":"CINTILLO","link":"https:\/\/www.grieta.org.mx\/index.php\/category\/cintillo\/"},"img":{"alt_text":"","src":"https:\/\/i0.wp.com\/www.grieta.org.mx\/wp-content\/uploads\/2020\/08\/feminicidios-768x1024.jpg?resize=350%2C200&ssl=1","width":350,"height":200,"srcset":"https:\/\/i0.wp.com\/www.grieta.org.mx\/wp-content\/uploads\/2020\/08\/feminicidios-768x1024.jpg?resize=350%2C200&ssl=1 1x, https:\/\/i0.wp.com\/www.grieta.org.mx\/wp-content\/uploads\/2020\/08\/feminicidios-768x1024.jpg?resize=525%2C300&ssl=1 1.5x, https:\/\/i0.wp.com\/www.grieta.org.mx\/wp-content\/uploads\/2020\/08\/feminicidios-768x1024.jpg?resize=700%2C400&ssl=1 2x"},"classes":[]},{"id":66466,"url":"https:\/\/www.grieta.org.mx\/index.php\/2023\/03\/08\/puerto-vallarta-mas-de-mil-500-mujeres-alzan-la-voz-en-el-puerto-y-exigen-seguridad-jalisco\/","url_meta":{"origin":38837,"position":3},"title":"Puerto Vallarta: M\u00e1s de mil 500 mujeres alzan la voz en el puerto y exigen seguridad (Jalisco)","author":"grieta","date":"8 marzo, 2023","format":false,"excerpt":"Imagen: Cortes\u00eda V\u00edctor Ch\u00e1vez \/ El Occidental En\u00a0Puerto Vallarta, Jalisco, donde en los \u00faltimos 7 a\u00f1os se han dado casi 10 feminicidios por a\u00f1o, m\u00e1s de mil 500 mujeres, principalmente estudiantes, marchan esta tarde hacia la zona tur\u00edstica, dejando a su paso consignas y reclamos sobre la inseguridad que se\u2026","rel":"","context":"En &quot;CINTILLO&quot;","block_context":{"text":"CINTILLO","link":"https:\/\/www.grieta.org.mx\/index.php\/category\/cintillo\/"},"img":{"alt_text":"","src":"https:\/\/i0.wp.com\/www.grieta.org.mx\/wp-content\/uploads\/2023\/03\/Marcha-8M-en-Puerto-Vallarta-Jalisco.jpg?resize=350%2C200&ssl=1","width":350,"height":200,"srcset":"https:\/\/i0.wp.com\/www.grieta.org.mx\/wp-content\/uploads\/2023\/03\/Marcha-8M-en-Puerto-Vallarta-Jalisco.jpg?resize=350%2C200&ssl=1 1x, https:\/\/i0.wp.com\/www.grieta.org.mx\/wp-content\/uploads\/2023\/03\/Marcha-8M-en-Puerto-Vallarta-Jalisco.jpg?resize=525%2C300&ssl=1 1.5x, https:\/\/i0.wp.com\/www.grieta.org.mx\/wp-content\/uploads\/2023\/03\/Marcha-8M-en-Puerto-Vallarta-Jalisco.jpg?resize=700%2C400&ssl=1 2x"},"classes":[]},{"id":65804,"url":"https:\/\/www.grieta.org.mx\/index.php\/2022\/11\/26\/estado-feminicida-denuncian-colectivos-feministas-vallarta-entre-los-municipios-con-mas-feminicidios-del-pais-jalisco\/","url_meta":{"origin":38837,"position":4},"title":"\u201cEstado feminicida\u201d denuncian colectivos feministas, Vallarta entre los municipios con mas feminicidios del pa\u00eds (Jalisco)","author":"grieta","date":"26 noviembre, 2022","format":false,"excerpt":"Imagen: Tribuna de la Bah\u00eda Carolina G\u00f3mez Agui\u00f1aga \/ Tribuna de la Bah\u00eda Como \u201cEstado feminicida\u201d calificaron los colectivos feministas de Puerto Vallarta a Jalisco durante la marcha que realizaron del Parque de las Mujeres a Los Arcos del Malec\u00f3n en el D\u00eda Internacional de la Eliminaci\u00f3n de la Violencia\u2026","rel":"","context":"En &quot;CINTILLO&quot;","block_context":{"text":"CINTILLO","link":"https:\/\/www.grieta.org.mx\/index.php\/category\/cintillo\/"},"img":{"alt_text":"","src":"https:\/\/i0.wp.com\/www.grieta.org.mx\/wp-content\/uploads\/2022\/11\/marcha-feminista-25-noviembre-2-cover.jpg?resize=350%2C200&ssl=1","width":350,"height":200,"srcset":"https:\/\/i0.wp.com\/www.grieta.org.mx\/wp-content\/uploads\/2022\/11\/marcha-feminista-25-noviembre-2-cover.jpg?resize=350%2C200&ssl=1 1x, https:\/\/i0.wp.com\/www.grieta.org.mx\/wp-content\/uploads\/2022\/11\/marcha-feminista-25-noviembre-2-cover.jpg?resize=525%2C300&ssl=1 1.5x, https:\/\/i0.wp.com\/www.grieta.org.mx\/wp-content\/uploads\/2022\/11\/marcha-feminista-25-noviembre-2-cover.jpg?resize=700%2C400&ssl=1 2x"},"classes":[]},{"id":37648,"url":"https:\/\/www.grieta.org.mx\/index.php\/2019\/08\/08\/hay-un-feminicidio-por-mes-en-puerto-vallarta-el-ultimo-ayer-jalisco\/","url_meta":{"origin":38837,"position":5},"title":"Hay un feminicidio por mes en Puerto Vallarta; el \u00faltimo, ayer (Jalisco)","author":"grieta","date":"8 agosto, 2019","format":false,"excerpt":"Foto: Vallarta Opina Jos\u00e9 Reyes Burgos \/ Vallarta Opina A ritmo de un asesinato de mujer por motivos de su g\u00e9nero cada mes es que se est\u00e1n registrando estos delitos en Puerto Vallarta, toda vez que el \u00faltimo crimen de esta \u00edndole ocurri\u00f3 apenas por la ma\u00f1ana de ayer, en\u2026","rel":"","context":"En &quot;CINTILLO&quot;","block_context":{"text":"CINTILLO","link":"https:\/\/www.grieta.org.mx\/index.php\/category\/cintillo\/"},"img":{"alt_text":"","src":"https:\/\/i0.wp.com\/www.grieta.org.mx\/wp-content\/uploads\/2019\/08\/femini.jpg?resize=350%2C200&ssl=1","width":350,"height":200,"srcset":"https:\/\/i0.wp.com\/www.grieta.org.mx\/wp-content\/uploads\/2019\/08\/femini.jpg?resize=350%2C200&ssl=1 1x, https:\/\/i0.wp.com\/www.grieta.org.mx\/wp-content\/uploads\/2019\/08\/femini.jpg?resize=525%2C300&ssl=1 1.5x"},"classes":[]}],"_links":{"self":[{"href":"https:\/\/www.grieta.org.mx\/index.php\/wp-json\/wp\/v2\/posts\/38837","targetHints":{"allow":["GET"]}}],"collection":[{"href":"https:\/\/www.grieta.org.mx\/index.php\/wp-json\/wp\/v2\/posts"}],"about":[{"href":"https:\/\/www.grieta.org.mx\/index.php\/wp-json\/wp\/v2\/types\/post"}],"author":[{"embeddable":true,"href":"https:\/\/www.grieta.org.mx\/index.php\/wp-json\/wp\/v2\/users\/2"}],"replies":[{"embeddable":true,"href":"https:\/\/www.grieta.org.mx\/index.php\/wp-json\/wp\/v2\/comments?post=38837"}],"version-history":[{"count":1,"href":"https:\/\/www.grieta.org.mx\/index.php\/wp-json\/wp\/v2\/posts\/38837\/revisions"}],"predecessor-version":[{"id":38839,"href":"https:\/\/www.grieta.org.mx\/index.php\/wp-json\/wp\/v2\/posts\/38837\/revisions\/38839"}],"wp:featuredmedia":[{"embeddable":true,"href":"https:\/\/www.grieta.org.mx\/index.php\/wp-json\/wp\/v2\/media\/38838"}],"wp:attachment":[{"href":"https:\/\/www.grieta.org.mx\/index.php\/wp-json\/wp\/v2\/media?parent=38837"}],"wp:term":[{"taxonomy":"category","embeddable":true,"href":"https:\/\/www.grieta.org.mx\/index.php\/wp-json\/wp\/v2\/categories?post=38837"},{"taxonomy":"post_tag","embeddable":true,"href":"https:\/\/www.grieta.org.mx\/index.php\/wp-json\/wp\/v2\/tags?post=38837"}],"curies":[{"name":"wp","href":"https:\/\/api.w.org\/{rel}","templated":true}]}}