{"id":38803,"date":"2019-09-03T18:24:16","date_gmt":"2019-09-03T23:24:16","guid":{"rendered":"http:\/\/www.grieta.org.mx\/?p=38803"},"modified":"2019-09-04T18:30:50","modified_gmt":"2019-09-04T23:30:50","slug":"maestros-afiliados-al-snte-27-denuncian-acoso-laboral-sinaloa","status":"publish","type":"post","link":"https:\/\/www.grieta.org.mx\/index.php\/2019\/09\/03\/maestros-afiliados-al-snte-27-denuncian-acoso-laboral-sinaloa\/","title":{"rendered":"Maestros afiliados al SNTE 27 denuncian acoso laboral (Sinaloa)"},"content":{"rendered":"<p><img loading=\"lazy\" decoding=\"async\" data-attachment-id=\"38804\" data-permalink=\"https:\/\/www.grieta.org.mx\/index.php\/2019\/09\/03\/maestros-afiliados-al-snte-27-denuncian-acoso-laboral-sinaloa\/maestros_afiliados_al_snte_27_denuncian_acoso_laboral-jpg_219914347\/\" data-orig-file=\"https:\/\/www.grieta.org.mx\/wp-content\/uploads\/2019\/09\/maestros_afiliados_al_snte_27_denuncian_acoso_laboral.jpg_219914347.jpg\" data-orig-size=\"960,540\" data-comments-opened=\"0\" data-image-meta=\"{&quot;aperture&quot;:&quot;0&quot;,&quot;credit&quot;:&quot;&quot;,&quot;camera&quot;:&quot;&quot;,&quot;caption&quot;:&quot;&quot;,&quot;created_timestamp&quot;:&quot;0&quot;,&quot;copyright&quot;:&quot;&quot;,&quot;focal_length&quot;:&quot;0&quot;,&quot;iso&quot;:&quot;0&quot;,&quot;shutter_speed&quot;:&quot;0&quot;,&quot;title&quot;:&quot;&quot;,&quot;orientation&quot;:&quot;0&quot;}\" data-image-title=\"maestros_afiliados_al_snte_27_denuncian_acoso_laboral.jpg_219914347\" data-image-description=\"\" data-image-caption=\"\" data-medium-file=\"https:\/\/www.grieta.org.mx\/wp-content\/uploads\/2019\/09\/maestros_afiliados_al_snte_27_denuncian_acoso_laboral.jpg_219914347-300x169.jpg\" data-large-file=\"https:\/\/www.grieta.org.mx\/wp-content\/uploads\/2019\/09\/maestros_afiliados_al_snte_27_denuncian_acoso_laboral.jpg_219914347.jpg\" class=\" wp-image-38804 aligncenter\" src=\"http:\/\/www.grieta.org.mx\/wp-content\/uploads\/2019\/09\/maestros_afiliados_al_snte_27_denuncian_acoso_laboral.jpg_219914347.jpg\" alt=\"\" width=\"800\" height=\"450\" srcset=\"https:\/\/www.grieta.org.mx\/wp-content\/uploads\/2019\/09\/maestros_afiliados_al_snte_27_denuncian_acoso_laboral.jpg_219914347.jpg 960w, https:\/\/www.grieta.org.mx\/wp-content\/uploads\/2019\/09\/maestros_afiliados_al_snte_27_denuncian_acoso_laboral.jpg_219914347-300x169.jpg 300w, https:\/\/www.grieta.org.mx\/wp-content\/uploads\/2019\/09\/maestros_afiliados_al_snte_27_denuncian_acoso_laboral.jpg_219914347-768x432.jpg 768w, https:\/\/www.grieta.org.mx\/wp-content\/uploads\/2019\/09\/maestros_afiliados_al_snte_27_denuncian_acoso_laboral.jpg_219914347-889x500.jpg 889w\" sizes=\"auto, (max-width: 800px) 100vw, 800px\" \/><\/p>\n<p>Foto: Ilustrativa El Debate<\/p>\n<p>Los docentes expresaron que el supervisor de la zona escolar 002, es quien realiza los atropellos en su contra, por lo que piden a Sepyc su intervenci\u00f3n<\/p>\n<p>Yamileth Zamudio Garc\u00eda \/ El Debate<\/p>\n<p><strong>Sinaloa<\/strong>.- Maestros que est\u00e1n afiliados al Sindicato Nacional de Trabajadores de la Educaci\u00f3n, secci\u00f3n 27, denunciaron abusos de autoridad y acoso laboral del supervisor de la zona escolar 002, en contra de docentes.<\/p>\n<p>Exigen la intervenci\u00f3n del secretario de Educaci\u00f3n P\u00fablica y Cultura, Juan Alfonso Mej\u00eda L\u00f3pez, para que ponga fin a los supuestos atropellos y se resuelva de manera inmediata.<br \/>\nSilvia Marcela Moreno Torres, secretaria general del Comit\u00e9 Ejecutivo Delegacional D-1-100 del SNTE 27, acus\u00f3 que Jos\u00e9 Andr\u00e9s Montero Partida es quien comete todo tipo de atropellos en contra de los docentes, situaci\u00f3n que afecta el aprendizaje de alumnos, pues se realizan desde hace tiempo.<\/p>\n<p>Se\u00f1alaron que el supervisor hace cambios de adscripci\u00f3n de maestros sin tomar en cuenta sus derechos y necesidades, al no respetar las reglas de promoci\u00f3n y solo coloca a gente af\u00edn a \u00e9l para controlar las instituciones.<\/p>\n<p><strong>Respaldos<\/strong><\/p>\n<p>Las docentes manifestaron que el supervisor cuenta con el respaldo del subsecretario de Educaci\u00f3n Primaria, Joel Alfonso Espinosa Boj\u00f3rquez, quien le facilita todas sus acciones e incluso le da recursos y \u00f3rdenes de adscripci\u00f3n para maestros con menores derechos, al igual que el secretario de Conflictos del\u00a0SNTE 27, Genaro Torrecillas, sum\u00e1ndose a la red de corrupci\u00f3n al solo dar evasivas a las quejas.<\/p>\n<p>Coment\u00f3 que ha recibido miles de solicitudes y denuncias de que maestros han sido v\u00edctimas de amenazas y de acoso laboral.<\/p>\n<p>Por su parte, Ed\u00e9n Inzunza Bernal, secretario general \u00a0del\u00a0SNTE 27, desconoce el tema, pero dijo que se estar\u00e1 trabajando en atender cualquier tipo de problema que aqueje a \u00a0los maestros.<\/p>\n<p><a href=\"https:\/\/www.debate.com.mx\/culiacan\/Maestros-afiliados-al-SNTE-27-denuncian-acoso-laboral-20190903-0090.htm\">https:\/\/www.debate.com.mx\/culiacan\/Maestros-afiliados-al-SNTE-27-denuncian-acoso-laboral-20190903-0090.htm<\/a>l<\/p>\n","protected":false},"excerpt":{"rendered":"<p>Foto: Ilustrativa El Debate Los docentes expresaron que el supervisor de la zona escolar 002, es quien realiza los atropellos en su contra, por lo que piden a Sepyc su &hellip; <a href=\"https:\/\/www.grieta.org.mx\/index.php\/2019\/09\/03\/maestros-afiliados-al-snte-27-denuncian-acoso-laboral-sinaloa\/\" class=\"more-link\">Leer m\u00e1s<\/a><\/p>\n","protected":false},"author":2,"featured_media":38804,"comment_status":"closed","ping_status":"closed","sticky":false,"template":"","format":"standard","meta":{"ngg_post_thumbnail":0,"_jetpack_newsletter_access":"","_jetpack_dont_email_post_to_subs":false,"_jetpack_newsletter_tier_id":0,"_jetpack_memberships_contains_paywalled_content":false,"_jetpack_memberships_contains_paid_content":false,"footnotes":""},"categories":[80,1658,2,30],"tags":[324,2054,1361],"class_list":["post-38803","post","type-post","status-publish","format-standard","has-post-thumbnail","hentry","category-cintillo","category-conflictos-laborales-en-sinaloa","category-noticias-nacionales","category-sinaloa","tag-abuso-de-autoridad","tag-acoso-laboral","tag-protestas-de-maestros","entry"],"jetpack_featured_media_url":"https:\/\/www.grieta.org.mx\/wp-content\/uploads\/2019\/09\/maestros_afiliados_al_snte_27_denuncian_acoso_laboral.jpg_219914347.jpg","jetpack_sharing_enabled":true,"jetpack_shortlink":"https:\/\/wp.me\/p7ZJR4-a5R","jetpack_likes_enabled":false,"jetpack-related-posts":[{"id":26129,"url":"https:\/\/www.grieta.org.mx\/index.php\/2018\/08\/31\/toman-7-escuelas-federales-de-la-seccion-27-en-ahome-sinaloa\/","url_meta":{"origin":38803,"position":0},"title":"Toman 7 escuelas federales de la secci\u00f3n 27 en Ahome (Sinaloa)","author":"grieta","date":"31 agosto, 2018","format":false,"excerpt":"Toman 7 escuelas federales de la secci\u00f3n 27 en Ahome | EL DEBATE Los inconformes exigen basificaci\u00f3n y m\u00e1s docentes Hugo Mora Los Mochis, Sinaloa.- Maestros de las 7 escuelas secundarias federales de la secci\u00f3n 27 en el municipio de Ahome pararon labores en exigencias de basificaci\u00f3n de docentes y\u2026","rel":"","context":"En &quot;CINTILLO&quot;","block_context":{"text":"CINTILLO","link":"https:\/\/www.grieta.org.mx\/index.php\/category\/cintillo\/"},"img":{"alt_text":"","src":"https:\/\/i0.wp.com\/www.grieta.org.mx\/wp-content\/uploads\/2018\/09\/77e74208-1b72-4e43-a50a-b64845621daf.jpg_539665225.jpg?resize=350%2C200&ssl=1","width":350,"height":200,"srcset":"https:\/\/i0.wp.com\/www.grieta.org.mx\/wp-content\/uploads\/2018\/09\/77e74208-1b72-4e43-a50a-b64845621daf.jpg_539665225.jpg?resize=350%2C200&ssl=1 1x, https:\/\/i0.wp.com\/www.grieta.org.mx\/wp-content\/uploads\/2018\/09\/77e74208-1b72-4e43-a50a-b64845621daf.jpg_539665225.jpg?resize=525%2C300&ssl=1 1.5x"},"classes":[]},{"id":35829,"url":"https:\/\/www.grieta.org.mx\/index.php\/2019\/06\/27\/personal-de-icatsin-1-denuncia-acoso-laboral-de-su-director-sinaloa\/","url_meta":{"origin":38803,"position":1},"title":"Personal de Icatsin 1 denuncia acoso laboral de su director (Sinaloa)","author":"grieta","date":"27 junio, 2019","format":false,"excerpt":"Foto: El Debate Mar\u00eda Elizalde \/ El Debate Culiac\u00e1n, Sinaloa.- Los instructores de Icatsin plantel n\u00famero 1, desde las 8:00 horas evitaron ingresar a sus \u00e1reas de trabajo debido a que est\u00e1n en contra del acoso laboral que denunciaron recibir por quien ocupa el cargo de director, Miguel \u00c1ngel Sep\u00falveda\u2026","rel":"","context":"En &quot;CINTILLO&quot;","block_context":{"text":"CINTILLO","link":"https:\/\/www.grieta.org.mx\/index.php\/category\/cintillo\/"},"img":{"alt_text":"","src":"https:\/\/i0.wp.com\/www.grieta.org.mx\/wp-content\/uploads\/2019\/07\/personal_de_icatsin_1_denuncia_acoso_laboral_de_su_director.jpg_759710130.jpg?resize=350%2C200&ssl=1","width":350,"height":200,"srcset":"https:\/\/i0.wp.com\/www.grieta.org.mx\/wp-content\/uploads\/2019\/07\/personal_de_icatsin_1_denuncia_acoso_laboral_de_su_director.jpg_759710130.jpg?resize=350%2C200&ssl=1 1x, https:\/\/i0.wp.com\/www.grieta.org.mx\/wp-content\/uploads\/2019\/07\/personal_de_icatsin_1_denuncia_acoso_laboral_de_su_director.jpg_759710130.jpg?resize=525%2C300&ssl=1 1.5x, https:\/\/i0.wp.com\/www.grieta.org.mx\/wp-content\/uploads\/2019\/07\/personal_de_icatsin_1_denuncia_acoso_laboral_de_su_director.jpg_759710130.jpg?resize=700%2C400&ssl=1 2x, https:\/\/i0.wp.com\/www.grieta.org.mx\/wp-content\/uploads\/2019\/07\/personal_de_icatsin_1_denuncia_acoso_laboral_de_su_director.jpg_759710130.jpg?resize=1050%2C600&ssl=1 3x"},"classes":[]},{"id":18361,"url":"https:\/\/www.grieta.org.mx\/index.php\/2016\/07\/19\/maestros-reprueban-declaraciones-de-antelo-diva-sinaloa\/","url_meta":{"origin":38803,"position":2},"title":"Maestros reprueban declaraciones de Antelo-Diva (SINALOA)","author":"grieta","date":"19 julio, 2016","format":false,"excerpt":"Adri\u00e1n L\u00f3pez, Sinaloa. Docentes se manifestaron de manera pac\u00edfica contra la Reforma Educativa. Los Mochis, Sinaloa.- Maestros que integran el movimiento contra la Reforma Educativa en el norte de Sinaloa, reprobaron las declaraciones hechas por el diputado Bernardino Antelo y la senadora Diva Hadamira Gast\u00e9lum, donde aseguran que el estado\u2026","rel":"","context":"En &quot;CINTILLO&quot;","block_context":{"text":"CINTILLO","link":"https:\/\/www.grieta.org.mx\/index.php\/category\/cintillo\/"},"img":{"alt_text":"","src":"https:\/\/i0.wp.com\/www.grieta.org.mx\/wp-content\/uploads\/2018\/03\/14524434_1106112876131411_958039263622046936_o.jpg?resize=350%2C200&ssl=1","width":350,"height":200,"srcset":"https:\/\/i0.wp.com\/www.grieta.org.mx\/wp-content\/uploads\/2018\/03\/14524434_1106112876131411_958039263622046936_o.jpg?resize=350%2C200&ssl=1 1x, https:\/\/i0.wp.com\/www.grieta.org.mx\/wp-content\/uploads\/2018\/03\/14524434_1106112876131411_958039263622046936_o.jpg?resize=525%2C300&ssl=1 1.5x, https:\/\/i0.wp.com\/www.grieta.org.mx\/wp-content\/uploads\/2018\/03\/14524434_1106112876131411_958039263622046936_o.jpg?resize=700%2C400&ssl=1 2x"},"classes":[]},{"id":6903,"url":"https:\/\/www.grieta.org.mx\/index.php\/2016\/09\/13\/reforma-educativa-y-evaluacion-al-desempeno-en-sinaloa\/","url_meta":{"origin":38803,"position":3},"title":"Movilizaciones contra la Reforma educativa y evaluaci\u00f3n magisterial en Sinaloa","author":"grieta","date":"13 septiembre, 2016","format":false,"excerpt":"13\/09\/16. Mantienen lucha maestros cesados (Sinaloa) Noroeste 08\/09\/16. Maestros bloquean oficinas de la SNTE 27 (Sinaloa) El Debate 02\/09\/16. Maestros protestan en glorieta tur\u00edstica (Sinaloa) El Debate 29\/08\/16. \u201c\u00a1Un burro con le\u00f1a sabe m\u00e1s que Pe\u00f1a!\u201d, corean maestros en Sinaloa Proceso 20\/08\/16. Los maestros no se dan por vencidos (Sinaloa)\u2026","rel":"","context":"En &quot;NOTICIAS NACIONALES&quot;","block_context":{"text":"NOTICIAS NACIONALES","link":"https:\/\/www.grieta.org.mx\/index.php\/category\/noticias-nacionales\/"},"img":{"alt_text":"","src":"https:\/\/i0.wp.com\/www.grieta.org.mx\/wp-content\/uploads\/2018\/03\/14524434_1106112876131411_958039263622046936_o.jpg?resize=350%2C200&ssl=1","width":350,"height":200,"srcset":"https:\/\/i0.wp.com\/www.grieta.org.mx\/wp-content\/uploads\/2018\/03\/14524434_1106112876131411_958039263622046936_o.jpg?resize=350%2C200&ssl=1 1x, https:\/\/i0.wp.com\/www.grieta.org.mx\/wp-content\/uploads\/2018\/03\/14524434_1106112876131411_958039263622046936_o.jpg?resize=525%2C300&ssl=1 1.5x, https:\/\/i0.wp.com\/www.grieta.org.mx\/wp-content\/uploads\/2018\/03\/14524434_1106112876131411_958039263622046936_o.jpg?resize=700%2C400&ssl=1 2x"},"classes":[]},{"id":26096,"url":"https:\/\/www.grieta.org.mx\/index.php\/2018\/08\/30\/maestros-de-ingles-exigen-certidumbre-laboral-sinaloa\/","url_meta":{"origin":38803,"position":4},"title":"Maestros de ingl\u00e9s exigen certidumbre laboral (Sinaloa)","author":"grieta","date":"30 agosto, 2018","format":false,"excerpt":"Maestros de ingl\u00e9s exigen certidumbre laboral. Foto: V\u00edctor Hugo Olivas Se manifestaron a la entrada de las oficinas de Servicios Regionales de la SEPyC Blanca Regalado Mazatl\u00e1n, Sinaloa.- Maestros de ingl\u00e9s se manifestaron a la entrada de las oficinas de Servicios Regionales de la SEPyC y exigen a la autoridad\u2026","rel":"","context":"En &quot;CINTILLO&quot;","block_context":{"text":"CINTILLO","link":"https:\/\/www.grieta.org.mx\/index.php\/category\/cintillo\/"},"img":{"alt_text":"","src":"https:\/\/i0.wp.com\/www.grieta.org.mx\/wp-content\/uploads\/2018\/09\/whatsapp_image_2018-08-30_at_9_22_46_am_1.jpeg_539665225.jpeg?resize=350%2C200&ssl=1","width":350,"height":200,"srcset":"https:\/\/i0.wp.com\/www.grieta.org.mx\/wp-content\/uploads\/2018\/09\/whatsapp_image_2018-08-30_at_9_22_46_am_1.jpeg_539665225.jpeg?resize=350%2C200&ssl=1 1x, https:\/\/i0.wp.com\/www.grieta.org.mx\/wp-content\/uploads\/2018\/09\/whatsapp_image_2018-08-30_at_9_22_46_am_1.jpeg_539665225.jpeg?resize=525%2C300&ssl=1 1.5x"},"classes":[]},{"id":18369,"url":"https:\/\/www.grieta.org.mx\/index.php\/2016\/07\/26\/no-se-rinden-maestros-vuelven-a-protestar-sinaloa\/","url_meta":{"origin":38803,"position":5},"title":"No se rinden, maestros vuelven a protestar (SINALOA)","author":"grieta","date":"26 julio, 2016","format":false,"excerpt":"Redacci\u00f3n El Debate, Sinaloa. 15 maestros tomaron las calles para informar su postura en contra de la Reforma Educativa Los Mochis, Sinaloa.- Una vez m\u00e1s, maestros integrantes de la CNTE y del Movimiento Magisterial Sinaloense tomaron las calles del centro para manifestarse en contra de la Reforma Educativa. Un grupo\u2026","rel":"","context":"En &quot;CINTILLO&quot;","block_context":{"text":"CINTILLO","link":"https:\/\/www.grieta.org.mx\/index.php\/category\/cintillo\/"},"img":{"alt_text":"","src":"https:\/\/i0.wp.com\/www.grieta.org.mx\/wp-content\/uploads\/2018\/03\/14524434_1106112876131411_958039263622046936_o.jpg?resize=350%2C200&ssl=1","width":350,"height":200,"srcset":"https:\/\/i0.wp.com\/www.grieta.org.mx\/wp-content\/uploads\/2018\/03\/14524434_1106112876131411_958039263622046936_o.jpg?resize=350%2C200&ssl=1 1x, https:\/\/i0.wp.com\/www.grieta.org.mx\/wp-content\/uploads\/2018\/03\/14524434_1106112876131411_958039263622046936_o.jpg?resize=525%2C300&ssl=1 1.5x, https:\/\/i0.wp.com\/www.grieta.org.mx\/wp-content\/uploads\/2018\/03\/14524434_1106112876131411_958039263622046936_o.jpg?resize=700%2C400&ssl=1 2x"},"classes":[]}],"_links":{"self":[{"href":"https:\/\/www.grieta.org.mx\/index.php\/wp-json\/wp\/v2\/posts\/38803","targetHints":{"allow":["GET"]}}],"collection":[{"href":"https:\/\/www.grieta.org.mx\/index.php\/wp-json\/wp\/v2\/posts"}],"about":[{"href":"https:\/\/www.grieta.org.mx\/index.php\/wp-json\/wp\/v2\/types\/post"}],"author":[{"embeddable":true,"href":"https:\/\/www.grieta.org.mx\/index.php\/wp-json\/wp\/v2\/users\/2"}],"replies":[{"embeddable":true,"href":"https:\/\/www.grieta.org.mx\/index.php\/wp-json\/wp\/v2\/comments?post=38803"}],"version-history":[{"count":1,"href":"https:\/\/www.grieta.org.mx\/index.php\/wp-json\/wp\/v2\/posts\/38803\/revisions"}],"predecessor-version":[{"id":38805,"href":"https:\/\/www.grieta.org.mx\/index.php\/wp-json\/wp\/v2\/posts\/38803\/revisions\/38805"}],"wp:featuredmedia":[{"embeddable":true,"href":"https:\/\/www.grieta.org.mx\/index.php\/wp-json\/wp\/v2\/media\/38804"}],"wp:attachment":[{"href":"https:\/\/www.grieta.org.mx\/index.php\/wp-json\/wp\/v2\/media?parent=38803"}],"wp:term":[{"taxonomy":"category","embeddable":true,"href":"https:\/\/www.grieta.org.mx\/index.php\/wp-json\/wp\/v2\/categories?post=38803"},{"taxonomy":"post_tag","embeddable":true,"href":"https:\/\/www.grieta.org.mx\/index.php\/wp-json\/wp\/v2\/tags?post=38803"}],"curies":[{"name":"wp","href":"https:\/\/api.w.org\/{rel}","templated":true}]}}