{"id":38796,"date":"2019-09-02T14:55:06","date_gmt":"2019-09-02T19:55:06","guid":{"rendered":"http:\/\/www.grieta.org.mx\/?p=38796"},"modified":"2019-09-04T14:59:45","modified_gmt":"2019-09-04T19:59:45","slug":"rechazan-a-ninos-desplazados-en-las-escuelas-de-lugares-donde-se-refugian-guerrero","status":"publish","type":"post","link":"https:\/\/www.grieta.org.mx\/index.php\/2019\/09\/02\/rechazan-a-ninos-desplazados-en-las-escuelas-de-lugares-donde-se-refugian-guerrero\/","title":{"rendered":"Rechazan a ni\u00f1os desplazados en las escuelas de lugares donde se refugian (Guerrero)"},"content":{"rendered":"<p><a href=\"http:\/\/www.grieta.org.mx\/wp-content\/uploads\/2019\/09\/3434736a2052538d52efb6e3c287b7fa_L.jpg\"><img loading=\"lazy\" decoding=\"async\" data-attachment-id=\"38797\" data-permalink=\"https:\/\/www.grieta.org.mx\/index.php\/2019\/09\/02\/rechazan-a-ninos-desplazados-en-las-escuelas-de-lugares-donde-se-refugian-guerrero\/3434736a2052538d52efb6e3c287b7fa_l\/\" data-orig-file=\"https:\/\/www.grieta.org.mx\/wp-content\/uploads\/2019\/09\/3434736a2052538d52efb6e3c287b7fa_L.jpg\" data-orig-size=\"750,450\" data-comments-opened=\"0\" data-image-meta=\"{&quot;aperture&quot;:&quot;0&quot;,&quot;credit&quot;:&quot;&quot;,&quot;camera&quot;:&quot;&quot;,&quot;caption&quot;:&quot;&quot;,&quot;created_timestamp&quot;:&quot;0&quot;,&quot;copyright&quot;:&quot;&quot;,&quot;focal_length&quot;:&quot;0&quot;,&quot;iso&quot;:&quot;0&quot;,&quot;shutter_speed&quot;:&quot;0&quot;,&quot;title&quot;:&quot;&quot;,&quot;orientation&quot;:&quot;0&quot;}\" data-image-title=\"3434736a2052538d52efb6e3c287b7fa_L\" data-image-description=\"\" data-image-caption=\"\" data-medium-file=\"https:\/\/www.grieta.org.mx\/wp-content\/uploads\/2019\/09\/3434736a2052538d52efb6e3c287b7fa_L-300x180.jpg\" data-large-file=\"https:\/\/www.grieta.org.mx\/wp-content\/uploads\/2019\/09\/3434736a2052538d52efb6e3c287b7fa_L.jpg\" class=\"aligncenter wp-image-38797\" src=\"http:\/\/www.grieta.org.mx\/wp-content\/uploads\/2019\/09\/3434736a2052538d52efb6e3c287b7fa_L-300x180.jpg\" alt=\"\" width=\"800\" height=\"480\" srcset=\"https:\/\/www.grieta.org.mx\/wp-content\/uploads\/2019\/09\/3434736a2052538d52efb6e3c287b7fa_L-300x180.jpg 300w, https:\/\/www.grieta.org.mx\/wp-content\/uploads\/2019\/09\/3434736a2052538d52efb6e3c287b7fa_L.jpg 750w\" sizes=\"auto, (max-width: 800px) 100vw, 800px\" \/><\/a><\/p>\n<p>Dassaev T\u00e9llez Adame \/ La Jornada Guerrero<br \/>\n<strong><br \/>\nSon 58 menores de prescolar, primaria y secundaria, que enfrentan el repudio<\/p>\n<p>Piden las familias asiladas en Chichihualco ayuda al gobierno federal para regresar a sus pueblos<\/strong><\/p>\n<p>Chilpancingo, 1\u00ba  de septiembre. Ni\u00f1os que viven como desplazados desde hace nueve meses, no s\u00f3lo est\u00e1n sufriendo por la inseguridad, la falta de atenci\u00f3n m\u00e9dica y el estar lejos de sus hogares y lugares de origen, sino que ahora se enfrentan al rechazo para ingresar a las escuelas de los lugares donde viven como refugiados.<\/p>\n<p>Este grupo de ni\u00f1os pertenecen al grupo de 84 familias desplazadas del corredor de Filo de Caballos, perteneciente al municipio de Leonardo Bravo, y al grupo de 70 personas que salieron de Tlaltempanapa en el municipio de Zitlala, ambos grupos se encuentran refugiados en Chichihualco.<\/p>\n<p>Cabe se\u00f1alar que, tras el plant\u00f3n en el Z\u00f3calo de la Ciudad de M\u00e9xico a principios de a\u00f1o, que dur\u00f3 m\u00e1s de 30 d\u00edas, los desplazados lograron algunos beneficios por parte del gobierno federal, como el pago de renta de casas y apoyo econ\u00f3mico para gastos de alimentaci\u00f3n.<\/p>\n<p>Pero el tema educativo no fue incluido en dicha minuta de acuerdos, y para este ciclo escolar los 58 ni\u00f1os en edad para prescolar, primaria y secundaria, se enfrentan al rechazo en las escuelas donde pretenden inscribirlos.<\/p>\n<p>Durante la semana que se realizaron las inscripciones, muchos de estos ni\u00f1os no fueron aceptados en las escuelas, esto, supuestamente, por la falta de espacios en las instituciones, que van desde preescolar hasta secundaria, por lo que quedaron a la espera de que alg\u00fan centro educativo los pudiera aceptar, a pesar de haber iniciado el ciclo escolar.<\/p>\n<p>Adem\u00e1s de que, otro de los argumentos por lo que los rechazaron, fue que no eran originarios de esta localidad.<\/p>\n<p>Una de las madres dijo que temen mucho por el da\u00f1o psicol\u00f3gico que esto pueda provocar en los menores esta situaci\u00f3n de rechazo, pues el hecho de no vivir en sus hogares ya es duro, y ahora tener que enfrentar el bullying de otros ni\u00f1os por ser desplazados.<\/p>\n<p>El n\u00famero de ni\u00f1os en edad escolar, son 14 de prescolar, 32 de primaria y 12 de secundaria. Lament\u00f3 que despu\u00e9s de nueve meses, los tres niveles de gobierno no hayan sido capaces de dise\u00f1ar una estrategia de seguridad para el retorno a sus comunidades, de donde precisamente huyeron buscando salvar la vida de sus hijos, y ahora no pueden garantizarles ni la educaci\u00f3n.<\/p>\n<p>Por lo que padres de familia hacen un llamado en\u00e9rgico al gobierno de Andr\u00e9s Manuel L\u00f3pez Obrador a que atienda el asunto, al secretario de Seguridad y Protecci\u00f3n Ciudadana, busque el repliegue de este grupo armado que los oblig\u00f3 a desplazarse, y que sea la Guardia Nacional quien se establezca en la zona para restablecer el orden.<br \/>\n<a href=\"https:\/\/www.lajornadaguerrero.com.mx\/index.php\/sociedadyjusticia\/item\/8394-rechazan-a-ninos-desplazados-en-las-escuelas-de-lugares-donde-se-refugian\">https:\/\/www.lajornadaguerrero.com.mx\/index.php\/sociedadyjusticia\/item\/8394-rechazan-a-ninos-desplazados-en-las-escuelas-de-lugares-donde-se-refugian<\/a><\/p>\n","protected":false},"excerpt":{"rendered":"<p>Dassaev T\u00e9llez Adame \/ La Jornada Guerrero Son 58 menores de prescolar, primaria y secundaria, que enfrentan el repudio Piden las familias asiladas en Chichihualco ayuda al gobierno federal para &hellip; <a href=\"https:\/\/www.grieta.org.mx\/index.php\/2019\/09\/02\/rechazan-a-ninos-desplazados-en-las-escuelas-de-lugares-donde-se-refugian-guerrero\/\" class=\"more-link\">Leer m\u00e1s<\/a><\/p>\n","protected":false},"author":1,"featured_media":38797,"comment_status":"closed","ping_status":"closed","sticky":false,"template":"","format":"standard","meta":{"ngg_post_thumbnail":0,"_jetpack_newsletter_access":"","_jetpack_dont_email_post_to_subs":false,"_jetpack_newsletter_tier_id":0,"_jetpack_memberships_contains_paywalled_content":false,"_jetpack_memberships_contains_paid_content":false,"footnotes":""},"categories":[80,1342,18,1827,2,83],"tags":[232,2362],"class_list":["post-38796","post","type-post","status-publish","format-standard","has-post-thumbnail","hentry","category-cintillo","category-desplazados-por-violencia-en-guerrero","category-guerrero","category-la-ninez-en-la-tormenta-capitalista","category-noticias-nacionales","category-temas-nacionales","tag-desplazados","tag-la-ninez-en-la-tormenta","entry"],"jetpack_featured_media_url":"https:\/\/www.grieta.org.mx\/wp-content\/uploads\/2019\/09\/3434736a2052538d52efb6e3c287b7fa_L.jpg","jetpack_sharing_enabled":true,"jetpack_shortlink":"https:\/\/wp.me\/p7ZJR4-a5K","jetpack_likes_enabled":false,"jetpack-related-posts":[{"id":28170,"url":"https:\/\/www.grieta.org.mx\/index.php\/2019\/01\/02\/continuan-resistiendo-152-familias-de-desplazados-en-un-terreno-de-tlapa-guerrero\/","url_meta":{"origin":38796,"position":0},"title":"Contin\u00faan resistiendo 152 familias de desplazados en un terreno de Tlapa (Guerrero)","author":"grieta","date":"2 enero, 2019","format":false,"excerpt":"Salvador Cisneros Silva \/ La Jornada Guerrero Tlapa, 2 de enero. Familias desplazadas del municipio de Cochoapa el Grande se mantienen en el campamento colocado en un terreno de esta ciudad, luego de un mes y quince d\u00edas de salir de sus comunidades huyendo de la pobreza; m\u00e1s de 150\u2026","rel":"","context":"En &quot;CINTILLO&quot;","block_context":{"text":"CINTILLO","link":"https:\/\/www.grieta.org.mx\/index.php\/category\/cintillo\/"},"img":{"alt_text":"","src":"https:\/\/i0.wp.com\/www.grieta.org.mx\/wp-content\/uploads\/2019\/01\/47be527214b90ff066120492c5b0f182_L.jpg?resize=350%2C200&ssl=1","width":350,"height":200,"srcset":"https:\/\/i0.wp.com\/www.grieta.org.mx\/wp-content\/uploads\/2019\/01\/47be527214b90ff066120492c5b0f182_L.jpg?resize=350%2C200&ssl=1 1x, https:\/\/i0.wp.com\/www.grieta.org.mx\/wp-content\/uploads\/2019\/01\/47be527214b90ff066120492c5b0f182_L.jpg?resize=525%2C300&ssl=1 1.5x, https:\/\/i0.wp.com\/www.grieta.org.mx\/wp-content\/uploads\/2019\/01\/47be527214b90ff066120492c5b0f182_L.jpg?resize=700%2C400&ssl=1 2x"},"classes":[]},{"id":69884,"url":"https:\/\/www.grieta.org.mx\/index.php\/2024\/07\/30\/piden-desplazados-de-teloloapan-por-el-crimen-organizado-que-el-gobierno-garantice-el-regreso-a-sus-comunidades-guerrero\/","url_meta":{"origin":38796,"position":1},"title":"Piden desplazados de Teloloapan por el crimen organizado que el gobierno garantice el regreso a sus comunidades (Guerrero)","author":"Admin","date":"30 julio, 2024","format":false,"excerpt":"Por Amapola Periodismo Familias de cinco comunidades del municipio de Teloloapan que se desplazaron tras ser atacadas por un grupo del crimen organizado, piden al gobierno que les garantice su regreso. Se trata de 100 adultos y 20 ni\u00f1os de El Terrero, Nuevo Sendero, La Laguna, Guadalupe y El Arenal,\u2026","rel":"","context":"En &quot;CINTILLO&quot;","block_context":{"text":"CINTILLO","link":"https:\/\/www.grieta.org.mx\/index.php\/category\/cintillo\/"},"img":{"alt_text":"","src":"https:\/\/i0.wp.com\/www.grieta.org.mx\/wp-content\/uploads\/2024\/09\/Captura-de-Pantalla-2024-09-29-a-las-17.10.51.jpg?resize=350%2C200&ssl=1","width":350,"height":200,"srcset":"https:\/\/i0.wp.com\/www.grieta.org.mx\/wp-content\/uploads\/2024\/09\/Captura-de-Pantalla-2024-09-29-a-las-17.10.51.jpg?resize=350%2C200&ssl=1 1x, https:\/\/i0.wp.com\/www.grieta.org.mx\/wp-content\/uploads\/2024\/09\/Captura-de-Pantalla-2024-09-29-a-las-17.10.51.jpg?resize=525%2C300&ssl=1 1.5x, https:\/\/i0.wp.com\/www.grieta.org.mx\/wp-content\/uploads\/2024\/09\/Captura-de-Pantalla-2024-09-29-a-las-17.10.51.jpg?resize=700%2C400&ssl=1 2x, https:\/\/i0.wp.com\/www.grieta.org.mx\/wp-content\/uploads\/2024\/09\/Captura-de-Pantalla-2024-09-29-a-las-17.10.51.jpg?resize=1050%2C600&ssl=1 3x, https:\/\/i0.wp.com\/www.grieta.org.mx\/wp-content\/uploads\/2024\/09\/Captura-de-Pantalla-2024-09-29-a-las-17.10.51.jpg?resize=1400%2C800&ssl=1 4x"},"classes":[]},{"id":38615,"url":"https:\/\/www.grieta.org.mx\/index.php\/2019\/08\/29\/a-cinco-meses-de-acuerdos-gobierno-no-ha-cumplido-con-nuestra-seguridad-desplazados-de-guerrero\/","url_meta":{"origin":38796,"position":2},"title":"A cinco meses de acuerdos, gobierno no ha cumplido con nuestra seguridad: desplazados de Guerrero","author":"Admin","date":"29 agosto, 2019","format":false,"excerpt":"A cinco meses de haber levantado el plant\u00f3n que mantuvieron afuera de Palacio Nacional y a 9 meses de la salida de sus comunidades, a\u00fan esperan que las autoridades les garanticen un per\u00edmetro de seguridad. Andrea Vega \/ Animal Pol\u00edtico Los desplazados de la sierra de Guerrero que estuvieron en\u2026","rel":"","context":"En &quot;CINTILLO&quot;","block_context":{"text":"CINTILLO","link":"https:\/\/www.grieta.org.mx\/index.php\/category\/cintillo\/"},"img":{"alt_text":"","src":"https:\/\/i0.wp.com\/www.grieta.org.mx\/wp-content\/uploads\/2019\/08\/https-_www.animalpolitico.com_wp-content_uploads_2019_08_gobierno-seguridad-promesas-desplazados-guerrero.jpg?resize=350%2C200&ssl=1","width":350,"height":200,"srcset":"https:\/\/i0.wp.com\/www.grieta.org.mx\/wp-content\/uploads\/2019\/08\/https-_www.animalpolitico.com_wp-content_uploads_2019_08_gobierno-seguridad-promesas-desplazados-guerrero.jpg?resize=350%2C200&ssl=1 1x, https:\/\/i0.wp.com\/www.grieta.org.mx\/wp-content\/uploads\/2019\/08\/https-_www.animalpolitico.com_wp-content_uploads_2019_08_gobierno-seguridad-promesas-desplazados-guerrero.jpg?resize=525%2C300&ssl=1 1.5x, https:\/\/i0.wp.com\/www.grieta.org.mx\/wp-content\/uploads\/2019\/08\/https-_www.animalpolitico.com_wp-content_uploads_2019_08_gobierno-seguridad-promesas-desplazados-guerrero.jpg?resize=700%2C400&ssl=1 2x"},"classes":[]},{"id":52919,"url":"https:\/\/www.grieta.org.mx\/index.php\/2020\/08\/25\/aprende-en-casa-en-la-montana-de-guerrero-entre-la-violencia-y-la-pobreza\/","url_meta":{"origin":38796,"position":3},"title":"Aprende en casa en la Monta\u00f1a de Guerrero: entre la violencia y la pobreza","author":"Admin","date":"25 agosto, 2020","format":false,"excerpt":"Ezequiel Flores Contreras \/ Proceso CHILPANCINGO, Gro. (apro).- Cientos de ni\u00f1os en edad escolar de la Monta\u00f1a, la Sierra y la zona Norte de Guerrero no tienen garantizado su derecho a la educaci\u00f3n por las condiciones de pobreza, marginaci\u00f3n y violencia que se vive en regiones completas de la entidad.\u2026","rel":"","context":"En &quot;CINTILLO&quot;","block_context":{"text":"CINTILLO","link":"https:\/\/www.grieta.org.mx\/index.php\/category\/cintillo\/"},"img":{"alt_text":"","src":"https:\/\/i0.wp.com\/www.grieta.org.mx\/wp-content\/uploads\/2020\/08\/Montana-Guerrero-aprende-en-casa-870x522-1.jpg?resize=350%2C200&ssl=1","width":350,"height":200,"srcset":"https:\/\/i0.wp.com\/www.grieta.org.mx\/wp-content\/uploads\/2020\/08\/Montana-Guerrero-aprende-en-casa-870x522-1.jpg?resize=350%2C200&ssl=1 1x, https:\/\/i0.wp.com\/www.grieta.org.mx\/wp-content\/uploads\/2020\/08\/Montana-Guerrero-aprende-en-casa-870x522-1.jpg?resize=525%2C300&ssl=1 1.5x, https:\/\/i0.wp.com\/www.grieta.org.mx\/wp-content\/uploads\/2020\/08\/Montana-Guerrero-aprende-en-casa-870x522-1.jpg?resize=700%2C400&ssl=1 2x"},"classes":[]},{"id":43434,"url":"https:\/\/www.grieta.org.mx\/index.php\/2020\/01\/22\/menores-marchan-y-entrenan-en-las-filas-de-la-crac-pf-guerrero\/","url_meta":{"origin":38796,"position":4},"title":"Menores marchan y entrenan en las filas de la CRAC-PF (Guerrero)","author":"Admin","date":"22 enero, 2020","format":false,"excerpt":"Texto y foto: Marlene Castro \/ Amapola La Coordinadora Regional de Autoridades Comunitarias de los Pueblos Fundadores (CRAC-PF), con cinco nuevos integrantes menores de edad y habitantes de las comunidades nahuas del corredor Chilapa-Hueycatenango marcharon hoy por aproximadamente dos kil\u00f3metros de esta carretera para exigir los cad\u00e1veres de cinco de\u2026","rel":"","context":"En &quot;CINTILLO&quot;","block_context":{"text":"CINTILLO","link":"https:\/\/www.grieta.org.mx\/index.php\/category\/cintillo\/"},"img":{"alt_text":"","src":"https:\/\/i0.wp.com\/www.grieta.org.mx\/wp-content\/uploads\/2020\/01\/Captura-de-pantalla-2020-01-24-a-las-1.43.46-p.m..png?resize=350%2C200&ssl=1","width":350,"height":200,"srcset":"https:\/\/i0.wp.com\/www.grieta.org.mx\/wp-content\/uploads\/2020\/01\/Captura-de-pantalla-2020-01-24-a-las-1.43.46-p.m..png?resize=350%2C200&ssl=1 1x, https:\/\/i0.wp.com\/www.grieta.org.mx\/wp-content\/uploads\/2020\/01\/Captura-de-pantalla-2020-01-24-a-las-1.43.46-p.m..png?resize=525%2C300&ssl=1 1.5x"},"classes":[]},{"id":41375,"url":"https:\/\/www.grieta.org.mx\/index.php\/2019\/11\/10\/desplazados-de-zitlala-y-leonardo-bravo-cumplen-un-ano-sin-hogar-guerrero\/","url_meta":{"origin":38796,"position":5},"title":"Desplazados de Zitlala y Leonardo Bravo cumplen un a\u00f1o sin hogar  (Guerrero)","author":"Admin","date":"10 noviembre, 2019","format":false,"excerpt":"Juan Manuel Molina \/ Bajo Palabra Chilpancingo, Guerrero.- Familias desplazadas de comunidades de Leonardo Bravo y Zitlala, a causa del crimen organizado, cumplieron un a\u00f1o sin poder regresar a sus hogares. El defensor de derechos humanos, Manuel Olivares Hern\u00e1ndez, quien ha acompa\u00f1ado a las familias desde el \u00e9xodo en noviembre\u2026","rel":"","context":"En &quot;CINTILLO&quot;","block_context":{"text":"CINTILLO","link":"https:\/\/www.grieta.org.mx\/index.php\/category\/cintillo\/"},"img":{"alt_text":"","src":"https:\/\/i0.wp.com\/www.grieta.org.mx\/wp-content\/uploads\/2019\/11\/Desplazados-Guerrero-1.jpg?resize=350%2C200&ssl=1","width":350,"height":200,"srcset":"https:\/\/i0.wp.com\/www.grieta.org.mx\/wp-content\/uploads\/2019\/11\/Desplazados-Guerrero-1.jpg?resize=350%2C200&ssl=1 1x, https:\/\/i0.wp.com\/www.grieta.org.mx\/wp-content\/uploads\/2019\/11\/Desplazados-Guerrero-1.jpg?resize=525%2C300&ssl=1 1.5x, https:\/\/i0.wp.com\/www.grieta.org.mx\/wp-content\/uploads\/2019\/11\/Desplazados-Guerrero-1.jpg?resize=700%2C400&ssl=1 2x, https:\/\/i0.wp.com\/www.grieta.org.mx\/wp-content\/uploads\/2019\/11\/Desplazados-Guerrero-1.jpg?resize=1050%2C600&ssl=1 3x"},"classes":[]}],"_links":{"self":[{"href":"https:\/\/www.grieta.org.mx\/index.php\/wp-json\/wp\/v2\/posts\/38796","targetHints":{"allow":["GET"]}}],"collection":[{"href":"https:\/\/www.grieta.org.mx\/index.php\/wp-json\/wp\/v2\/posts"}],"about":[{"href":"https:\/\/www.grieta.org.mx\/index.php\/wp-json\/wp\/v2\/types\/post"}],"author":[{"embeddable":true,"href":"https:\/\/www.grieta.org.mx\/index.php\/wp-json\/wp\/v2\/users\/1"}],"replies":[{"embeddable":true,"href":"https:\/\/www.grieta.org.mx\/index.php\/wp-json\/wp\/v2\/comments?post=38796"}],"version-history":[{"count":1,"href":"https:\/\/www.grieta.org.mx\/index.php\/wp-json\/wp\/v2\/posts\/38796\/revisions"}],"predecessor-version":[{"id":38798,"href":"https:\/\/www.grieta.org.mx\/index.php\/wp-json\/wp\/v2\/posts\/38796\/revisions\/38798"}],"wp:featuredmedia":[{"embeddable":true,"href":"https:\/\/www.grieta.org.mx\/index.php\/wp-json\/wp\/v2\/media\/38797"}],"wp:attachment":[{"href":"https:\/\/www.grieta.org.mx\/index.php\/wp-json\/wp\/v2\/media?parent=38796"}],"wp:term":[{"taxonomy":"category","embeddable":true,"href":"https:\/\/www.grieta.org.mx\/index.php\/wp-json\/wp\/v2\/categories?post=38796"},{"taxonomy":"post_tag","embeddable":true,"href":"https:\/\/www.grieta.org.mx\/index.php\/wp-json\/wp\/v2\/tags?post=38796"}],"curies":[{"name":"wp","href":"https:\/\/api.w.org\/{rel}","templated":true}]}}