{"id":3876,"date":"2016-08-05T19:35:48","date_gmt":"2016-08-06T00:35:48","guid":{"rendered":"http:\/\/50.22.11.12\/~grietaor\/?p=3876"},"modified":"2016-08-17T19:27:53","modified_gmt":"2016-08-18T00:27:53","slug":"comunidades-de-la-sierra-norte-de-puebla-rechazan-fracking","status":"publish","type":"post","link":"https:\/\/www.grieta.org.mx\/index.php\/2016\/08\/05\/comunidades-de-la-sierra-norte-de-puebla-rechazan-fracking\/","title":{"rendered":"Rechazo al fracking en comunidades de la Sierra Norte de Puebla"},"content":{"rendered":"<p><strong>05\/08\/16. <\/strong><a href=\"http:\/\/www.grieta.org.mx\/index.php\/2016\/08\/05\/fracking-podria-desaparecer-a-140-tepehuas-que-sobreviven-en-puebla\/\n\">Fracking podr\u00eda desaparecer a 140 tepehuas que sobreviven en Puebla<\/a><br \/>\n<em>La Jornada de Oriente<\/em><\/p>\n<p><strong>20\/07\/16. <\/strong><a href=\"http:\/\/www.grieta.org.mx\/index.php\/2016\/07\/20\/inician-habitantes-de-cuetzalan-puebla-resistencia-contra-entrada-de-fracking\/\n\">Inician habitantes de Cuetzalan, Puebla, resistencia contra entrada de fracking<\/a><br \/>\n<em>Plumas Libres<\/em><\/p>\n<p><strong>04\/07\/16. <\/strong><a href=\"http:\/\/www.grieta.org.mx\/index.php\/2016\/07\/04\/pozos-petroleros-que-usan-fracking-agotan-mantos-de-agua-en-puebla\/\n\">Pozos petroleros que usan fracking agotan mantos de agua en Puebla<\/a><br \/>\n<em>Regeneraci\u00f3n<\/em><\/p>\n<p><strong>02\/05\/16. <\/strong><a href=\"http:\/\/www.grieta.org.mx\/index.php\/2016\/05\/02\/el-fracking-o-fractura-hidraulica-amenaza-la-sierra-norte-de-puebla\/\n\">El fracking o fractura hidr\u00e1ulica amenaza la Sierra Norte de Puebla<\/a><br \/>\n<em>Regeneraci\u00f3n<\/em><\/p>\n<p><strong>25\/04\/16. <\/strong><a href=\"http:\/\/www.grieta.org.mx\/index.php\/2016\/04\/25\/habitantes-de-27-municipios-de-puebla-y-veracruz-rechazan-minas-hidroelectricas-y-fracking\/\n\">Habitantes de 27 municipios de Puebla y Veracruz rechazan minas, hidroel\u00e9ctricas y fracking<\/a><br \/>\n<em>Regeneraci\u00f3n<\/em><\/p>\n<p><strong>29\/02\/16. <\/strong><a href=\"http:\/\/www.grieta.org.mx\/index.php\/2016\/02\/29\/con-fracking-extraeran-hidrocarburos-en-15-municipios-de-puebla\/\n\">Con fracking extraer\u00e1n hidrocarburos en 15 municipios de Puebla<\/a><br \/>\n<em>Municipios Puebla<\/em><\/p>\n<p><strong>25\/11\/15. <\/strong><a href=\"http:\/\/grieta.org.mx\/index.php\/2015\/11\/25\/sierra-norte-de-puebla-en-peligro-por-fracking-contaminaran-9-millones-de-litros-de-agua-por-pozo\/\">Sierra Norte de Puebla en peligro por fracking; contaminar\u00e1n 9 millones de litros de agua por pozo<\/a><br \/>\n<em>Revoluci\u00f3n 3.0<\/em><\/p>\n<p><strong>16\/09\/15. <\/strong><a href=\"http:\/\/grieta.org.mx\/index.php\/2015\/09\/16\/se-organizan-contra-fracking-en-limites-entre-puebla-y-veracruz\/\">Se organizan contra fracking en l\u00edmites entre Puebla y Veracruz<\/a><br \/>\n<em>Municipios Puebla<\/em><\/p>\n<p><strong>15\/06\/15. <\/strong><a href=\"http:\/\/grieta.org.mx\/index.php\/2015\/06\/25\/rechazan-fracking-organizaciones-del-totonacapan-y-la-huasteca\/\">Rechazan fracking organizaciones del Totonacapan y la Huasteca<\/a><br \/>\n<em>Municipios Puebla<\/em><\/p>\n<p><strong>24\/06\/15. <\/strong><a href=\"http:\/\/grieta.org.mx\/index.php\/2015\/06\/24\/testimonio-de-la-destruccion-por-fracking\/\">Testimonio de la destrucci\u00f3n por fracking<\/a><br \/>\n<em>Regeneraci\u00f3n<\/em><\/p>\n<p><strong>01\/06\/15. <\/strong><a href=\"http:\/\/grieta.org.mx\/index.php\/2015\/06\/01\/usan-fracking-para-perforar-233-pozos-en-sierra-norte-de-puebla\/\">Usan fracking para perforar 233 pozos en Sierra Norte de Puebla<\/a><br \/>\n<em>Municipios Puebla<\/em><\/p>\n<p><strong>26\/05\/15. <\/strong><a href=\"http:\/\/grieta.org.mx\/index.php\/2015\/05\/26\/sierra-norte-por-la-vida-video\/\">Sierra Norte por la vida<\/a><br \/>\n<em>YouTube<\/em><\/p>\n<p><strong>08\/04\/15. <\/strong><a href=\"http:\/\/grieta.org.mx\/index.php\/2015\/04\/08\/intenta-gobierno-reiniciar-perforacion-de-pozos-profundos-en-calpan\/\">Intenta gobierno reiniciar perforaci\u00f3n de pozos profundos en Calpan<\/a><br \/>\n<em>La Jornada de Oriente<\/em><\/p>\n<p><strong>10\/03\/15. <\/strong><a href=\"http:\/\/grieta.org.mx\/index.php\/2015\/03\/10\/se-unen-en-z-mena-contra-fracking-para-extraer-petroleo\/\">Se unen en Z. Mena contra fracking para extraer petr\u00f3leo<\/a><br \/>\n<em>Municipios Puebla<\/em><\/p>\n","protected":false},"excerpt":{"rendered":"<p>05\/08\/16. Fracking podr\u00eda desaparecer a 140 tepehuas que sobreviven en Puebla La Jornada de Oriente 20\/07\/16. Inician habitantes de Cuetzalan, Puebla, resistencia contra entrada de fracking Plumas Libres 04\/07\/16. Pozos &hellip; <a href=\"https:\/\/www.grieta.org.mx\/index.php\/2016\/08\/05\/comunidades-de-la-sierra-norte-de-puebla-rechazan-fracking\/\" class=\"more-link\">Leer m\u00e1s<\/a><\/p>\n","protected":false},"author":2,"featured_media":21928,"comment_status":"closed","ping_status":"open","sticky":false,"template":"","format":"standard","meta":{"ngg_post_thumbnail":0,"_jetpack_newsletter_access":"","_jetpack_dont_email_post_to_subs":false,"_jetpack_newsletter_tier_id":0,"_jetpack_memberships_contains_paywalled_content":false,"_jetpack_memberships_contains_paid_content":false,"footnotes":""},"categories":[70,1,396,26],"tags":[273],"class_list":["post-3876","post","type-post","status-publish","format-standard","has-post-thumbnail","hentry","category-26-sierra-puebla","category-espejos-de-la-resistencia","category-fracking","category-puebla","tag-fracking","entry"],"jetpack_featured_media_url":"https:\/\/www.grieta.org.mx\/wp-content\/uploads\/2018\/03\/14524434_1106112876131411_958039263622046936_o.jpg","jetpack_sharing_enabled":true,"jetpack_shortlink":"https:\/\/wp.me\/p7ZJR4-10w","jetpack_likes_enabled":false,"jetpack-related-posts":[{"id":45550,"url":"https:\/\/www.grieta.org.mx\/index.php\/2020\/03\/03\/por-fracking-12-municipios-en-sierra-norte-de-puebla-seran-afectados-fundar\/","url_meta":{"origin":3876,"position":0},"title":"Por fracking, 12 municipios en Sierra Norte de Puebla ser\u00e1n afectados: Fundar","author":"Admin","date":"3 marzo, 2020","format":false,"excerpt":"La fracturaci\u00f3n hidr\u00e1ulica en la Sierra Norte de Puebla es una amenaza real para las comunidades, ser\u00edan 12 los municipios en esa regi\u00f3n que se ver\u00e1n afectados por la hidrofracturaci\u00f3n, as\u00ed lo se\u00f1al\u00f3 el Centro de An\u00e1lisis e Investigaci\u00f3n (Fundar). De acuerdo con el an\u00e1lisis realizado se identific\u00f3 a 118\u2026","rel":"","context":"En &quot;26. Sierra Puebla&quot;","block_context":{"text":"26. Sierra Puebla","link":"https:\/\/www.grieta.org.mx\/index.php\/category\/espejos-de-la-resistencia\/26-sierra-puebla\/"},"img":{"alt_text":"","src":"https:\/\/i0.wp.com\/www.grieta.org.mx\/wp-content\/uploads\/2020\/03\/Fracking-en-la-Sierra-Norte-de-Puebla.jpg?resize=350%2C200&ssl=1","width":350,"height":200,"srcset":"https:\/\/i0.wp.com\/www.grieta.org.mx\/wp-content\/uploads\/2020\/03\/Fracking-en-la-Sierra-Norte-de-Puebla.jpg?resize=350%2C200&ssl=1 1x, https:\/\/i0.wp.com\/www.grieta.org.mx\/wp-content\/uploads\/2020\/03\/Fracking-en-la-Sierra-Norte-de-Puebla.jpg?resize=525%2C300&ssl=1 1.5x"},"classes":[]},{"id":38563,"url":"https:\/\/www.grieta.org.mx\/index.php\/2019\/08\/29\/sin-freno-uso-del-fracking-en-sierra-norte-de-puebla\/","url_meta":{"origin":3876,"position":1},"title":"Sin freno uso del fracking en Sierra Norte de Puebla","author":"Admin","date":"29 agosto, 2019","format":false,"excerpt":"Edgar Barrios \/ El Sol de Puebla Venustiano Carranza.- A pesar del anuncio realizado por el presidente Andr\u00e9s Manuel L\u00f3pez Obrador sobre la cancelaci\u00f3n del uso de la fractura hidr\u00e1ulica en M\u00e9xico, actualmente no existe alguna acci\u00f3n al respecto implementada o contemplada por el gobierno federal, alert\u00f3 la Alianza Mexicana\u2026","rel":"","context":"En &quot;CINTILLO&quot;","block_context":{"text":"CINTILLO","link":"https:\/\/www.grieta.org.mx\/index.php\/category\/cintillo\/"},"img":{"alt_text":"","src":"https:\/\/i0.wp.com\/www.grieta.org.mx\/wp-content\/uploads\/2019\/08\/FRACKING-EN-MEXICO.jpg?resize=350%2C200&ssl=1","width":350,"height":200,"srcset":"https:\/\/i0.wp.com\/www.grieta.org.mx\/wp-content\/uploads\/2019\/08\/FRACKING-EN-MEXICO.jpg?resize=350%2C200&ssl=1 1x, https:\/\/i0.wp.com\/www.grieta.org.mx\/wp-content\/uploads\/2019\/08\/FRACKING-EN-MEXICO.jpg?resize=525%2C300&ssl=1 1.5x, https:\/\/i0.wp.com\/www.grieta.org.mx\/wp-content\/uploads\/2019\/08\/FRACKING-EN-MEXICO.jpg?resize=700%2C400&ssl=1 2x"},"classes":[]},{"id":41349,"url":"https:\/\/www.grieta.org.mx\/index.php\/2019\/11\/19\/aprueban-exploracion-con-fracking-en-puebla\/","url_meta":{"origin":3876,"position":2},"title":"Aprueban exploraci\u00f3n con fracking en Puebla","author":"Admin","date":"19 noviembre, 2019","format":false,"excerpt":"Laura Ruiz \/ e-consulta Se trata del proyecto Miquetla a realizarse por la empresa Diavaz en la regi\u00f3n de Chicontepec El territorio de Puebla podr\u00eda someterse a procesos de fracking luego de que la Comisi\u00f3n Nacional de Hidrocarburos (CNH) aprob\u00f3 la semana pasada un proyecto exploratorio para la Operadora de\u2026","rel":"","context":"En &quot;CINTILLO&quot;","block_context":{"text":"CINTILLO","link":"https:\/\/www.grieta.org.mx\/index.php\/category\/cintillo\/"},"img":{"alt_text":"","src":"https:\/\/i0.wp.com\/www.grieta.org.mx\/wp-content\/uploads\/2019\/11\/fracking_1_0.jpg?resize=350%2C200&ssl=1","width":350,"height":200,"srcset":"https:\/\/i0.wp.com\/www.grieta.org.mx\/wp-content\/uploads\/2019\/11\/fracking_1_0.jpg?resize=350%2C200&ssl=1 1x, https:\/\/i0.wp.com\/www.grieta.org.mx\/wp-content\/uploads\/2019\/11\/fracking_1_0.jpg?resize=525%2C300&ssl=1 1.5x"},"classes":[]},{"id":28669,"url":"https:\/\/www.grieta.org.mx\/index.php\/2019\/01\/24\/puebla-cuarto-lugar-en-fracking-con-mil-288-pozos-y-no-233-sigue-practica\/","url_meta":{"origin":3876,"position":3},"title":"Puebla, cuarto lugar en fracking con mil 288 pozos, y no 233; sigue pr\u00e1ctica","author":"grieta","date":"24 enero, 2019","format":false,"excerpt":"Puebla, 4\u00b0 lugar en \u201cfracking\u201d con mil 288 pozos y no 233. Foto: EsImagen Luis Alberto Palacios \/ \u00c1ngulo 7 La organizaci\u00f3n Cartocr\u00edtica revel\u00f3 que Puebla es el cuarto estado con m\u00e1s pozos de fracking, con mil 288, es decir, 5 veces m\u00e1s de los 233 que reportaban asociaciones civiles,\u2026","rel":"","context":"En &quot;CINTILLO&quot;","block_context":{"text":"CINTILLO","link":"https:\/\/www.grieta.org.mx\/index.php\/category\/cintillo\/"},"img":{"alt_text":"","src":"https:\/\/i0.wp.com\/www.grieta.org.mx\/wp-content\/uploads\/2019\/01\/direct-19.jpg?resize=350%2C200&ssl=1","width":350,"height":200,"srcset":"https:\/\/i0.wp.com\/www.grieta.org.mx\/wp-content\/uploads\/2019\/01\/direct-19.jpg?resize=350%2C200&ssl=1 1x, https:\/\/i0.wp.com\/www.grieta.org.mx\/wp-content\/uploads\/2019\/01\/direct-19.jpg?resize=525%2C300&ssl=1 1.5x"},"classes":[]},{"id":3879,"url":"https:\/\/www.grieta.org.mx\/index.php\/2015\/05\/26\/sierra-norte-por-la-vida-video\/","url_meta":{"origin":3876,"position":4},"title":"Sierra Norte por la vida [video]","author":"grieta","date":"26 mayo, 2015","format":false,"excerpt":"mayo 26, 2015 Puebla Documental Sierra Norte por la Vida (Subtitulado al ingl\u00e9s) La resistencia a los proyectos mineros, petroleros e hidroel\u00e9ctricos en la Sierra Norte de Puebla. M\u00e9xico 2014. www.youtube.com\/watch?feature=player_detailpage&v=AQ85vHvNSHA","rel":"","context":"En &quot;CINTILLO&quot;","block_context":{"text":"CINTILLO","link":"https:\/\/www.grieta.org.mx\/index.php\/category\/cintillo\/"},"img":{"alt_text":"","src":"https:\/\/i0.wp.com\/www.grieta.org.mx\/wp-content\/uploads\/2018\/03\/14524434_1106112876131411_958039263622046936_o.jpg?resize=350%2C200&ssl=1","width":350,"height":200,"srcset":"https:\/\/i0.wp.com\/www.grieta.org.mx\/wp-content\/uploads\/2018\/03\/14524434_1106112876131411_958039263622046936_o.jpg?resize=350%2C200&ssl=1 1x, https:\/\/i0.wp.com\/www.grieta.org.mx\/wp-content\/uploads\/2018\/03\/14524434_1106112876131411_958039263622046936_o.jpg?resize=525%2C300&ssl=1 1.5x, https:\/\/i0.wp.com\/www.grieta.org.mx\/wp-content\/uploads\/2018\/03\/14524434_1106112876131411_958039263622046936_o.jpg?resize=700%2C400&ssl=1 2x"},"classes":[]},{"id":7644,"url":"https:\/\/www.grieta.org.mx\/index.php\/2016\/08\/22\/conflictos-mineros-en-puebla\/","url_meta":{"origin":3876,"position":5},"title":"Conflictos mineros en Puebla","author":"grieta","date":"22 agosto, 2016","format":false,"excerpt":"22\/08\/16. Ejidatarios antorchistas liberan acceso a mina La Campa, en Chietla (Puebla) Municipios Puebla 16\/08\/16. Temen ejidatarios de Chietla nuevo intento de desalojo por bloqueo en mina La Campa (Puebla) Municipios Puebla 06\/01\/16. Puebla, entre los estados con m\u00e1s ataques a ambientalistas Proceso 18\/12\/15. 440 concesiones mineras devastan el 66%\u2026","rel":"","context":"En &quot;Puebla&quot;","block_context":{"text":"Puebla","link":"https:\/\/www.grieta.org.mx\/index.php\/category\/noticias-nacionales\/puebla\/"},"img":{"alt_text":"","src":"https:\/\/i0.wp.com\/www.grieta.org.mx\/wp-content\/uploads\/2018\/03\/14524434_1106112876131411_958039263622046936_o.jpg?resize=350%2C200&ssl=1","width":350,"height":200,"srcset":"https:\/\/i0.wp.com\/www.grieta.org.mx\/wp-content\/uploads\/2018\/03\/14524434_1106112876131411_958039263622046936_o.jpg?resize=350%2C200&ssl=1 1x, https:\/\/i0.wp.com\/www.grieta.org.mx\/wp-content\/uploads\/2018\/03\/14524434_1106112876131411_958039263622046936_o.jpg?resize=525%2C300&ssl=1 1.5x, https:\/\/i0.wp.com\/www.grieta.org.mx\/wp-content\/uploads\/2018\/03\/14524434_1106112876131411_958039263622046936_o.jpg?resize=700%2C400&ssl=1 2x"},"classes":[]}],"_links":{"self":[{"href":"https:\/\/www.grieta.org.mx\/index.php\/wp-json\/wp\/v2\/posts\/3876","targetHints":{"allow":["GET"]}}],"collection":[{"href":"https:\/\/www.grieta.org.mx\/index.php\/wp-json\/wp\/v2\/posts"}],"about":[{"href":"https:\/\/www.grieta.org.mx\/index.php\/wp-json\/wp\/v2\/types\/post"}],"author":[{"embeddable":true,"href":"https:\/\/www.grieta.org.mx\/index.php\/wp-json\/wp\/v2\/users\/2"}],"replies":[{"embeddable":true,"href":"https:\/\/www.grieta.org.mx\/index.php\/wp-json\/wp\/v2\/comments?post=3876"}],"version-history":[{"count":1,"href":"https:\/\/www.grieta.org.mx\/index.php\/wp-json\/wp\/v2\/posts\/3876\/revisions"}],"predecessor-version":[{"id":19772,"href":"https:\/\/www.grieta.org.mx\/index.php\/wp-json\/wp\/v2\/posts\/3876\/revisions\/19772"}],"wp:featuredmedia":[{"embeddable":true,"href":"https:\/\/www.grieta.org.mx\/index.php\/wp-json\/wp\/v2\/media\/21928"}],"wp:attachment":[{"href":"https:\/\/www.grieta.org.mx\/index.php\/wp-json\/wp\/v2\/media?parent=3876"}],"wp:term":[{"taxonomy":"category","embeddable":true,"href":"https:\/\/www.grieta.org.mx\/index.php\/wp-json\/wp\/v2\/categories?post=3876"},{"taxonomy":"post_tag","embeddable":true,"href":"https:\/\/www.grieta.org.mx\/index.php\/wp-json\/wp\/v2\/tags?post=3876"}],"curies":[{"name":"wp","href":"https:\/\/api.w.org\/{rel}","templated":true}]}}