{"id":38655,"date":"2019-08-24T01:38:51","date_gmt":"2019-08-24T06:38:51","guid":{"rendered":"http:\/\/www.grieta.org.mx\/?p=38655"},"modified":"2019-09-01T01:45:36","modified_gmt":"2019-09-01T06:45:36","slug":"con-dispersion-de-quimicos-avioneta-inhibe-lluvia-en-tehuacan-puebla","status":"publish","type":"post","link":"https:\/\/www.grieta.org.mx\/index.php\/2019\/08\/24\/con-dispersion-de-quimicos-avioneta-inhibe-lluvia-en-tehuacan-puebla\/","title":{"rendered":"Con dispersi\u00f3n de qu\u00edmicos avioneta inhibe lluvia en Tehuac\u00e1n (Puebla)"},"content":{"rendered":"<p><a href=\"http:\/\/www.grieta.org.mx\/wp-content\/uploads\/2019\/09\/sequia_3_0.jpg\"><img loading=\"lazy\" decoding=\"async\" data-attachment-id=\"38656\" data-permalink=\"https:\/\/www.grieta.org.mx\/index.php\/2019\/08\/24\/con-dispersion-de-quimicos-avioneta-inhibe-lluvia-en-tehuacan-puebla\/sequia_3_0\/\" data-orig-file=\"https:\/\/www.grieta.org.mx\/wp-content\/uploads\/2019\/09\/sequia_3_0.jpg\" data-orig-size=\"640,426\" data-comments-opened=\"0\" data-image-meta=\"{&quot;aperture&quot;:&quot;0&quot;,&quot;credit&quot;:&quot;&quot;,&quot;camera&quot;:&quot;&quot;,&quot;caption&quot;:&quot;&quot;,&quot;created_timestamp&quot;:&quot;0&quot;,&quot;copyright&quot;:&quot;&quot;,&quot;focal_length&quot;:&quot;0&quot;,&quot;iso&quot;:&quot;0&quot;,&quot;shutter_speed&quot;:&quot;0&quot;,&quot;title&quot;:&quot;&quot;,&quot;orientation&quot;:&quot;0&quot;}\" data-image-title=\"sequia_3_0\" data-image-description=\"\" data-image-caption=\"\" data-medium-file=\"https:\/\/www.grieta.org.mx\/wp-content\/uploads\/2019\/09\/sequia_3_0-300x200.jpg\" data-large-file=\"https:\/\/www.grieta.org.mx\/wp-content\/uploads\/2019\/09\/sequia_3_0.jpg\" class=\"aligncenter wp-image-38656\" src=\"http:\/\/www.grieta.org.mx\/wp-content\/uploads\/2019\/09\/sequia_3_0-300x200.jpg\" alt=\"\" width=\"800\" height=\"533\" srcset=\"https:\/\/www.grieta.org.mx\/wp-content\/uploads\/2019\/09\/sequia_3_0-300x200.jpg 300w, https:\/\/www.grieta.org.mx\/wp-content\/uploads\/2019\/09\/sequia_3_0.jpg 640w\" sizes=\"auto, (max-width: 800px) 100vw, 800px\" \/><\/a><\/p>\n<p>Enrique Hern\u00e1ndez \/ Municipios Puebla<\/p>\n<p>Tehuac\u00e1n, Pue.- Campesinos de esta regi\u00f3n est\u00e1n exigiendo al gobierno estatal investigue quienes son las personas que realizan fumigaciones sobre nubes y han afectado las precipitaciones pluviales no solamente en Tehuac\u00e1n, sino diversos municipios de la regi\u00f3n. Se\u00f1alan de forma preliminar a empresas av\u00edcolas y porc\u00edcolas como las responsables, inform\u00f3 el l\u00edder de Pueblos Ind\u00edgenas de Tehuac\u00e1n, Jos\u00e9 Nicol\u00e1s Jim\u00e9nez Escamilla.<\/p>\n<p>Al no tener pruebas contundentes sobre esos se\u00f1alamientos han solicitado que las dependencias investiguen con el objetivo de llegar a determinar qui\u00e9n es el responsable que realizar los sobrevuelos cuando est\u00e1 pr\u00f3xima a iniciar alguna lluvia, porque seg\u00fan su apreciaci\u00f3n, la presencia de la aeronave provoca que el agua no caiga a los campos como lo requieren.<\/p>\n<p>Se\u00f1al\u00f3 que hay afectaciones en lugares como Tepanco, San Jos\u00e9 Miahuatl\u00e1n, San Gabriel Chilac, Tehuac\u00e1n, Caltepec, Santiago Miahuatl\u00e1n, Zapotitl\u00e1n y otros municipios m\u00e1s d\u00f3nde se ha visto la presencia de dicha aeronave, la cual ante la presencia de nubes de lluvias hace la probable dispersi\u00f3n de qu\u00edmicos que impiden la ca\u00edda de lluvia.<\/p>\n<p>Las p\u00e9rdidas que han tenido debido a esto calculan son millonarias y debe haber un responsable que pague por ellas, principalmente ahora que se ha detectado quien podr\u00eda ser el responsable para sancionarlo.<\/p>\n<p>Sin embargo, en la reuni\u00f3n con autoridades estatales se les coment\u00f3 que no hab\u00eda ning\u00fan tipo de normatividad que impidiera la dispersi\u00f3n de sustancias en las nubes, por lo cual buscar\u00e1n otros mecanismos para sancionar a quienes est\u00e1n efectuando esta actividad.<\/p>\n<p>Las p\u00e9rdidas son significativas en los terrenos de cultivo que al carecer de vital l\u00edquido no logran los rendimientos esperados y en muchos de los casos mueren las plantas, tambi\u00e9n los animales que tienen para pastoreo o al interior de las granjas dom\u00e9sticas se ven afectados por las altas temperaturas y la carencia de lluvia.<\/p>\n<p>Este tipo de afectaciones no solamente se da en las zonas urbanas o rurales donde hay asentamientos humanos, sino tambi\u00e9n en aquellas \u00e1reas silvestres naturales donde las especies viven en contacto directo con la naturaleza. Principalmente es de destacar que algunas? de estas superficies pertenecen a la reserva de la Biosfera Tehuac\u00e1n-Cuicatl\u00e1n y con la presencia de agentes qu\u00edmicos en el ambiente para la dispersi\u00f3n de nubes, se afecta al equilibrio ecol\u00f3gico y ponen en riesgo a distintos tipos de vida.<\/p>\n<p><a href=\"http:\/\/m.municipiospuebla.mx\/index.php\/nota\/2019-08-24\/tehuac%c3%a1n\/con-dispersi%c3%b3n-de-qu%c3%admicos-avioneta-inhibe-lluvia-en-tehuac%c3%a1n\">http:\/\/m.municipiospuebla.mx\/index.php\/nota\/2019-08-24\/tehuac%c3%a1n\/con-dispersi%c3%b3n-de-qu%c3%admicos-avioneta-inhibe-lluvia-en-tehuac%c3%a1n<\/a><\/p>\n","protected":false},"excerpt":{"rendered":"<p>Enrique Hern\u00e1ndez \/ Municipios Puebla Tehuac\u00e1n, Pue.- Campesinos de esta regi\u00f3n est\u00e1n exigiendo al gobierno estatal investigue quienes son las personas que realizan fumigaciones sobre nubes y han afectado las &hellip; <a href=\"https:\/\/www.grieta.org.mx\/index.php\/2019\/08\/24\/con-dispersion-de-quimicos-avioneta-inhibe-lluvia-en-tehuacan-puebla\/\" class=\"more-link\">Leer m\u00e1s<\/a><\/p>\n","protected":false},"author":1,"featured_media":38656,"comment_status":"closed","ping_status":"closed","sticky":false,"template":"","format":"standard","meta":{"ngg_post_thumbnail":0,"_jetpack_newsletter_access":"","_jetpack_dont_email_post_to_subs":false,"_jetpack_newsletter_tier_id":0,"_jetpack_memberships_contains_paywalled_content":false,"_jetpack_memberships_contains_paid_content":false,"footnotes":""},"categories":[80,2703,2,26],"tags":[2403],"class_list":["post-38655","post","type-post","status-publish","format-standard","has-post-thumbnail","hentry","category-cintillo","category-defensa-de-los-recursos-naturales-en-puebla","category-noticias-nacionales","category-puebla","tag-crisis-del-agua","entry"],"jetpack_featured_media_url":"https:\/\/www.grieta.org.mx\/wp-content\/uploads\/2019\/09\/sequia_3_0.jpg","jetpack_sharing_enabled":true,"jetpack_shortlink":"https:\/\/wp.me\/p7ZJR4-a3t","jetpack_likes_enabled":false,"jetpack-related-posts":[{"id":55872,"url":"https:\/\/www.grieta.org.mx\/index.php\/2020\/12\/10\/bloquean-carretera-tehuacan-teotitlan-por-falta-de-respuesta-sobre-avionetas-anti-lluvia-puebla\/","url_meta":{"origin":38655,"position":0},"title":"Bloquean carretera Tehuac\u00e1n-Teotitl\u00e1n por falta de respuesta sobre avionetas anti-lluvia (Puebla)","author":"Admin","date":"10 diciembre, 2020","format":false,"excerpt":"Yomara Pacheco \/ Municipios Puebla Los campesinos aseguran que el sobre vuelo de estas avionetas ha afectado a sus cosechas Bloquean carretera Tehuac\u00e1n-Teotitl\u00e1n por falta de respuesta sobre avionetas anti-lluvia Tehuac\u00e1n, Pue.-M\u00e1s de 200 integrantes del Movimiento de Autogesti\u00f3n Social Campesino Ind\u00edgena Popular (MASCIP), bloquearon por varias horas la carretera\u2026","rel":"","context":"En &quot;CINTILLO&quot;","block_context":{"text":"CINTILLO","link":"https:\/\/www.grieta.org.mx\/index.php\/category\/cintillo\/"},"img":{"alt_text":"","src":"https:\/\/i0.wp.com\/www.grieta.org.mx\/wp-content\/uploads\/2020\/12\/manis.jpg?resize=350%2C200&ssl=1","width":350,"height":200,"srcset":"https:\/\/i0.wp.com\/www.grieta.org.mx\/wp-content\/uploads\/2020\/12\/manis.jpg?resize=350%2C200&ssl=1 1x, https:\/\/i0.wp.com\/www.grieta.org.mx\/wp-content\/uploads\/2020\/12\/manis.jpg?resize=525%2C300&ssl=1 1.5x, https:\/\/i0.wp.com\/www.grieta.org.mx\/wp-content\/uploads\/2020\/12\/manis.jpg?resize=700%2C400&ssl=1 2x"},"classes":[]},{"id":19027,"url":"https:\/\/www.grieta.org.mx\/index.php\/2016\/08\/04\/campesinos-bloquean-carretera-federal-puebla-tehuacan\/","url_meta":{"origin":38655,"position":1},"title":"Campesinos bloquean carretera federal Puebla-Tehuac\u00e1n","author":"grieta","date":"4 agosto, 2016","format":false,"excerpt":"Por Karina V\u00e9lez Tecamachalco, Pue.- Campesinos de la regi\u00f3n, integrantes de los 5 m\u00f3dulos de Riego del Distrito 030 de Valsequillo mantienen bloqueada la carretera federal Puebla-Tehuac\u00e1n a la altura del barrio de San Juan Tecamachalco, para exigir que se reabran las compuertas del dren de Valsequillo, ya que cerca\u2026","rel":"","context":"En &quot;CINTILLO&quot;","block_context":{"text":"CINTILLO","link":"https:\/\/www.grieta.org.mx\/index.php\/category\/cintillo\/"},"img":{"alt_text":"","src":"https:\/\/i0.wp.com\/www.grieta.org.mx\/wp-content\/uploads\/2018\/03\/14524434_1106112876131411_958039263622046936_o.jpg?resize=350%2C200&ssl=1","width":350,"height":200,"srcset":"https:\/\/i0.wp.com\/www.grieta.org.mx\/wp-content\/uploads\/2018\/03\/14524434_1106112876131411_958039263622046936_o.jpg?resize=350%2C200&ssl=1 1x, https:\/\/i0.wp.com\/www.grieta.org.mx\/wp-content\/uploads\/2018\/03\/14524434_1106112876131411_958039263622046936_o.jpg?resize=525%2C300&ssl=1 1.5x, https:\/\/i0.wp.com\/www.grieta.org.mx\/wp-content\/uploads\/2018\/03\/14524434_1106112876131411_958039263622046936_o.jpg?resize=700%2C400&ssl=1 2x"},"classes":[]},{"id":28142,"url":"https:\/\/www.grieta.org.mx\/index.php\/2019\/01\/07\/relleno-sanitario-contamina-la-biosfera-tehuacan-cuicatlan-puebla\/","url_meta":{"origin":38655,"position":2},"title":"Relleno sanitario contamina la Bi\u00f3sfera Tehuac\u00e1n-Cuicatl\u00e1n (Puebla)","author":"grieta","date":"7 enero, 2019","format":false,"excerpt":"Municipios Puebla Tehuac\u00e1n, Pue.- Habitantes de Santa Mar\u00eda Coapan se oponen a que el relleno sanitario siga operando por ser un foco de contaminaci\u00f3n, dio a conocer el alcalde subalterno de esta localidad, Miguel \u00c1ngel Flores Albino. Denunci\u00f3 que la ex presidenta municipal, Ernestina Fern\u00e1ndez M\u00e9ndez, extendi\u00f3 a m\u00e1s de\u2026","rel":"","context":"En &quot;CINTILLO&quot;","block_context":{"text":"CINTILLO","link":"https:\/\/www.grieta.org.mx\/index.php\/category\/cintillo\/"},"img":{"alt_text":"","src":"https:\/\/i0.wp.com\/www.grieta.org.mx\/wp-content\/uploads\/2019\/01\/reserva_3.jpg?resize=350%2C200&ssl=1","width":350,"height":200,"srcset":"https:\/\/i0.wp.com\/www.grieta.org.mx\/wp-content\/uploads\/2019\/01\/reserva_3.jpg?resize=350%2C200&ssl=1 1x, https:\/\/i0.wp.com\/www.grieta.org.mx\/wp-content\/uploads\/2019\/01\/reserva_3.jpg?resize=525%2C300&ssl=1 1.5x, https:\/\/i0.wp.com\/www.grieta.org.mx\/wp-content\/uploads\/2019\/01\/reserva_3.jpg?resize=700%2C400&ssl=1 2x"},"classes":[]},{"id":15132,"url":"https:\/\/www.grieta.org.mx\/index.php\/2016\/06\/24\/respaldan-medicos-de-tehuacan-protestas-de-homologos-en-puebla\/","url_meta":{"origin":38655,"position":3},"title":"Respaldan m\u00e9dicos de Tehuac\u00e1n protestas de hom\u00f3logos en Puebla","author":"grieta","date":"24 junio, 2016","format":false,"excerpt":"Por Enrique Hern\u00e1ndez Tehuac\u00e1n, Pue.- La Sociedad M\u00e9dica de Tehuac\u00e1n manifest\u00f3 apoyo a sus hom\u00f3logos en Puebla, quienes esta semana realizaron una marcha en la capital del Estado para exigir mejores condiciones laborales, inform\u00f3 el presidente del gremio, Jos\u00e9 Antonio Ponce de la Fuente. Coincidi\u00f3 en que es necesario concientizar\u2026","rel":"","context":"En &quot;CINTILLO&quot;","block_context":{"text":"CINTILLO","link":"https:\/\/www.grieta.org.mx\/index.php\/category\/cintillo\/"},"img":{"alt_text":"","src":"https:\/\/i0.wp.com\/www.grieta.org.mx\/wp-content\/uploads\/2016\/06\/medicos-tehuacan.jpg?resize=350%2C200&ssl=1","width":350,"height":200,"srcset":"https:\/\/i0.wp.com\/www.grieta.org.mx\/wp-content\/uploads\/2016\/06\/medicos-tehuacan.jpg?resize=350%2C200&ssl=1 1x, https:\/\/i0.wp.com\/www.grieta.org.mx\/wp-content\/uploads\/2016\/06\/medicos-tehuacan.jpg?resize=525%2C300&ssl=1 1.5x"},"classes":[]},{"id":27868,"url":"https:\/\/www.grieta.org.mx\/index.php\/2018\/12\/17\/por-portar-arma-detienen-en-chilac-a-opositor-a-hidroelectrica-puebla\/","url_meta":{"origin":38655,"position":4},"title":"Por portar arma, detienen en Chilac a opositor a hidroel\u00e9ctrica (Puebla)","author":"grieta","date":"17 diciembre, 2018","format":false,"excerpt":"Por Yomara Pacheco \/ Municipios Puebla Tehuac\u00e1n, Pue.- El presidente de la Comisi\u00f3n de Derechos Humanos y Laborales del Valle de Tehuac\u00e1n (CDHy LVT), Mart\u00edn Barrios Hern\u00e1ndez, fue detenido junto con tres personas m\u00e1s, por la portaci\u00f3n de un arma de fuego El pasado fin de semana, en un puesto\u2026","rel":"","context":"En &quot;CINTILLO&quot;","block_context":{"text":"CINTILLO","link":"https:\/\/www.grieta.org.mx\/index.php\/category\/cintillo\/"},"img":{"alt_text":"","src":"https:\/\/i0.wp.com\/www.grieta.org.mx\/wp-content\/uploads\/2018\/12\/martin_barrios_hernadez.jpg?resize=350%2C200&ssl=1","width":350,"height":200,"srcset":"https:\/\/i0.wp.com\/www.grieta.org.mx\/wp-content\/uploads\/2018\/12\/martin_barrios_hernadez.jpg?resize=350%2C200&ssl=1 1x, https:\/\/i0.wp.com\/www.grieta.org.mx\/wp-content\/uploads\/2018\/12\/martin_barrios_hernadez.jpg?resize=525%2C300&ssl=1 1.5x, https:\/\/i0.wp.com\/www.grieta.org.mx\/wp-content\/uploads\/2018\/12\/martin_barrios_hernadez.jpg?resize=700%2C400&ssl=1 2x"},"classes":[]},{"id":27819,"url":"https:\/\/www.grieta.org.mx\/index.php\/2018\/11\/28\/consultaran-a-comunidades-por-hidroelectrica-coyolapa-atzala-puebla\/","url_meta":{"origin":38655,"position":5},"title":"Consultar\u00e1n a comunidades por hidroel\u00e9ctrica Coyolapa-Atzala (Puebla)","author":"Admin","date":"28 noviembre, 2018","format":false,"excerpt":"Por Yomara Pacheco, ?Municipios Puebla? Tehuac\u00e1n, Pue.- Debido a la inconformidad y rechazo que prevalece entre los habitantes de varias comunidades de la Sierra Negra por el proyecto de la construcci\u00f3n de la Hidroel\u00e9ctrica Coyolapa-Atzala, el gobierno federal contempla efectuar una consulta ciudadana, para conocer las inquietudes de la poblaci\u00f3n\u2026","rel":"","context":"En &quot;CINTILLO&quot;","block_context":{"text":"CINTILLO","link":"https:\/\/www.grieta.org.mx\/index.php\/category\/cintillo\/"},"img":{"alt_text":"","src":"https:\/\/i0.wp.com\/www.grieta.org.mx\/wp-content\/uploads\/2018\/12\/claudio_hernandez.jpg?resize=350%2C200&ssl=1","width":350,"height":200,"srcset":"https:\/\/i0.wp.com\/www.grieta.org.mx\/wp-content\/uploads\/2018\/12\/claudio_hernandez.jpg?resize=350%2C200&ssl=1 1x, https:\/\/i0.wp.com\/www.grieta.org.mx\/wp-content\/uploads\/2018\/12\/claudio_hernandez.jpg?resize=525%2C300&ssl=1 1.5x, https:\/\/i0.wp.com\/www.grieta.org.mx\/wp-content\/uploads\/2018\/12\/claudio_hernandez.jpg?resize=700%2C400&ssl=1 2x"},"classes":[]}],"_links":{"self":[{"href":"https:\/\/www.grieta.org.mx\/index.php\/wp-json\/wp\/v2\/posts\/38655","targetHints":{"allow":["GET"]}}],"collection":[{"href":"https:\/\/www.grieta.org.mx\/index.php\/wp-json\/wp\/v2\/posts"}],"about":[{"href":"https:\/\/www.grieta.org.mx\/index.php\/wp-json\/wp\/v2\/types\/post"}],"author":[{"embeddable":true,"href":"https:\/\/www.grieta.org.mx\/index.php\/wp-json\/wp\/v2\/users\/1"}],"replies":[{"embeddable":true,"href":"https:\/\/www.grieta.org.mx\/index.php\/wp-json\/wp\/v2\/comments?post=38655"}],"version-history":[{"count":1,"href":"https:\/\/www.grieta.org.mx\/index.php\/wp-json\/wp\/v2\/posts\/38655\/revisions"}],"predecessor-version":[{"id":38657,"href":"https:\/\/www.grieta.org.mx\/index.php\/wp-json\/wp\/v2\/posts\/38655\/revisions\/38657"}],"wp:featuredmedia":[{"embeddable":true,"href":"https:\/\/www.grieta.org.mx\/index.php\/wp-json\/wp\/v2\/media\/38656"}],"wp:attachment":[{"href":"https:\/\/www.grieta.org.mx\/index.php\/wp-json\/wp\/v2\/media?parent=38655"}],"wp:term":[{"taxonomy":"category","embeddable":true,"href":"https:\/\/www.grieta.org.mx\/index.php\/wp-json\/wp\/v2\/categories?post=38655"},{"taxonomy":"post_tag","embeddable":true,"href":"https:\/\/www.grieta.org.mx\/index.php\/wp-json\/wp\/v2\/tags?post=38655"}],"curies":[{"name":"wp","href":"https:\/\/api.w.org\/{rel}","templated":true}]}}