{"id":38601,"date":"2019-08-30T22:55:16","date_gmt":"2019-08-31T03:55:16","guid":{"rendered":"http:\/\/www.grieta.org.mx\/?p=38601"},"modified":"2019-08-31T23:01:26","modified_gmt":"2019-09-01T04:01:26","slug":"zonas-huachicoleras-tierra-de-cadaveres-puebla","status":"publish","type":"post","link":"https:\/\/www.grieta.org.mx\/index.php\/2019\/08\/30\/zonas-huachicoleras-tierra-de-cadaveres-puebla\/","title":{"rendered":"Zonas huachicoleras, tierra de cad\u00e1veres (Puebla)"},"content":{"rendered":"<p><a href=\"http:\/\/www.grieta.org.mx\/wp-content\/uploads\/2019\/08\/671b0af4991d9e6520dd25aa519cb2b4_nota_685x411_thumb.png\"><img loading=\"lazy\" decoding=\"async\" data-attachment-id=\"38602\" data-permalink=\"https:\/\/www.grieta.org.mx\/index.php\/2019\/08\/30\/zonas-huachicoleras-tierra-de-cadaveres-puebla\/671b0af4991d9e6520dd25aa519cb2b4_nota_685x411_thumb\/\" data-orig-file=\"https:\/\/www.grieta.org.mx\/wp-content\/uploads\/2019\/08\/671b0af4991d9e6520dd25aa519cb2b4_nota_685x411_thumb.png\" data-orig-size=\"685,411\" data-comments-opened=\"0\" data-image-meta=\"{&quot;aperture&quot;:&quot;0&quot;,&quot;credit&quot;:&quot;&quot;,&quot;camera&quot;:&quot;&quot;,&quot;caption&quot;:&quot;&quot;,&quot;created_timestamp&quot;:&quot;0&quot;,&quot;copyright&quot;:&quot;&quot;,&quot;focal_length&quot;:&quot;0&quot;,&quot;iso&quot;:&quot;0&quot;,&quot;shutter_speed&quot;:&quot;0&quot;,&quot;title&quot;:&quot;&quot;,&quot;orientation&quot;:&quot;0&quot;}\" data-image-title=\"671b0af4991d9e6520dd25aa519cb2b4_nota_685x411_thumb\" data-image-description=\"\" data-image-caption=\"\" data-medium-file=\"https:\/\/www.grieta.org.mx\/wp-content\/uploads\/2019\/08\/671b0af4991d9e6520dd25aa519cb2b4_nota_685x411_thumb-300x180.png\" data-large-file=\"https:\/\/www.grieta.org.mx\/wp-content\/uploads\/2019\/08\/671b0af4991d9e6520dd25aa519cb2b4_nota_685x411_thumb.png\" class=\"aligncenter wp-image-38602\" src=\"http:\/\/www.grieta.org.mx\/wp-content\/uploads\/2019\/08\/671b0af4991d9e6520dd25aa519cb2b4_nota_685x411_thumb-300x180.png\" alt=\"\" width=\"800\" height=\"480\" srcset=\"https:\/\/www.grieta.org.mx\/wp-content\/uploads\/2019\/08\/671b0af4991d9e6520dd25aa519cb2b4_nota_685x411_thumb-300x180.png 300w, https:\/\/www.grieta.org.mx\/wp-content\/uploads\/2019\/08\/671b0af4991d9e6520dd25aa519cb2b4_nota_685x411_thumb.png 685w\" sizes=\"auto, (max-width: 800px) 100vw, 800px\" \/><\/a><\/p>\n<p>Eduardo Cabrera \/ El Popular<\/p>\n<p>De acuerdo con informaci\u00f3n proporcionada a El Popular, diario imparcial de Puebla, autoridades forenses cuentan con 208 cad\u00e1veres sin identificar entre inicios de 2018 y hasta junio de 2019.<\/p>\n<p>En 2018 se tuvieron que investigar mil 554 cad\u00e1veres, la mayor\u00eda levantados en zonas con alta presencia de grupos huachicoleros.<\/p>\n<p>Por mucho, la capital poblana concentra los casos de cad\u00e1veres en calidad de desconocido que existe en el estado, ya que de cada 10 cuerpos sin identificar, siete provienen de la ciudad de Puebla.<\/p>\n<p>En los \u00faltimos meses, se ha documentado que la mayor\u00eda provienen de los municipios considerados dentro del Tri\u00e1ngulo Rojo y los alrededores de la zona metropolitana de Puebla, lugares que cuentan con la presencia de ductos de Pemex.<\/p>\n<p><a href=\"http:\/\/www.grieta.org.mx\/wp-content\/uploads\/2019\/08\/d8425bc6579e1040ac8e73f0c0830d0f.jpg\"><img loading=\"lazy\" decoding=\"async\" data-attachment-id=\"38603\" data-permalink=\"https:\/\/www.grieta.org.mx\/index.php\/2019\/08\/30\/zonas-huachicoleras-tierra-de-cadaveres-puebla\/d8425bc6579e1040ac8e73f0c0830d0f\/\" data-orig-file=\"https:\/\/www.grieta.org.mx\/wp-content\/uploads\/2019\/08\/d8425bc6579e1040ac8e73f0c0830d0f.jpg\" data-orig-size=\"1080,1080\" data-comments-opened=\"0\" data-image-meta=\"{&quot;aperture&quot;:&quot;0&quot;,&quot;credit&quot;:&quot;&quot;,&quot;camera&quot;:&quot;&quot;,&quot;caption&quot;:&quot;&quot;,&quot;created_timestamp&quot;:&quot;0&quot;,&quot;copyright&quot;:&quot;&quot;,&quot;focal_length&quot;:&quot;0&quot;,&quot;iso&quot;:&quot;0&quot;,&quot;shutter_speed&quot;:&quot;0&quot;,&quot;title&quot;:&quot;&quot;,&quot;orientation&quot;:&quot;0&quot;}\" data-image-title=\"d8425bc6579e1040ac8e73f0c0830d0f\" data-image-description=\"\" data-image-caption=\"\" data-medium-file=\"https:\/\/www.grieta.org.mx\/wp-content\/uploads\/2019\/08\/d8425bc6579e1040ac8e73f0c0830d0f-300x300.jpg\" data-large-file=\"https:\/\/www.grieta.org.mx\/wp-content\/uploads\/2019\/08\/d8425bc6579e1040ac8e73f0c0830d0f-1024x1024.jpg\" class=\"aligncenter wp-image-38603\" src=\"http:\/\/www.grieta.org.mx\/wp-content\/uploads\/2019\/08\/d8425bc6579e1040ac8e73f0c0830d0f-300x300.jpg\" alt=\"\" width=\"800\" height=\"800\" srcset=\"https:\/\/www.grieta.org.mx\/wp-content\/uploads\/2019\/08\/d8425bc6579e1040ac8e73f0c0830d0f-300x300.jpg 300w, https:\/\/www.grieta.org.mx\/wp-content\/uploads\/2019\/08\/d8425bc6579e1040ac8e73f0c0830d0f-150x150.jpg 150w, https:\/\/www.grieta.org.mx\/wp-content\/uploads\/2019\/08\/d8425bc6579e1040ac8e73f0c0830d0f-768x768.jpg 768w, https:\/\/www.grieta.org.mx\/wp-content\/uploads\/2019\/08\/d8425bc6579e1040ac8e73f0c0830d0f-1024x1024.jpg 1024w, https:\/\/www.grieta.org.mx\/wp-content\/uploads\/2019\/08\/d8425bc6579e1040ac8e73f0c0830d0f-130x130.jpg 130w, https:\/\/www.grieta.org.mx\/wp-content\/uploads\/2019\/08\/d8425bc6579e1040ac8e73f0c0830d0f-500x500.jpg 500w, https:\/\/www.grieta.org.mx\/wp-content\/uploads\/2019\/08\/d8425bc6579e1040ac8e73f0c0830d0f.jpg 1080w\" sizes=\"auto, (max-width: 800px) 100vw, 800px\" \/><\/a><\/p>\n<p>\u201cHay crimen organizado detr\u00e1s de las desapariciones. Muchas veces les cobran hasta el no querer ser parte de esos grupos,\u201d denuncia Mar\u00eda Luisa, del colectivo \u201cLa Voz de los Desaparecidos\u201d.<\/p>\n<p>\u201cEstamos hablando que los desaparecidos son v\u00edctimas del secuestro. Tenemos muchas mujeres, muchachos, adolescentes que los desaparecen porque detr\u00e1s hay tr\u00e1fico de \u00f3rganos, trata de personas. Por supuesto que hay crimen organizado en todo esto.\u201d<\/p>\n<p><a href=\"https:\/\/www.elpopular.mx\/2019\/08\/30\/local\/zonas-huachicoleras-tierra-de-cadaveres\">https:\/\/www.elpopular.mx\/2019\/08\/30\/local\/zonas-huachicoleras-tierra-de-cadaveres<\/a><\/p>\n","protected":false},"excerpt":{"rendered":"<p>Eduardo Cabrera \/ El Popular De acuerdo con informaci\u00f3n proporcionada a El Popular, diario imparcial de Puebla, autoridades forenses cuentan con 208 cad\u00e1veres sin identificar entre inicios de 2018 y &hellip; <a href=\"https:\/\/www.grieta.org.mx\/index.php\/2019\/08\/30\/zonas-huachicoleras-tierra-de-cadaveres-puebla\/\" class=\"more-link\">Leer m\u00e1s<\/a><\/p>\n","protected":false},"author":1,"featured_media":38602,"comment_status":"closed","ping_status":"closed","sticky":false,"template":"","format":"standard","meta":{"ngg_post_thumbnail":0,"_jetpack_newsletter_access":"","_jetpack_dont_email_post_to_subs":false,"_jetpack_newsletter_tier_id":0,"_jetpack_memberships_contains_paywalled_content":false,"_jetpack_memberships_contains_paid_content":false,"footnotes":""},"categories":[80,87,1045,2,26,83,1246],"tags":[1828],"class_list":["post-38601","post","type-post","status-publish","format-standard","has-post-thumbnail","hentry","category-cintillo","category-desaparecidos","category-desaparecidos-en-puebla","category-noticias-nacionales","category-puebla","category-temas-nacionales","category-trata-de-personas-en-puebla","tag-busqueda-de-desaparecidos","entry"],"jetpack_featured_media_url":"https:\/\/www.grieta.org.mx\/wp-content\/uploads\/2019\/08\/671b0af4991d9e6520dd25aa519cb2b4_nota_685x411_thumb.png","jetpack_sharing_enabled":true,"jetpack_shortlink":"https:\/\/wp.me\/p7ZJR4-a2B","jetpack_likes_enabled":false,"jetpack-related-posts":[{"id":38605,"url":"https:\/\/www.grieta.org.mx\/index.php\/2019\/08\/30\/la-fiscalia-maquilla-las-cifras-la-voz-de-los-desaparecidos-puebla\/","url_meta":{"origin":38601,"position":0},"title":"La Fiscal\u00eda maquilla las cifras: La Voz de los Desaparecidos (Puebla)","author":"Admin","date":"30 agosto, 2019","format":false,"excerpt":"Eduardo Cabrera \/ El Popular En julio pasado, el hallazgo del cad\u00e1ver de un delegado de Gobernaci\u00f3n destap\u00f3 una cruda realidad en Puebla. Autoridades reportaron lo que ser\u00eda la fosa clandestina m\u00e1s grande en el estado, en el que se extrajeron alrededor de 20 cuerpos de un pozo de Huejotzingo.\u2026","rel":"","context":"En &quot;CINTILLO&quot;","block_context":{"text":"CINTILLO","link":"https:\/\/www.grieta.org.mx\/index.php\/category\/cintillo\/"},"img":{"alt_text":"","src":"https:\/\/i0.wp.com\/www.grieta.org.mx\/wp-content\/uploads\/2019\/08\/1f3c8ffddc44a3340711855811e6134e_nota_685x411_thumb.png?resize=350%2C200&ssl=1","width":350,"height":200,"srcset":"https:\/\/i0.wp.com\/www.grieta.org.mx\/wp-content\/uploads\/2019\/08\/1f3c8ffddc44a3340711855811e6134e_nota_685x411_thumb.png?resize=350%2C200&ssl=1 1x, https:\/\/i0.wp.com\/www.grieta.org.mx\/wp-content\/uploads\/2019\/08\/1f3c8ffddc44a3340711855811e6134e_nota_685x411_thumb.png?resize=525%2C300&ssl=1 1.5x"},"classes":[]},{"id":38610,"url":"https:\/\/www.grieta.org.mx\/index.php\/2019\/08\/30\/los-desaparecidos-tambien-van-a-la-morgue-puebla\/","url_meta":{"origin":38601,"position":1},"title":"Los desaparecidos tambi\u00e9n van a la morgue (Puebla)","author":"Admin","date":"30 agosto, 2019","format":false,"excerpt":"\u00a0 Eduardo Cabrera \/ El Popular El aumento exponencial de la violencia en Puebla oblig\u00f3 a las oficinas del Servicio M\u00e9dico Forense (Semefo) a recibir alrededor de ocho cad\u00e1veres al d\u00eda, de los cuales 13 por ciento a\u00fan permanecen sin identificar. El estado de Puebla vive un r\u00e9cord hist\u00f3rico en\u2026","rel":"","context":"En &quot;CINTILLO&quot;","block_context":{"text":"CINTILLO","link":"https:\/\/www.grieta.org.mx\/index.php\/category\/cintillo\/"},"img":{"alt_text":"","src":"https:\/\/i0.wp.com\/www.grieta.org.mx\/wp-content\/uploads\/2019\/08\/https-_www.elpopular.mx_archivos_fotos_notas_2019_08_30_498d6f29f201d8d6d8ae5de47938bbca.jpg?resize=350%2C200&ssl=1","width":350,"height":200,"srcset":"https:\/\/i0.wp.com\/www.grieta.org.mx\/wp-content\/uploads\/2019\/08\/https-_www.elpopular.mx_archivos_fotos_notas_2019_08_30_498d6f29f201d8d6d8ae5de47938bbca.jpg?resize=350%2C200&ssl=1 1x, https:\/\/i0.wp.com\/www.grieta.org.mx\/wp-content\/uploads\/2019\/08\/https-_www.elpopular.mx_archivos_fotos_notas_2019_08_30_498d6f29f201d8d6d8ae5de47938bbca.jpg?resize=525%2C300&ssl=1 1.5x, https:\/\/i0.wp.com\/www.grieta.org.mx\/wp-content\/uploads\/2019\/08\/https-_www.elpopular.mx_archivos_fotos_notas_2019_08_30_498d6f29f201d8d6d8ae5de47938bbca.jpg?resize=700%2C400&ssl=1 2x, https:\/\/i0.wp.com\/www.grieta.org.mx\/wp-content\/uploads\/2019\/08\/https-_www.elpopular.mx_archivos_fotos_notas_2019_08_30_498d6f29f201d8d6d8ae5de47938bbca.jpg?resize=1050%2C600&ssl=1 3x, https:\/\/i0.wp.com\/www.grieta.org.mx\/wp-content\/uploads\/2019\/08\/https-_www.elpopular.mx_archivos_fotos_notas_2019_08_30_498d6f29f201d8d6d8ae5de47938bbca.jpg?resize=1400%2C800&ssl=1 4x"},"classes":[]},{"id":56511,"url":"https:\/\/www.grieta.org.mx\/index.php\/2020\/12\/29\/puebla-suma-mil-135-cuerpos-sin-reclamar-desde-2007-y-hasta-2019\/","url_meta":{"origin":38601,"position":2},"title":"Puebla suma mil 135 cuerpos sin reclamar desde 2007 y hasta 2019","author":"Admin","date":"29 diciembre, 2020","format":false,"excerpt":"Aurelio Fern\u00e1ndez \/ La Jornada de Oriente Por lo menos mil 135 cuerpos sin identificar se registraron en Puebla entre los a\u00f1os de 2007 y 2019, lo que se traduce en un promedio de siete casos por mes en los \u00faltimos 13 a\u00f1os. La cifra es la d\u00e9cima m\u00e1s alta\u2026","rel":"","context":"En &quot;CINTILLO&quot;","block_context":{"text":"CINTILLO","link":"https:\/\/www.grieta.org.mx\/index.php\/category\/cintillo\/"},"img":{"alt_text":"","src":"https:\/\/i0.wp.com\/www.grieta.org.mx\/wp-content\/uploads\/2021\/01\/6489-cuerpos.jpg?resize=350%2C200&ssl=1","width":350,"height":200,"srcset":"https:\/\/i0.wp.com\/www.grieta.org.mx\/wp-content\/uploads\/2021\/01\/6489-cuerpos.jpg?resize=350%2C200&ssl=1 1x, https:\/\/i0.wp.com\/www.grieta.org.mx\/wp-content\/uploads\/2021\/01\/6489-cuerpos.jpg?resize=525%2C300&ssl=1 1.5x, https:\/\/i0.wp.com\/www.grieta.org.mx\/wp-content\/uploads\/2021\/01\/6489-cuerpos.jpg?resize=700%2C400&ssl=1 2x, https:\/\/i0.wp.com\/www.grieta.org.mx\/wp-content\/uploads\/2021\/01\/6489-cuerpos.jpg?resize=1050%2C600&ssl=1 3x"},"classes":[]},{"id":26945,"url":"https:\/\/www.grieta.org.mx\/index.php\/2018\/09\/23\/buscan-a-poblanos-en-las-fosas-de-cadaveres-de-veracruz\/","url_meta":{"origin":38601,"position":3},"title":"Buscan a poblanos en las fosas de cad\u00e1veres de Veracruz","author":"grieta","date":"23 septiembre, 2018","format":false,"excerpt":"Patricia M\u00e9ndez \/ e-consulta Decenas de poblanos que no cuentan con el respaldo de las autoridades de su estado han acudido a la comunidad de Arbolillo, en Veracruz, para buscar a familiares desaparecidos que podr\u00edan encontrarse en la fosa clandestina que a principios de septiembre fue descubierta en aquella entidad.\u2026","rel":"","context":"En &quot;CINTILLO&quot;","block_context":{"text":"CINTILLO","link":"https:\/\/www.grieta.org.mx\/index.php\/category\/cintillo\/"},"img":{"alt_text":"","src":"https:\/\/i0.wp.com\/www.grieta.org.mx\/wp-content\/uploads\/2018\/10\/fosa_portada.jpg?resize=350%2C200&ssl=1","width":350,"height":200,"srcset":"https:\/\/i0.wp.com\/www.grieta.org.mx\/wp-content\/uploads\/2018\/10\/fosa_portada.jpg?resize=350%2C200&ssl=1 1x, https:\/\/i0.wp.com\/www.grieta.org.mx\/wp-content\/uploads\/2018\/10\/fosa_portada.jpg?resize=525%2C300&ssl=1 1.5x"},"classes":[]},{"id":32588,"url":"https:\/\/www.grieta.org.mx\/index.php\/2019\/04\/25\/buscan-a-sus-familiares-entre-cuerpos-de-fosas-clandestinas-puebla\/","url_meta":{"origin":38601,"position":4},"title":"Buscan a sus familiares entre cuerpos de fosas clandestinas (Puebla)","author":"grieta","date":"25 abril, 2019","format":false,"excerpt":"Marisol C\u00f3rdoba \/ Municipios Puebla Puebla, Pue.- Las autoridades est\u00e1n comparando el ADN de familiares de personas desaparecidas con los restos encontrados en las fosas clandestinas halladas en Amozoc, Santiago Miahuatl\u00e1n y Palmar de Bravo. De acuerdo con familiares, les han tomado pruebas de ADN y est\u00e1n en espera de\u2026","rel":"","context":"En &quot;CINTILLO&quot;","block_context":{"text":"CINTILLO","link":"https:\/\/www.grieta.org.mx\/index.php\/category\/cintillo\/"},"img":{"alt_text":"","src":"https:\/\/i0.wp.com\/www.grieta.org.mx\/wp-content\/uploads\/2019\/04\/fosas_clandestinas.jpg?resize=350%2C200&ssl=1","width":350,"height":200,"srcset":"https:\/\/i0.wp.com\/www.grieta.org.mx\/wp-content\/uploads\/2019\/04\/fosas_clandestinas.jpg?resize=350%2C200&ssl=1 1x, https:\/\/i0.wp.com\/www.grieta.org.mx\/wp-content\/uploads\/2019\/04\/fosas_clandestinas.jpg?resize=525%2C300&ssl=1 1.5x"},"classes":[]},{"id":53754,"url":"https:\/\/www.grieta.org.mx\/index.php\/2020\/09\/23\/en-colima-se-tiene-el-registro-de-514-cadaveres-sin-identificar\/","url_meta":{"origin":38601,"position":5},"title":"En Colima se tiene el registro de 514 cad\u00e1veres sin identificar","author":"grieta","date":"23 septiembre, 2020","format":false,"excerpt":"Foto: Diario Avanzada Heidi de Le\u00f3n Guti\u00e9rrez \/ Diario Avanzada Colima, M\u00e9xico, Avanzada (23\/09\/2020).-\u00a0Desde el 2015 y hasta finales de 2019, hay 514 cad\u00e1veres de personas asesinadas sin identificar y permanecen en calidad de desconocidos en el Servicio M\u00e9dico Forense de Colima. La informaci\u00f3n se desprende de un reportaje que\u2026","rel":"","context":"En &quot;CINTILLO&quot;","block_context":{"text":"CINTILLO","link":"https:\/\/www.grieta.org.mx\/index.php\/category\/cintillo\/"},"img":{"alt_text":"","src":"https:\/\/i0.wp.com\/www.grieta.org.mx\/wp-content\/uploads\/2018\/03\/14524434_1106112876131411_958039263622046936_o.jpg?resize=350%2C200&ssl=1","width":350,"height":200,"srcset":"https:\/\/i0.wp.com\/www.grieta.org.mx\/wp-content\/uploads\/2018\/03\/14524434_1106112876131411_958039263622046936_o.jpg?resize=350%2C200&ssl=1 1x, https:\/\/i0.wp.com\/www.grieta.org.mx\/wp-content\/uploads\/2018\/03\/14524434_1106112876131411_958039263622046936_o.jpg?resize=525%2C300&ssl=1 1.5x, https:\/\/i0.wp.com\/www.grieta.org.mx\/wp-content\/uploads\/2018\/03\/14524434_1106112876131411_958039263622046936_o.jpg?resize=700%2C400&ssl=1 2x"},"classes":[]}],"_links":{"self":[{"href":"https:\/\/www.grieta.org.mx\/index.php\/wp-json\/wp\/v2\/posts\/38601","targetHints":{"allow":["GET"]}}],"collection":[{"href":"https:\/\/www.grieta.org.mx\/index.php\/wp-json\/wp\/v2\/posts"}],"about":[{"href":"https:\/\/www.grieta.org.mx\/index.php\/wp-json\/wp\/v2\/types\/post"}],"author":[{"embeddable":true,"href":"https:\/\/www.grieta.org.mx\/index.php\/wp-json\/wp\/v2\/users\/1"}],"replies":[{"embeddable":true,"href":"https:\/\/www.grieta.org.mx\/index.php\/wp-json\/wp\/v2\/comments?post=38601"}],"version-history":[{"count":1,"href":"https:\/\/www.grieta.org.mx\/index.php\/wp-json\/wp\/v2\/posts\/38601\/revisions"}],"predecessor-version":[{"id":38604,"href":"https:\/\/www.grieta.org.mx\/index.php\/wp-json\/wp\/v2\/posts\/38601\/revisions\/38604"}],"wp:featuredmedia":[{"embeddable":true,"href":"https:\/\/www.grieta.org.mx\/index.php\/wp-json\/wp\/v2\/media\/38602"}],"wp:attachment":[{"href":"https:\/\/www.grieta.org.mx\/index.php\/wp-json\/wp\/v2\/media?parent=38601"}],"wp:term":[{"taxonomy":"category","embeddable":true,"href":"https:\/\/www.grieta.org.mx\/index.php\/wp-json\/wp\/v2\/categories?post=38601"},{"taxonomy":"post_tag","embeddable":true,"href":"https:\/\/www.grieta.org.mx\/index.php\/wp-json\/wp\/v2\/tags?post=38601"}],"curies":[{"name":"wp","href":"https:\/\/api.w.org\/{rel}","templated":true}]}}