{"id":3858,"date":"2016-03-18T17:24:44","date_gmt":"2016-03-18T17:24:44","guid":{"rendered":"http:\/\/50.22.11.12\/~grietaor\/?p=3858"},"modified":"2018-03-29T18:56:50","modified_gmt":"2018-03-30T00:56:50","slug":"en-el-salto-cerraron-padres-8-escuelas","status":"publish","type":"post","link":"https:\/\/www.grieta.org.mx\/index.php\/2016\/03\/18\/en-el-salto-cerraron-padres-8-escuelas\/","title":{"rendered":"En El Salto cerraron padres 8 escuelas"},"content":{"rendered":"<figure id=\"attachment_3859\" aria-describedby=\"caption-attachment-3859\" style=\"width: 680px\" class=\"wp-caption aligncenter\"><img loading=\"lazy\" decoding=\"async\" data-attachment-id=\"3859\" data-permalink=\"https:\/\/www.grieta.org.mx\/index.php\/2016\/03\/18\/en-el-salto-cerraron-padres-8-escuelas\/paro-escuelas-el-salto-coahuila\/\" data-orig-file=\"https:\/\/www.grieta.org.mx\/wp-content\/uploads\/2016\/03\/Paro-escuelas-el-salto-coahuila.jpeg\" data-orig-size=\"720,480\" data-comments-opened=\"0\" data-image-meta=\"{&quot;aperture&quot;:&quot;0&quot;,&quot;credit&quot;:&quot;&quot;,&quot;camera&quot;:&quot;&quot;,&quot;caption&quot;:&quot;&quot;,&quot;created_timestamp&quot;:&quot;0&quot;,&quot;copyright&quot;:&quot;&quot;,&quot;focal_length&quot;:&quot;0&quot;,&quot;iso&quot;:&quot;0&quot;,&quot;shutter_speed&quot;:&quot;0&quot;,&quot;title&quot;:&quot;&quot;,&quot;orientation&quot;:&quot;0&quot;}\" data-image-title=\"Paro escuelas El Salto Coahuila\" data-image-description=\"\" data-image-caption=\"&lt;p&gt;Paro. En ocho escuelas de El Salto se suspendieron las clases debido a que los padres de familia cerraron en apoyo a los maestros.&lt;\/p&gt;\n\" data-medium-file=\"https:\/\/www.grieta.org.mx\/wp-content\/uploads\/2016\/03\/Paro-escuelas-el-salto-coahuila-300x200.jpeg\" data-large-file=\"https:\/\/www.grieta.org.mx\/wp-content\/uploads\/2016\/03\/Paro-escuelas-el-salto-coahuila.jpeg\" class=\"wp-image-3859\" src=\"http:\/\/grieta.org.mx\/wp-content\/uploads\/2016\/03\/Paro-escuelas-el-salto-coahuila-300x200.jpeg\" alt=\"Paro. En ocho escuelas de El Salto se suspendieron las clases debido a que los padres de familia cerraron en apoyo a los maestros.\" width=\"680\" height=\"453\" srcset=\"https:\/\/www.grieta.org.mx\/wp-content\/uploads\/2016\/03\/Paro-escuelas-el-salto-coahuila-300x200.jpeg 300w, https:\/\/www.grieta.org.mx\/wp-content\/uploads\/2016\/03\/Paro-escuelas-el-salto-coahuila.jpeg 720w\" sizes=\"auto, (max-width: 680px) 100vw, 680px\" \/><figcaption id=\"caption-attachment-3859\" class=\"wp-caption-text\">Paro. En ocho escuelas de El Salto se suspendieron las clases debido a que los padres de familia cerraron en apoyo a los maestros.<\/figcaption><\/figure>\n<p><strong>En apoyo a los maestros que la SEP pretende dar de baja en este ciclo<\/strong><\/p>\n<blockquote><p>En El Salto fueron ocho las escuelas en donde los padres de familia cerraron los planteles en apoyo a los docentes que quieren ser despedidos por no presentar el examen de evaluaci\u00f3n educativa.<\/p><\/blockquote>\n<p>De acuerdo con lo se\u00f1alado por los padres de familia, fueron los mismos alumnos quienes les pidieron su apoyo para defender a los docentes que, afirman, son de los mejores maestros que se tienen en la ciudad de El Salto.<\/p>\n<p>Un padre de familia que solicit\u00f3 el anonimato coment\u00f3 que las escuelas que durante el jueves se suspendieron las clases son la Escuela Secundaria T\u00e9cnica n\u00famero 3, la Colosio, la Democr\u00e1tica, las telesecundarias Mesa del Tecnol\u00f3gico, la San Francisco y las escuelas primarias Benito Ju\u00e1rez, La Colorada y la Blanca.<\/p>\n<p><strong>ESTE VIERNES HABR\u00c1 M\u00c1S CIERRES<\/strong><\/p>\n<p>Sin embargo, para este viernes se espera que el n\u00famero de escuelas que suspendan clases se eleve considerablemente y que podr\u00eda registrarse un paro total de escuelas de nivel b\u00e1sico en la ciudad de El Salto.<\/p>\n<p>&#8220;Aunque no lo crean, son nuestros hijos los que nos est\u00e1n pidiendo la ayuda por sus maestros y claro que los vamos a apoyar, no vamos a permitir que los quieran correr por no asistir a un examen de evaluaci\u00f3n&#8221;, agreg\u00f3.<\/p>\n<p>Incluso, el padre de familia denunci\u00f3 que el secretario de Educaci\u00f3n a nivel federal, Aurelio Nu\u00f1o, est\u00e1 violando la Constituci\u00f3n porque ninguna ley es retroactiva y a los maestros les est\u00e1n aplicando una reforma que solo se deber\u00eda aplicar a los que sean contratados de septiembre de 2013 a la fecha.<\/p>\n<p><strong>LES EST\u00c1N ROBANDO LA QUINCENA<\/strong><\/p>\n<p>Adem\u00e1s, puntualiz\u00f3 que si no les quieren pagar la quincena ya trabajada, entonces se trata de un robo a maestros cometido por el mismo Aurelio Nu\u00f1o.<\/p>\n<p>El docente reiter\u00f3 que, en El Salto, la sociedad defender\u00e1 a sus maestros de cualquier abuso por parte de las autoridades educativas o policiacas, como ya se actu\u00f3 en Durango contra algunos docentes.<\/p>\n<p><strong>Viernes<\/strong><\/p>\n<p>Para este viernes los mismos padres de familia estiman que se sumar\u00e1n muchas m\u00e1s escuelas a este paro de labores que est\u00e1n haciendo los padres de familia porque as\u00ed lo pidieron los alumnos.<\/p>\n<p><strong>Paro<\/strong><\/p>\n<p>Durante la ma\u00f1ana del jueves en El Salto, municipio de Pueblo Nuevo, fueron tres primarias, tres secundarias y dos telesecundarias en donde los padres de familia pararon las labores educativas.<\/p>\n<p><a href=\"http:\/\/www.elsiglodedurango.com.mx\/noticia\/650746.en-el-salto-cerraron-padres-8-escuelas.html\" target=\"_blank\">http:\/\/www.elsiglodedurango.com.mx\/noticia\/650746.en-el-salto-cerraron-padres-8-escuelas.html<\/a><\/p>\n","protected":false},"excerpt":{"rendered":"<p>En apoyo a los maestros que la SEP pretende dar de baja en este ciclo En El Salto fueron ocho las escuelas en donde los padres de familia cerraron los &hellip; <a href=\"https:\/\/www.grieta.org.mx\/index.php\/2016\/03\/18\/en-el-salto-cerraron-padres-8-escuelas\/\" class=\"more-link\">Leer m\u00e1s<\/a><\/p>\n","protected":false},"author":2,"featured_media":21928,"comment_status":"closed","ping_status":"open","sticky":false,"template":"","format":"standard","meta":{"ngg_post_thumbnail":0,"_jetpack_newsletter_access":"","_jetpack_dont_email_post_to_subs":false,"_jetpack_newsletter_tier_id":0,"_jetpack_memberships_contains_paywalled_content":false,"_jetpack_memberships_contains_paid_content":false,"footnotes":""},"categories":[80,15,1114],"tags":[163,321,241,135],"class_list":["post-3858","post","type-post","status-publish","format-standard","has-post-thumbnail","hentry","category-cintillo","category-durango","category-movilizaciones-contra-la-reforma-educativa-y-evaluacion-magisterial-en-durango","tag-despidos","tag-el-salto","tag-paro","tag-reforma-educativa","entry"],"jetpack_featured_media_url":"https:\/\/www.grieta.org.mx\/wp-content\/uploads\/2018\/03\/14524434_1106112876131411_958039263622046936_o.jpg","jetpack_sharing_enabled":true,"jetpack_shortlink":"https:\/\/wp.me\/p7ZJR4-10e","jetpack_likes_enabled":false,"jetpack-related-posts":[{"id":14188,"url":"https:\/\/www.grieta.org.mx\/index.php\/2016\/06\/08\/recrudecen-cierres-de-escuelas-en-municipios\/","url_meta":{"origin":3858,"position":0},"title":"Recrudecen cierres de escuelas en municipios","author":"grieta","date":"8 junio, 2016","format":false,"excerpt":"Escuelas de Macuspana, Huimanguillo, Tacotalpa y Nacajuca fueron tomadas por padres en apoyo al movimiento magisterial. Redacci\u00f3n - Tabasco HOY Los cierres de planteles por parte de padres de familia en apoyo a los maestros cesados por no presentar la evaluaci\u00f3n magisterial y en repudio a las medidas adoptadas en\u2026","rel":"","context":"En &quot;CINTILLO&quot;","block_context":{"text":"CINTILLO","link":"https:\/\/www.grieta.org.mx\/index.php\/category\/cintillo\/"},"img":{"alt_text":"","src":"https:\/\/i0.wp.com\/www.grieta.org.mx\/wp-content\/uploads\/2018\/03\/14524434_1106112876131411_958039263622046936_o.jpg?resize=350%2C200&ssl=1","width":350,"height":200,"srcset":"https:\/\/i0.wp.com\/www.grieta.org.mx\/wp-content\/uploads\/2018\/03\/14524434_1106112876131411_958039263622046936_o.jpg?resize=350%2C200&ssl=1 1x, https:\/\/i0.wp.com\/www.grieta.org.mx\/wp-content\/uploads\/2018\/03\/14524434_1106112876131411_958039263622046936_o.jpg?resize=525%2C300&ssl=1 1.5x, https:\/\/i0.wp.com\/www.grieta.org.mx\/wp-content\/uploads\/2018\/03\/14524434_1106112876131411_958039263622046936_o.jpg?resize=700%2C400&ssl=1 2x"},"classes":[]},{"id":2203,"url":"https:\/\/www.grieta.org.mx\/index.php\/2016\/03\/09\/papas-tambien-cierran-escuelas\/","url_meta":{"origin":3858,"position":1},"title":"Pap\u00e1s tambi\u00e9n cierran escuelas","author":"grieta","date":"9 marzo, 2016","format":false,"excerpt":"Padres de familia de la Escuela Primaria Bruno Mart\u00ednez, decidieron cerrar el plantel, para respaldar a los maestros que ser\u00e1n dados de baja del sistema educativo por no evaluarse. Alonso Hern\u00e1ndez, vocal de la Sociedad de Padres de Familia, expuso que en la escuela hay una maestra con m\u00e1s de\u2026","rel":"","context":"En &quot;CINTILLO&quot;","block_context":{"text":"CINTILLO","link":"https:\/\/www.grieta.org.mx\/index.php\/category\/cintillo\/"},"img":{"alt_text":"","src":"https:\/\/i0.wp.com\/www.grieta.org.mx\/wp-content\/uploads\/2018\/03\/14524434_1106112876131411_958039263622046936_o.jpg?resize=350%2C200&ssl=1","width":350,"height":200,"srcset":"https:\/\/i0.wp.com\/www.grieta.org.mx\/wp-content\/uploads\/2018\/03\/14524434_1106112876131411_958039263622046936_o.jpg?resize=350%2C200&ssl=1 1x, https:\/\/i0.wp.com\/www.grieta.org.mx\/wp-content\/uploads\/2018\/03\/14524434_1106112876131411_958039263622046936_o.jpg?resize=525%2C300&ssl=1 1.5x, https:\/\/i0.wp.com\/www.grieta.org.mx\/wp-content\/uploads\/2018\/03\/14524434_1106112876131411_958039263622046936_o.jpg?resize=700%2C400&ssl=1 2x"},"classes":[]},{"id":2730,"url":"https:\/\/www.grieta.org.mx\/index.php\/2015\/06\/24\/maestros-de-colima-se-van-a-paro-en-protesta-por-reforma-educativa\/","url_meta":{"origin":3858,"position":2},"title":"Maestros de Colima se van a paro en protesta por reforma educativa","author":"grieta","date":"24 junio, 2015","format":false,"excerpt":"Colima, M\u00e9xico, Avanzada (24\/06\/15).- En protesta por la reforma educativa, cerca de mil maestros en Colima, anunciaron que se ir\u00e1n a un paro laboral, por lo tanto, desde este mi\u00e9rcoles no habr\u00e1 clases en por lo menos 62 escuelas de educaci\u00f3n b\u00e1sica en la entidad. Los maestros se\u00f1alaron que no\u2026","rel":"","context":"En &quot;CINTILLO&quot;","block_context":{"text":"CINTILLO","link":"https:\/\/www.grieta.org.mx\/index.php\/category\/cintillo\/"},"img":{"alt_text":"","src":"https:\/\/i0.wp.com\/www.grieta.org.mx\/wp-content\/uploads\/2018\/03\/14524434_1106112876131411_958039263622046936_o.jpg?resize=350%2C200&ssl=1","width":350,"height":200,"srcset":"https:\/\/i0.wp.com\/www.grieta.org.mx\/wp-content\/uploads\/2018\/03\/14524434_1106112876131411_958039263622046936_o.jpg?resize=350%2C200&ssl=1 1x, https:\/\/i0.wp.com\/www.grieta.org.mx\/wp-content\/uploads\/2018\/03\/14524434_1106112876131411_958039263622046936_o.jpg?resize=525%2C300&ssl=1 1.5x, https:\/\/i0.wp.com\/www.grieta.org.mx\/wp-content\/uploads\/2018\/03\/14524434_1106112876131411_958039263622046936_o.jpg?resize=700%2C400&ssl=1 2x"},"classes":[]},{"id":13818,"url":"https:\/\/www.grieta.org.mx\/index.php\/2016\/06\/06\/maestros-y-padres-marchan-en-balancan-y-macuspana\/","url_meta":{"origin":3858,"position":3},"title":"Maestros y padres marchan en Balanc\u00e1n y Macuspana","author":"grieta","date":"6 junio, 2016","format":false,"excerpt":"(Con informaci\u00f3n de Nazur Su\u00e1rez y Mario Alberto Mendoza) Maestros integrantes de la Coordinadora Estatal de Trabajadores de la Educaci\u00f3n de Tabasco (CETET) marchan esta ma\u00f1ana en el municipio de Balanc\u00e1n, mientras que en Macuspana lo hacen padres de familia en apoyo a los docentes en paro. En Balanc\u00e1n, padres\u2026","rel":"","context":"En &quot;CINTILLO&quot;","block_context":{"text":"CINTILLO","link":"https:\/\/www.grieta.org.mx\/index.php\/category\/cintillo\/"},"img":{"alt_text":"","src":"https:\/\/i0.wp.com\/www.grieta.org.mx\/wp-content\/uploads\/2018\/03\/14524434_1106112876131411_958039263622046936_o.jpg?resize=350%2C200&ssl=1","width":350,"height":200,"srcset":"https:\/\/i0.wp.com\/www.grieta.org.mx\/wp-content\/uploads\/2018\/03\/14524434_1106112876131411_958039263622046936_o.jpg?resize=350%2C200&ssl=1 1x, https:\/\/i0.wp.com\/www.grieta.org.mx\/wp-content\/uploads\/2018\/03\/14524434_1106112876131411_958039263622046936_o.jpg?resize=525%2C300&ssl=1 1.5x, https:\/\/i0.wp.com\/www.grieta.org.mx\/wp-content\/uploads\/2018\/03\/14524434_1106112876131411_958039263622046936_o.jpg?resize=700%2C400&ssl=1 2x"},"classes":[]},{"id":12480,"url":"https:\/\/www.grieta.org.mx\/index.php\/2016\/05\/17\/cumplen-marcha-y-paro-en-escuelas\/","url_meta":{"origin":3858,"position":4},"title":"Cumplen marcha y paro en escuelas (Durango)","author":"grieta","date":"17 mayo, 2016","format":false,"excerpt":"Magisterio Unido afirm\u00f3 que fueron casi 150 escuelas las que pararon labores con respaldo de padres Los maestros disidentes de Durango se unieron a la convocatoria del paro nacional de labores del sector docente. El Magisterio Unido de Durango (MUD) asegur\u00f3 que el reporte recibido hasta pasado el medio d\u00eda\u2026","rel":"","context":"En &quot;CINTILLO&quot;","block_context":{"text":"CINTILLO","link":"https:\/\/www.grieta.org.mx\/index.php\/category\/cintillo\/"},"img":{"alt_text":"","src":"https:\/\/i0.wp.com\/www.grieta.org.mx\/wp-content\/uploads\/2018\/03\/14524434_1106112876131411_958039263622046936_o.jpg?resize=350%2C200&ssl=1","width":350,"height":200,"srcset":"https:\/\/i0.wp.com\/www.grieta.org.mx\/wp-content\/uploads\/2018\/03\/14524434_1106112876131411_958039263622046936_o.jpg?resize=350%2C200&ssl=1 1x, https:\/\/i0.wp.com\/www.grieta.org.mx\/wp-content\/uploads\/2018\/03\/14524434_1106112876131411_958039263622046936_o.jpg?resize=525%2C300&ssl=1 1.5x, https:\/\/i0.wp.com\/www.grieta.org.mx\/wp-content\/uploads\/2018\/03\/14524434_1106112876131411_958039263622046936_o.jpg?resize=700%2C400&ssl=1 2x"},"classes":[]},{"id":10668,"url":"https:\/\/www.grieta.org.mx\/index.php\/2016\/04\/21\/padres-de-familia-cierra-escuela-carlos-romo-en-gv\/","url_meta":{"origin":3858,"position":5},"title":"Padres de familia, Cierra Escuela Carlos Romo en GV","author":"grieta","date":"21 abril, 2016","format":false,"excerpt":"Por: Perla R\u00edos Guadalupe Victoria, Dgo.- Padres de familia de la escuela Carlos Romo en la localidad de Guadalupe Victoria, cerraron las ?puertas de dicha instituci\u00f3n, ya que exigen que el docente Abundio Torres, reciba su sueldo, cometan que desde el mes de marzo no est\u00e1 percibiendo ingresos. As\u00ed lo\u2026","rel":"","context":"En &quot;CINTILLO&quot;","block_context":{"text":"CINTILLO","link":"https:\/\/www.grieta.org.mx\/index.php\/category\/cintillo\/"},"img":{"alt_text":"","src":"https:\/\/i0.wp.com\/www.grieta.org.mx\/wp-content\/uploads\/2018\/03\/14524434_1106112876131411_958039263622046936_o.jpg?resize=350%2C200&ssl=1","width":350,"height":200,"srcset":"https:\/\/i0.wp.com\/www.grieta.org.mx\/wp-content\/uploads\/2018\/03\/14524434_1106112876131411_958039263622046936_o.jpg?resize=350%2C200&ssl=1 1x, https:\/\/i0.wp.com\/www.grieta.org.mx\/wp-content\/uploads\/2018\/03\/14524434_1106112876131411_958039263622046936_o.jpg?resize=525%2C300&ssl=1 1.5x, https:\/\/i0.wp.com\/www.grieta.org.mx\/wp-content\/uploads\/2018\/03\/14524434_1106112876131411_958039263622046936_o.jpg?resize=700%2C400&ssl=1 2x"},"classes":[]}],"_links":{"self":[{"href":"https:\/\/www.grieta.org.mx\/index.php\/wp-json\/wp\/v2\/posts\/3858","targetHints":{"allow":["GET"]}}],"collection":[{"href":"https:\/\/www.grieta.org.mx\/index.php\/wp-json\/wp\/v2\/posts"}],"about":[{"href":"https:\/\/www.grieta.org.mx\/index.php\/wp-json\/wp\/v2\/types\/post"}],"author":[{"embeddable":true,"href":"https:\/\/www.grieta.org.mx\/index.php\/wp-json\/wp\/v2\/users\/2"}],"replies":[{"embeddable":true,"href":"https:\/\/www.grieta.org.mx\/index.php\/wp-json\/wp\/v2\/comments?post=3858"}],"version-history":[{"count":1,"href":"https:\/\/www.grieta.org.mx\/index.php\/wp-json\/wp\/v2\/posts\/3858\/revisions"}],"predecessor-version":[{"id":3861,"href":"https:\/\/www.grieta.org.mx\/index.php\/wp-json\/wp\/v2\/posts\/3858\/revisions\/3861"}],"wp:featuredmedia":[{"embeddable":true,"href":"https:\/\/www.grieta.org.mx\/index.php\/wp-json\/wp\/v2\/media\/21928"}],"wp:attachment":[{"href":"https:\/\/www.grieta.org.mx\/index.php\/wp-json\/wp\/v2\/media?parent=3858"}],"wp:term":[{"taxonomy":"category","embeddable":true,"href":"https:\/\/www.grieta.org.mx\/index.php\/wp-json\/wp\/v2\/categories?post=3858"},{"taxonomy":"post_tag","embeddable":true,"href":"https:\/\/www.grieta.org.mx\/index.php\/wp-json\/wp\/v2\/tags?post=3858"}],"curies":[{"name":"wp","href":"https:\/\/api.w.org\/{rel}","templated":true}]}}