{"id":38512,"date":"2019-08-23T10:28:56","date_gmt":"2019-08-23T15:28:56","guid":{"rendered":"http:\/\/www.grieta.org.mx\/?p=38512"},"modified":"2019-08-31T10:35:50","modified_gmt":"2019-08-31T15:35:50","slug":"falso-que-haya-avances-en-negociaciones-con-penasquito-fcam-zacatecas","status":"publish","type":"post","link":"https:\/\/www.grieta.org.mx\/index.php\/2019\/08\/23\/falso-que-haya-avances-en-negociaciones-con-penasquito-fcam-zacatecas\/","title":{"rendered":"Falso que haya avances en negociaciones con Pe\u00f1asquito: FCAM (Zacatecas)"},"content":{"rendered":"<p>Staff, NTR Zacatecas, 23 de agosto de 2019<br \/>\nCiudad de M\u00e9xico.- Como principal cabeza en las mesas de negociaci\u00f3n que se llevan a cabo en la Secretar\u00eda de Gobernaci\u00f3n (Segob), entre ejidatarios, transportistas y la trasnacional Newmont-Goldcorp, Felipe Pinedo Hern\u00e1ndez, dirigente del Frente de Comunidades Afectadas por la Miner\u00eda (FCAM), tras rechazar las declaraciones del secretario de Econom\u00eda del Gobierno del Estado de Zacatecas, Carlos Fernando B\u00e1rcena Pous, en el sentido de que hay avances sustanciales hasta el 70 por ciento de los acuerdos, dijo que, por el contrario, los compromisos sustanciales no han sido atendidos por la minera asentada en el municipio de Mazapil, Zacatecas.<\/p>\n<p>El representante de los ejidatarios de Cedros y de la Uni\u00f3n de Transportistas y Trabajadores del Municipio de Mazapil, refiri\u00f3 que luego de 60 d\u00edas de negociaci\u00f3n, tras un bloqueo que dur\u00f3 79, y a partir del convenio firmado el 14 de junio con la garante de la ministra Olga S\u00e1nchez Cordero, secretaria de Gobernaci\u00f3n, a la fecha nos resultados no han sido satisfactorios.<\/p>\n<p>Como consecuencia de ello, agreg\u00f3, los puntos nodales del origen del conflicto, como resarcir el agotamiento del manantial desde el 2012, las afectaciones ambientales, garantizar el agua para consumo humano, dom\u00e9stico, agr\u00edcola, ganadero y recreativo; adem\u00e1s de la generaci\u00f3n de empleo para los transportistas, son temas que en lo b\u00e1sico no se han resuelto.<\/p>\n<p>De tal forma, descalific\u00f3 las declaraciones del funcionario estatal Carlos Fernando B\u00e1rcena, porque no hay avances sustanciales; por el contrario, mencion\u00f3, la propuesta de la empresa ha sido muy escueta y superficial en diversos rubros. Ejemplific\u00f3 en \u00e9ste sentido, la perforaci\u00f3n de un pozo para uso dom\u00e9stico y dos para otro uso, \u201cpero no garantizan ni ser\u00e1 suficiente comparado con el flujo de 12 pulgadas que ten\u00eda el manantial\u201d, advirti\u00f3.<\/p>\n<p>Afirm\u00f3 que la empresa minera \u00fanicamente ha resuelto los temas que se suscitaron durante el bloqueo de la mina, como el retiro de las demandas penales y la reinstalaci\u00f3n de 19 trabajadores que fueron despedidos durante el conflicto, y la reactivaci\u00f3n de cuatro proveedores de transporte de personal.<\/p>\n<p>Por otro lado, inform\u00f3 que a\u00fan est\u00e1n vigentes las demandas de tipo civil que durante la toma de la mina se interpusieron en contra de diversos compa\u00f1eros.<\/p>\n<p>En el tema de los transportistas, Felipe Pinedo refiri\u00f3 que luego de que \u00e9stos prestaban su servicio a trav\u00e9s de 146 unidades, hasta hace dos d\u00edas la empresa s\u00f3lo ofrec\u00eda trabajo para 50 unidades de 14 metros; o sea, 106 menos de las que ven\u00edan operando.<\/p>\n<p>Visualiz\u00f3 que ante la falta de resultados durante las mesas de negociaci\u00f3n en la Segob, el secretario de Econom\u00eda de Zacatecas no tiene la calidad moral para echar las campanas al vuelo y asegurar que hay avances concretos en las negociaciones con la empresa.<\/p>\n<p>Asimismo, refiri\u00f3 que hay dos auditor\u00edas, una ambiental y la otra h\u00eddrica, \u201cpero en realidad no hay garant\u00edas, sino que se siente el clima de una instancia (Segob) que funge m\u00e1s como moderador de las mesas de di\u00e1logo y no como autoridad, mientras que el gobierno estatal se lava las manos al argumentar que es un tema federal\u201d, agreg\u00f3 Pinedo Hern\u00e1ndez.<\/p>\n<p>En este entorno, Felipe Pinedo afirm\u00f3 que est\u00e1 latente la agudizaci\u00f3n del conflicto y no descart\u00f3 una nueva toma final de pron\u00f3stico reservado, pues los ejidatarios no se levantar\u00e1n con s\u00f3lo promesas de soluci\u00f3n como ha venido sucediendo, \u201cpero seguimos siendo tolerantes\u201d, sostuvo.<\/p>\n<p>Augur\u00f3 que la semana entrante ser\u00e1 definitoria en tanto la empresa no cumpla los compromisos pactados y urgentes, porque lo que pretenden los ejidatarios y transportistas es que el tema no se judicialice, pero seguir\u00e1n actuando con sus pr\u00e1cticas de lucha con la capacidad de organizaci\u00f3n para que haya avances importantes que beneficien ambas partes.<\/p>\n<p>Finalmente, Felipe Pinedo aclar\u00f3 que este conflicto ya no es un asunto de \u201cNarro\u201d o de \u201cFelipe\u201d, porque el senador se mantiene ocupado en sus tareas legislativas, pero como promotor de que las cosas se solucionen, respaldar\u00e1 la decisi\u00f3n que de manera aut\u00f3noma y democr\u00e1tica tomen los ejidatarios y transportistas de Mazapil.<\/p>\n<p><a href=\"http:\/\/ntrzacatecas.com\/2019\/08\/23\/falso-que-haya-avances-en-negociaciones-con-penasquito-fcam\/\">http:\/\/ntrzacatecas.com\/2019\/08\/23\/falso-que-haya-avances-en-negociaciones-con-penasquito-fcam\/<\/a><\/p>\n","protected":false},"excerpt":{"rendered":"<p>Staff, NTR Zacatecas, 23 de agosto de 2019 Ciudad de M\u00e9xico.- Como principal cabeza en las mesas de negociaci\u00f3n que se llevan a cabo en la Secretar\u00eda de Gobernaci\u00f3n (Segob), &hellip; <a href=\"https:\/\/www.grieta.org.mx\/index.php\/2019\/08\/23\/falso-que-haya-avances-en-negociaciones-con-penasquito-fcam-zacatecas\/\" class=\"more-link\">Leer m\u00e1s<\/a><\/p>\n","protected":false},"author":2,"featured_media":21928,"comment_status":"closed","ping_status":"closed","sticky":false,"template":"","format":"standard","meta":{"ngg_post_thumbnail":0,"_jetpack_newsletter_access":"","_jetpack_dont_email_post_to_subs":false,"_jetpack_newsletter_tier_id":0,"_jetpack_memberships_contains_paywalled_content":false,"_jetpack_memberships_contains_paid_content":false,"footnotes":""},"categories":[80,1973,1974,2690,76],"tags":[2216,1748,394,1178,764],"class_list":["post-38512","post","type-post","status-publish","format-standard","has-post-thumbnail","hentry","category-cintillo","category-conflictos-mineros-en-zacatecas","category-despojo-en-el-municipio-de-mazapil","category-resistencias","category-zacatecas","tag-conflictos-por-mineria","tag-contaminacion-por-cianuro","tag-contaminacion-por-mineria","tag-destruccion-de-la-naturaleza","tag-privatizacion-del-agua","entry"],"jetpack_featured_media_url":"https:\/\/www.grieta.org.mx\/wp-content\/uploads\/2018\/03\/14524434_1106112876131411_958039263622046936_o.jpg","jetpack_sharing_enabled":true,"jetpack_shortlink":"https:\/\/wp.me\/p7ZJR4-a1a","jetpack_likes_enabled":false,"jetpack-related-posts":[{"id":43062,"url":"https:\/\/www.grieta.org.mx\/index.php\/2020\/01\/13\/ratifican-ejidatarios-rechazo-a-presa-milpillas-zacatecas\/","url_meta":{"origin":38512,"position":0},"title":"Ratifican ejidatarios rechazo a presa Milpillas (Zacatecas)","author":"grieta","date":"13 enero, 2020","format":false,"excerpt":"MIRIAM SERRANO\/ NTR Zacatecas, 13 de enero de 2020 JIM\u00c9NEZ DEL TE\u00daL.- Luego de que el pasado 4 enero se llev\u00f3 a cabo una asamblea en el Ejido Atotonilco, se inform\u00f3 que ejidatarios de esta localidad y de El Potrero de manera un\u00e1nime ratificaron su rechazo a la autorizaci\u00f3n de\u2026","rel":"","context":"En &quot;CINTILLO&quot;","block_context":{"text":"CINTILLO","link":"https:\/\/www.grieta.org.mx\/index.php\/category\/cintillo\/"},"img":{"alt_text":"","src":"https:\/\/i0.wp.com\/www.grieta.org.mx\/wp-content\/uploads\/2018\/03\/14524434_1106112876131411_958039263622046936_o.jpg?resize=350%2C200&ssl=1","width":350,"height":200,"srcset":"https:\/\/i0.wp.com\/www.grieta.org.mx\/wp-content\/uploads\/2018\/03\/14524434_1106112876131411_958039263622046936_o.jpg?resize=350%2C200&ssl=1 1x, https:\/\/i0.wp.com\/www.grieta.org.mx\/wp-content\/uploads\/2018\/03\/14524434_1106112876131411_958039263622046936_o.jpg?resize=525%2C300&ssl=1 1.5x, https:\/\/i0.wp.com\/www.grieta.org.mx\/wp-content\/uploads\/2018\/03\/14524434_1106112876131411_958039263622046936_o.jpg?resize=700%2C400&ssl=1 2x"},"classes":[]},{"id":38782,"url":"https:\/\/www.grieta.org.mx\/index.php\/2019\/09\/03\/rema-interpone-nuevo-juicio-zacatecas\/","url_meta":{"origin":38512,"position":1},"title":"REMA interpone nuevo juicio (Zacatecas)","author":"grieta","date":"3 septiembre, 2019","format":false,"excerpt":"Silvia Alvarado \/ NTR Zacatecas, 03 de septiembre de 2019 La Red Mexicana de Afectados por la Miner\u00eda (REMA) inform\u00f3 que fue interpuesto ante el Tribunal Unitario Agrario, el segundo juicio de nulidad del acta de asamblea realizada el 14 de octubre de 218 en El Potrero, en el que\u2026","rel":"","context":"En &quot;CINTILLO&quot;","block_context":{"text":"CINTILLO","link":"https:\/\/www.grieta.org.mx\/index.php\/category\/cintillo\/"},"img":{"alt_text":"","src":"https:\/\/i0.wp.com\/www.grieta.org.mx\/wp-content\/uploads\/2019\/09\/rema-1.jpeg?resize=350%2C200&ssl=1","width":350,"height":200,"srcset":"https:\/\/i0.wp.com\/www.grieta.org.mx\/wp-content\/uploads\/2019\/09\/rema-1.jpeg?resize=350%2C200&ssl=1 1x, https:\/\/i0.wp.com\/www.grieta.org.mx\/wp-content\/uploads\/2019\/09\/rema-1.jpeg?resize=525%2C300&ssl=1 1.5x, https:\/\/i0.wp.com\/www.grieta.org.mx\/wp-content\/uploads\/2019\/09\/rema-1.jpeg?resize=700%2C400&ssl=1 2x"},"classes":[]},{"id":37494,"url":"https:\/\/www.grieta.org.mx\/index.php\/2019\/08\/05\/piden-investigar-y-sancionar-a-minera-penasquitos-por-danos-en-zacatecas\/","url_meta":{"origin":38512,"position":2},"title":"Piden investigar y sancionar a minera Pe\u00f1asquitos por da\u00f1os en Zacatecas","author":"grieta","date":"5 agosto, 2019","format":false,"excerpt":"El Estado est\u00e1 incurriendo las actividades de contaminaci\u00f3n ambiental y el despojo de las tierras de los ejidatarios afectados, afirman Manrique Gandaria | El Sol de M\u00e9xico, 5 de agosto de 2019 La organizaci\u00f3n de derechos humanos Red Solidaria D\u00e9cada contra la Impunidad y la Coordinadora Plan de Ayala, pudieron\u2026","rel":"","context":"En &quot;CINTILLO&quot;","block_context":{"text":"CINTILLO","link":"https:\/\/www.grieta.org.mx\/index.php\/category\/cintillo\/"},"img":{"alt_text":"","src":"https:\/\/i0.wp.com\/www.grieta.org.mx\/wp-content\/uploads\/2018\/03\/14524434_1106112876131411_958039263622046936_o.jpg?resize=350%2C200&ssl=1","width":350,"height":200,"srcset":"https:\/\/i0.wp.com\/www.grieta.org.mx\/wp-content\/uploads\/2018\/03\/14524434_1106112876131411_958039263622046936_o.jpg?resize=350%2C200&ssl=1 1x, https:\/\/i0.wp.com\/www.grieta.org.mx\/wp-content\/uploads\/2018\/03\/14524434_1106112876131411_958039263622046936_o.jpg?resize=525%2C300&ssl=1 1.5x, https:\/\/i0.wp.com\/www.grieta.org.mx\/wp-content\/uploads\/2018\/03\/14524434_1106112876131411_958039263622046936_o.jpg?resize=700%2C400&ssl=1 2x"},"classes":[]},{"id":54568,"url":"https:\/\/www.grieta.org.mx\/index.php\/2020\/09\/21\/advierten-de-nuevo-proyecto-minero-en-jimenez-del-teul-lo-operara-la-canadiense-first-majestic-zacatecas\/","url_meta":{"origin":38512,"position":3},"title":"Advierten de nuevo proyecto minero en Jim\u00e9nez del Teul; lo operar\u00e1 la canadiense First Majestic (Zacatecas)","author":"grieta","date":"21 septiembre, 2020","format":false,"excerpt":"\u25a0 Ya es analizado por Semarnat, se\u00f1ala Observatorio de Conflictos Mineros en Zacatecas \u25a0 Afirman que la misma empresa dej\u00f3 a Chalchihuites pobre, cimbrada y sin agua; \u201cquieren traernos devastaci\u00f3n, contaminaci\u00f3n y enfermedad\u201d \u25a0 La minera en su primera etapa prev\u00e9 ejecutar 26 plazas para exploraci\u00f3n y construcci\u00f3n de 7\u2026","rel":"","context":"En &quot;CINTILLO&quot;","block_context":{"text":"CINTILLO","link":"https:\/\/www.grieta.org.mx\/index.php\/category\/cintillo\/"},"img":{"alt_text":"","src":"https:\/\/i0.wp.com\/www.grieta.org.mx\/wp-content\/uploads\/2020\/10\/Nota-1-Minera-copia-1.png?resize=350%2C200&ssl=1","width":350,"height":200},"classes":[]},{"id":63200,"url":"https:\/\/www.grieta.org.mx\/index.php\/2021\/12\/09\/don-roberto-10-anos-de-resistencia-en-salaverna-en-su-pelea-contra-slim-zacatecas\/","url_meta":{"origin":38512,"position":4},"title":"Don Roberto; 10 a\u00f1os de resistencia en Salaverna en su pelea contra Slim (Zacatecas)","author":"grieta","date":"9 diciembre, 2021","format":false,"excerpt":"Redacci\u00f3n La Vanguadia, Coahuila \/ 9 diciembre 2021 Narra c\u00f3mo un pueblo fue desaparecido por empresa minera Los habitantes del pueblo Salaverna, en el norte de Zacatecas, fueron desalojados por una empresa minera operada por Grupo Frisco, propiedad de Carlos Slim Hel\u00fa, en colaboraci\u00f3n con autoridades locales y estatales; la\u2026","rel":"","context":"En &quot;CINTILLO&quot;","block_context":{"text":"CINTILLO","link":"https:\/\/www.grieta.org.mx\/index.php\/category\/cintillo\/"},"img":{"alt_text":"","src":"https:\/\/i0.wp.com\/www.grieta.org.mx\/wp-content\/uploads\/2018\/03\/14524434_1106112876131411_958039263622046936_o.jpg?resize=350%2C200&ssl=1","width":350,"height":200,"srcset":"https:\/\/i0.wp.com\/www.grieta.org.mx\/wp-content\/uploads\/2018\/03\/14524434_1106112876131411_958039263622046936_o.jpg?resize=350%2C200&ssl=1 1x, https:\/\/i0.wp.com\/www.grieta.org.mx\/wp-content\/uploads\/2018\/03\/14524434_1106112876131411_958039263622046936_o.jpg?resize=525%2C300&ssl=1 1.5x, https:\/\/i0.wp.com\/www.grieta.org.mx\/wp-content\/uploads\/2018\/03\/14524434_1106112876131411_958039263622046936_o.jpg?resize=700%2C400&ssl=1 2x"},"classes":[]},{"id":40079,"url":"https:\/\/www.grieta.org.mx\/index.php\/2019\/10\/08\/mineria-y-sustentabilidad-ambiental-son-incompatibles-asegura-investigadora-de-la-unam-zacatecas\/","url_meta":{"origin":38512,"position":5},"title":"Miner\u00eda y sustentabilidad ambiental son incompatibles, asegura investigadora de la UNAM (Zacatecas)","author":"grieta","date":"8 octubre, 2019","format":false,"excerpt":"En las comunidades se reportan fuertes impactos negativos por la miner\u00eda, y a pesar de ello, el marco regulatorio no est\u00e1 a la par de la problem\u00e1tica \u00a0 Zacatecas, 8 de octubre de 2019 Creer que la miner\u00eda es sin\u00f3nimo de progreso y desarrollo es irrisorio; se deben tomar en\u2026","rel":"","context":"En &quot;CINTILLO&quot;","block_context":{"text":"CINTILLO","link":"https:\/\/www.grieta.org.mx\/index.php\/category\/cintillo\/"},"img":{"alt_text":"","src":"https:\/\/i0.wp.com\/www.grieta.org.mx\/wp-content\/uploads\/2019\/10\/coal-1626368_960_720.jpg?resize=350%2C200&ssl=1","width":350,"height":200,"srcset":"https:\/\/i0.wp.com\/www.grieta.org.mx\/wp-content\/uploads\/2019\/10\/coal-1626368_960_720.jpg?resize=350%2C200&ssl=1 1x, https:\/\/i0.wp.com\/www.grieta.org.mx\/wp-content\/uploads\/2019\/10\/coal-1626368_960_720.jpg?resize=525%2C300&ssl=1 1.5x"},"classes":[]}],"_links":{"self":[{"href":"https:\/\/www.grieta.org.mx\/index.php\/wp-json\/wp\/v2\/posts\/38512","targetHints":{"allow":["GET"]}}],"collection":[{"href":"https:\/\/www.grieta.org.mx\/index.php\/wp-json\/wp\/v2\/posts"}],"about":[{"href":"https:\/\/www.grieta.org.mx\/index.php\/wp-json\/wp\/v2\/types\/post"}],"author":[{"embeddable":true,"href":"https:\/\/www.grieta.org.mx\/index.php\/wp-json\/wp\/v2\/users\/2"}],"replies":[{"embeddable":true,"href":"https:\/\/www.grieta.org.mx\/index.php\/wp-json\/wp\/v2\/comments?post=38512"}],"version-history":[{"count":1,"href":"https:\/\/www.grieta.org.mx\/index.php\/wp-json\/wp\/v2\/posts\/38512\/revisions"}],"predecessor-version":[{"id":38514,"href":"https:\/\/www.grieta.org.mx\/index.php\/wp-json\/wp\/v2\/posts\/38512\/revisions\/38514"}],"wp:featuredmedia":[{"embeddable":true,"href":"https:\/\/www.grieta.org.mx\/index.php\/wp-json\/wp\/v2\/media\/21928"}],"wp:attachment":[{"href":"https:\/\/www.grieta.org.mx\/index.php\/wp-json\/wp\/v2\/media?parent=38512"}],"wp:term":[{"taxonomy":"category","embeddable":true,"href":"https:\/\/www.grieta.org.mx\/index.php\/wp-json\/wp\/v2\/categories?post=38512"},{"taxonomy":"post_tag","embeddable":true,"href":"https:\/\/www.grieta.org.mx\/index.php\/wp-json\/wp\/v2\/tags?post=38512"}],"curies":[{"name":"wp","href":"https:\/\/api.w.org\/{rel}","templated":true}]}}