{"id":38415,"date":"2019-08-25T22:09:36","date_gmt":"2019-08-26T03:09:36","guid":{"rendered":"http:\/\/www.grieta.org.mx\/?p=38415"},"modified":"2019-08-28T14:19:50","modified_gmt":"2019-08-28T19:19:50","slug":"trata-policia-de-atropellar-a-reportero-de-quadratin-quintana-roo","status":"publish","type":"post","link":"https:\/\/www.grieta.org.mx\/index.php\/2019\/08\/25\/trata-policia-de-atropellar-a-reportero-de-quadratin-quintana-roo\/","title":{"rendered":"Trata polic\u00eda de atropellar a reportero de Quadrat\u00edn Quintana Roo"},"content":{"rendered":"<p><img loading=\"lazy\" decoding=\"async\" data-attachment-id=\"38418\" data-permalink=\"https:\/\/www.grieta.org.mx\/index.php\/2019\/08\/25\/trata-policia-de-atropellar-a-reportero-de-quadratin-quintana-roo\/rodas-ataque2-1160x700\/\" data-orig-file=\"https:\/\/www.grieta.org.mx\/wp-content\/uploads\/2019\/08\/Rodas-Ataque2-1160x700-e1567019870762.jpg\" data-orig-size=\"800,483\" data-comments-opened=\"0\" data-image-meta=\"{&quot;aperture&quot;:&quot;0&quot;,&quot;credit&quot;:&quot;&quot;,&quot;camera&quot;:&quot;&quot;,&quot;caption&quot;:&quot;&quot;,&quot;created_timestamp&quot;:&quot;0&quot;,&quot;copyright&quot;:&quot;&quot;,&quot;focal_length&quot;:&quot;0&quot;,&quot;iso&quot;:&quot;0&quot;,&quot;shutter_speed&quot;:&quot;0&quot;,&quot;title&quot;:&quot;&quot;,&quot;orientation&quot;:&quot;0&quot;}\" data-image-title=\"Rodas-Ataque2-1160&amp;#215;700\" data-image-description=\"\" data-image-caption=\"\" data-medium-file=\"https:\/\/www.grieta.org.mx\/wp-content\/uploads\/2019\/08\/Rodas-Ataque2-1160x700-300x181.jpg\" data-large-file=\"https:\/\/www.grieta.org.mx\/wp-content\/uploads\/2019\/08\/Rodas-Ataque2-1160x700-1024x618.jpg\" src=\"http:\/\/www.grieta.org.mx\/wp-content\/uploads\/2019\/08\/Rodas-Ataque2-1160x700-e1567019870762.jpg\" alt=\"\" width=\"800\" height=\"483\" class=\"alignright size-full wp-image-38418\" \/><\/p>\n<p>CANC\u00daN, QRoo, 25 de agosto de 2019.- El 11 de junio, la presidenta municipal de Canc\u00fan, Mara Lezama, afirm\u00f3 que la libertad de expresi\u00f3n y pensamiento construyen la democracia y es su deber como autoridad garantizarles. Sin embargo, este domingo, un funcionario de la Direcci\u00f3n de Seguridad P\u00fablica y Tr\u00e1nsito Municipal del Ayuntamiento de Benito Ju\u00e1rez, que Mara Lezama preside, intent\u00f3 impactar a toda velocidad su camioneta contra nuestro compa\u00f1ero Santiago Hern\u00e1ndez, que a bordo de su moto, se dirig\u00eda por un camino de terracer\u00eda, junto con la caravana policial, para informar en vivo del hallazgo en la colonia M\u00e9xico, de los cuerpos de los dos ciclistas desaparecidos en Canc\u00fan.<br \/>\n<img loading=\"lazy\" decoding=\"async\" data-attachment-id=\"38416\" data-permalink=\"https:\/\/www.grieta.org.mx\/index.php\/2019\/08\/25\/trata-policia-de-atropellar-a-reportero-de-quadratin-quintana-roo\/rodas-ataque\/\" data-orig-file=\"https:\/\/www.grieta.org.mx\/wp-content\/uploads\/2019\/08\/Rodas-Ataque--e1567019625788.jpg\" data-orig-size=\"800,453\" data-comments-opened=\"0\" data-image-meta=\"{&quot;aperture&quot;:&quot;0&quot;,&quot;credit&quot;:&quot;&quot;,&quot;camera&quot;:&quot;&quot;,&quot;caption&quot;:&quot;&quot;,&quot;created_timestamp&quot;:&quot;0&quot;,&quot;copyright&quot;:&quot;&quot;,&quot;focal_length&quot;:&quot;0&quot;,&quot;iso&quot;:&quot;0&quot;,&quot;shutter_speed&quot;:&quot;0&quot;,&quot;title&quot;:&quot;&quot;,&quot;orientation&quot;:&quot;0&quot;}\" data-image-title=\"Rodas-Ataque-\" data-image-description=\"\" data-image-caption=\"\" data-medium-file=\"https:\/\/www.grieta.org.mx\/wp-content\/uploads\/2019\/08\/Rodas-Ataque--300x170.jpg\" data-large-file=\"https:\/\/www.grieta.org.mx\/wp-content\/uploads\/2019\/08\/Rodas-Ataque--e1567019625788.jpg\" src=\"http:\/\/www.grieta.org.mx\/wp-content\/uploads\/2019\/08\/Rodas-Ataque--e1567019625788.jpg\" alt=\"\" width=\"800\" height=\"453\" class=\"alignright size-full wp-image-38416\" \/><br \/>\nHace apenas dos meses, la alcaldesa asegur\u00f3 que en su administraci\u00f3n se evitar\u00eda toda clase de represalias por ejercer el periodismo y, sin embargo, el polic\u00eda municipal intent\u00f3 impactar la motocicleta del compa\u00f1ero, atropellarlo y de haberlo logrado, a la velocidad que iban pudo haberlo matado. Nuestro compa\u00f1ero tuvo que salirse del camino para evitar que lo arrollara. Ante las declaraciones de Mara Lezama de \u201ccero tolerancia a cualquier atentado contra la libertad de expresi\u00f3n, prensa y de libre manifestaci\u00f3n de las ideas\u201d, se exige una investigaci\u00f3n a fondo de los hechos, porque fue precisamente un funcionario policial el que atent\u00f3 contra la integridad de un periodista. \u201cSabemos que a\u00fan persisten posturas en contra de esta libertad. Todav\u00eda algunos servidores p\u00fablicos creen que es una concesi\u00f3n que se otorga como si fuera un permiso. Estas posturas son parte de los agravios a la libre expresi\u00f3n y a una de sus manifestaciones que es el periodismo\u201d, insisti\u00f3 en junio la alcaldesa, y por ello se le pide garantizar la integridad de los periodistas que cubren la fuente policial, ante el aumento de la violencia y la falta de resultados. Nuestro compa\u00f1ero, como todos los periodistas de Canc\u00fan y de Quintana Roo, hacen solo su trabajo que es tratar de informar lo m\u00e1s r\u00e1pido y mejor posible a la ciudadan\u00eda.<\/p>\n<p><a href=\"https:\/\/quintanaroo.quadratin.com.mx\/trata-policia-de-atropellar-a-companero-de-quadratin-quintana-roo\/\" rel=\"noopener noreferrer\" target=\"_blank\">https:\/\/quintanaroo.quadratin.com.mx\/trata-policia-de-atropellar-a-companero-de-quadratin-quintana-roo\/<\/a><\/p>\n","protected":false},"excerpt":{"rendered":"<p>CANC\u00daN, QRoo, 25 de agosto de 2019.- El 11 de junio, la presidenta municipal de Canc\u00fan, Mara Lezama, afirm\u00f3 que la libertad de expresi\u00f3n y pensamiento construyen la democracia y &hellip; <a href=\"https:\/\/www.grieta.org.mx\/index.php\/2019\/08\/25\/trata-policia-de-atropellar-a-reportero-de-quadratin-quintana-roo\/\" class=\"more-link\">Leer m\u00e1s<\/a><\/p>\n","protected":false},"author":2,"featured_media":38418,"comment_status":"closed","ping_status":"closed","sticky":false,"template":"","format":"standard","meta":{"ngg_post_thumbnail":0,"_jetpack_newsletter_access":"","_jetpack_dont_email_post_to_subs":false,"_jetpack_newsletter_tier_id":0,"_jetpack_memberships_contains_paywalled_content":false,"_jetpack_memberships_contains_paid_content":false,"footnotes":""},"categories":[80,2,28,83,88,1372],"tags":[2262],"class_list":["post-38415","post","type-post","status-publish","format-standard","has-post-thumbnail","hentry","category-cintillo","category-noticias-nacionales","category-quintana-roo","category-temas-nacionales","category-violencia-contra-periodistas","category-violencia-contra-periodistas-en-quintana-roo","tag-agresiones-contra-periodistas","entry"],"jetpack_featured_media_url":"https:\/\/www.grieta.org.mx\/wp-content\/uploads\/2019\/08\/Rodas-Ataque2-1160x700-e1567019870762.jpg","jetpack_sharing_enabled":true,"jetpack_shortlink":"https:\/\/wp.me\/p7ZJR4-9ZB","jetpack_likes_enabled":false,"jetpack-related-posts":[{"id":62775,"url":"https:\/\/www.grieta.org.mx\/index.php\/2021\/11\/27\/denuncian-amenazas-contra-periodista-que-revelo-presuntos-vinculos-entre-alcaldesa-y-el-narco-quintana-roo\/","url_meta":{"origin":38415,"position":0},"title":"Denuncian amenazas contra periodista que revel\u00f3 presuntos v\u00ednculos entre alcaldesa y el narco (Quintana Roo)","author":"grieta","date":"27 noviembre, 2021","format":false,"excerpt":"Rosa Santana \/ Proceso CANC\u00daN, Q. Roo. (proceso.com.mx).\u2013 El Colectivo Nacional Alerta Temprana de Periodistas y Defensores de Derechos Humanos denunci\u00f3 las amenazas de muerte contra el periodista Alfredo Griz, del medio cancunense AQN Noticias, relacionadas con su labor period\u00edstica. De acuerdo con el colectivo, en los \u00faltimos d\u00edas Alfredo\u2026","rel":"","context":"En &quot;CINTILLO&quot;","block_context":{"text":"CINTILLO","link":"https:\/\/www.grieta.org.mx\/index.php\/category\/cintillo\/"},"img":{"alt_text":"","src":"https:\/\/i0.wp.com\/www.grieta.org.mx\/wp-content\/uploads\/2021\/12\/AmenazaPeriodista-e1638566253170.png?resize=350%2C200&ssl=1","width":350,"height":200,"srcset":"https:\/\/i0.wp.com\/www.grieta.org.mx\/wp-content\/uploads\/2021\/12\/AmenazaPeriodista-e1638566253170.png?resize=350%2C200&ssl=1 1x, https:\/\/i0.wp.com\/www.grieta.org.mx\/wp-content\/uploads\/2021\/12\/AmenazaPeriodista-e1638566253170.png?resize=525%2C300&ssl=1 1.5x, https:\/\/i0.wp.com\/www.grieta.org.mx\/wp-content\/uploads\/2021\/12\/AmenazaPeriodista-e1638566253170.png?resize=700%2C400&ssl=1 2x"},"classes":[]},{"id":54944,"url":"https:\/\/www.grieta.org.mx\/index.php\/2020\/11\/10\/represion-policiaca-de-protesta-en-cancun-fue-planeada-red-feminista\/","url_meta":{"origin":38415,"position":1},"title":"Represi\u00f3n policiaca de protesta en Canc\u00fan fue planeada: Red Feminista","author":"grieta","date":"10 noviembre, 2020","format":false,"excerpt":"Foto Claroscuro Animal Pol\u00edtico Feministas exigieron al gobierno de Quintana Roo la destituci\u00f3n de Alberto Capella, as\u00ed como una disculpa p\u00fablica y la reparaci\u00f3n del da\u00f1o a todas las v\u00edctimas de la brutalidad policiaca. La Red Feminista Quintanarroense afirm\u00f3 que la dispersi\u00f3n con balazos de la protesta que se realiz\u00f3\u2026","rel":"","context":"En &quot;Abuso policiaco en Quintana Roo&quot;","block_context":{"text":"Abuso policiaco en Quintana Roo","link":"https:\/\/www.grieta.org.mx\/index.php\/category\/noticias-nacionales\/quintana-roo\/abuso-policiaco-en-quintana-roo\/"},"img":{"alt_text":"","src":"https:\/\/i0.wp.com\/www.grieta.org.mx\/wp-content\/uploads\/2020\/11\/policia_cancun_disparos_protesta-e1605206205211.jpeg?resize=350%2C200&ssl=1","width":350,"height":200,"srcset":"https:\/\/i0.wp.com\/www.grieta.org.mx\/wp-content\/uploads\/2020\/11\/policia_cancun_disparos_protesta-e1605206205211.jpeg?resize=350%2C200&ssl=1 1x, https:\/\/i0.wp.com\/www.grieta.org.mx\/wp-content\/uploads\/2020\/11\/policia_cancun_disparos_protesta-e1605206205211.jpeg?resize=525%2C300&ssl=1 1.5x, https:\/\/i0.wp.com\/www.grieta.org.mx\/wp-content\/uploads\/2020\/11\/policia_cancun_disparos_protesta-e1605206205211.jpeg?resize=700%2C400&ssl=1 2x"},"classes":[]},{"id":63170,"url":"https:\/\/www.grieta.org.mx\/index.php\/2022\/01\/25\/periodismo-en-riesgo-desde-cancun-exigen-justicia-por-periodistas-asesinados-quintana-roo\/","url_meta":{"origin":38415,"position":2},"title":"&#8220;Periodismo en riesgo&#8221;: Desde Canc\u00fan, exigen justicia por periodistas asesinados (Quintana Roo)","author":"grieta","date":"25 enero, 2022","format":false,"excerpt":"Agencia SIM | Fotos: Infoqroo \/ Noticaribe CANC\u00daN, MX.- Reporteros, editores, fot\u00f3grafos y otros trabajadores de los medios de comunicaci\u00f3n se reunieron esta noche afuera del Palacio Municipal del Ayuntamiento de Benito Ju\u00e1rez, para sumarse al movimiento \u201cPeriodismo en Riesgo\u201d y exigir justicia por los tres colegas que fueron asesinados\u2026","rel":"","context":"En &quot;CINTILLO&quot;","block_context":{"text":"CINTILLO","link":"https:\/\/www.grieta.org.mx\/index.php\/category\/cintillo\/"},"img":{"alt_text":"","src":"https:\/\/i0.wp.com\/www.grieta.org.mx\/wp-content\/uploads\/2022\/01\/PeriodismoEnRiesgo.png?resize=350%2C200&ssl=1","width":350,"height":200,"srcset":"https:\/\/i0.wp.com\/www.grieta.org.mx\/wp-content\/uploads\/2022\/01\/PeriodismoEnRiesgo.png?resize=350%2C200&ssl=1 1x, https:\/\/i0.wp.com\/www.grieta.org.mx\/wp-content\/uploads\/2022\/01\/PeriodismoEnRiesgo.png?resize=525%2C300&ssl=1 1.5x, https:\/\/i0.wp.com\/www.grieta.org.mx\/wp-content\/uploads\/2022\/01\/PeriodismoEnRiesgo.png?resize=700%2C400&ssl=1 2x"},"classes":[]},{"id":54904,"url":"https:\/\/www.grieta.org.mx\/index.php\/2020\/11\/10\/la-policia-de-cancun-disuelve-a-tiros-una-manifestacion-feminista\/","url_meta":{"origin":38415,"position":3},"title":"La polic\u00eda de Canc\u00fan disuelve a tiros una manifestaci\u00f3n feminista","author":"grieta","date":"10 noviembre, 2020","format":false,"excerpt":"Jacobo Garc\u00eda \/ El Pa\u00eds Los agentes irrumpen con las armas en la mano y gritos de \u201dahora si van a valer madres las pinches mujeres\". Dos periodistas son atendidos por heridas de bala Un grupo de unos 50 polic\u00edas municipales de Canc\u00fan disolvieron a tiros este lunes una manifestaci\u00f3n\u2026","rel":"","context":"En &quot;Abuso policiaco en Quintana Roo&quot;","block_context":{"text":"Abuso policiaco en Quintana Roo","link":"https:\/\/www.grieta.org.mx\/index.php\/category\/noticias-nacionales\/quintana-roo\/abuso-policiaco-en-quintana-roo\/"},"img":{"alt_text":"","src":"https:\/\/i0.wp.com\/www.grieta.org.mx\/wp-content\/uploads\/2018\/03\/14524434_1106112876131411_958039263622046936_o.jpg?resize=350%2C200&ssl=1","width":350,"height":200,"srcset":"https:\/\/i0.wp.com\/www.grieta.org.mx\/wp-content\/uploads\/2018\/03\/14524434_1106112876131411_958039263622046936_o.jpg?resize=350%2C200&ssl=1 1x, https:\/\/i0.wp.com\/www.grieta.org.mx\/wp-content\/uploads\/2018\/03\/14524434_1106112876131411_958039263622046936_o.jpg?resize=525%2C300&ssl=1 1.5x, https:\/\/i0.wp.com\/www.grieta.org.mx\/wp-content\/uploads\/2018\/03\/14524434_1106112876131411_958039263622046936_o.jpg?resize=700%2C400&ssl=1 2x"},"classes":[]},{"id":65720,"url":"https:\/\/www.grieta.org.mx\/index.php\/2022\/11\/17\/la-represion-del-9n-en-cancun-una-herida-que-no-se-cura-quintana-roo\/","url_meta":{"origin":38415,"position":4},"title":"La represi\u00f3n del 9N en Canc\u00fan, una herida que no se cura (Quintana Roo)","author":"grieta","date":"17 noviembre, 2022","format":false,"excerpt":"Octavio Mart\u00ednez \/ Revista Proceso A dos a\u00f1os de la agresi\u00f3n policial armada cometida contra manifestantes y periodistas en la explanada del palacio municipal de Benito Ju\u00e1rez, s\u00f3lo una agente de polic\u00eda se encuentra detenida. Para las v\u00edctimas, la apuesta de la entonces alcaldesa y ahora gobernadora, Mara Lezama, es\u2026","rel":"","context":"En &quot;Abuso policiaco en Quintana Roo&quot;","block_context":{"text":"Abuso policiaco en Quintana Roo","link":"https:\/\/www.grieta.org.mx\/index.php\/category\/noticias-nacionales\/quintana-roo\/abuso-policiaco-en-quintana-roo\/"},"img":{"alt_text":"","src":"https:\/\/i0.wp.com\/www.grieta.org.mx\/wp-content\/uploads\/2022\/11\/Cancun9n-e1668953087965.jpg?resize=350%2C200&ssl=1","width":350,"height":200,"srcset":"https:\/\/i0.wp.com\/www.grieta.org.mx\/wp-content\/uploads\/2022\/11\/Cancun9n-e1668953087965.jpg?resize=350%2C200&ssl=1 1x, https:\/\/i0.wp.com\/www.grieta.org.mx\/wp-content\/uploads\/2022\/11\/Cancun9n-e1668953087965.jpg?resize=525%2C300&ssl=1 1.5x, https:\/\/i0.wp.com\/www.grieta.org.mx\/wp-content\/uploads\/2022\/11\/Cancun9n-e1668953087965.jpg?resize=700%2C400&ssl=1 2x"},"classes":[]},{"id":67282,"url":"https:\/\/www.grieta.org.mx\/index.php\/2023\/07\/31\/disparan-contra-vivienda-de-periodista-en-cancun-no-hay-detenidos-quintana-roo\/","url_meta":{"origin":38415,"position":5},"title":"Disparan contra vivienda de periodista en Canc\u00fan; no hay detenidos (Quintana Roo)","author":"grieta","date":"31 julio, 2023","format":false,"excerpt":"Pablo V\u00e1zquez \/ Milenio Canc\u00fan, Quintana Roo La vivienda del comunicador Jorge Ugalde Hern\u00e1ndez, director del portal de noticias 'Descontento Ciudadano Quintanarroense', fue objeto de disparos por desconocidos en el fraccionamiento Villas del Mar en la regi\u00f3n 248 de Canc\u00fan. El reporte preliminar de Seguridad P\u00fablica de Benito Juarez, es\u2026","rel":"","context":"En &quot;CINTILLO&quot;","block_context":{"text":"CINTILLO","link":"https:\/\/www.grieta.org.mx\/index.php\/category\/cintillo\/"},"img":{"alt_text":"","src":"https:\/\/i0.wp.com\/www.grieta.org.mx\/wp-content\/uploads\/2023\/08\/PeriodistaCancun-e1690931085425.jpg?resize=350%2C200&ssl=1","width":350,"height":200,"srcset":"https:\/\/i0.wp.com\/www.grieta.org.mx\/wp-content\/uploads\/2023\/08\/PeriodistaCancun-e1690931085425.jpg?resize=350%2C200&ssl=1 1x, https:\/\/i0.wp.com\/www.grieta.org.mx\/wp-content\/uploads\/2023\/08\/PeriodistaCancun-e1690931085425.jpg?resize=525%2C300&ssl=1 1.5x, https:\/\/i0.wp.com\/www.grieta.org.mx\/wp-content\/uploads\/2023\/08\/PeriodistaCancun-e1690931085425.jpg?resize=700%2C400&ssl=1 2x"},"classes":[]}],"_links":{"self":[{"href":"https:\/\/www.grieta.org.mx\/index.php\/wp-json\/wp\/v2\/posts\/38415","targetHints":{"allow":["GET"]}}],"collection":[{"href":"https:\/\/www.grieta.org.mx\/index.php\/wp-json\/wp\/v2\/posts"}],"about":[{"href":"https:\/\/www.grieta.org.mx\/index.php\/wp-json\/wp\/v2\/types\/post"}],"author":[{"embeddable":true,"href":"https:\/\/www.grieta.org.mx\/index.php\/wp-json\/wp\/v2\/users\/2"}],"replies":[{"embeddable":true,"href":"https:\/\/www.grieta.org.mx\/index.php\/wp-json\/wp\/v2\/comments?post=38415"}],"version-history":[{"count":1,"href":"https:\/\/www.grieta.org.mx\/index.php\/wp-json\/wp\/v2\/posts\/38415\/revisions"}],"predecessor-version":[{"id":38419,"href":"https:\/\/www.grieta.org.mx\/index.php\/wp-json\/wp\/v2\/posts\/38415\/revisions\/38419"}],"wp:featuredmedia":[{"embeddable":true,"href":"https:\/\/www.grieta.org.mx\/index.php\/wp-json\/wp\/v2\/media\/38418"}],"wp:attachment":[{"href":"https:\/\/www.grieta.org.mx\/index.php\/wp-json\/wp\/v2\/media?parent=38415"}],"wp:term":[{"taxonomy":"category","embeddable":true,"href":"https:\/\/www.grieta.org.mx\/index.php\/wp-json\/wp\/v2\/categories?post=38415"},{"taxonomy":"post_tag","embeddable":true,"href":"https:\/\/www.grieta.org.mx\/index.php\/wp-json\/wp\/v2\/tags?post=38415"}],"curies":[{"name":"wp","href":"https:\/\/api.w.org\/{rel}","templated":true}]}}