{"id":38409,"date":"2019-08-28T13:45:37","date_gmt":"2019-08-28T18:45:37","guid":{"rendered":"http:\/\/www.grieta.org.mx\/?p=38409"},"modified":"2019-08-28T13:45:37","modified_gmt":"2019-08-28T18:45:37","slug":"el-telebachillerato-de-muxupip-en-lio-yucatan","status":"publish","type":"post","link":"https:\/\/www.grieta.org.mx\/index.php\/2019\/08\/28\/el-telebachillerato-de-muxupip-en-lio-yucatan\/","title":{"rendered":"El Telebachillerato de Muxupip, en l\u00edo (Yucat\u00e1n)"},"content":{"rendered":"<p><img loading=\"lazy\" decoding=\"async\" data-attachment-id=\"38410\" data-permalink=\"https:\/\/www.grieta.org.mx\/index.php\/2019\/08\/28\/el-telebachillerato-de-muxupip-en-lio-yucatan\/telebachilleratomuxupip\/\" data-orig-file=\"https:\/\/www.grieta.org.mx\/wp-content\/uploads\/2019\/08\/TelebachilleratoMuxupip.png\" data-orig-size=\"715,347\" data-comments-opened=\"0\" data-image-meta=\"{&quot;aperture&quot;:&quot;0&quot;,&quot;credit&quot;:&quot;&quot;,&quot;camera&quot;:&quot;&quot;,&quot;caption&quot;:&quot;&quot;,&quot;created_timestamp&quot;:&quot;0&quot;,&quot;copyright&quot;:&quot;&quot;,&quot;focal_length&quot;:&quot;0&quot;,&quot;iso&quot;:&quot;0&quot;,&quot;shutter_speed&quot;:&quot;0&quot;,&quot;title&quot;:&quot;&quot;,&quot;orientation&quot;:&quot;0&quot;}\" data-image-title=\"TelebachilleratoMuxupip\" data-image-description=\"\" data-image-caption=\"\" data-medium-file=\"https:\/\/www.grieta.org.mx\/wp-content\/uploads\/2019\/08\/TelebachilleratoMuxupip-300x146.png\" data-large-file=\"https:\/\/www.grieta.org.mx\/wp-content\/uploads\/2019\/08\/TelebachilleratoMuxupip.png\" src=\"http:\/\/www.grieta.org.mx\/wp-content\/uploads\/2019\/08\/TelebachilleratoMuxupip.png\" alt=\"\" width=\"715\" height=\"347\" class=\"alignright size-full wp-image-38410\" srcset=\"https:\/\/www.grieta.org.mx\/wp-content\/uploads\/2019\/08\/TelebachilleratoMuxupip.png 715w, https:\/\/www.grieta.org.mx\/wp-content\/uploads\/2019\/08\/TelebachilleratoMuxupip-300x146.png 300w\" sizes=\"auto, (max-width: 715px) 100vw, 715px\" \/><\/p>\n<p> Mauricio Can\/Diario de Yucat\u00e1n<\/p>\n<blockquote><p>Alumnos y pap\u00e1s toman el plantel y apoyan a docentes<\/p><\/blockquote>\n<p>MUXUPIP.\u2014 Habitantes de esta comunidad tomaron el Telebachillerato Comunitario local porque se quejan del despido injustificado de los maestros del plantel.<\/p>\n<p>Anteayer lunes vecinos de Eu\u00e1n, Tixkokob, cerraron con candado el Telebachillerato de esa comisar\u00eda y pidieron a la Secretar\u00eda de Educaci\u00f3n del gobierno del Estado de Yucat\u00e1n (Segey) la inmediata reinstalaci\u00f3n de los maestros despedidos.<\/p>\n<p>En otros Telebachilleratos tambi\u00e9n hay protestas porque la Segey no renov\u00f3 los contratos de los docentes.<\/p>\n<p>En esta comunidad, estudiantes y sus pap\u00e1s tomaron el Telebachillerato porque, dijeron, no est\u00e1n conformes con el despido de docentes ni con el proceso de contrataci\u00f3n de nuevo personal.<\/p>\n<p>Los padres se dijeron preocupados por esta situaci\u00f3n que afecta la educaci\u00f3n de sus hijos.<\/p>\n<p>\u201cLlegaron otros docentes para sustituir a quienes no fueron recontratados; hay inconformidad porque desconocemos si cuentan con los perfiles para dar clases y no nos han informado cu\u00e1l fue el proceso para seleccionarlos\u201d, dijo un pap\u00e1.<\/p>\n<p>En Eu\u00e1n, el coordinador estatal de Telebachillerato, \u00cdrving Pinto Ak\u00e9, lleg\u00f3 e intent\u00f3 llegar a un arreglo con la gente<\/p>\n<p><a href=\"https:\/\/www.yucatan.com.mx\/yucatan\/el-telebachillerato-de-muxupip-en-lio\" rel=\"noopener noreferrer\" target=\"_blank\">https:\/\/www.yucatan.com.mx\/yucatan\/el-telebachillerato-de-muxupip-en-lio<\/a><\/p>\n","protected":false},"excerpt":{"rendered":"<p>Mauricio Can\/Diario de Yucat\u00e1n Alumnos y pap\u00e1s toman el plantel y apoyan a docentes MUXUPIP.\u2014 Habitantes de esta comunidad tomaron el Telebachillerato Comunitario local porque se quejan del despido injustificado &hellip; <a href=\"https:\/\/www.grieta.org.mx\/index.php\/2019\/08\/28\/el-telebachillerato-de-muxupip-en-lio-yucatan\/\" class=\"more-link\">Leer m\u00e1s<\/a><\/p>\n","protected":false},"author":2,"featured_media":38410,"comment_status":"closed","ping_status":"closed","sticky":false,"template":"","format":"standard","meta":{"ngg_post_thumbnail":0,"_jetpack_newsletter_access":"","_jetpack_dont_email_post_to_subs":false,"_jetpack_newsletter_tier_id":0,"_jetpack_memberships_contains_paywalled_content":false,"_jetpack_memberships_contains_paid_content":false,"footnotes":""},"categories":[80,1072,916,2658,2,83,36],"tags":[163,2441,2822],"class_list":["post-38409","post","type-post","status-publish","format-standard","has-post-thumbnail","hentry","category-cintillo","category-conflictos-laborales-en-yucatan","category-privatizacion-del-la-educacion-publica","category-crisis-de-la-educacion-publica-en-yucatan","category-noticias-nacionales","category-temas-nacionales","category-yucatan","tag-despidos","tag-protesta-estudiantil","tag-telebachillerato","entry"],"jetpack_featured_media_url":"https:\/\/www.grieta.org.mx\/wp-content\/uploads\/2019\/08\/TelebachilleratoMuxupip.png","jetpack_sharing_enabled":true,"jetpack_shortlink":"https:\/\/wp.me\/p7ZJR4-9Zv","jetpack_likes_enabled":false,"jetpack-related-posts":[{"id":39059,"url":"https:\/\/www.grieta.org.mx\/index.php\/2019\/09\/02\/docentes-de-telebachillerato-tomarian-acciones-mas-drasticas-yucatan\/","url_meta":{"origin":38409,"position":0},"title":"Docentes de Telebachillerato tomar\u00edan acciones m\u00e1s dr\u00e1sticas (Yucat\u00e1n)","author":"grieta","date":"2 septiembre, 2019","format":false,"excerpt":"Ante la injusticia, advierten al Gobierno de Yucat\u00e1n que habr\u00eda protestas radicales en todo el pa\u00eds. Programan mesa de di\u00e1logo con la secretaria de Educaci\u00f3n, Loreto Villanueva. Por Herbeth Escalante \/ Haz Ruido M\u00e9rida, Yucat\u00e1n.- Docentes del Telebachillerato Comunitario de Yucat\u00e1n advirtieron al Gobierno del Estado que de no recontratar\u2026","rel":"","context":"En &quot;CINTILLO&quot;","block_context":{"text":"CINTILLO","link":"https:\/\/www.grieta.org.mx\/index.php\/category\/cintillo\/"},"img":{"alt_text":"","src":"https:\/\/i0.wp.com\/www.grieta.org.mx\/wp-content\/uploads\/2019\/09\/maestros-560x416.jpg?resize=350%2C200&ssl=1","width":350,"height":200,"srcset":"https:\/\/i0.wp.com\/www.grieta.org.mx\/wp-content\/uploads\/2019\/09\/maestros-560x416.jpg?resize=350%2C200&ssl=1 1x, https:\/\/i0.wp.com\/www.grieta.org.mx\/wp-content\/uploads\/2019\/09\/maestros-560x416.jpg?resize=525%2C300&ssl=1 1.5x"},"classes":[]},{"id":53662,"url":"https:\/\/www.grieta.org.mx\/index.php\/2020\/09\/21\/despido-de-docentes-fue-para-contratar-operadores-del-pan-yucatan\/","url_meta":{"origin":38409,"position":1},"title":"Despido de docentes fue para contratar operadores del PAN ( Yucat\u00e1n)","author":"grieta","date":"21 septiembre, 2020","format":false,"excerpt":"Claudia Arriaga \/ Haz Ruido De nuevo, denuncian despidos irregulares de maestras y maestros de Telebachillerato. M\u00e9rida, Yucat\u00e1n, \u2013 Personal del Telebachillerato Comunitario de Yucat\u00e1n denunci\u00f3 que a 300 docentes y a cinco administrativos no les renovaron sus contratos en este ciclo escolar, pero no fue por las afectaciones del\u2026","rel":"","context":"En &quot;CINTILLO&quot;","block_context":{"text":"CINTILLO","link":"https:\/\/www.grieta.org.mx\/index.php\/category\/cintillo\/"},"img":{"alt_text":"","src":"https:\/\/i0.wp.com\/www.grieta.org.mx\/wp-content\/uploads\/2020\/09\/escuelas-560x416-1.jpg?resize=350%2C200&ssl=1","width":350,"height":200,"srcset":"https:\/\/i0.wp.com\/www.grieta.org.mx\/wp-content\/uploads\/2020\/09\/escuelas-560x416-1.jpg?resize=350%2C200&ssl=1 1x, https:\/\/i0.wp.com\/www.grieta.org.mx\/wp-content\/uploads\/2020\/09\/escuelas-560x416-1.jpg?resize=525%2C300&ssl=1 1.5x"},"classes":[]},{"id":72122,"url":"https:\/\/www.grieta.org.mx\/index.php\/2025\/07\/29\/maestros-de-la-cetey-protestan-frente-a-la-segey-por-falta-de-acuerdos-yucayan\/","url_meta":{"origin":38409,"position":2},"title":"Maestros de la Cetey protestan frente a la Segey por falta de acuerdos (Yucat\u00e1n)","author":"grieta","date":"29 julio, 2025","format":false,"excerpt":"Santiago Alamilla \/ Sol Yucat\u00e1n Alrededor de las 10 de la ma\u00f1ana de este martes, docentes pertenecientes a la Coordinadora Estatal de Trabajadores de la Educaci\u00f3n de Yucat\u00e1n (CETEY) llevaron a cabo una nueva manifestaci\u00f3n en la explanada de la Secretar\u00eda de Educaci\u00f3n del Estado (SEGEY), ante la falta de\u2026","rel":"","context":"En &quot;CINTILLO&quot;","block_context":{"text":"CINTILLO","link":"https:\/\/www.grieta.org.mx\/index.php\/category\/cintillo\/"},"img":{"alt_text":"","src":"https:\/\/i0.wp.com\/www.grieta.org.mx\/wp-content\/uploads\/2025\/08\/Segey-e1754600500550.jpg?resize=350%2C200&ssl=1","width":350,"height":200,"srcset":"https:\/\/i0.wp.com\/www.grieta.org.mx\/wp-content\/uploads\/2025\/08\/Segey-e1754600500550.jpg?resize=350%2C200&ssl=1 1x, https:\/\/i0.wp.com\/www.grieta.org.mx\/wp-content\/uploads\/2025\/08\/Segey-e1754600500550.jpg?resize=525%2C300&ssl=1 1.5x, https:\/\/i0.wp.com\/www.grieta.org.mx\/wp-content\/uploads\/2025\/08\/Segey-e1754600500550.jpg?resize=700%2C400&ssl=1 2x"},"classes":[]},{"id":67711,"url":"https:\/\/www.grieta.org.mx\/index.php\/2023\/09\/01\/cierran-primaria-por-falta-de-maestros-yucatan\/","url_meta":{"origin":38409,"position":3},"title":"Cierran primaria por falta de maestros (Yucat\u00e1n)","author":"grieta","date":"1 septiembre, 2023","format":false,"excerpt":"Yucat\u00e1n Ahora Padres de familia de la escuela primaria \u201cErmilo Abreu G\u00f3mez\u201d, de la colonia M\u00e9xico Oriente, cerraron el plantel como protesta por la falta de maestros que les aqueja desde hace a\u00f1os. Seg\u00fan Karina G\u00f3mez, una de las personas que protestaron, la escuela inici\u00f3 el curso con dos maestros\u2026","rel":"","context":"En &quot;CINTILLO&quot;","block_context":{"text":"CINTILLO","link":"https:\/\/www.grieta.org.mx\/index.php\/category\/cintillo\/"},"img":{"alt_text":"","src":"https:\/\/i0.wp.com\/www.grieta.org.mx\/wp-content\/uploads\/2023\/09\/Primaria-e1694448335769.jpg?resize=350%2C200&ssl=1","width":350,"height":200,"srcset":"https:\/\/i0.wp.com\/www.grieta.org.mx\/wp-content\/uploads\/2023\/09\/Primaria-e1694448335769.jpg?resize=350%2C200&ssl=1 1x, https:\/\/i0.wp.com\/www.grieta.org.mx\/wp-content\/uploads\/2023\/09\/Primaria-e1694448335769.jpg?resize=525%2C300&ssl=1 1.5x, https:\/\/i0.wp.com\/www.grieta.org.mx\/wp-content\/uploads\/2023\/09\/Primaria-e1694448335769.jpg?resize=700%2C400&ssl=1 2x"},"classes":[]},{"id":38689,"url":"https:\/\/www.grieta.org.mx\/index.php\/2019\/08\/30\/continua-conflicto-en-una-secundaria-yucatan\/","url_meta":{"origin":38409,"position":4},"title":"Contin\u00faa conflicto en una secundaria (Yucat\u00e1n)","author":"grieta","date":"30 agosto, 2019","format":false,"excerpt":"Maestros hacen guardia en la secundaria \u201cEmiliano Zapata\u201d de Tekax A.P.R.\/Diario de Yucat\u00e1n Maestros acusan a la Segey de no cumplir acuerdos TEKAX.\u2014 Luego de unos 15 d\u00edas de conflicto, sigue sin resolverse el problema en la secundaria \u201cEmiliano Zapata\u201d, pues los profesores inconformes no dan su brazo a torcer\u2026","rel":"","context":"En &quot;CINTILLO&quot;","block_context":{"text":"CINTILLO","link":"https:\/\/www.grieta.org.mx\/index.php\/category\/cintillo\/"},"img":{"alt_text":"","src":"https:\/\/i0.wp.com\/www.grieta.org.mx\/wp-content\/uploads\/2019\/09\/MaestrosTekax6-e1567475593776.jpg?resize=350%2C200&ssl=1","width":350,"height":200,"srcset":"https:\/\/i0.wp.com\/www.grieta.org.mx\/wp-content\/uploads\/2019\/09\/MaestrosTekax6-e1567475593776.jpg?resize=350%2C200&ssl=1 1x, https:\/\/i0.wp.com\/www.grieta.org.mx\/wp-content\/uploads\/2019\/09\/MaestrosTekax6-e1567475593776.jpg?resize=525%2C300&ssl=1 1.5x, https:\/\/i0.wp.com\/www.grieta.org.mx\/wp-content\/uploads\/2019\/09\/MaestrosTekax6-e1567475593776.jpg?resize=700%2C400&ssl=1 2x"},"classes":[]},{"id":38181,"url":"https:\/\/www.grieta.org.mx\/index.php\/2019\/08\/23\/maestros-de-telebachilleratos-de-yucatan-demandan-reinstalacion-video\/","url_meta":{"origin":38409,"position":5},"title":"Maestros de Telebachilleratos de Yucat\u00e1n demandan reinstalaci\u00f3n (Video)","author":"grieta","date":"23 agosto, 2019","format":false,"excerpt":"Jes\u00fas Mej\u00eda\/LectorMx M\u00e9rida, Yucat\u00e1n.- Unos 30 profesores del Telebachillerato Comunitario del Estado de Yucat\u00e1n (TCEY) demandaron la reinstalaci\u00f3n de 150 docentes que fueron despedidos, seg\u00fan dijeron, sin causa justificada. Rub\u00ed Capistr\u00e1n Arroyo, representante del Frente \u00danico Nacional de Trabajadores del TCEY, declar\u00f3 que fueron notificados de la rescisi\u00f3n de sus\u2026","rel":"","context":"En &quot;CINTILLO&quot;","block_context":{"text":"CINTILLO","link":"https:\/\/www.grieta.org.mx\/index.php\/category\/cintillo\/"},"img":{"alt_text":"","src":"https:\/\/i0.wp.com\/www.grieta.org.mx\/wp-content\/uploads\/2019\/08\/IMG-20190823-WA0012-1280x640-e1566584870440.jpg?resize=350%2C200&ssl=1","width":350,"height":200,"srcset":"https:\/\/i0.wp.com\/www.grieta.org.mx\/wp-content\/uploads\/2019\/08\/IMG-20190823-WA0012-1280x640-e1566584870440.jpg?resize=350%2C200&ssl=1 1x, https:\/\/i0.wp.com\/www.grieta.org.mx\/wp-content\/uploads\/2019\/08\/IMG-20190823-WA0012-1280x640-e1566584870440.jpg?resize=525%2C300&ssl=1 1.5x, https:\/\/i0.wp.com\/www.grieta.org.mx\/wp-content\/uploads\/2019\/08\/IMG-20190823-WA0012-1280x640-e1566584870440.jpg?resize=700%2C400&ssl=1 2x"},"classes":[]}],"_links":{"self":[{"href":"https:\/\/www.grieta.org.mx\/index.php\/wp-json\/wp\/v2\/posts\/38409","targetHints":{"allow":["GET"]}}],"collection":[{"href":"https:\/\/www.grieta.org.mx\/index.php\/wp-json\/wp\/v2\/posts"}],"about":[{"href":"https:\/\/www.grieta.org.mx\/index.php\/wp-json\/wp\/v2\/types\/post"}],"author":[{"embeddable":true,"href":"https:\/\/www.grieta.org.mx\/index.php\/wp-json\/wp\/v2\/users\/2"}],"replies":[{"embeddable":true,"href":"https:\/\/www.grieta.org.mx\/index.php\/wp-json\/wp\/v2\/comments?post=38409"}],"version-history":[{"count":1,"href":"https:\/\/www.grieta.org.mx\/index.php\/wp-json\/wp\/v2\/posts\/38409\/revisions"}],"predecessor-version":[{"id":38411,"href":"https:\/\/www.grieta.org.mx\/index.php\/wp-json\/wp\/v2\/posts\/38409\/revisions\/38411"}],"wp:featuredmedia":[{"embeddable":true,"href":"https:\/\/www.grieta.org.mx\/index.php\/wp-json\/wp\/v2\/media\/38410"}],"wp:attachment":[{"href":"https:\/\/www.grieta.org.mx\/index.php\/wp-json\/wp\/v2\/media?parent=38409"}],"wp:term":[{"taxonomy":"category","embeddable":true,"href":"https:\/\/www.grieta.org.mx\/index.php\/wp-json\/wp\/v2\/categories?post=38409"},{"taxonomy":"post_tag","embeddable":true,"href":"https:\/\/www.grieta.org.mx\/index.php\/wp-json\/wp\/v2\/tags?post=38409"}],"curies":[{"name":"wp","href":"https:\/\/api.w.org\/{rel}","templated":true}]}}