{"id":38406,"date":"2019-08-24T13:28:02","date_gmt":"2019-08-24T18:28:02","guid":{"rendered":"http:\/\/www.grieta.org.mx\/?p=38406"},"modified":"2019-08-28T13:35:00","modified_gmt":"2019-08-28T18:35:00","slug":"inconformidad-de-maestros-y-de-personal-administrativo-yucatan","status":"publish","type":"post","link":"https:\/\/www.grieta.org.mx\/index.php\/2019\/08\/24\/inconformidad-de-maestros-y-de-personal-administrativo-yucatan\/","title":{"rendered":"Inconformidad de maestros y de personal administrativo (Yucat\u00e1n)"},"content":{"rendered":"<p><img loading=\"lazy\" decoding=\"async\" data-attachment-id=\"38407\" data-permalink=\"https:\/\/www.grieta.org.mx\/index.php\/2019\/08\/24\/inconformidad-de-maestros-y-de-personal-administrativo-yucatan\/dgeti\/\" data-orig-file=\"https:\/\/www.grieta.org.mx\/wp-content\/uploads\/2019\/08\/dgeti.png\" data-orig-size=\"723,669\" data-comments-opened=\"0\" data-image-meta=\"{&quot;aperture&quot;:&quot;0&quot;,&quot;credit&quot;:&quot;&quot;,&quot;camera&quot;:&quot;&quot;,&quot;caption&quot;:&quot;&quot;,&quot;created_timestamp&quot;:&quot;0&quot;,&quot;copyright&quot;:&quot;&quot;,&quot;focal_length&quot;:&quot;0&quot;,&quot;iso&quot;:&quot;0&quot;,&quot;shutter_speed&quot;:&quot;0&quot;,&quot;title&quot;:&quot;&quot;,&quot;orientation&quot;:&quot;0&quot;}\" data-image-title=\"dgeti\" data-image-description=\"\" data-image-caption=\"\" data-medium-file=\"https:\/\/www.grieta.org.mx\/wp-content\/uploads\/2019\/08\/dgeti-300x278.png\" data-large-file=\"https:\/\/www.grieta.org.mx\/wp-content\/uploads\/2019\/08\/dgeti.png\" src=\"http:\/\/www.grieta.org.mx\/wp-content\/uploads\/2019\/08\/dgeti.png\" alt=\"\" width=\"723\" height=\"669\" class=\"alignright size-full wp-image-38407\" srcset=\"https:\/\/www.grieta.org.mx\/wp-content\/uploads\/2019\/08\/dgeti.png 723w, https:\/\/www.grieta.org.mx\/wp-content\/uploads\/2019\/08\/dgeti-300x278.png 300w, https:\/\/www.grieta.org.mx\/wp-content\/uploads\/2019\/08\/dgeti-540x500.png 540w\" sizes=\"auto, (max-width: 723px) 100vw, 723px\" \/><br \/>\nDiario de Yucat\u00e1n<\/p>\n<blockquote><p>Paran labores en demanda de que suban sus sueldos<\/p><\/blockquote>\n<p>TICUL.\u2014 Con un paro de labores, m\u00e1s de 600 docentes y personal administrativo de la Direcci\u00f3n General de Educaci\u00f3n Tecnol\u00f3gica Industrial (Dgeti), de 12 planteles, retomaron sus manifestaciones para exigir que sus salarios sean considerados con base en el tabulador 3 de sueldos.<\/p>\n<p>Con la llegada de los docentes de municipios como Dzidzant\u00fan, Oxkutzcab, Conkal y otros del estado a las instalaciones del Centro de Estudios Tecnol\u00f3gicos, Industrial y Servicios (Cetis) No. 19, de esta ciudad, se inici\u00f3 el paro con una reuni\u00f3n entre los profesores y sus representantes sindicales.<\/p>\n<p>Los trabajadores de educaci\u00f3n media superior manifestaron que desde hace 12 a\u00f1os iniciaron los tr\u00e1mites para solicitar a las autoridades educativas que sus salarios pasen al tabulador tres de sueldos, como se ha hecho en otras entidades, pero hasta la fecha no han recibido respuesta.<\/p>\n<p>Indicaron que ya son m\u00e1s de 600 trabajadores que se han sumado a estas protestas, y que en caso de que no reciban una respuesta satisfactoria continuar\u00e1n con sus manifestaciones y paros de labores en los 12 planteles del Estado que se han visto afectados.<\/p>\n<p>Los profesores del Cetis 19 estuvieron acompa\u00f1ados por su delegada sindical, Laura Coello, y representantes, quienes se dijeron cansados de que no les den respuestas a este derecho que tienen como trabajadores.<\/p>\n<p>Mencionaron que desde hace 13 a\u00f1os iniciaron esta lucha y solo les han dado vueltas por las autoridades educativas, en tanto han recibido sus salarios con base en el tabulador 2.\u2014 S.CH.CH.<\/p>\n<p><a href=\"https:\/\/www.yucatan.com.mx\/yucatan\/inconformidad-de-maestros-y-de-personal-administrativo\" rel=\"noopener noreferrer\" target=\"_blank\">https:\/\/www.yucatan.com.mx\/yucatan\/inconformidad-de-maestros-y-de-personal-administrativo<\/a><\/p>\n","protected":false},"excerpt":{"rendered":"<p>Diario de Yucat\u00e1n Paran labores en demanda de que suban sus sueldos TICUL.\u2014 Con un paro de labores, m\u00e1s de 600 docentes y personal administrativo de la Direcci\u00f3n General de &hellip; <a href=\"https:\/\/www.grieta.org.mx\/index.php\/2019\/08\/24\/inconformidad-de-maestros-y-de-personal-administrativo-yucatan\/\" class=\"more-link\">Leer m\u00e1s<\/a><\/p>\n","protected":false},"author":2,"featured_media":38407,"comment_status":"closed","ping_status":"closed","sticky":false,"template":"","format":"standard","meta":{"ngg_post_thumbnail":0,"_jetpack_newsletter_access":"","_jetpack_dont_email_post_to_subs":false,"_jetpack_newsletter_tier_id":0,"_jetpack_memberships_contains_paywalled_content":false,"_jetpack_memberships_contains_paid_content":false,"footnotes":""},"categories":[80,2658,2,36],"tags":[2251],"class_list":["post-38406","post","type-post","status-publish","format-standard","has-post-thumbnail","hentry","category-cintillo","category-crisis-de-la-educacion-publica-en-yucatan","category-noticias-nacionales","category-yucatan","tag-manifestacion-maestros","entry"],"jetpack_featured_media_url":"https:\/\/www.grieta.org.mx\/wp-content\/uploads\/2019\/08\/dgeti.png","jetpack_sharing_enabled":true,"jetpack_shortlink":"https:\/\/wp.me\/p7ZJR4-9Zs","jetpack_likes_enabled":false,"jetpack-related-posts":[{"id":71228,"url":"https:\/\/www.grieta.org.mx\/index.php\/2025\/03\/07\/docentes-de-yucatan-se-suman-a-paro-nacional\/","url_meta":{"origin":38406,"position":0},"title":"Docentes de Yucat\u00e1n se suman a paro nacional","author":"grieta","date":"7 marzo, 2025","format":false,"excerpt":"Reporteros Hoy Docentes de Yucat\u00e1n se unieron a un paro nacional de labores para manifestar su descontento en contra de la reforma a la Ley del ISSSTE. Varias escuelas del estado anunciaron con anterioridad que no habr\u00eda labores, mientras que, en otras, los alumnos acudieron, pero luego fueron retirados. En\u2026","rel":"","context":"En &quot;CINTILLO&quot;","block_context":{"text":"CINTILLO","link":"https:\/\/www.grieta.org.mx\/index.php\/category\/cintillo\/"},"img":{"alt_text":"","src":"https:\/\/i0.wp.com\/www.grieta.org.mx\/wp-content\/uploads\/2025\/03\/MaestrosYucatan.jpg?resize=350%2C200&ssl=1","width":350,"height":200,"srcset":"https:\/\/i0.wp.com\/www.grieta.org.mx\/wp-content\/uploads\/2025\/03\/MaestrosYucatan.jpg?resize=350%2C200&ssl=1 1x, https:\/\/i0.wp.com\/www.grieta.org.mx\/wp-content\/uploads\/2025\/03\/MaestrosYucatan.jpg?resize=525%2C300&ssl=1 1.5x"},"classes":[]},{"id":24072,"url":"https:\/\/www.grieta.org.mx\/index.php\/2018\/06\/29\/docentes-de-la-upn-realizan-paro-de-labores-yucatan\/","url_meta":{"origin":38406,"position":1},"title":"Docentes de la UPN realizan paro de labores (Yucat\u00e1n)","author":"grieta","date":"29 junio, 2018","format":false,"excerpt":"https:\/\/www.youtube.com\/watch?time_continue=79&v=B9tREt7R9Is M\u00e9rida, Yucat\u00e1n.- Trabajadores de la Universidad Pedag\u00f3gica Nacional realizaron un paro laboral para exigir el pago de prestaciones que no se les ha otorgado desde hace 11 a\u00f1os y por una serie de violaciones a las normatividades establecidas en el consejo de unidad. Macedonio Mart\u00edn Hu uno de los\u2026","rel":"","context":"En &quot;CINTILLO&quot;","block_context":{"text":"CINTILLO","link":"https:\/\/www.grieta.org.mx\/index.php\/category\/cintillo\/"},"img":{"alt_text":"","src":"https:\/\/i0.wp.com\/www.grieta.org.mx\/wp-content\/uploads\/2018\/06\/UPNParoJulio.png?resize=350%2C200&ssl=1","width":350,"height":200,"srcset":"https:\/\/i0.wp.com\/www.grieta.org.mx\/wp-content\/uploads\/2018\/06\/UPNParoJulio.png?resize=350%2C200&ssl=1 1x, https:\/\/i0.wp.com\/www.grieta.org.mx\/wp-content\/uploads\/2018\/06\/UPNParoJulio.png?resize=525%2C300&ssl=1 1.5x"},"classes":[]},{"id":71828,"url":"https:\/\/www.grieta.org.mx\/index.php\/2025\/06\/10\/ahora-la-utm-se-une-al-paro-yucatan\/","url_meta":{"origin":38406,"position":2},"title":"Ahora la UTM se une al paro (Yucat\u00e1n)","author":"grieta","date":"10 junio, 2025","format":false,"excerpt":"Herbeth Escalante \/ Haz Ruido Los docentes y el personal administrativo exigen mejores condiciones laborales y mejorar la infraestructura para sus estudiantes M\u00e9rida, Yucat\u00e1n, 10 de junio de 2025.- Desde temprana hora, docentes y personal administrativo cerraron con candados las rejas de las instalaciones de la Universidad Tecnol\u00f3gica Metropolitana (UTM)\u2026","rel":"","context":"En &quot;CINTILLO&quot;","block_context":{"text":"CINTILLO","link":"https:\/\/www.grieta.org.mx\/index.php\/category\/cintillo\/"},"img":{"alt_text":"","src":"https:\/\/i0.wp.com\/www.grieta.org.mx\/wp-content\/uploads\/2025\/06\/Utm-e1749645096482.jpg?resize=350%2C200&ssl=1","width":350,"height":200,"srcset":"https:\/\/i0.wp.com\/www.grieta.org.mx\/wp-content\/uploads\/2025\/06\/Utm-e1749645096482.jpg?resize=350%2C200&ssl=1 1x, https:\/\/i0.wp.com\/www.grieta.org.mx\/wp-content\/uploads\/2025\/06\/Utm-e1749645096482.jpg?resize=525%2C300&ssl=1 1.5x, https:\/\/i0.wp.com\/www.grieta.org.mx\/wp-content\/uploads\/2025\/06\/Utm-e1749645096482.jpg?resize=700%2C400&ssl=1 2x"},"classes":[]},{"id":38114,"url":"https:\/\/www.grieta.org.mx\/index.php\/2019\/08\/19\/maestros-de-yucatan-denuncian-que-solo-reciben-el-70-de-su-sueldo\/","url_meta":{"origin":38406,"position":3},"title":"Maestros de Yucat\u00e1n denuncian que solo reciben el 70% de su sueldo","author":"grieta","date":"19 agosto, 2019","format":false,"excerpt":"Rebeca Gonz\u00e1lez\/La Verdad Maestros de los tecnol\u00f3gicos de Yucat\u00e1n se quejan porque sus salarios no son parejos con los que reciben otros docentes que est\u00e1n bajo el tabulados 3. Docentes y trabajadores del Instituto Tecnol\u00f3gico de Conkal (ITC) en Yucat\u00e1n, realizaron un paro de labores para exigir de una vez\u2026","rel":"","context":"En &quot;CINTILLO&quot;","block_context":{"text":"CINTILLO","link":"https:\/\/www.grieta.org.mx\/index.php\/category\/cintillo\/"},"img":{"alt_text":"","src":"https:\/\/i0.wp.com\/www.grieta.org.mx\/wp-content\/uploads\/2019\/08\/ita.jpg_1803496872.jpg?resize=350%2C200&ssl=1","width":350,"height":200,"srcset":"https:\/\/i0.wp.com\/www.grieta.org.mx\/wp-content\/uploads\/2019\/08\/ita.jpg_1803496872.jpg?resize=350%2C200&ssl=1 1x, https:\/\/i0.wp.com\/www.grieta.org.mx\/wp-content\/uploads\/2019\/08\/ita.jpg_1803496872.jpg?resize=525%2C300&ssl=1 1.5x"},"classes":[]},{"id":69160,"url":"https:\/\/www.grieta.org.mx\/index.php\/2024\/06\/14\/paro-indefinido-en-instituciones-educativas-de-yucatan\/","url_meta":{"origin":38406,"position":4},"title":"Paro indefinido en instituciones educativas de Yucat\u00e1n","author":"grieta","date":"14 junio, 2024","format":false,"excerpt":"Reporteros Hoy Inici\u00f3 un paro de labores de manera indefinida en diversas instituciones de educaci\u00f3n b\u00e1sica en Yucat\u00e1n. Los docentes se\u00f1alan que, al no hallar respuesta formal a sus demandas salariales y de prestaciones, decidieron iniciar con esta manifestaci\u00f3n, con el objetivo de que las autoridades volteen hacia estos y\u2026","rel":"","context":"En &quot;CINTILLO&quot;","block_context":{"text":"CINTILLO","link":"https:\/\/www.grieta.org.mx\/index.php\/category\/cintillo\/"},"img":{"alt_text":"","src":"https:\/\/i0.wp.com\/www.grieta.org.mx\/wp-content\/uploads\/2024\/06\/ParoMaestros-e1718578057215.jpg?resize=350%2C200&ssl=1","width":350,"height":200,"srcset":"https:\/\/i0.wp.com\/www.grieta.org.mx\/wp-content\/uploads\/2024\/06\/ParoMaestros-e1718578057215.jpg?resize=350%2C200&ssl=1 1x, https:\/\/i0.wp.com\/www.grieta.org.mx\/wp-content\/uploads\/2024\/06\/ParoMaestros-e1718578057215.jpg?resize=525%2C300&ssl=1 1.5x, https:\/\/i0.wp.com\/www.grieta.org.mx\/wp-content\/uploads\/2024\/06\/ParoMaestros-e1718578057215.jpg?resize=700%2C400&ssl=1 2x"},"classes":[]},{"id":71764,"url":"https:\/\/www.grieta.org.mx\/index.php\/2025\/05\/27\/maestros-protestan-en-merida-e-intentan-arrollarlos-yucatan\/","url_meta":{"origin":38406,"position":5},"title":"Maestros protestan en M\u00e9rida e intentan arrollarlos (Yucat\u00e1n)","author":"grieta","date":"27 mayo, 2025","format":false,"excerpt":"Herbeth Escalante \/ Haz Ruido Las y los maestros yucatecos se han sumado a la huelga nacional convocada por la CNTE, aunque tambi\u00e9n est\u00e1n protestando profesores del SNTE. M\u00e1s de 180 escuelas de Yucat\u00e1n est\u00e1n en paro desde hace una semana. M\u00e9rida, Yucat\u00e1n, 27 de mayo de 2025.- M\u00e1s de\u2026","rel":"","context":"En &quot;CINTILLO&quot;","block_context":{"text":"CINTILLO","link":"https:\/\/www.grieta.org.mx\/index.php\/category\/cintillo\/"},"img":{"alt_text":"","src":"https:\/\/i0.wp.com\/www.grieta.org.mx\/wp-content\/uploads\/2025\/06\/Paro-e1749035806353.jpg?resize=350%2C200&ssl=1","width":350,"height":200,"srcset":"https:\/\/i0.wp.com\/www.grieta.org.mx\/wp-content\/uploads\/2025\/06\/Paro-e1749035806353.jpg?resize=350%2C200&ssl=1 1x, https:\/\/i0.wp.com\/www.grieta.org.mx\/wp-content\/uploads\/2025\/06\/Paro-e1749035806353.jpg?resize=525%2C300&ssl=1 1.5x, https:\/\/i0.wp.com\/www.grieta.org.mx\/wp-content\/uploads\/2025\/06\/Paro-e1749035806353.jpg?resize=700%2C400&ssl=1 2x"},"classes":[]}],"_links":{"self":[{"href":"https:\/\/www.grieta.org.mx\/index.php\/wp-json\/wp\/v2\/posts\/38406","targetHints":{"allow":["GET"]}}],"collection":[{"href":"https:\/\/www.grieta.org.mx\/index.php\/wp-json\/wp\/v2\/posts"}],"about":[{"href":"https:\/\/www.grieta.org.mx\/index.php\/wp-json\/wp\/v2\/types\/post"}],"author":[{"embeddable":true,"href":"https:\/\/www.grieta.org.mx\/index.php\/wp-json\/wp\/v2\/users\/2"}],"replies":[{"embeddable":true,"href":"https:\/\/www.grieta.org.mx\/index.php\/wp-json\/wp\/v2\/comments?post=38406"}],"version-history":[{"count":1,"href":"https:\/\/www.grieta.org.mx\/index.php\/wp-json\/wp\/v2\/posts\/38406\/revisions"}],"predecessor-version":[{"id":38408,"href":"https:\/\/www.grieta.org.mx\/index.php\/wp-json\/wp\/v2\/posts\/38406\/revisions\/38408"}],"wp:featuredmedia":[{"embeddable":true,"href":"https:\/\/www.grieta.org.mx\/index.php\/wp-json\/wp\/v2\/media\/38407"}],"wp:attachment":[{"href":"https:\/\/www.grieta.org.mx\/index.php\/wp-json\/wp\/v2\/media?parent=38406"}],"wp:term":[{"taxonomy":"category","embeddable":true,"href":"https:\/\/www.grieta.org.mx\/index.php\/wp-json\/wp\/v2\/categories?post=38406"},{"taxonomy":"post_tag","embeddable":true,"href":"https:\/\/www.grieta.org.mx\/index.php\/wp-json\/wp\/v2\/tags?post=38406"}],"curies":[{"name":"wp","href":"https:\/\/api.w.org\/{rel}","templated":true}]}}