{"id":38403,"date":"2019-08-23T14:09:09","date_gmt":"2019-08-23T19:09:09","guid":{"rendered":"http:\/\/www.grieta.org.mx\/?p=38403"},"modified":"2019-08-27T14:18:58","modified_gmt":"2019-08-27T19:18:58","slug":"inundaciones-en-la-peninsula-de-yucatan-una-eventual-consecuencia-del-llamado-tren-maya","status":"publish","type":"post","link":"https:\/\/www.grieta.org.mx\/index.php\/2019\/08\/23\/inundaciones-en-la-peninsula-de-yucatan-una-eventual-consecuencia-del-llamado-tren-maya\/","title":{"rendered":"Inundaciones en la Pen\u00ednsula de Yucat\u00e1n, una eventual consecuencia del llamado \u201ctren maya\u201d"},"content":{"rendered":"<p><img loading=\"lazy\" decoding=\"async\" data-attachment-id=\"38404\" data-permalink=\"https:\/\/www.grieta.org.mx\/index.php\/2019\/08\/23\/inundaciones-en-la-peninsula-de-yucatan-una-eventual-consecuencia-del-llamado-tren-maya\/monroyrios\/\" data-orig-file=\"https:\/\/www.grieta.org.mx\/wp-content\/uploads\/2019\/08\/monroyrios-e1566933206311.jpg\" data-orig-size=\"800,653\" data-comments-opened=\"0\" data-image-meta=\"{&quot;aperture&quot;:&quot;1.9&quot;,&quot;credit&quot;:&quot;&quot;,&quot;camera&quot;:&quot;SM-A520F&quot;,&quot;caption&quot;:&quot;&quot;,&quot;created_timestamp&quot;:&quot;1566480424&quot;,&quot;copyright&quot;:&quot;&quot;,&quot;focal_length&quot;:&quot;3.6&quot;,&quot;iso&quot;:&quot;160&quot;,&quot;shutter_speed&quot;:&quot;0.058823529411765&quot;,&quot;title&quot;:&quot;&quot;,&quot;orientation&quot;:&quot;1&quot;}\" data-image-title=\"monroyrios\" data-image-description=\"\" data-image-caption=\"\" data-medium-file=\"https:\/\/www.grieta.org.mx\/wp-content\/uploads\/2019\/08\/monroyrios-300x245.jpg\" data-large-file=\"https:\/\/www.grieta.org.mx\/wp-content\/uploads\/2019\/08\/monroyrios-e1566933206311.jpg\" src=\"http:\/\/www.grieta.org.mx\/wp-content\/uploads\/2019\/08\/monroyrios-e1566933206311.jpg\" alt=\"\" width=\"800\" height=\"653\" class=\"alignright size-full wp-image-38404\" \/><br \/>\nMayapolitikon<br \/>\nUn control efectivo sobre el manejo de las aguas negras y la suspensi\u00f3n inmediata de las construcciones gigantescas en las playas son dos medidas urgentes que el Estado debiera tomar si quiere revertir el desastre que se cierne sobre el agua dulce en la Pen\u00ednsula, afirm\u00f3 Emiliano Monroy R\u00edos, doctor en Hidrogeolog\u00eda por la Northwestern University Technological Institute, de Chicago, Estados Unidos.<\/p>\n<p>De visita en M\u00e9rida, invitado a dar una conferencia en la UNAM, Emiliano Monroy conversa con integrantes de M\u00fauch X\u00edinbal y de la Red de Resistencia y Rebeld\u00eda Jo\u2019 sobre su visi\u00f3n del estado de las cosas en la Pen\u00ednsula ante la eventual construcci\u00f3n del llamado \u201ctren maya\u201d.<\/p>\n<p>En Quintana Roo muchos hoteles est\u00e1n construidos sobre cuevas y el agua corre en ellas. Para evitar que buzos exploren esos recintos acu\u00e1ticos, los hoteleros clausuran esas cuevas, trastornando los flujos de las corrientes y haciendo que cambie su curso. \u201cEl agua siempre busca una salida y la encuentra, y siempre termina inundando alguna parte\u201d.<\/p>\n<p>Asimismo, la construcci\u00f3n del \u201ctren maya\u201d en la Pen\u00ednsula ser\u00e1 una amenaza para las cuevas porque lo primero que har\u00e1n los ingenieros es rellenar las cuevas para evitar que \u00e9stas colapsen por las vibraciones, detall\u00f3 Emiliano Monroy. Esto sin embargo provocar\u00e1 tarde o temprano inundaciones, porque el agua subterr\u00e1nea aflorar\u00e1.<\/p>\n<p>A m\u00ed lo que me preocupa son dos cosas, dice el acad\u00e9mico con amplia experiencia en las cavidades de la Pen\u00ednsula, especialmente de Quintana Roo: primero, la permanencia de las cuevas, porque su estudio nos permite estudiar y conocer nuestro pasado; segundo, que la vibraci\u00f3n de un \u201ctren maya\u201d ponga en peligro la seguridad de los pueblos asentados originalmente en estas tierras, y desde luego la seguridad de potenciales pasajeros.<\/p>\n<p>En las cuevas de la Pen\u00ednsula existen ecosistemas \u00fanicos \u2013con especies \u00fanicas\u2013 y guardan huellas de los primeros pobladores que importa conocer y estudiar: ah\u00ed est\u00e1n los vestigios de los primeros pobladores y de los primeros mayas, explica Monroy R\u00edos, durante una charla en un caf\u00e9 del centro de M\u00e9rida.<\/p>\n<p>Han sido varios los hallazgos, record\u00f3, y redund\u00f3 especialmente en uno: el rescate de una osamenta de m\u00e1s de 12,000 a\u00f1os \u2013restos de una mujer que fue llamada Naya\u2013, que probablemente corr\u00eda con una antorcha en la mano, pero pis\u00f3 en falso y cay\u00f3 en una grieta, muriendo a causa de la ca\u00edda, y luego su cuerpo quedo sepultado por el agua, porque en aquellos tiempos las cuevas se inundaban cada determinado tiempo y luego se secaban en otro tiempo. \u201cEn situaciones como \u00e9sta entramos nosotros los hidroge\u00f3logos\u201d, explica.<\/p>\n<p>En la Pen\u00ednsula de Yucat\u00e1n las aguas negras est\u00e1n contaminando gravemente al agua dulce, explica, y por ello es urgente implementar sistemas efectivos de tratamiento de aguas negras en granjas de cerdos y de pollos, pero tambi\u00e9n en viviendas, que es la forma m\u00e1s efectiva de sanar el agua y para lo cual basta tener un peque\u00f1o jard\u00edn.<\/p>\n<p>En Quintana Roo, indic\u00f3, la normatividad permit\u00eda hasta hace poco la inyecci\u00f3n de aguas negras hasta 40 metros bajo tierra, mientras que en Yucat\u00e1n la misma norma permit\u00eda a introducir esas aguas negras a 60 u 80 metros. Sin embargo, esto es in\u00fatil porque despu\u00e9s de este proceso esa agua sucia sale a flote y contamina el agua dulce.<\/p>\n<p>Respecto de las construcciones en las playas, opina que a pesar del mal que se ha hecho a Canc\u00fan y Playa del Carmen y Tulum, la situaci\u00f3n podr\u00eda ser reversible. Es posible si hubiera voluntad pol\u00edtica para detener la aprobaci\u00f3n de nuevos hoteles en las playas, asever\u00f3.<\/p>\n<p>En realidad, los hoteles debieran estar construidos detr\u00e1s de los manglares, implementando un sistema de transporte que lleve a los hu\u00e9spedes del hotel a la playa, agreg\u00f3. Esto, a pesar de que el turista prefiere tener la playa a mano s\u00f3lo salir de su hotel.<\/p>\n<p>La subida del nivel del mar es una realidad, recuerda Monroy R\u00edos, y los mismos hoteleros saben que no les conviene construir megahoteles muy cerca de las playas, afirm\u00f3.<\/p>\n<p>Record\u00f3 el ge\u00f3logo que los estados de Yucat\u00e1n y de Tabasco con los m\u00e1s expuestos a inundaciones por su geograf\u00eda llana. Aunque Quintana Roo, explic\u00f3, est\u00e1 relativamente un poco m\u00e1s seguro por la inclinaci\u00f3n de su plataforma continental. Villahermosa es la m\u00e1s expuesta a inundaciones en el futuro, a\u00f1adi\u00f3.<\/p>\n<p>En Yucat\u00e1n, dijo, es una prioridad preservar el agua porque las lluvias son su \u00fanica fuente de reabastecimiento, mientras que Tabasco cuenta con r\u00edos que se alimentan de las monta\u00f1as de los estados vecinos.<\/p>\n<p>Recalc\u00f3 que sobre el \u201ctren maya\u201d hace falta informaci\u00f3n m\u00e1s completa. Por ejemplo, a qui\u00e9nes va a beneficiar, si a las comunidades o los grandes capitales. Asimismo, c\u00f3mo se va a construir ese megaproyecto en una geograf\u00eda bastante fr\u00e1gil como lo es el de la Pen\u00ednsula.<\/p>\n<p>Las comunidades mayas, indic\u00f3, debieran tener informaciones sobre los detalles de la construcci\u00f3n para poder tomar decisiones, lo cual sin embargo no est\u00e1 ocurriendo.<\/p>\n<p>Dos soluciones a corto plazo para revertir el panorama es adoptar pol\u00edticas p\u00fablicas de manera decidida e implementar una educaci\u00f3n efectiva para que el ciudadano com\u00fan modifique sus h\u00e1bitos respecto al cuidado del agua.<\/p>\n<p><a href=\"https:\/\/mayapolitikon.com\/inundaciones-tren-maya\/\" rel=\"noopener noreferrer\" target=\"_blank\">https:\/\/mayapolitikon.com\/inundaciones-tren-maya\/<\/a><\/p>\n","protected":false},"excerpt":{"rendered":"<p>Mayapolitikon Un control efectivo sobre el manejo de las aguas negras y la suspensi\u00f3n inmediata de las construcciones gigantescas en las playas son dos medidas urgentes que el Estado debiera &hellip; <a href=\"https:\/\/www.grieta.org.mx\/index.php\/2019\/08\/23\/inundaciones-en-la-peninsula-de-yucatan-una-eventual-consecuencia-del-llamado-tren-maya\/\" class=\"more-link\">Leer m\u00e1s<\/a><\/p>\n","protected":false},"author":2,"featured_media":38404,"comment_status":"closed","ping_status":"closed","sticky":false,"template":"","format":"standard","meta":{"ngg_post_thumbnail":0,"_jetpack_newsletter_access":"","_jetpack_dont_email_post_to_subs":false,"_jetpack_newsletter_tier_id":0,"_jetpack_memberships_contains_paywalled_content":false,"_jetpack_memberships_contains_paid_content":false,"footnotes":""},"categories":[11,80,3,922,926,944,948,952,2,28,1875,1876,1877,2044,36],"tags":[1878],"class_list":["post-38403","post","type-post","status-publish","format-standard","has-post-thumbnail","hentry","category-campeche","category-cintillo","category-megaproyectos","category-megaproyectos-estados","category-mp-campeche","category-mp-quintana-roo","category-mp-tabasco","category-mp-yucatan","category-noticias-nacionales","category-quintana-roo","category-resistencia-al-tren-maya-en-la-peninsula-de-yucatan","category-resistencia-al-tren-maya-en-la-peninsula-de-yucatan-quintana-roo","category-resistencia-al-tren-maya-en-la-peninsula-de-yucatan-campeche","category-tren-maya-analisis","category-yucatan","tag-tren-maya","entry"],"jetpack_featured_media_url":"https:\/\/www.grieta.org.mx\/wp-content\/uploads\/2019\/08\/monroyrios-e1566933206311.jpg","jetpack_sharing_enabled":true,"jetpack_shortlink":"https:\/\/wp.me\/p7ZJR4-9Zp","jetpack_likes_enabled":false,"jetpack-related-posts":[{"id":47874,"url":"https:\/\/www.grieta.org.mx\/index.php\/2020\/04\/13\/las-vias-torcidas-del-tren-maya-video\/","url_meta":{"origin":38403,"position":0},"title":"Las v\u00edas torcidas del tren maya (Video)","author":"grieta","date":"13 abril, 2020","format":false,"excerpt":"https:\/\/www.youtube.com\/watch?v=k8FRX9eT0YY","rel":"","context":"En &quot;16. Pueblo Maya&quot;","block_context":{"text":"16. Pueblo Maya","link":"https:\/\/www.grieta.org.mx\/index.php\/category\/espejos-de-la-resistencia\/16-pueblo-maya\/"},"img":{"alt_text":"","src":"https:\/\/i0.wp.com\/www.grieta.org.mx\/wp-content\/uploads\/2020\/04\/ViasTorcidasTrenMaya.png?resize=350%2C200&ssl=1","width":350,"height":200,"srcset":"https:\/\/i0.wp.com\/www.grieta.org.mx\/wp-content\/uploads\/2020\/04\/ViasTorcidasTrenMaya.png?resize=350%2C200&ssl=1 1x, https:\/\/i0.wp.com\/www.grieta.org.mx\/wp-content\/uploads\/2020\/04\/ViasTorcidasTrenMaya.png?resize=525%2C300&ssl=1 1.5x, https:\/\/i0.wp.com\/www.grieta.org.mx\/wp-content\/uploads\/2020\/04\/ViasTorcidasTrenMaya.png?resize=700%2C400&ssl=1 2x"},"classes":[]},{"id":35945,"url":"https:\/\/www.grieta.org.mx\/index.php\/2019\/07\/05\/expansion-de-megaproyectos-en-la-peninsula-de-yucatan-video\/","url_meta":{"origin":38403,"position":1},"title":"Expansi\u00f3n de Megaproyectos en la Pen\u00ednsula de Yucat\u00e1n (Video)","author":"grieta","date":"5 julio, 2019","format":false,"excerpt":"https:\/\/youtu.be\/qLBARIAaBsI","rel":"","context":"En &quot;Campeche&quot;","block_context":{"text":"Campeche","link":"https:\/\/www.grieta.org.mx\/index.php\/category\/noticias-nacionales\/campeche\/"},"img":{"alt_text":"","src":"https:\/\/i0.wp.com\/img.youtube.com\/vi\/qLBARIAaBsI\/0.jpg?resize=350%2C200","width":350,"height":200},"classes":[]},{"id":45360,"url":"https:\/\/www.grieta.org.mx\/index.php\/2020\/02\/27\/no-estamos-peleando-la-suspension-provisional-del-tren-maya-sino-la-definitiva-cruz-rueda\/","url_meta":{"origin":38403,"position":2},"title":"&#8220;No estamos peleando la suspensi\u00f3n provisional del Tren Maya, sino la definitiva&#8221;: Cruz Rueda","author":"grieta","date":"27 febrero, 2020","format":false,"excerpt":"Impugnaci\u00f3n de Presidencia \"no nos quita el sue\u00f1o\" Abraham Bote \/Foto: Tomada de Twitter \/La Jornada Maya M\u00e9rida, Yucat\u00e1n Respecto a la impugnaci\u00f3n que realiz\u00f3 la Presidencia de la Rep\u00fablica y el apoderado de la Naci\u00f3n Financiera (Nafin), contra la suspensi\u00f3n provisional del proyecto de Tren Maya, la asesora jur\u00eddica\u2026","rel":"","context":"En &quot;16. Pueblo Maya&quot;","block_context":{"text":"16. Pueblo Maya","link":"https:\/\/www.grieta.org.mx\/index.php\/category\/espejos-de-la-resistencia\/16-pueblo-maya\/"},"img":{"alt_text":"","src":"https:\/\/i0.wp.com\/www.grieta.org.mx\/wp-content\/uploads\/2020\/02\/TrenMallaCampeche.png?resize=350%2C200&ssl=1","width":350,"height":200,"srcset":"https:\/\/i0.wp.com\/www.grieta.org.mx\/wp-content\/uploads\/2020\/02\/TrenMallaCampeche.png?resize=350%2C200&ssl=1 1x, https:\/\/i0.wp.com\/www.grieta.org.mx\/wp-content\/uploads\/2020\/02\/TrenMallaCampeche.png?resize=525%2C300&ssl=1 1.5x, https:\/\/i0.wp.com\/www.grieta.org.mx\/wp-content\/uploads\/2020\/02\/TrenMallaCampeche.png?resize=700%2C400&ssl=1 2x"},"classes":[]},{"id":48940,"url":"https:\/\/www.grieta.org.mx\/index.php\/2020\/05\/11\/interponen-queja-ante-la-cndh-contra-obras-del-tren-maya\/","url_meta":{"origin":38403,"position":3},"title":"Interponen queja ante la CNDH contra obras del Tren Maya","author":"grieta","date":"11 mayo, 2020","format":false,"excerpt":"Lilia Balam \/ Informe Fracto Colectivos ind\u00edgenas y organizaciones civiles argumentaron que continuar con la construcci\u00f3n del proyecto durante la pandemia vulnera los derechos de los pobladores de la regi\u00f3n. Colectivos ind\u00edgenas y organizaciones civiles de la Pen\u00ednsula de Yucat\u00e1n interpusieron una queja ante la Comisi\u00f3n Nacional de los Derechos\u2026","rel":"","context":"En &quot;Campeche&quot;","block_context":{"text":"Campeche","link":"https:\/\/www.grieta.org.mx\/index.php\/category\/noticias-nacionales\/campeche\/"},"img":{"alt_text":"","src":"https:\/\/i0.wp.com\/www.grieta.org.mx\/wp-content\/uploads\/2020\/05\/tren_maya.jpg1_-640x360-1-e1589284542406.jpg?resize=350%2C200&ssl=1","width":350,"height":200,"srcset":"https:\/\/i0.wp.com\/www.grieta.org.mx\/wp-content\/uploads\/2020\/05\/tren_maya.jpg1_-640x360-1-e1589284542406.jpg?resize=350%2C200&ssl=1 1x, https:\/\/i0.wp.com\/www.grieta.org.mx\/wp-content\/uploads\/2020\/05\/tren_maya.jpg1_-640x360-1-e1589284542406.jpg?resize=525%2C300&ssl=1 1.5x, https:\/\/i0.wp.com\/www.grieta.org.mx\/wp-content\/uploads\/2020\/05\/tren_maya.jpg1_-640x360-1-e1589284542406.jpg?resize=700%2C400&ssl=1 2x"},"classes":[]},{"id":68844,"url":"https:\/\/www.grieta.org.mx\/index.php\/2024\/04\/29\/ambientalistas-clausuran-las-oficinas-de-semarnat-tras-calificarla-de-ecocida-quintana-roo\/","url_meta":{"origin":38403,"position":4},"title":"Ambientalistas &#8220;clausuran&#8221; las oficinas de Semarnat tras calificarla de ecocida (Quintana Roo)","author":"grieta","date":"29 abril, 2024","format":false,"excerpt":"Leslie Gordillo \/ NOTICARIBE PENINSULAR CANC\u00daN.- Un grupo de ambientalistas, representante de diferentes organismos y asociaciones civiles, se manifestaron en la zona hotelera de Canc\u00fan y clausuraron de manera simb\u00f3lica las oficinas de la Secretar\u00eda de Medio Ambiente y Recursos Naturales (Semarnat). La denuncia es que la Semarnat ha sido\u2026","rel":"","context":"En &quot;Campeche&quot;","block_context":{"text":"Campeche","link":"https:\/\/www.grieta.org.mx\/index.php\/category\/noticias-nacionales\/campeche\/"},"img":{"alt_text":"","src":"https:\/\/i0.wp.com\/www.grieta.org.mx\/wp-content\/uploads\/2024\/04\/ambientalitas-e1715552774254.jpg?resize=350%2C200&ssl=1","width":350,"height":200,"srcset":"https:\/\/i0.wp.com\/www.grieta.org.mx\/wp-content\/uploads\/2024\/04\/ambientalitas-e1715552774254.jpg?resize=350%2C200&ssl=1 1x, https:\/\/i0.wp.com\/www.grieta.org.mx\/wp-content\/uploads\/2024\/04\/ambientalitas-e1715552774254.jpg?resize=525%2C300&ssl=1 1.5x, https:\/\/i0.wp.com\/www.grieta.org.mx\/wp-content\/uploads\/2024\/04\/ambientalitas-e1715552774254.jpg?resize=700%2C400&ssl=1 2x"},"classes":[]},{"id":49173,"url":"https:\/\/www.grieta.org.mx\/index.php\/2020\/05\/11\/suspenden-reubicacion-de-pobladores-de-campeche-por-el-tren-maya\/","url_meta":{"origin":38403,"position":5},"title":"Suspenden reubicaci\u00f3n de pobladores de Campeche por el Tren Maya","author":"grieta","date":"11 mayo, 2020","format":false,"excerpt":"Informe Fracto La medida es temporal y el pr\u00f3ximo 15 de junio el Juzgado Primero de Distrito de Campeche deber\u00e1 decidir si la mantiene. El proceso de reubicaci\u00f3n de pobladores de la ciudad de Campeche por el proyecto del Tren Maya ser\u00e1 suspendido durante la contingencia del COVID-19 (coronavirus), inform\u00f3\u2026","rel":"","context":"En &quot;Campeche&quot;","block_context":{"text":"Campeche","link":"https:\/\/www.grieta.org.mx\/index.php\/category\/noticias-nacionales\/campeche\/"},"img":{"alt_text":"","src":"https:\/\/i0.wp.com\/www.grieta.org.mx\/wp-content\/uploads\/2020\/05\/ruta-del-tren-maya-especial-1_0_21_677_421-e1589495660951.jpeg?resize=350%2C200&ssl=1","width":350,"height":200,"srcset":"https:\/\/i0.wp.com\/www.grieta.org.mx\/wp-content\/uploads\/2020\/05\/ruta-del-tren-maya-especial-1_0_21_677_421-e1589495660951.jpeg?resize=350%2C200&ssl=1 1x, https:\/\/i0.wp.com\/www.grieta.org.mx\/wp-content\/uploads\/2020\/05\/ruta-del-tren-maya-especial-1_0_21_677_421-e1589495660951.jpeg?resize=525%2C300&ssl=1 1.5x, https:\/\/i0.wp.com\/www.grieta.org.mx\/wp-content\/uploads\/2020\/05\/ruta-del-tren-maya-especial-1_0_21_677_421-e1589495660951.jpeg?resize=700%2C400&ssl=1 2x"},"classes":[]}],"_links":{"self":[{"href":"https:\/\/www.grieta.org.mx\/index.php\/wp-json\/wp\/v2\/posts\/38403","targetHints":{"allow":["GET"]}}],"collection":[{"href":"https:\/\/www.grieta.org.mx\/index.php\/wp-json\/wp\/v2\/posts"}],"about":[{"href":"https:\/\/www.grieta.org.mx\/index.php\/wp-json\/wp\/v2\/types\/post"}],"author":[{"embeddable":true,"href":"https:\/\/www.grieta.org.mx\/index.php\/wp-json\/wp\/v2\/users\/2"}],"replies":[{"embeddable":true,"href":"https:\/\/www.grieta.org.mx\/index.php\/wp-json\/wp\/v2\/comments?post=38403"}],"version-history":[{"count":1,"href":"https:\/\/www.grieta.org.mx\/index.php\/wp-json\/wp\/v2\/posts\/38403\/revisions"}],"predecessor-version":[{"id":38405,"href":"https:\/\/www.grieta.org.mx\/index.php\/wp-json\/wp\/v2\/posts\/38403\/revisions\/38405"}],"wp:featuredmedia":[{"embeddable":true,"href":"https:\/\/www.grieta.org.mx\/index.php\/wp-json\/wp\/v2\/media\/38404"}],"wp:attachment":[{"href":"https:\/\/www.grieta.org.mx\/index.php\/wp-json\/wp\/v2\/media?parent=38403"}],"wp:term":[{"taxonomy":"category","embeddable":true,"href":"https:\/\/www.grieta.org.mx\/index.php\/wp-json\/wp\/v2\/categories?post=38403"},{"taxonomy":"post_tag","embeddable":true,"href":"https:\/\/www.grieta.org.mx\/index.php\/wp-json\/wp\/v2\/tags?post=38403"}],"curies":[{"name":"wp","href":"https:\/\/api.w.org\/{rel}","templated":true}]}}