{"id":38387,"date":"2019-08-26T12:31:48","date_gmt":"2019-08-26T17:31:48","guid":{"rendered":"http:\/\/www.grieta.org.mx\/?p=38387"},"modified":"2019-08-27T12:38:21","modified_gmt":"2019-08-27T17:38:21","slug":"amenazas-contra-feministas-arrecian-tras-la-marcha","status":"publish","type":"post","link":"https:\/\/www.grieta.org.mx\/index.php\/2019\/08\/26\/amenazas-contra-feministas-arrecian-tras-la-marcha\/","title":{"rendered":"Amenazas contra feministas arrecian tras la marcha"},"content":{"rendered":"<p><img loading=\"lazy\" decoding=\"async\" data-attachment-id=\"38388\" data-permalink=\"https:\/\/www.grieta.org.mx\/index.php\/2019\/08\/26\/amenazas-contra-feministas-arrecian-tras-la-marcha\/feministas_activistas_cenco-jpg_596760611\/\" data-orig-file=\"https:\/\/www.grieta.org.mx\/wp-content\/uploads\/2019\/08\/feministas_activistas_cenco.jpg_596760611.jpg\" data-orig-size=\"760,430\" data-comments-opened=\"0\" data-image-meta=\"{&quot;aperture&quot;:&quot;0&quot;,&quot;credit&quot;:&quot;&quot;,&quot;camera&quot;:&quot;&quot;,&quot;caption&quot;:&quot;&quot;,&quot;created_timestamp&quot;:&quot;0&quot;,&quot;copyright&quot;:&quot;&quot;,&quot;focal_length&quot;:&quot;0&quot;,&quot;iso&quot;:&quot;0&quot;,&quot;shutter_speed&quot;:&quot;0&quot;,&quot;title&quot;:&quot;&quot;,&quot;orientation&quot;:&quot;0&quot;}\" data-image-title=\"feministas_activistas_cenco.jpg_596760611\" data-image-description=\"\" data-image-caption=\"\" data-medium-file=\"https:\/\/www.grieta.org.mx\/wp-content\/uploads\/2019\/08\/feministas_activistas_cenco.jpg_596760611-300x170.jpg\" data-large-file=\"https:\/\/www.grieta.org.mx\/wp-content\/uploads\/2019\/08\/feministas_activistas_cenco.jpg_596760611.jpg\" class=\"alignleft wp-image-38388\" src=\"http:\/\/www.grieta.org.mx\/wp-content\/uploads\/2019\/08\/feministas_activistas_cenco.jpg_596760611.jpg\" alt=\"\" width=\"800\" height=\"453\" srcset=\"https:\/\/www.grieta.org.mx\/wp-content\/uploads\/2019\/08\/feministas_activistas_cenco.jpg_596760611.jpg 760w, https:\/\/www.grieta.org.mx\/wp-content\/uploads\/2019\/08\/feministas_activistas_cenco.jpg_596760611-300x170.jpg 300w\" sizes=\"auto, (max-width: 800px) 100vw, 800px\" \/><\/p>\n<p>Ricardo Quiroga\/El Economista<\/p>\n<p>&nbsp;<\/p>\n<p>\u201cCuando alguien nos llama feminazis, lo \u00fanico que deja ver es toda su violencia estructural. Siempre ha pasado que contra quien protestamos toma la bandera al rev\u00e9s y luego se la muestra a la sociedad, la reproducen los medios. Da verg\u00fcenza escuchar a hombres y mujeres decir \u2018feminazis\u2019. Qu\u00e9 falta de ret\u00f3rica, de historia y de memoria\u201d, lament\u00f3 la activista feminista Mar Cruz, integrante del colectivo Lesbobatucada Feminista Radical, durante la conferencia de prensa que este lunes ofrecieron seis representantes de distintos colectivos feministas, para reafirmar las posturas expresadas en la marcha del pasado viernes 16 de agosto en distintas ciudades del pa\u00eds, principalmente en la Ciudad de M\u00e9xico.<\/p>\n<p>Tambi\u00e9n fue un llamado para hacer \u00e9nfasis en temas que, consideraron, deben de ser parte fundamental de la discusi\u00f3n y de la atenci\u00f3n de las pol\u00edticas p\u00fablicas en favor de frenar la violencia de g\u00e9nero desbordada en el pa\u00eds: la violencia digital, la conservaci\u00f3n de la memoria, la formaci\u00f3n de criterios con perspectiva de g\u00e9nero para la selecci\u00f3n adecuada de la informaci\u00f3n, tanto para la prensa como para la opini\u00f3n p\u00fablica, as\u00ed como la serie de amenazas y nuevos acosos de las que han sido objeto varias participantes del movimiento feminista.<\/p>\n<p>\u201cParticularmente, a partir del 16 de agosto, hemos visto amenazas en nuestros inbox en Facebook, en Twitter. Toda feminista ha sido v\u00edctima de agresiones en los muros de redes sociales. Incluso han aparecido invitaciones feminicidas en p\u00e1ginas de Facebook que convocan a otros hombres a sumarse a matar a feministas. Est\u00e1n ah\u00ed, cualquier persona puede ingresar y los potenciales feminicidas, a pesar de que est\u00e1n a la luz, de que los vemos todos los d\u00edas, no son perseguidos porque no hay una legislaci\u00f3n en materia de violencia digital\u201d, denunci\u00f3 Dulce Mar\u00eda Lara, integrante de la red nacional Pol\u00edticamente Incorrectas.<\/p>\n<p>La activista explic\u00f3 que desde los colectivos se han hecho recuentos de las amenazas que llegan por las distintas v\u00edas, listar las p\u00e1ginas donde se generan estos llamados y sus contenidos. Lament\u00f3 que la reacci\u00f3n de rechazo generalizado hacia las pugnas feministas ha sido tal que incluso familiares y amigos les han amenazado y agredido. Asimismo, urgi\u00f3 la aprobaci\u00f3n de la Ley Olimpia en la capital del pa\u00eds, misma que penaliza con prisi\u00f3n la difusi\u00f3n de contenidos \u00edntimos sin consentimiento de la v\u00edctima y ha sido ya aprobada en estados como Oaxaca, Coahuila y Puebla. \u201cConsideramos que la pol\u00edtica tiene que ser feminista o no ser\u00e1\u201d, agreg\u00f3.<\/p>\n<p><strong>Piden preservar el mensaje de las pintas en El \u00c1ngel<\/strong><br \/>\nAcerca de las pintas realizadas el 16 de agosto en edificios, instalaciones de servicios p\u00fablicos y, en particular, en la Columna de la Independencia, Sof\u00eda Riojas y Ana Kateri Becerra, representantes del colectivo Restauradoras con Glitter, reiteraron la intenci\u00f3n de abogar por la adecuada conservaci\u00f3n de la memoria las pintas para que haya acciones tangibles y directas en un cambio sustancial en cuanto a la violencia de g\u00e9nero en el pa\u00eds.<\/p>\n<p>\u201cTodas las restauradoras tambi\u00e9n hemos sido violentadas a partir de que subimos nuestro comunicado a las redes sociales. Tuvimos que bajar las firmas porque nos hemos visto amenazadas. Pero sabemos que lo importante, al final, es transmitir el mensaje, invitar a poner el foco en la violencia de g\u00e9nero desmedida. El patrimonio se puede restaurar, las vidas no\u201d, expuso la conservadora, restauradora y activista Ana Kateri Becerra.<\/p>\n<p>Este mi\u00e9rcoles por la ma\u00f1ana, el colectivo se reunir\u00e1 con la jefa de Gobierno de la Ciudad de M\u00e9xico, Claudia Sheinbaum, agreg\u00f3 Becerra, para pedir que \u201cs\u00ed se haga una restauraci\u00f3n, pero antes darnos cuenta de cu\u00e1l debe ser el verdadero impacto del mensaje de las pintas. Convocamos a propuestas para articular soluciones creativas para mantener el mensaje y hacer del registro de las pintas algo p\u00fablico. Tiene que ser accesible, no puede quedarse en un informe, en un archivo. Estamos tratando de ver si se hace un memorial, una exposici\u00f3n, un performance. Estamos abiertas a sugerencias\u201d.<\/p>\n<p>Estas propuestas deben de tener un enfoque did\u00e1ctico, agreg\u00f3 la tambi\u00e9n restauradora Sof\u00eda Riojas, y no que se trate de un registro t\u00e9cnico de las intervenciones. \u201cTenemos el personal capacitado dentro del colectivo para hacerlo desde un daguerrotipo hasta hacerlo con un levantamiento de nube de puntos con l\u00e1ser. No importa la parte t\u00e9cnica sino de con qu\u00e9 narrativa se est\u00e1 recuperando para comunicar lo que sucedi\u00f3 ah\u00ed\u201d, detall\u00f3.<\/p>\n<p>\u201cHay que recordar lo burocratizado que est\u00e1 en este pa\u00eds hacer justicia\u201d, complement\u00f3 la activista Kenya Hern\u00e1ndez, integrante del colectivo mixto guerrerense Zapata Vive. \u201cEn la zona ind\u00edgena de Guerrero hay una violencia muy marcada. Las instituciones est\u00e1n obligadas y poco hacen. Una exigencia concreta que hacemos desde el colectivo es que las fiscal\u00edas especializadas en feminicidios s\u00ed funcionen\u201d.<\/p>\n<p>Denunci\u00f3 que en la monta\u00f1a de Guerrero a\u00fan se sigue vendiendo a las mujeres para casarlas, que hay un \u201csistema de cosificaci\u00f3n\u201d en el que a la mujer se le considera un objeto y no un sujeto de derechos. \u201cEl Estado no est\u00e1 haciendo nada. Queremos exigirle que deje de burocratizar la justicia en este pa\u00eds\u201d, agreg\u00f3.<\/p>\n","protected":false},"excerpt":{"rendered":"<p>Ricardo Quiroga\/El Economista &nbsp; \u201cCuando alguien nos llama feminazis, lo \u00fanico que deja ver es toda su violencia estructural. Siempre ha pasado que contra quien protestamos toma la bandera al &hellip; <a href=\"https:\/\/www.grieta.org.mx\/index.php\/2019\/08\/26\/amenazas-contra-feministas-arrecian-tras-la-marcha\/\" class=\"more-link\">Leer m\u00e1s<\/a><\/p>\n","protected":false},"author":2,"featured_media":38388,"comment_status":"closed","ping_status":"closed","sticky":false,"template":"","format":"standard","meta":{"ngg_post_thumbnail":0,"_jetpack_newsletter_access":"","_jetpack_dont_email_post_to_subs":false,"_jetpack_newsletter_tier_id":0,"_jetpack_memberships_contains_paywalled_content":false,"_jetpack_memberships_contains_paid_content":false,"footnotes":""},"categories":[80,14,2,2388],"tags":[2248,2288,94],"class_list":["post-38387","post","type-post","status-publish","format-standard","has-post-thumbnail","hentry","category-cintillo","category-ciudad-de-mexico","category-noticias-nacionales","category-violencia-contra-las-mujeres-en-la-ciudad-de-mexico","tag-luchas-de-las-mujeres","tag-marcha-mujeres","tag-violencia-contra-mujeres","entry"],"jetpack_featured_media_url":"https:\/\/www.grieta.org.mx\/wp-content\/uploads\/2019\/08\/feministas_activistas_cenco.jpg_596760611.jpg","jetpack_sharing_enabled":true,"jetpack_shortlink":"https:\/\/wp.me\/p7ZJR4-9Z9","jetpack_likes_enabled":false,"jetpack-related-posts":[{"id":38097,"url":"https:\/\/www.grieta.org.mx\/index.php\/2019\/08\/16\/galeria-glitter-rosa-la-marcha-feminista-en-ciudad-juarez-chihuahua\/","url_meta":{"origin":38387,"position":0},"title":"Galer\u00eda: Glitter Rosa, la marcha feminista en Ciudad Ju\u00e1rez (Chihuahua)","author":"grieta","date":"16 agosto, 2019","format":false,"excerpt":"Redacci\u00f3n; Fotograf\u00edas: Rey J. Jauregui\/ LA VERDAD DE JU\u00c1REZ Ciudad Ju\u00e1rez \u2013 Entre gritos de consignas contra \u201cactitudes machistas\u201d, haciendo pintas y lanzando brillantina rosa, decenas de mujeres marcharon en Ciudad Ju\u00e1rez para exigir un alto a la violencia de g\u00e9nero y en protesta por la revictimizaci\u00f3n de las autoridades\u2026","rel":"","context":"En &quot;Chihuahua&quot;","block_context":{"text":"Chihuahua","link":"https:\/\/www.grieta.org.mx\/index.php\/category\/noticias-nacionales\/chihuahua\/"},"img":{"alt_text":"","src":"https:\/\/i0.wp.com\/www.grieta.org.mx\/wp-content\/uploads\/2019\/08\/Foto-Galer%C3%ADa-Mujeres.jpg?resize=350%2C200&ssl=1","width":350,"height":200,"srcset":"https:\/\/i0.wp.com\/www.grieta.org.mx\/wp-content\/uploads\/2019\/08\/Foto-Galer%C3%ADa-Mujeres.jpg?resize=350%2C200&ssl=1 1x, https:\/\/i0.wp.com\/www.grieta.org.mx\/wp-content\/uploads\/2019\/08\/Foto-Galer%C3%ADa-Mujeres.jpg?resize=525%2C300&ssl=1 1.5x, https:\/\/i0.wp.com\/www.grieta.org.mx\/wp-content\/uploads\/2019\/08\/Foto-Galer%C3%ADa-Mujeres.jpg?resize=700%2C400&ssl=1 2x, https:\/\/i0.wp.com\/www.grieta.org.mx\/wp-content\/uploads\/2019\/08\/Foto-Galer%C3%ADa-Mujeres.jpg?resize=1050%2C600&ssl=1 3x, https:\/\/i0.wp.com\/www.grieta.org.mx\/wp-content\/uploads\/2019\/08\/Foto-Galer%C3%ADa-Mujeres.jpg?resize=1400%2C800&ssl=1 4x"},"classes":[]},{"id":62695,"url":"https:\/\/www.grieta.org.mx\/index.php\/2021\/11\/17\/feministas-convocan-a-marcha-por-el-dia-internacional-de-la-eliminacion-de-la-violencia-contra-la-mujer-nayarit\/","url_meta":{"origin":38387,"position":1},"title":"Feministas convocan a marcha por el \u201cD\u00eda Internacional de la Eliminaci\u00f3n de la Violencia Contra la Mujer\u201d (Nayarit)","author":"grieta","date":"17 noviembre, 2021","format":false,"excerpt":"Foto: Realidades de Nayarit Mildra Ben\u00edtez Robledo \/ Realidades de Nayarit Tepic, Nayarit.- Mi\u00e9rcoles 17 de noviembre del 2021.- En el marco del \u201cD\u00eda Internacional de la Eliminaci\u00f3n de la Violencia Contra la Mujer\u201d, el 25 de noviembre, se llevar\u00e1 a cabo a las 16:30 horas una marcha en la\u2026","rel":"","context":"En &quot;CINTILLO&quot;","block_context":{"text":"CINTILLO","link":"https:\/\/www.grieta.org.mx\/index.php\/category\/cintillo\/"},"img":{"alt_text":"","src":"https:\/\/i0.wp.com\/www.grieta.org.mx\/wp-content\/uploads\/2021\/11\/violencia.jpg?resize=350%2C200&ssl=1","width":350,"height":200,"srcset":"https:\/\/i0.wp.com\/www.grieta.org.mx\/wp-content\/uploads\/2021\/11\/violencia.jpg?resize=350%2C200&ssl=1 1x, https:\/\/i0.wp.com\/www.grieta.org.mx\/wp-content\/uploads\/2021\/11\/violencia.jpg?resize=525%2C300&ssl=1 1.5x, https:\/\/i0.wp.com\/www.grieta.org.mx\/wp-content\/uploads\/2021\/11\/violencia.jpg?resize=700%2C400&ssl=1 2x"},"classes":[]},{"id":63695,"url":"https:\/\/www.grieta.org.mx\/index.php\/2022\/03\/08\/marchan-mujeres-de-vallarta-para-exigir-respeto-y-seguridad-jalisco\/","url_meta":{"origin":38387,"position":2},"title":"Marchan mujeres de Vallarta para exigir respeto y seguridad (Jalisco)","author":"grieta","date":"8 marzo, 2022","format":false,"excerpt":"Foto: Tribuna de la Bah\u00eda Brenda Beltr\u00e1n \/ Tribuna de la Bah\u00eda Cientos de mujeres, pertenecientes a colectivos de\u00a0Puerto Vallarta, estudiantes, madres de familias y m\u00e1s, salieron a\u00a0marchar este 8 de marzo\u00a0de forma pac\u00edfica, exigiendo a las autoridades que sean escuchadas ante la violencia que se vive en la ciudad.\u2026","rel":"","context":"En &quot;CINTILLO&quot;","block_context":{"text":"CINTILLO","link":"https:\/\/www.grieta.org.mx\/index.php\/category\/cintillo\/"},"img":{"alt_text":"","src":"https:\/\/i0.wp.com\/www.grieta.org.mx\/wp-content\/uploads\/2022\/03\/marcha-8m-cover.jpg?resize=350%2C200&ssl=1","width":350,"height":200,"srcset":"https:\/\/i0.wp.com\/www.grieta.org.mx\/wp-content\/uploads\/2022\/03\/marcha-8m-cover.jpg?resize=350%2C200&ssl=1 1x, https:\/\/i0.wp.com\/www.grieta.org.mx\/wp-content\/uploads\/2022\/03\/marcha-8m-cover.jpg?resize=525%2C300&ssl=1 1.5x, https:\/\/i0.wp.com\/www.grieta.org.mx\/wp-content\/uploads\/2022\/03\/marcha-8m-cover.jpg?resize=700%2C400&ssl=1 2x"},"classes":[]},{"id":41598,"url":"https:\/\/www.grieta.org.mx\/index.php\/2019\/11\/26\/exigimos-medidas-efectivas-contra-la-violencia-de-genero-piden-mujeres-en-la-marcha-del-25n-ciudad-de-mexico\/","url_meta":{"origin":38387,"position":3},"title":"\u201cExigimos medidas efectivas contra la violencia de g\u00e9nero\u201d, piden mujeres en la marcha del 25N (Ciudad de M\u00e9xico)","author":"grieta","date":"26 noviembre, 2019","format":false,"excerpt":"Andrea Vega \/ Animal Pol\u00edtico Miles de mujeres, unas 3 mil, de acuerdo a las autoridades capitalinas, participaron en la manifestaci\u00f3n para denunciar la alta incidencia de feminicidios, desapariciones y violencia de g\u00e9nero que hay en el pa\u00eds. En un pa\u00eds donde hay casi 10 feminicidios diarios, miles de mujeres\u2026","rel":"","context":"En &quot;CINTILLO&quot;","block_context":{"text":"CINTILLO","link":"https:\/\/www.grieta.org.mx\/index.php\/category\/cintillo\/"},"img":{"alt_text":"","src":"https:\/\/i0.wp.com\/www.grieta.org.mx\/wp-content\/uploads\/2019\/11\/Exigimos-medidas-efectivas-contra-la-violencia-de-g%C3%A9nero-piden-mujeres-en-la-marcha-del-25N-cdmx-nov.jpg?resize=350%2C200&ssl=1","width":350,"height":200,"srcset":"https:\/\/i0.wp.com\/www.grieta.org.mx\/wp-content\/uploads\/2019\/11\/Exigimos-medidas-efectivas-contra-la-violencia-de-g%C3%A9nero-piden-mujeres-en-la-marcha-del-25N-cdmx-nov.jpg?resize=350%2C200&ssl=1 1x, https:\/\/i0.wp.com\/www.grieta.org.mx\/wp-content\/uploads\/2019\/11\/Exigimos-medidas-efectivas-contra-la-violencia-de-g%C3%A9nero-piden-mujeres-en-la-marcha-del-25N-cdmx-nov.jpg?resize=525%2C300&ssl=1 1.5x, https:\/\/i0.wp.com\/www.grieta.org.mx\/wp-content\/uploads\/2019\/11\/Exigimos-medidas-efectivas-contra-la-violencia-de-g%C3%A9nero-piden-mujeres-en-la-marcha-del-25N-cdmx-nov.jpg?resize=700%2C400&ssl=1 2x, https:\/\/i0.wp.com\/www.grieta.org.mx\/wp-content\/uploads\/2019\/11\/Exigimos-medidas-efectivas-contra-la-violencia-de-g%C3%A9nero-piden-mujeres-en-la-marcha-del-25N-cdmx-nov.jpg?resize=1050%2C600&ssl=1 3x, https:\/\/i0.wp.com\/www.grieta.org.mx\/wp-content\/uploads\/2019\/11\/Exigimos-medidas-efectivas-contra-la-violencia-de-g%C3%A9nero-piden-mujeres-en-la-marcha-del-25N-cdmx-nov.jpg?resize=1400%2C800&ssl=1 4x"},"classes":[]},{"id":71504,"url":"https:\/\/www.grieta.org.mx\/index.php\/2025\/03\/08\/marcha-feminista-en-puerto-vallarta-reune-a-miles-de-mujeres-jalisco\/","url_meta":{"origin":38387,"position":4},"title":"Marcha feminista en Puerto Vallarta re\u00fane a miles de mujeres (Jalisco)","author":"grieta","date":"8 marzo, 2025","format":false,"excerpt":"Imagen: Fernanda Boj\u00f3rquez Fernanda Boj\u00f3rquez \/ Tribuna de la Bah\u00eda Con la participaci\u00f3n de miles de mujeres de todas las edades, la marcha feminista en Puerto Vallarta dio inicio este s\u00e1bado a las 17:20 horas. El contingente comenz\u00f3 su recorrido en el Parque de las Mujeres y avanz\u00f3 hacia el\u2026","rel":"","context":"En &quot;CINTILLO&quot;","block_context":{"text":"CINTILLO","link":"https:\/\/www.grieta.org.mx\/index.php\/category\/cintillo\/"},"img":{"alt_text":"","src":"https:\/\/i0.wp.com\/www.grieta.org.mx\/wp-content\/uploads\/2025\/03\/Marcha-feminista-en-Puerto-Vallarta-reune-a-cientos-de-mujeres-905x613-1.jpeg?resize=350%2C200&ssl=1","width":350,"height":200,"srcset":"https:\/\/i0.wp.com\/www.grieta.org.mx\/wp-content\/uploads\/2025\/03\/Marcha-feminista-en-Puerto-Vallarta-reune-a-cientos-de-mujeres-905x613-1.jpeg?resize=350%2C200&ssl=1 1x, https:\/\/i0.wp.com\/www.grieta.org.mx\/wp-content\/uploads\/2025\/03\/Marcha-feminista-en-Puerto-Vallarta-reune-a-cientos-de-mujeres-905x613-1.jpeg?resize=525%2C300&ssl=1 1.5x, https:\/\/i0.wp.com\/www.grieta.org.mx\/wp-content\/uploads\/2025\/03\/Marcha-feminista-en-Puerto-Vallarta-reune-a-cientos-de-mujeres-905x613-1.jpeg?resize=700%2C400&ssl=1 2x"},"classes":[]},{"id":54762,"url":"https:\/\/www.grieta.org.mx\/index.php\/2020\/11\/03\/catrinas-marchan-contra-los-feminicidios-en-colima\/","url_meta":{"origin":38387,"position":5},"title":"Catrinas marchan contra los feminicidios en Colima","author":"grieta","date":"3 noviembre, 2020","format":false,"excerpt":"Foto: Moserrat C\u00e1rdenas Con el objetivo de visibilizar la violencia contra las mujeres en Colima, mujeres feministas caracterizadas de catrinas, realizaron una marcha por las principales calles de esta ciudad para denunciar y exigir justicia para todas las mujeres asesinada.\u00a0 Redacci\u00f3n \/ Somos El Medio Vestidas de catrinas, con flores\u2026","rel":"","context":"En &quot;CINTILLO&quot;","block_context":{"text":"CINTILLO","link":"https:\/\/www.grieta.org.mx\/index.php\/category\/cintillo\/"},"img":{"alt_text":"","src":"https:\/\/i0.wp.com\/www.grieta.org.mx\/wp-content\/uploads\/2020\/11\/MG_3108.jpg?resize=350%2C200&ssl=1","width":350,"height":200,"srcset":"https:\/\/i0.wp.com\/www.grieta.org.mx\/wp-content\/uploads\/2020\/11\/MG_3108.jpg?resize=350%2C200&ssl=1 1x, https:\/\/i0.wp.com\/www.grieta.org.mx\/wp-content\/uploads\/2020\/11\/MG_3108.jpg?resize=525%2C300&ssl=1 1.5x, https:\/\/i0.wp.com\/www.grieta.org.mx\/wp-content\/uploads\/2020\/11\/MG_3108.jpg?resize=700%2C400&ssl=1 2x, https:\/\/i0.wp.com\/www.grieta.org.mx\/wp-content\/uploads\/2020\/11\/MG_3108.jpg?resize=1050%2C600&ssl=1 3x"},"classes":[]}],"_links":{"self":[{"href":"https:\/\/www.grieta.org.mx\/index.php\/wp-json\/wp\/v2\/posts\/38387","targetHints":{"allow":["GET"]}}],"collection":[{"href":"https:\/\/www.grieta.org.mx\/index.php\/wp-json\/wp\/v2\/posts"}],"about":[{"href":"https:\/\/www.grieta.org.mx\/index.php\/wp-json\/wp\/v2\/types\/post"}],"author":[{"embeddable":true,"href":"https:\/\/www.grieta.org.mx\/index.php\/wp-json\/wp\/v2\/users\/2"}],"replies":[{"embeddable":true,"href":"https:\/\/www.grieta.org.mx\/index.php\/wp-json\/wp\/v2\/comments?post=38387"}],"version-history":[{"count":1,"href":"https:\/\/www.grieta.org.mx\/index.php\/wp-json\/wp\/v2\/posts\/38387\/revisions"}],"predecessor-version":[{"id":38392,"href":"https:\/\/www.grieta.org.mx\/index.php\/wp-json\/wp\/v2\/posts\/38387\/revisions\/38392"}],"wp:featuredmedia":[{"embeddable":true,"href":"https:\/\/www.grieta.org.mx\/index.php\/wp-json\/wp\/v2\/media\/38388"}],"wp:attachment":[{"href":"https:\/\/www.grieta.org.mx\/index.php\/wp-json\/wp\/v2\/media?parent=38387"}],"wp:term":[{"taxonomy":"category","embeddable":true,"href":"https:\/\/www.grieta.org.mx\/index.php\/wp-json\/wp\/v2\/categories?post=38387"},{"taxonomy":"post_tag","embeddable":true,"href":"https:\/\/www.grieta.org.mx\/index.php\/wp-json\/wp\/v2\/tags?post=38387"}],"curies":[{"name":"wp","href":"https:\/\/api.w.org\/{rel}","templated":true}]}}