{"id":3835,"date":"2015-10-28T23:40:51","date_gmt":"2015-10-28T23:40:51","guid":{"rendered":"http:\/\/50.22.11.12\/~grietaor\/?p=3835"},"modified":"2018-07-13T00:38:46","modified_gmt":"2018-07-13T05:38:46","slug":"en-puerta-14-denuncias-contra-opositores-a-hidroelectrica","status":"publish","type":"post","link":"https:\/\/www.grieta.org.mx\/index.php\/2015\/10\/28\/en-puerta-14-denuncias-contra-opositores-a-hidroelectrica\/","title":{"rendered":"En puerta 14 denuncias contra opositores a hidroel\u00e9ctrica"},"content":{"rendered":"<p>Miguel Jaramillo\/ Municipios Puebla<\/p>\n<p>Por impedir a Deselec-Comexhidro la construcci\u00f3n de la hidroel\u00e9ctrica Puebla 1 en el r\u00edo Ajajalpan, ind\u00edgenas han sido hostigados y perseguidos por la empresa, misma que les ha fabricado delitos por los que habr\u00eda 14 denuncias en contra de pobladores, denunci\u00f3 la Organizaci\u00f3n Tutunacu-Nahua en Defensa del Territorio de los Pueblos.<\/p>\n<p>En rueda de prensa en Puebla, la agrupaci\u00f3n ind\u00edgena consider\u00f3 que autoridades municipales, estatales y federales han violado sus derechos humanos, y consideraron que han coartado su derecho a la autodeterminaci\u00f3n.<\/p>\n<p>Particularmente, acusaron a la empresa Deselec-Comexhidro por la presunta fabricaci\u00f3n de delitos en contra de l\u00edderes opositores, pues, dijeron que extraoficialmente tienen conocimiento de 14 denuncias en su contra por supuestas agresiones a empleados de la constructora, aunque no han registrado la detenci\u00f3n de alguno de sus integrantes.<\/p>\n<p>En ese sentido, responsabilizaron directamente a los ediles de los municipios de Ahuacatl\u00e1n, Tepatl\u00e1n y Tlapacoya.<\/p>\n<p>Lamentaron que la situaci\u00f3n se agudiz\u00f3 luego que el 1 de julio difundieron a nivel nacional lo que calificaron como una \u201csimulaci\u00f3n\u201d en la consulta que realiz\u00f3 la Secretar\u00eda de Energ\u00eda (SENER), junto con la Comisi\u00f3n para el Desarrollo de los Pueblos Ind\u00edgenas (CDI), la Secretar\u00eda de Medio Ambiente y Recursos Naturales (SEMARNAT) y la Comisi\u00f3n Nacional del Agua (CONAGUA).<\/p>\n<p>En ese sentido, enfatizaron su rechazo a la instalaci\u00f3n de la hidroel\u00e9ctrica Puebla 1, que se instalar\u00eda en el r\u00edo Ajajalpan, y que afirman, afectar\u00e1 el ecosistema de municipios como Tepatl\u00e1n, Ahuacatl\u00e1n, Tlapacoya, Jopala, Tepango, Olintla, Amixtl\u00e1n, Huehuetla, Zoquiapa, Zongozotla, entre otros.<\/p>\n<p>Reiteraron su exigencia respecto a que Deselec-Comexhidro frene definitivamente sus operaciones en el r\u00edo Ajajalpan y salga de la regi\u00f3n.<\/p>\n<p>Responsabilizan a EPN y a RMV<\/p>\n<p>Los ind\u00edgenas responsabilizaron directamente al presidente de la Rep\u00fablica Mexicana, Enrique Pe\u00f1a Nieto, al gobernador de Puebla, Rafael Moreno Valle, y a los due\u00f1os de Deselec-Comexhidro, Carlos Jinich Ripstein y Salom\u00f3n Camhali, por cualquier afectaci\u00f3n a su \u201cintegridad f\u00edsica y psicol\u00f3gica\u201d.<\/p>\n<p>Lo anterior en referencia a la presunta fabricaci\u00f3n de delitos en contra de los opositores como parte de una estrategia para criminalizar su causa y frenar la lucha por la defensa de su tierra.<\/p>\n<p>Enga\u00f1an a pobladores para que aprueben proyecto<\/p>\n<p>De la misma manera, se\u00f1alaron a Filiberto Hern\u00e1ndez, quien \u201cse autodenomina integrante de la Organizaci\u00f3n de Campesinos Unidos de Tepatl\u00e1n y Tlapacoya, ex secretario municipal de Juan Galindo, y a quien las comunidades identifican como abogado y representante de dicha empresa\u201d, de enga\u00f1ar a ind\u00edgenas para que acepten el proyecto.<\/p>\n<p>Al respecto, explicaron que minti\u00f3 a pobladores, a quienes solicit\u00f3 documentos que acreditan posesi\u00f3n y propiedad de terrenos, supuestamente para gestionar escrituras, mismas que no fueron entregadas y que en realidad servir\u00edan como base de la supuesta aprobaci\u00f3n de las comunidades sobre el proyecto Puebla 1.<\/p>\n<p>Recordaron que algunas de las \u201cconsultas\u201d se han llevado a cabo en domicilios particulares, en donde se han firmado actas con apenas 10 o 15 pobladores, a quienes la empresa ha pagado.<\/p>\n<p>Lamentaron que se busca imponer a la hidroel\u00e9ctrica, toda vez que, aseguran, el rechazo involucra hasta el 90 por ciento de los ind\u00edgenas de esa regi\u00f3n.<\/p>\n<p>Al final, negaron que exista beneficio para quienes viven en los municipios de esa regi\u00f3n, pues \u2013consideraron- solamente favorecer\u00e1 a Comexhidro, Walmart, Vips, Suburbia, Waldos, Colchas de M\u00e9xico, y algunas constructoras.<\/p>\n<p><a href=\"http:\/\/www.municipiospuebla.com.mx\/nota\/2015-10-28\/huauchinango\/en-puerta-14-denuncias-contra-opositores-hidroel%C3%A9ctrica\" target=\"_blank\" rel=\"noopener\">http:\/\/www.municipiospuebla.com.mx\/nota\/2015-10-28\/huauchinango\/en-puerta-14-denuncias-contra-opositores-hidroel%C3%A9ctrica<\/a><\/p>\n","protected":false},"excerpt":{"rendered":"<p>Miguel Jaramillo\/ Municipios Puebla Por impedir a Deselec-Comexhidro la construcci\u00f3n de la hidroel\u00e9ctrica Puebla 1 en el r\u00edo Ajajalpan, ind\u00edgenas han sido hostigados y perseguidos por la empresa, misma que &hellip; <a href=\"https:\/\/www.grieta.org.mx\/index.php\/2015\/10\/28\/en-puerta-14-denuncias-contra-opositores-a-hidroelectrica\/\" class=\"more-link\">Leer m\u00e1s<\/a><\/p>\n","protected":false},"author":2,"featured_media":21928,"comment_status":"closed","ping_status":"open","sticky":false,"template":"","format":"standard","meta":{"ngg_post_thumbnail":0,"_jetpack_newsletter_access":"","_jetpack_dont_email_post_to_subs":false,"_jetpack_newsletter_tier_id":0,"_jetpack_memberships_contains_paywalled_content":false,"_jetpack_memberships_contains_paid_content":false,"footnotes":""},"categories":[80,1443,3,922,942,2,1245,26],"tags":[319,155],"class_list":["post-3835","post","type-post","status-publish","format-standard","has-post-thumbnail","hentry","category-cintillo","category-hidroelectrica-puebla-1","category-megaproyectos","category-megaproyectos-estados","category-mp-puebla","category-noticias-nacionales","category-oposicion-a-las-hidroelectricas-en-puebla","category-puebla","tag-hidroelectrica-puebla-1","tag-proyectos-hidricos","entry"],"jetpack_featured_media_url":"https:\/\/www.grieta.org.mx\/wp-content\/uploads\/2018\/03\/14524434_1106112876131411_958039263622046936_o.jpg","jetpack_sharing_enabled":true,"jetpack_shortlink":"https:\/\/wp.me\/p7ZJR4-ZR","jetpack_likes_enabled":false,"jetpack-related-posts":[{"id":14454,"url":"https:\/\/www.grieta.org.mx\/index.php\/2016\/06\/06\/deselec-pone-alto-a-evaluacion-ambiental-de-hidroelectrica-en-tepatlan-puebla\/","url_meta":{"origin":3835,"position":0},"title":"Deselec pone alto a evaluaci\u00f3n ambiental de hidroel\u00e9ctrica en Tepatl\u00e1n (Puebla)","author":"grieta","date":"6 junio, 2016","format":false,"excerpt":"Por Leticia \u00c1nimas Vargas\/ e-consulta Huauchinango, Pue.- La empresa Deselec-Comexhidro se desisti\u00f3 de continuar el procedimiento de evaluaci\u00f3n de impacto ambiental de la Hidroel\u00e9ctrica Puebla 1 que pretende construir en el r\u00edo Ajajalpan en los municipios de Ahuacatl\u00e1n, San Felipe Tepatl\u00e1n y Tlapacoya en la sierra norte, lugares donde habitantes\u2026","rel":"","context":"En &quot;CINTILLO&quot;","block_context":{"text":"CINTILLO","link":"https:\/\/www.grieta.org.mx\/index.php\/category\/cintillo\/"},"img":{"alt_text":"","src":"https:\/\/i0.wp.com\/www.grieta.org.mx\/wp-content\/uploads\/2016\/06\/cancelado-1.jpg?resize=350%2C200&ssl=1","width":350,"height":200,"srcset":"https:\/\/i0.wp.com\/www.grieta.org.mx\/wp-content\/uploads\/2016\/06\/cancelado-1.jpg?resize=350%2C200&ssl=1 1x, https:\/\/i0.wp.com\/www.grieta.org.mx\/wp-content\/uploads\/2016\/06\/cancelado-1.jpg?resize=525%2C300&ssl=1 1.5x"},"classes":[]},{"id":21004,"url":"https:\/\/www.grieta.org.mx\/index.php\/2016\/09\/02\/indigenas-denunciaran-a-deselec-por-violar-sus-derechos-en-la-sierra-norte-de-puebla\/","url_meta":{"origin":3835,"position":1},"title":"Ind\u00edgenas denunciar\u00e1n a Deselec por violar sus derechos en la Sierra Norte de Puebla","author":"grieta","date":"2 septiembre, 2016","format":false,"excerpt":"Por Leticia \u00c1nimas Vargas Huauchinango, Pue.- La empresa Deselec-Comexhidro que quiere construir la hidroel\u00e9ctrica Puebla 1 en el r\u00edo Ajajalpan, ser\u00e1 denunciada ante el Grupo de Tareas de la Organizaci\u00f3n de las Naciones Unidas (ONU) por violaciones a los derechos humanos, intimidaci\u00f3n y amenazas a ind\u00edgenas totonakus que habitan en\u2026","rel":"","context":"En &quot;26. Sierra Puebla&quot;","block_context":{"text":"26. Sierra Puebla","link":"https:\/\/www.grieta.org.mx\/index.php\/category\/espejos-de-la-resistencia\/26-sierra-puebla\/"},"img":{"alt_text":"","src":"https:\/\/i0.wp.com\/www.grieta.org.mx\/wp-content\/uploads\/2018\/03\/14524434_1106112876131411_958039263622046936_o.jpg?resize=350%2C200&ssl=1","width":350,"height":200,"srcset":"https:\/\/i0.wp.com\/www.grieta.org.mx\/wp-content\/uploads\/2018\/03\/14524434_1106112876131411_958039263622046936_o.jpg?resize=350%2C200&ssl=1 1x, https:\/\/i0.wp.com\/www.grieta.org.mx\/wp-content\/uploads\/2018\/03\/14524434_1106112876131411_958039263622046936_o.jpg?resize=525%2C300&ssl=1 1.5x, https:\/\/i0.wp.com\/www.grieta.org.mx\/wp-content\/uploads\/2018\/03\/14524434_1106112876131411_958039263622046936_o.jpg?resize=700%2C400&ssl=1 2x"},"classes":[]},{"id":40594,"url":"https:\/\/www.grieta.org.mx\/index.php\/2019\/10\/26\/totonacas-rechazan-la-hidroelectrica-en-la-sierra-norte-puebla\/","url_meta":{"origin":3835,"position":2},"title":"Totonacas rechazan la hidroel\u00e9ctrica en la Sierra Norte (Puebla)","author":"Admin","date":"26 octubre, 2019","format":false,"excerpt":"Berenice Mart\u00ednez \/ El Sol de Puebla Comunidades totonacas de la Sierra Norte rechazaron la construcci\u00f3n del proyecto hidroel\u00e9ctrico Puebla 1 y advirtieron que seguir\u00e1n defendiendo su territorio para evitar que la empresa Deselec 1-Comexhidro abone a la disminuci\u00f3n del caudal del r\u00edo Ajajalpan. En un comunicado dirigido a autoridades\u2026","rel":"","context":"En &quot;26. Sierra Puebla&quot;","block_context":{"text":"26. Sierra Puebla","link":"https:\/\/www.grieta.org.mx\/index.php\/category\/espejos-de-la-resistencia\/26-sierra-puebla\/"},"img":{"alt_text":"","src":"https:\/\/i0.wp.com\/www.grieta.org.mx\/wp-content\/uploads\/2019\/06\/hidroel%C3%A9ctrica.jpg?resize=350%2C200&ssl=1","width":350,"height":200,"srcset":"https:\/\/i0.wp.com\/www.grieta.org.mx\/wp-content\/uploads\/2019\/06\/hidroel%C3%A9ctrica.jpg?resize=350%2C200&ssl=1 1x, https:\/\/i0.wp.com\/www.grieta.org.mx\/wp-content\/uploads\/2019\/06\/hidroel%C3%A9ctrica.jpg?resize=525%2C300&ssl=1 1.5x, https:\/\/i0.wp.com\/www.grieta.org.mx\/wp-content\/uploads\/2019\/06\/hidroel%C3%A9ctrica.jpg?resize=700%2C400&ssl=1 2x"},"classes":[]},{"id":14413,"url":"https:\/\/www.grieta.org.mx\/index.php\/2016\/06\/06\/empresa-renuncia-a-proyecto-hidroelectrico-en-la-sierra-norte-de-puebla\/","url_meta":{"origin":3835,"position":3},"title":"Empresa renuncia a proyecto hidroel\u00e9ctrico en la Sierra Norte de Puebla","author":"grieta","date":"6 junio, 2016","format":false,"excerpt":"Por Leticia \u00c1nimas\/ Regeneraci\u00f3n La empresa Deselec-Comexhidro desisti\u00f3 repentinamente de continuar el procedimiento de evaluaci\u00f3n de impacto ambiental de la Hidroel\u00e9ctrica Puebla 1 que pretende construir en las aguas del r\u00edo Ajajalpan, territorio de los municipios de Ahuacatl\u00e1n, San Felipe Tepatl\u00e1n y Tlapacoya en la sierra norte de Puebla, lugares\u2026","rel":"","context":"En &quot;CINTILLO&quot;","block_context":{"text":"CINTILLO","link":"https:\/\/www.grieta.org.mx\/index.php\/category\/cintillo\/"},"img":{"alt_text":"","src":"https:\/\/i0.wp.com\/www.grieta.org.mx\/wp-content\/uploads\/2016\/06\/w704-4.jpg?resize=350%2C200&ssl=1","width":350,"height":200,"srcset":"https:\/\/i0.wp.com\/www.grieta.org.mx\/wp-content\/uploads\/2016\/06\/w704-4.jpg?resize=350%2C200&ssl=1 1x, https:\/\/i0.wp.com\/www.grieta.org.mx\/wp-content\/uploads\/2016\/06\/w704-4.jpg?resize=525%2C300&ssl=1 1.5x"},"classes":[]},{"id":21025,"url":"https:\/\/www.grieta.org.mx\/index.php\/2016\/08\/28\/deselec-omitio-declarar-afectaciones-por-hidroelectrica-en-tepatlan-puebla\/","url_meta":{"origin":3835,"position":4},"title":"Deselec omiti\u00f3 declarar afectaciones por hidroel\u00e9ctrica en Tepatl\u00e1n (Puebla)","author":"grieta","date":"28 agosto, 2016","format":false,"excerpt":"Leticia \u00c1nimas Vargas\/ Municipios Puebla Huauchinango, Pue.- Informaci\u00f3n omitida sobre las afectaciones a usuarios y al caudal ecol\u00f3gico del r\u00edo Ajajalpan y modificaciones al proyecto inicial para la construcci\u00f3n de un segundo embalse en la hidroel\u00e9ctrica Puebla 1, fueron las razones por las que la Secretar\u00eda del Medio Ambiente y\u2026","rel":"","context":"En &quot;26. Sierra Puebla&quot;","block_context":{"text":"26. Sierra Puebla","link":"https:\/\/www.grieta.org.mx\/index.php\/category\/espejos-de-la-resistencia\/26-sierra-puebla\/"},"img":{"alt_text":"","src":"https:\/\/i0.wp.com\/www.grieta.org.mx\/wp-content\/uploads\/2018\/03\/14524434_1106112876131411_958039263622046936_o.jpg?resize=350%2C200&ssl=1","width":350,"height":200,"srcset":"https:\/\/i0.wp.com\/www.grieta.org.mx\/wp-content\/uploads\/2018\/03\/14524434_1106112876131411_958039263622046936_o.jpg?resize=350%2C200&ssl=1 1x, https:\/\/i0.wp.com\/www.grieta.org.mx\/wp-content\/uploads\/2018\/03\/14524434_1106112876131411_958039263622046936_o.jpg?resize=525%2C300&ssl=1 1.5x, https:\/\/i0.wp.com\/www.grieta.org.mx\/wp-content\/uploads\/2018\/03\/14524434_1106112876131411_958039263622046936_o.jpg?resize=700%2C400&ssl=1 2x"},"classes":[]},{"id":39298,"url":"https:\/\/www.grieta.org.mx\/index.php\/2019\/09\/01\/esperan-ganar-resolucion-para-frenar-hidroelectrica-en-ahuacatlan-puebla\/","url_meta":{"origin":3835,"position":5},"title":"Esperan ganar resoluci\u00f3n para frenar hidroel\u00e9ctrica en Ahuacatl\u00e1n (Puebla)","author":"Admin","date":"1 septiembre, 2019","format":false,"excerpt":"Mario Reyna \/ El Popular La empresa Comexhidro-Deselec 1 podr\u00eda iniciar actividades del proyecto hidroel\u00e9ctrico Puebla 1 en Ahuacatl\u00e1n y San Felipe Tepatl\u00e1n, no obstante el amparo que a\u00fan est\u00e1 por resolverse en un juzgado federal y el abierto rechazo del pueblo totonaco de la regi\u00f3n, que intenta retrasar el\u2026","rel":"","context":"En &quot;26. Sierra Puebla&quot;","block_context":{"text":"26. Sierra Puebla","link":"https:\/\/www.grieta.org.mx\/index.php\/category\/espejos-de-la-resistencia\/26-sierra-puebla\/"},"img":{"alt_text":"","src":"https:\/\/i0.wp.com\/www.grieta.org.mx\/wp-content\/uploads\/2019\/09\/3e3e2aaace562662ad5c573600498be1.jpg?resize=350%2C200&ssl=1","width":350,"height":200,"srcset":"https:\/\/i0.wp.com\/www.grieta.org.mx\/wp-content\/uploads\/2019\/09\/3e3e2aaace562662ad5c573600498be1.jpg?resize=350%2C200&ssl=1 1x, https:\/\/i0.wp.com\/www.grieta.org.mx\/wp-content\/uploads\/2019\/09\/3e3e2aaace562662ad5c573600498be1.jpg?resize=525%2C300&ssl=1 1.5x, https:\/\/i0.wp.com\/www.grieta.org.mx\/wp-content\/uploads\/2019\/09\/3e3e2aaace562662ad5c573600498be1.jpg?resize=700%2C400&ssl=1 2x"},"classes":[]}],"_links":{"self":[{"href":"https:\/\/www.grieta.org.mx\/index.php\/wp-json\/wp\/v2\/posts\/3835","targetHints":{"allow":["GET"]}}],"collection":[{"href":"https:\/\/www.grieta.org.mx\/index.php\/wp-json\/wp\/v2\/posts"}],"about":[{"href":"https:\/\/www.grieta.org.mx\/index.php\/wp-json\/wp\/v2\/types\/post"}],"author":[{"embeddable":true,"href":"https:\/\/www.grieta.org.mx\/index.php\/wp-json\/wp\/v2\/users\/2"}],"replies":[{"embeddable":true,"href":"https:\/\/www.grieta.org.mx\/index.php\/wp-json\/wp\/v2\/comments?post=3835"}],"version-history":[{"count":1,"href":"https:\/\/www.grieta.org.mx\/index.php\/wp-json\/wp\/v2\/posts\/3835\/revisions"}],"predecessor-version":[{"id":24595,"href":"https:\/\/www.grieta.org.mx\/index.php\/wp-json\/wp\/v2\/posts\/3835\/revisions\/24595"}],"wp:featuredmedia":[{"embeddable":true,"href":"https:\/\/www.grieta.org.mx\/index.php\/wp-json\/wp\/v2\/media\/21928"}],"wp:attachment":[{"href":"https:\/\/www.grieta.org.mx\/index.php\/wp-json\/wp\/v2\/media?parent=3835"}],"wp:term":[{"taxonomy":"category","embeddable":true,"href":"https:\/\/www.grieta.org.mx\/index.php\/wp-json\/wp\/v2\/categories?post=3835"},{"taxonomy":"post_tag","embeddable":true,"href":"https:\/\/www.grieta.org.mx\/index.php\/wp-json\/wp\/v2\/tags?post=3835"}],"curies":[{"name":"wp","href":"https:\/\/api.w.org\/{rel}","templated":true}]}}