{"id":38336,"date":"2019-07-13T11:21:08","date_gmt":"2019-07-13T16:21:08","guid":{"rendered":"http:\/\/www.grieta.org.mx\/?p=38336"},"modified":"2019-08-27T11:33:12","modified_gmt":"2019-08-27T16:33:12","slug":"destruccion-de-bosque-en-veracruz-en-manos-de-un-juez","status":"publish","type":"post","link":"https:\/\/www.grieta.org.mx\/index.php\/2019\/07\/13\/destruccion-de-bosque-en-veracruz-en-manos-de-un-juez\/","title":{"rendered":"Destrucci\u00f3n de bosque en Veracruz, en manos de un juez"},"content":{"rendered":"<p><img loading=\"lazy\" decoding=\"async\" data-attachment-id=\"38337\" data-permalink=\"https:\/\/www.grieta.org.mx\/index.php\/2019\/07\/13\/destruccion-de-bosque-en-veracruz-en-manos-de-un-juez\/pdp_bosque-ver_va_14-julio19-3-2-1140x570\/\" data-orig-file=\"https:\/\/www.grieta.org.mx\/wp-content\/uploads\/2019\/08\/PdP_BOSQUE-VER_VA_14-JULIO19-3-2-1140x570.jpg\" data-orig-size=\"1140,570\" data-comments-opened=\"0\" data-image-meta=\"{&quot;aperture&quot;:&quot;0&quot;,&quot;credit&quot;:&quot;&quot;,&quot;camera&quot;:&quot;&quot;,&quot;caption&quot;:&quot;&quot;,&quot;created_timestamp&quot;:&quot;1563031987&quot;,&quot;copyright&quot;:&quot;&quot;,&quot;focal_length&quot;:&quot;0&quot;,&quot;iso&quot;:&quot;0&quot;,&quot;shutter_speed&quot;:&quot;0&quot;,&quot;title&quot;:&quot;&quot;,&quot;orientation&quot;:&quot;0&quot;}\" data-image-title=\"PdP_BOSQUE-VER_VA_14-JULIO19-3-2-1140&amp;#215;570\" data-image-description=\"\" data-image-caption=\"\" data-medium-file=\"https:\/\/www.grieta.org.mx\/wp-content\/uploads\/2019\/08\/PdP_BOSQUE-VER_VA_14-JULIO19-3-2-1140x570-300x150.jpg\" data-large-file=\"https:\/\/www.grieta.org.mx\/wp-content\/uploads\/2019\/08\/PdP_BOSQUE-VER_VA_14-JULIO19-3-2-1140x570-1024x512.jpg\" class=\"alignright wp-image-38337\" src=\"http:\/\/www.grieta.org.mx\/wp-content\/uploads\/2019\/08\/PdP_BOSQUE-VER_VA_14-JULIO19-3-2-1140x570.jpg\" alt=\"\" width=\"800\" height=\"400\" srcset=\"https:\/\/www.grieta.org.mx\/wp-content\/uploads\/2019\/08\/PdP_BOSQUE-VER_VA_14-JULIO19-3-2-1140x570.jpg 1140w, https:\/\/www.grieta.org.mx\/wp-content\/uploads\/2019\/08\/PdP_BOSQUE-VER_VA_14-JULIO19-3-2-1140x570-300x150.jpg 300w, https:\/\/www.grieta.org.mx\/wp-content\/uploads\/2019\/08\/PdP_BOSQUE-VER_VA_14-JULIO19-3-2-1140x570-768x384.jpg 768w, https:\/\/www.grieta.org.mx\/wp-content\/uploads\/2019\/08\/PdP_BOSQUE-VER_VA_14-JULIO19-3-2-1140x570-1024x512.jpg 1024w, https:\/\/www.grieta.org.mx\/wp-content\/uploads\/2019\/08\/PdP_BOSQUE-VER_VA_14-JULIO19-3-2-1140x570-1000x500.jpg 1000w\" sizes=\"auto, (max-width: 800px) 100vw, 800px\" \/><\/p>\n<p>Juan David Castilla \/ Pie de P\u00e1gina<br \/>\n<strong><br \/>\nUn juez deber\u00e1 resolver el amparo contra da\u00f1os ambientales irreversibles que provoca la construcci\u00f3n de un hotel y un centro h\u00edpico para el turismo en Tlalnelhuayocan, Veracruz. Vecinos de la comunidad denuncian que el bosque mes\u00f3filo de la alta monta\u00f1a est\u00e1 en riesgo. Estos proyectos ya cuentan con sanciones por tala indebida e irregularidades en su documentaci\u00f3n<\/strong><\/p>\n<div class=\"jetpack-video-wrapper\"><iframe loading=\"lazy\" title=\"Deforestaci\u00f3n y destrucci\u00f3n en la alta monta\u00f1a\" width=\"1170\" height=\"658\" src=\"https:\/\/www.youtube.com\/embed\/Wokz9AB03BY?feature=oembed\" frameborder=\"0\" allow=\"accelerometer; autoplay; clipboard-write; encrypted-media; gyroscope; picture-in-picture\" allowfullscreen><\/iframe><\/div>\n<p>Una parte del camino antiguo a la comunidad Rancho Viejo, municipio de San Andr\u00e9s Tlalnelhuayocan, fue privatizado para construir un hotel en medio del bosque mes\u00f3filo de monta\u00f1a.<\/p>\n<p>Los \u00e1rboles adornan y dan sombra al camino real que une a la mencionada poblaci\u00f3n con Briones, una zona del municipio de Coatepec, considerada de alta plusval\u00eda.<\/p>\n<p>Desde la carretera antigua, que comunica a Xalapa con dicho Pueblo M\u00e1gico, pueden apreciarse \u00e1rboles de m\u00e1s de 15 metros de altura.<\/p>\n<p><img loading=\"lazy\" decoding=\"async\" data-attachment-id=\"38338\" data-permalink=\"https:\/\/www.grieta.org.mx\/index.php\/2019\/07\/13\/destruccion-de-bosque-en-veracruz-en-manos-de-un-juez\/captura-de-pantalla-2019-07-13-a-las-15-00-54-1024x673\/\" data-orig-file=\"https:\/\/www.grieta.org.mx\/wp-content\/uploads\/2019\/08\/Captura-de-pantalla-2019-07-13-a-las-15.00.54-1024x673.png\" data-orig-size=\"1024,673\" data-comments-opened=\"0\" data-image-meta=\"{&quot;aperture&quot;:&quot;0&quot;,&quot;credit&quot;:&quot;&quot;,&quot;camera&quot;:&quot;&quot;,&quot;caption&quot;:&quot;&quot;,&quot;created_timestamp&quot;:&quot;0&quot;,&quot;copyright&quot;:&quot;&quot;,&quot;focal_length&quot;:&quot;0&quot;,&quot;iso&quot;:&quot;0&quot;,&quot;shutter_speed&quot;:&quot;0&quot;,&quot;title&quot;:&quot;&quot;,&quot;orientation&quot;:&quot;0&quot;}\" data-image-title=\"Captura-de-pantalla-2019-07-13-a-las-15.00.54-1024&amp;#215;673\" data-image-description=\"\" data-image-caption=\"\" data-medium-file=\"https:\/\/www.grieta.org.mx\/wp-content\/uploads\/2019\/08\/Captura-de-pantalla-2019-07-13-a-las-15.00.54-1024x673-300x197.png\" data-large-file=\"https:\/\/www.grieta.org.mx\/wp-content\/uploads\/2019\/08\/Captura-de-pantalla-2019-07-13-a-las-15.00.54-1024x673-1024x673.png\" class=\"alignright wp-image-38338\" src=\"http:\/\/www.grieta.org.mx\/wp-content\/uploads\/2019\/08\/Captura-de-pantalla-2019-07-13-a-las-15.00.54-1024x673.png\" alt=\"\" width=\"800\" height=\"526\" srcset=\"https:\/\/www.grieta.org.mx\/wp-content\/uploads\/2019\/08\/Captura-de-pantalla-2019-07-13-a-las-15.00.54-1024x673.png 1024w, https:\/\/www.grieta.org.mx\/wp-content\/uploads\/2019\/08\/Captura-de-pantalla-2019-07-13-a-las-15.00.54-1024x673-300x197.png 300w, https:\/\/www.grieta.org.mx\/wp-content\/uploads\/2019\/08\/Captura-de-pantalla-2019-07-13-a-las-15.00.54-1024x673-768x505.png 768w, https:\/\/www.grieta.org.mx\/wp-content\/uploads\/2019\/08\/Captura-de-pantalla-2019-07-13-a-las-15.00.54-1024x673-761x500.png 761w\" sizes=\"auto, (max-width: 800px) 100vw, 800px\" \/><\/p>\n<p>Se trata de encinos, marangolas, magnolias, pipinques, hayas y liquid\u00e1mbares, caracter\u00edsticos del bosque tambi\u00e9n conocido como bosque de niebla, el m\u00e1s rico y diverso en vida silvestre.<\/p>\n<p>Entre la vegetaci\u00f3n hay grandes residencias que fueron construidas o adquiridas por empresarios, exfuncionarios y pol\u00edticos.<\/p>\n<p>En la desviaci\u00f3n a Rancho Viejo, el problema es latente. Existen proyectos que resultan una amenaza para el bosque mes\u00f3filo, donde las plantas y animales generaran calidad de vida para las personas, pues depuran el aire y regulan el clima.<\/p>\n<p>La riqueza ecol\u00f3gica se respira. El canto incesante de las aves armonizan el recorrido sobre un tramo de terracer\u00eda, localizado entre este tipo de bosque que habita s\u00f3lo el 1 por ciento de la Rep\u00fablica Mexicana.<\/p>\n<p><strong>Lucro<\/strong><\/p>\n<p>Varios kil\u00f3metros adentro, despu\u00e9s de pendientes pronunciadas y un angosto sendero que se encuentra a un costado del barranco, fueron colocadas rejas para controlar el acceso.<\/p>\n<p>Lo que era un camino p\u00fablico pas\u00f3 a manos de un hotelero, cuya intenci\u00f3n es atraer turistas y generar una derrama econ\u00f3mica.<\/p>\n<p>El camino real, una v\u00eda antigua en el medio terrestre utilizada como una ruta con alto valor estrat\u00e9gico, fue bloqueado con un cami\u00f3n de volteo. Ni los peatones pueden acceder, pues es angosto y el torton abarca lo ancho.<br \/>\nS\u00f3lo queda un muro de piedra con estructura antigua, que ahora sirve como barda perimetral del terreno.<\/p>\n<p>Para llegar al Hotel Rancho la Niebla, ubicado en el kil\u00f3metro 1.8, abrieron un nuevo camino. Con retroexcavadoras removieron varios metros del suelo para habilitar el ingreso de los veh\u00edculos.<\/p>\n<p>Una lona negra cubre parte de la obra que se lleva a cabo en el lugar. Los alba\u00f1iles se alertan con gritos por la presencia de desconocidos.<br \/>\nContin\u00faan sus labores. Se observan materiales de construcci\u00f3n y maquinaria.<\/p>\n<p><strong>Tala clandestina <\/strong><\/p>\n<p>La obra se encuentra dentro del municipio de San Andr\u00e9s Tlalnelhuayocan, donde el ayuntamiento autoriz\u00f3 el proyecto desde el 21 de septiembre de 2018.<\/p>\n<p>El argumento fue que se trataba de una \u201cmera remodelaci\u00f3n\u201d al interior de una propiedad privada que no afectaba su entorno.<\/p>\n<p>Sin embargo, el 13 de noviembre del mismo a\u00f1o, la Procuradur\u00eda Estatal del Medio Ambiente emiti\u00f3 una resoluci\u00f3n en el expediente administrativo PMAVER\/DJ\/EXP-139\/2018, en la que sancion\u00f3 al desarrollador por \u201ctala indebida\u201d.<\/p>\n<p>La autoridad municipal cay\u00f3 en contradicciones, pues la obra trascendi\u00f3 a sus l\u00edmites territoriales.<\/p>\n<figure id=\"attachment_38339\" aria-describedby=\"caption-attachment-38339\" style=\"width: 800px\" class=\"wp-caption alignright\"><img loading=\"lazy\" decoding=\"async\" data-attachment-id=\"38339\" data-permalink=\"https:\/\/www.grieta.org.mx\/index.php\/2019\/07\/13\/destruccion-de-bosque-en-veracruz-en-manos-de-un-juez\/hotelmateri-1024x576\/\" data-orig-file=\"https:\/\/www.grieta.org.mx\/wp-content\/uploads\/2019\/08\/hotelmateri-1024x576.jpg\" data-orig-size=\"1024,576\" data-comments-opened=\"0\" data-image-meta=\"{&quot;aperture&quot;:&quot;0&quot;,&quot;credit&quot;:&quot;&quot;,&quot;camera&quot;:&quot;&quot;,&quot;caption&quot;:&quot;&quot;,&quot;created_timestamp&quot;:&quot;0&quot;,&quot;copyright&quot;:&quot;&quot;,&quot;focal_length&quot;:&quot;0&quot;,&quot;iso&quot;:&quot;0&quot;,&quot;shutter_speed&quot;:&quot;0&quot;,&quot;title&quot;:&quot;&quot;,&quot;orientation&quot;:&quot;0&quot;}\" data-image-title=\"hotelmateri-1024&amp;#215;576\" data-image-description=\"\" data-image-caption=\"&lt;p&gt;Material de construcci\u00f3n afuera del hotel.&lt;\/p&gt;\n\" data-medium-file=\"https:\/\/www.grieta.org.mx\/wp-content\/uploads\/2019\/08\/hotelmateri-1024x576-300x169.jpg\" data-large-file=\"https:\/\/www.grieta.org.mx\/wp-content\/uploads\/2019\/08\/hotelmateri-1024x576-1024x576.jpg\" class=\"wp-image-38339\" src=\"http:\/\/www.grieta.org.mx\/wp-content\/uploads\/2019\/08\/hotelmateri-1024x576.jpg\" alt=\"\" width=\"800\" height=\"450\" srcset=\"https:\/\/www.grieta.org.mx\/wp-content\/uploads\/2019\/08\/hotelmateri-1024x576.jpg 1024w, https:\/\/www.grieta.org.mx\/wp-content\/uploads\/2019\/08\/hotelmateri-1024x576-300x169.jpg 300w, https:\/\/www.grieta.org.mx\/wp-content\/uploads\/2019\/08\/hotelmateri-1024x576-768x432.jpg 768w, https:\/\/www.grieta.org.mx\/wp-content\/uploads\/2019\/08\/hotelmateri-1024x576-889x500.jpg 889w\" sizes=\"auto, (max-width: 800px) 100vw, 800px\" \/><figcaption id=\"caption-attachment-38339\" class=\"wp-caption-text\">Material de construcci\u00f3n afuera del hotel.<\/figcaption><\/figure>\n<p>La Secretar\u00eda de Medio Ambiente (Sedema), a cargo de Mar\u00eda del Roc\u00edo P\u00e9rez P\u00e9rez, no emiti\u00f3 el previo y correspondiente estudio o dictamen de procedencia de impacto ambiental.<\/p>\n<p>Lo anterior representa un delito, de acuerdo con el T\u00edtulo XI, Cap\u00edtulo I, del C\u00f3digo Penal del Estado de Veracruz.<\/p>\n<p>Se habla de que la obra se est\u00e1 efectuando sin el aval de las autoridades.<\/p>\n<p><strong>Vigilancia policiaca personalizada <\/strong><\/p>\n<p>Aunado a esto, el hotelero cuenta con vigilancia policiaca de manera personalizada.<\/p>\n<p>El pasado 17 de enero, vecinos de Briones, Plan de la Cruz, La Pitaya, Zoncuantla, Mariano Escobedo, La Calera, Consolapa, colonia Benito Ju\u00e1rez, Xopantla, El Guayabal, Arboledas y La Ordu\u00f1a protestaron en la carretera antigua a Coatepec.<\/p>\n<p>En aquella ocasi\u00f3n, los ciudadanos exigieron seguridad ante la ola de robos, asaltos, secuestros y extorsiones, registrada en la zona.<\/p>\n<p>La gente logr\u00f3 con esa manifestaci\u00f3n que hubiese presencia de la Polic\u00eda Montada de la Secretar\u00eda de Seguridad P\u00fablica (SSP), a cargo de Hugo Guti\u00e9rrez Maldonado.<\/p>\n<p>La situaci\u00f3n fue aprovechada por el empresario, quien es propietario de hoteles en Veracruz, Quintana Roo y otros estados, toda vez que cedi\u00f3 a los elementos de la Polic\u00eda Montada un espacio dentro de su propiedad, que pudiesen utilizar como m\u00f3dulo de respuesta.<\/p>\n<p>En el camino Briones-Rancho Viejo, se observa el lugar. Eran las 16:00 horas, cuatro caballos estaban atados afuera y, adentro, los elementos de la Fuerza Civil esperaban acostados en sus camas cualquier llamado de la ciudadan\u00eda.<\/p>\n<p>La gente de la zona est\u00e1 molesta por esto. Ante cualquier hecho delictivo, el tiempo de respuesta es inadecuado, porque los polic\u00edas est\u00e1n en medio del bosque.<\/p>\n<p>Incluso, parecieran elementos de seguridad privada, contratados para el resguardo del Hotel Rancho la Niebla, propiedad de un particular.<\/p>\n<p><strong>Centro H\u00edpico Briones <\/strong><\/p>\n<p>El hotel no es el \u00fanico proyecto que se lleva a cabo en la zona y que atenta contra el bosque de niebla.<\/p>\n<p>Frente al Club H\u00edpico Briones, donde Karime Mac\u00edas, esposa del exgobernador Javier Duarte de Ochoa, acud\u00eda hasta tres veces por semana, est\u00e1 por concluirse otro centro de equinoterapia, pensi\u00f3n para caballos y clases de equitaci\u00f3n.<\/p>\n<p>Se trata del Centro H\u00edpico Briones, cuya obra presenta avances importantes y tambi\u00e9n se encuentra dentro del bosque mes\u00f3filo de monta\u00f1a.<br \/>\nUn muro de contenci\u00f3n marca donde comienza la obra, en la calle Limonarias n\u00famero 7.<\/p>\n<p>El suelo fue removido varios metros para construir una caballeriza y una explanada para las actividades de equitaci\u00f3n.<\/p>\n<p>Desde afuera se observan tres o cuatro caballos encerrados, mientras los camiones de volteo ingresan con materiales.<\/p>\n<p>Para Ricardo Contreras Osorio, presidente de la Asociaci\u00f3n de Vecinos del Pixquiac-Zoncuantla, ambos proyectos son considerados como la entrada a fraccionadoras para el crecimiento desmedido de la mancha urbana.<\/p>\n<p>\u201cLos proyectos no han tenido el aval de proyectos previos o informaci\u00f3n previa que permita estudiar el tipo de impactos que podr\u00edan tener\u201d.<\/p>\n<figure id=\"attachment_38340\" aria-describedby=\"caption-attachment-38340\" style=\"width: 800px\" class=\"wp-caption alignright\"><img loading=\"lazy\" decoding=\"async\" data-attachment-id=\"38340\" data-permalink=\"https:\/\/www.grieta.org.mx\/index.php\/2019\/07\/13\/destruccion-de-bosque-en-veracruz-en-manos-de-un-juez\/captura-de-pantalla-2019-07-13-a-las-16-27-01-1024x670\/\" data-orig-file=\"https:\/\/www.grieta.org.mx\/wp-content\/uploads\/2019\/08\/Captura-de-pantalla-2019-07-13-a-las-16.27.01-1024x670.png\" data-orig-size=\"1024,670\" data-comments-opened=\"0\" data-image-meta=\"{&quot;aperture&quot;:&quot;0&quot;,&quot;credit&quot;:&quot;&quot;,&quot;camera&quot;:&quot;&quot;,&quot;caption&quot;:&quot;&quot;,&quot;created_timestamp&quot;:&quot;0&quot;,&quot;copyright&quot;:&quot;&quot;,&quot;focal_length&quot;:&quot;0&quot;,&quot;iso&quot;:&quot;0&quot;,&quot;shutter_speed&quot;:&quot;0&quot;,&quot;title&quot;:&quot;&quot;,&quot;orientation&quot;:&quot;0&quot;}\" data-image-title=\"Captura-de-pantalla-2019-07-13-a-las-16.27.01-1024&amp;#215;670\" data-image-description=\"\" data-image-caption=\"&lt;p&gt;Construcci\u00f3n del Centro H\u00edpico Briones Foto: Juan David Castilla&lt;\/p&gt;\n\" data-medium-file=\"https:\/\/www.grieta.org.mx\/wp-content\/uploads\/2019\/08\/Captura-de-pantalla-2019-07-13-a-las-16.27.01-1024x670-300x196.png\" data-large-file=\"https:\/\/www.grieta.org.mx\/wp-content\/uploads\/2019\/08\/Captura-de-pantalla-2019-07-13-a-las-16.27.01-1024x670-1024x670.png\" class=\"wp-image-38340\" src=\"http:\/\/www.grieta.org.mx\/wp-content\/uploads\/2019\/08\/Captura-de-pantalla-2019-07-13-a-las-16.27.01-1024x670.png\" alt=\"\" width=\"800\" height=\"523\" srcset=\"https:\/\/www.grieta.org.mx\/wp-content\/uploads\/2019\/08\/Captura-de-pantalla-2019-07-13-a-las-16.27.01-1024x670.png 1024w, https:\/\/www.grieta.org.mx\/wp-content\/uploads\/2019\/08\/Captura-de-pantalla-2019-07-13-a-las-16.27.01-1024x670-300x196.png 300w, https:\/\/www.grieta.org.mx\/wp-content\/uploads\/2019\/08\/Captura-de-pantalla-2019-07-13-a-las-16.27.01-1024x670-768x503.png 768w, https:\/\/www.grieta.org.mx\/wp-content\/uploads\/2019\/08\/Captura-de-pantalla-2019-07-13-a-las-16.27.01-1024x670-764x500.png 764w\" sizes=\"auto, (max-width: 800px) 100vw, 800px\" \/><figcaption id=\"caption-attachment-38340\" class=\"wp-caption-text\">Construcci\u00f3n del Centro H\u00edpico Briones Foto: Juan David Castilla<\/figcaption><\/figure>\n<p><strong>Quebranto legal <\/strong><\/p>\n<p>Tras d\u00e9cadas de defender el bosque, la sociedad organizada logr\u00f3 que, el 5 de enero de 2015, el Gobierno de Veracruz decretara siete fragmentos de bosque como \u00e1rea natural protegida: el archipi\u00e9lago de bosques y selvas de la regi\u00f3n capital.<\/p>\n<p>Esto fue publicado en la Gaceta Oficial, donde se detallan los siete pol\u00edgonos ubicados en la zona establecida como reserva ecol\u00f3gica restrictiva en la actualizaci\u00f3n del programa de ordenamiento urbano de la zona conurbada Xalapa-Banderilla-Coatepec- Emiliano Zapata-Tlalnelhuayocan.<\/p>\n<figure id=\"attachment_38342\" aria-describedby=\"caption-attachment-38342\" style=\"width: 800px\" class=\"wp-caption aligncenter\"><img loading=\"lazy\" decoding=\"async\" data-attachment-id=\"38342\" data-permalink=\"https:\/\/www.grieta.org.mx\/index.php\/2019\/07\/13\/destruccion-de-bosque-en-veracruz-en-manos-de-un-juez\/captura-de-pantalla-2019-07-10-a-las-17-48-21\/\" data-orig-file=\"https:\/\/www.grieta.org.mx\/wp-content\/uploads\/2019\/08\/Captura-de-pantalla-2019-07-10-a-las-17.48.21.png\" data-orig-size=\"900,726\" data-comments-opened=\"0\" data-image-meta=\"{&quot;aperture&quot;:&quot;0&quot;,&quot;credit&quot;:&quot;&quot;,&quot;camera&quot;:&quot;&quot;,&quot;caption&quot;:&quot;&quot;,&quot;created_timestamp&quot;:&quot;0&quot;,&quot;copyright&quot;:&quot;&quot;,&quot;focal_length&quot;:&quot;0&quot;,&quot;iso&quot;:&quot;0&quot;,&quot;shutter_speed&quot;:&quot;0&quot;,&quot;title&quot;:&quot;&quot;,&quot;orientation&quot;:&quot;0&quot;}\" data-image-title=\"Captura-de-pantalla-2019-07-10-a-las-17.48.21\" data-image-description=\"\" data-image-caption=\"&lt;p&gt;En la imagen la linea amarilla es el l\u00edmite entre Coatepec y San Andr\u00e9s Tlalnelhuayocan. Seg\u00fan el INEGI ambos est\u00e1n en Tlalnelhuayocan.&lt;\/p&gt;\n\" data-medium-file=\"https:\/\/www.grieta.org.mx\/wp-content\/uploads\/2019\/08\/Captura-de-pantalla-2019-07-10-a-las-17.48.21-300x242.png\" data-large-file=\"https:\/\/www.grieta.org.mx\/wp-content\/uploads\/2019\/08\/Captura-de-pantalla-2019-07-10-a-las-17.48.21.png\" class=\"wp-image-38342\" src=\"http:\/\/www.grieta.org.mx\/wp-content\/uploads\/2019\/08\/Captura-de-pantalla-2019-07-10-a-las-17.48.21.png\" alt=\"\" width=\"800\" height=\"645\" srcset=\"https:\/\/www.grieta.org.mx\/wp-content\/uploads\/2019\/08\/Captura-de-pantalla-2019-07-10-a-las-17.48.21.png 900w, https:\/\/www.grieta.org.mx\/wp-content\/uploads\/2019\/08\/Captura-de-pantalla-2019-07-10-a-las-17.48.21-300x242.png 300w, https:\/\/www.grieta.org.mx\/wp-content\/uploads\/2019\/08\/Captura-de-pantalla-2019-07-10-a-las-17.48.21-768x620.png 768w, https:\/\/www.grieta.org.mx\/wp-content\/uploads\/2019\/08\/Captura-de-pantalla-2019-07-10-a-las-17.48.21-620x500.png 620w\" sizes=\"auto, (max-width: 800px) 100vw, 800px\" \/><figcaption id=\"caption-attachment-38342\" class=\"wp-caption-text\">En la imagen la linea amarilla es el l\u00edmite entre Coatepec y San Andr\u00e9s Tlalnelhuayocan. Seg\u00fan el INEGI ambos est\u00e1n en Tlalnelhuayocan.<\/figcaption><\/figure>\n<p>Tres a\u00f1os despu\u00e9s, el gobierno estatal tambi\u00e9n consolid\u00f3 el Programa de Ordenamiento Ecol\u00f3gico Territorial Regional de la Regi\u00f3n Capital de Xalapa, que protege los bosques y espacios rurales.<\/p>\n<p>Lo anterior qued\u00f3 asentado en la Gaceta Oficial del Estado, el 27 de abril del 2018, que consider\u00f3 dicha \u00e1rea dentro de las unidades de gesti\u00f3n ambiental, n\u00famero 89 (Restauraci\u00f3n Agroforestal donde est\u00e1 el Hotel Rancho la Niebla) y 93 (Preservaci\u00f3n Naturaleza donde est\u00e1 el Centro H\u00edpico Briones).<\/p>\n<p>Cabe destacar que el Programa de Ordenamiento Ecol\u00f3gico Territorial Regional de la Regi\u00f3n Capital de Xalapa ordena la superficie de 11 municipios: Acajete, Banderilla, Coatepec, Emiliano Zapata, Jilotepec, Naolinco, Rafael Lucio, Teocelo, Tlalnelhuayocan, Xalapa y Xico.<\/p>\n<p>Adem\u00e1s, fue formulado por la Secretar\u00eda de Medio Ambiente (gobierno estatal) y la Secretar\u00eda de Medio Ambiente y Recursos Naturales (gobierno federal) por incluir una fracci\u00f3n del Parque Nacional Cofre de Perote (en la parte oeste del municipio de Xico).<\/p>\n<p><strong>Da\u00f1os irreversibles <\/strong><\/p>\n<p>Sin embargo, pese a la normatividad vigente, desde hace dos a\u00f1os, particulares desarrollan en la zona una serie de proyectos inmobiliarios.<br \/>\nLas construcciones afectan severamente la biodiversidad y los servicios que el ecosistema brinda, sobre todo el agua.<\/p>\n<p>Al menos as\u00ed lo han manifestado investigadores del Instituto de Ecolog\u00eda A. C. (Inecol), cuyas instalaciones tambi\u00e9n se encuentran en la zona.<\/p>\n<figure id=\"attachment_38344\" aria-describedby=\"caption-attachment-38344\" style=\"width: 800px\" class=\"wp-caption alignright\"><img loading=\"lazy\" decoding=\"async\" data-attachment-id=\"38344\" data-permalink=\"https:\/\/www.grieta.org.mx\/index.php\/2019\/07\/13\/destruccion-de-bosque-en-veracruz-en-manos-de-un-juez\/captura-de-pantalla-2019-07-13-a-las-15-01-16-1024x677\/\" data-orig-file=\"https:\/\/www.grieta.org.mx\/wp-content\/uploads\/2019\/08\/Captura-de-pantalla-2019-07-13-a-las-15.01.16-1024x677.png\" data-orig-size=\"1024,677\" data-comments-opened=\"0\" data-image-meta=\"{&quot;aperture&quot;:&quot;0&quot;,&quot;credit&quot;:&quot;&quot;,&quot;camera&quot;:&quot;&quot;,&quot;caption&quot;:&quot;&quot;,&quot;created_timestamp&quot;:&quot;0&quot;,&quot;copyright&quot;:&quot;&quot;,&quot;focal_length&quot;:&quot;0&quot;,&quot;iso&quot;:&quot;0&quot;,&quot;shutter_speed&quot;:&quot;0&quot;,&quot;title&quot;:&quot;&quot;,&quot;orientation&quot;:&quot;0&quot;}\" data-image-title=\"Captura-de-pantalla-2019-07-13-a-las-15.01.16-1024&amp;#215;677\" data-image-description=\"\" data-image-caption=\"&lt;p&gt;Carteles de venta de terrenos y propiedades se ven a lo largo del camino.&lt;\/p&gt;\n\" data-medium-file=\"https:\/\/www.grieta.org.mx\/wp-content\/uploads\/2019\/08\/Captura-de-pantalla-2019-07-13-a-las-15.01.16-1024x677-300x198.png\" data-large-file=\"https:\/\/www.grieta.org.mx\/wp-content\/uploads\/2019\/08\/Captura-de-pantalla-2019-07-13-a-las-15.01.16-1024x677-1024x677.png\" class=\"wp-image-38344\" src=\"http:\/\/www.grieta.org.mx\/wp-content\/uploads\/2019\/08\/Captura-de-pantalla-2019-07-13-a-las-15.01.16-1024x677.png\" alt=\"\" width=\"800\" height=\"529\" srcset=\"https:\/\/www.grieta.org.mx\/wp-content\/uploads\/2019\/08\/Captura-de-pantalla-2019-07-13-a-las-15.01.16-1024x677.png 1024w, https:\/\/www.grieta.org.mx\/wp-content\/uploads\/2019\/08\/Captura-de-pantalla-2019-07-13-a-las-15.01.16-1024x677-300x198.png 300w, https:\/\/www.grieta.org.mx\/wp-content\/uploads\/2019\/08\/Captura-de-pantalla-2019-07-13-a-las-15.01.16-1024x677-768x508.png 768w, https:\/\/www.grieta.org.mx\/wp-content\/uploads\/2019\/08\/Captura-de-pantalla-2019-07-13-a-las-15.01.16-1024x677-756x500.png 756w\" sizes=\"auto, (max-width: 800px) 100vw, 800px\" \/><figcaption id=\"caption-attachment-38344\" class=\"wp-caption-text\">Carteles de venta de terrenos y propiedades se ven a lo largo del camino.<\/figcaption><\/figure>\n<p>Es evidente que obras de la envergadura e impacto en el uso de suelo como las descritas, no pueden identificarse con la finalidad de conservaci\u00f3n, preservaci\u00f3n y mantenimiento que la zona del bosque de niebla le han conferido los ordenamientos legales mencionados.<\/p>\n<p>Tampoco pueden considerarse como de utilidad p\u00fablica (pues obedecen ambas a intereses eminentemente particulares); lejos de favorecer al mantenimiento de la flora y fauna end\u00e9mica propician su fragmentaci\u00f3n y, sobre todo, implican un impacto ambiental no sustentable por ser irreversible.<\/p>\n<p>La asociaci\u00f3n civil Reserva de Briones y la Asociaci\u00f3n de Vecinos del Pixquiac-Zoncuantla llevan m\u00e1s de 13 a\u00f1os enfocados en la conservaci\u00f3n del medio ambiente y la preservaci\u00f3n de las especies end\u00e9micas de la zona.<br \/>\nAmbas agrupaciones est\u00e1n integradas por vecinos de la zona de La Pitaya, Mariano Escobedo, 6 de enero, Briones y el camino a Rancho Viejo.<\/p>\n<p>En varios foros han manifestado su inconformidad hacia los dos desarrollos mencionados, pues los han considerado anticonstitucionales, ya que violentan el derecho a un medio ambiente sano, al igual que el derecho al agua establecidos en el art\u00edculo Cuarto constitucional.<\/p>\n<figure id=\"attachment_38345\" aria-describedby=\"caption-attachment-38345\" style=\"width: 800px\" class=\"wp-caption alignright\"><img loading=\"lazy\" decoding=\"async\" data-attachment-id=\"38345\" data-permalink=\"https:\/\/www.grieta.org.mx\/index.php\/2019\/07\/13\/destruccion-de-bosque-en-veracruz-en-manos-de-un-juez\/captura-de-pantalla-2019-07-13-a-las-16-17-40\/\" data-orig-file=\"https:\/\/www.grieta.org.mx\/wp-content\/uploads\/2019\/08\/Captura-de-pantalla-2019-07-13-a-las-16.17.40.png\" data-orig-size=\"1008,566\" data-comments-opened=\"0\" data-image-meta=\"{&quot;aperture&quot;:&quot;0&quot;,&quot;credit&quot;:&quot;&quot;,&quot;camera&quot;:&quot;&quot;,&quot;caption&quot;:&quot;&quot;,&quot;created_timestamp&quot;:&quot;0&quot;,&quot;copyright&quot;:&quot;&quot;,&quot;focal_length&quot;:&quot;0&quot;,&quot;iso&quot;:&quot;0&quot;,&quot;shutter_speed&quot;:&quot;0&quot;,&quot;title&quot;:&quot;&quot;,&quot;orientation&quot;:&quot;0&quot;}\" data-image-title=\"Captura-de-pantalla-2019-07-13-a-las-16.17.40\" data-image-description=\"\" data-image-caption=\"&lt;p&gt;Manifestaci\u00f3n de vecinos.&lt;\/p&gt;\n\" data-medium-file=\"https:\/\/www.grieta.org.mx\/wp-content\/uploads\/2019\/08\/Captura-de-pantalla-2019-07-13-a-las-16.17.40-300x168.png\" data-large-file=\"https:\/\/www.grieta.org.mx\/wp-content\/uploads\/2019\/08\/Captura-de-pantalla-2019-07-13-a-las-16.17.40.png\" class=\"wp-image-38345\" src=\"http:\/\/www.grieta.org.mx\/wp-content\/uploads\/2019\/08\/Captura-de-pantalla-2019-07-13-a-las-16.17.40.png\" alt=\"\" width=\"800\" height=\"449\" srcset=\"https:\/\/www.grieta.org.mx\/wp-content\/uploads\/2019\/08\/Captura-de-pantalla-2019-07-13-a-las-16.17.40.png 1008w, https:\/\/www.grieta.org.mx\/wp-content\/uploads\/2019\/08\/Captura-de-pantalla-2019-07-13-a-las-16.17.40-300x168.png 300w, https:\/\/www.grieta.org.mx\/wp-content\/uploads\/2019\/08\/Captura-de-pantalla-2019-07-13-a-las-16.17.40-768x431.png 768w, https:\/\/www.grieta.org.mx\/wp-content\/uploads\/2019\/08\/Captura-de-pantalla-2019-07-13-a-las-16.17.40-890x500.png 890w\" sizes=\"auto, (max-width: 800px) 100vw, 800px\" \/><figcaption id=\"caption-attachment-38345\" class=\"wp-caption-text\">Manifestaci\u00f3n de vecinos.<\/figcaption><\/figure>\n<p><strong>Resistencia vecinal <\/strong><\/p>\n<p>Los vecinos decidieron agotar tambi\u00e9n las instancias legales para la defensa ecol\u00f3gica.<\/p>\n<p>Por ello, promovieron juicios de amparo, en busca de la suspensi\u00f3n definitiva de la construcci\u00f3n del nuevo h\u00edpico y el hotel.<\/p>\n<p>Los juicios fueron radicados en el Juzgado Quinto de Distrito en el Estados Veracruz, con sede en Xalapa, bajo los n\u00fameros 1210\/2018 y 1159\/2018, respectivamente. <\/p>\n<p>Los expedientes se iniciaron desde noviembre de 2018 y hasta la fecha no han sido resueltos. <\/p>\n<p>Despu\u00e9s de varios diferimientos, las audiencias constitucionales fueron programadas para los d\u00edas 20 y 27 de junio, respectivamente, pero hasta el momento no se ha dictado sentencia.<\/p>\n<p>El atentado al bosque de niebla quedar\u00e1 en manos de un juez.<\/p>\n<p><a href=\"https:\/\/piedepagina.mx\/destruccion-de-bosque-en-veracruz-en-manos-de-un-juez\/\">https:\/\/piedepagina.mx\/destruccion-de-bosque-en-veracruz-en-manos-de-un-juez\/<\/a><\/p>\n","protected":false},"excerpt":{"rendered":"<p>Juan David Castilla \/ Pie de P\u00e1gina Un juez deber\u00e1 resolver el amparo contra da\u00f1os ambientales irreversibles que provoca la construcci\u00f3n de un hotel y un centro h\u00edpico para el &hellip; <a href=\"https:\/\/www.grieta.org.mx\/index.php\/2019\/07\/13\/destruccion-de-bosque-en-veracruz-en-manos-de-un-juez\/\" class=\"more-link\">Leer m\u00e1s<\/a><\/p>\n","protected":false},"author":2,"featured_media":38337,"comment_status":"closed","ping_status":"closed","sticky":false,"template":"","format":"standard","meta":{"ngg_post_thumbnail":0,"_jetpack_newsletter_access":"","_jetpack_dont_email_post_to_subs":false,"_jetpack_newsletter_tier_id":0,"_jetpack_memberships_contains_paywalled_content":false,"_jetpack_memberships_contains_paid_content":false,"footnotes":""},"categories":[80,1989,2,35],"tags":[1951,1646,573],"class_list":["post-38336","post","type-post","status-publish","format-standard","has-post-thumbnail","hentry","category-cintillo","category-contaminacion-y-devastacion-ecologica-por-desarrollo-turistico-en-veracruz","category-noticias-nacionales","category-veracruz","tag-dano-ecologico","tag-destruccion-de-manglares-y-bosque-tropical","tag-proyecto-turistico","entry"],"jetpack_featured_media_url":"https:\/\/www.grieta.org.mx\/wp-content\/uploads\/2019\/08\/PdP_BOSQUE-VER_VA_14-JULIO19-3-2-1140x570.jpg","jetpack_sharing_enabled":true,"jetpack_shortlink":"https:\/\/wp.me\/p7ZJR4-9Yk","jetpack_likes_enabled":false,"jetpack-related-posts":[{"id":56638,"url":"https:\/\/www.grieta.org.mx\/index.php\/2021\/01\/26\/despojo-de-tierras-en-veracruz-por-parte-de-la-organizacion-paramilitar-cioac\/","url_meta":{"origin":38336,"position":0},"title":"Despojo de tierras en Veracruz por parte de la organizaci\u00f3n paramilitar CIOAC","author":"grieta","date":"26 enero, 2021","format":false,"excerpt":"Luis Ferrer \/ Imagen del Golfo La mano del juez Francisco Javier Hern\u00e1ndez Lima y las de allegados a la oficina del secretario de Gobierno, Eric Cisneros, agudizaron el conflicto ambiental, social y agrario detonado en Veracruz por la invasi\u00f3n y depredaci\u00f3n del bosque de niebla en Coatepec, acusaron propietarios\u2026","rel":"","context":"En &quot;CINTILLO&quot;","block_context":{"text":"CINTILLO","link":"https:\/\/www.grieta.org.mx\/index.php\/category\/cintillo\/"},"img":{"alt_text":"","src":"https:\/\/i0.wp.com\/www.grieta.org.mx\/wp-content\/uploads\/2021\/02\/thumbnailimg20210126102645resized20210126125320611.jpg?resize=350%2C200&ssl=1","width":350,"height":200,"srcset":"https:\/\/i0.wp.com\/www.grieta.org.mx\/wp-content\/uploads\/2021\/02\/thumbnailimg20210126102645resized20210126125320611.jpg?resize=350%2C200&ssl=1 1x, https:\/\/i0.wp.com\/www.grieta.org.mx\/wp-content\/uploads\/2021\/02\/thumbnailimg20210126102645resized20210126125320611.jpg?resize=525%2C300&ssl=1 1.5x, https:\/\/i0.wp.com\/www.grieta.org.mx\/wp-content\/uploads\/2021\/02\/thumbnailimg20210126102645resized20210126125320611.jpg?resize=700%2C400&ssl=1 2x"},"classes":[]},{"id":69922,"url":"https:\/\/www.grieta.org.mx\/index.php\/2024\/05\/19\/esperando-la-ultima-ola-veracruz\/","url_meta":{"origin":38336,"position":1},"title":"Esperando la \u00faltima ola (Veracruz)","author":"grieta","date":"19 mayo, 2024","format":false,"excerpt":"Este portafolio fotogr\u00e1fico explora como la comunidad de El Bosque ha sido devorada por la erosi\u00f3n marina causada por el cambio clim\u00e1tico. Sus habitantes han visto como el mar avanza hacia ellos, inexorable, destruyendo sus casas, rob\u00e1ndoles su pasado, su modo de vida y dej\u00e1ndolos con un futuro incierto. Texto\u2026","rel":"","context":"En &quot;CINTILLO&quot;","block_context":{"text":"CINTILLO","link":"https:\/\/www.grieta.org.mx\/index.php\/category\/cintillo\/"},"img":{"alt_text":"","src":"https:\/\/i0.wp.com\/www.grieta.org.mx\/wp-content\/uploads\/2024\/09\/Screenshot-2024-09-30-at-10-49-29-Esperando-la-ultima-ola-Pie-de-Pagina.png?resize=350%2C200&ssl=1","width":350,"height":200,"srcset":"https:\/\/i0.wp.com\/www.grieta.org.mx\/wp-content\/uploads\/2024\/09\/Screenshot-2024-09-30-at-10-49-29-Esperando-la-ultima-ola-Pie-de-Pagina.png?resize=350%2C200&ssl=1 1x, https:\/\/i0.wp.com\/www.grieta.org.mx\/wp-content\/uploads\/2024\/09\/Screenshot-2024-09-30-at-10-49-29-Esperando-la-ultima-ola-Pie-de-Pagina.png?resize=525%2C300&ssl=1 1.5x, https:\/\/i0.wp.com\/www.grieta.org.mx\/wp-content\/uploads\/2024\/09\/Screenshot-2024-09-30-at-10-49-29-Esperando-la-ultima-ola-Pie-de-Pagina.png?resize=700%2C400&ssl=1 2x, https:\/\/i0.wp.com\/www.grieta.org.mx\/wp-content\/uploads\/2024\/09\/Screenshot-2024-09-30-at-10-49-29-Esperando-la-ultima-ola-Pie-de-Pagina.png?resize=1050%2C600&ssl=1 3x"},"classes":[]},{"id":65701,"url":"https:\/\/www.grieta.org.mx\/index.php\/2022\/11\/07\/el-bosque-comunidad-de-tabasco-engullida-por-el-mar-clama-por-ayuda\/","url_meta":{"origin":38336,"position":2},"title":"El Bosque, comunidad de Tabasco engullida por el mar, clama por ayuda","author":"grieta","date":"7 noviembre, 2022","format":false,"excerpt":"Redacci\u00f3n \/ El Informador Habitantes de la localidad El Bosque, en el municipio tabasque\u00f1o de Frontera, destruida por la erosi\u00f3n marina en el Golfo de M\u00e9xico, se convirtieron en desplazados clim\u00e1ticos que piden su reubicaci\u00f3n porque temen ser v\u00edctimas de la crisis ambiental. Habitantes y ambientalistas clim\u00e1ticos de Greenpeace advirtieron\u2026","rel":"","context":"En &quot;CINTILLO&quot;","block_context":{"text":"CINTILLO","link":"https:\/\/www.grieta.org.mx\/index.php\/category\/cintillo\/"},"img":{"alt_text":"","src":"https:\/\/i0.wp.com\/www.grieta.org.mx\/wp-content\/uploads\/2022\/11\/Screenshot-2022-11-18-at-17-47-51-Tabasco-El-Bosque-comunidad-engullida-por-el-mar-clama-por-ayuda-FOTOS.png?resize=350%2C200&ssl=1","width":350,"height":200,"srcset":"https:\/\/i0.wp.com\/www.grieta.org.mx\/wp-content\/uploads\/2022\/11\/Screenshot-2022-11-18-at-17-47-51-Tabasco-El-Bosque-comunidad-engullida-por-el-mar-clama-por-ayuda-FOTOS.png?resize=350%2C200&ssl=1 1x, https:\/\/i0.wp.com\/www.grieta.org.mx\/wp-content\/uploads\/2022\/11\/Screenshot-2022-11-18-at-17-47-51-Tabasco-El-Bosque-comunidad-engullida-por-el-mar-clama-por-ayuda-FOTOS.png?resize=525%2C300&ssl=1 1.5x, https:\/\/i0.wp.com\/www.grieta.org.mx\/wp-content\/uploads\/2022\/11\/Screenshot-2022-11-18-at-17-47-51-Tabasco-El-Bosque-comunidad-engullida-por-el-mar-clama-por-ayuda-FOTOS.png?resize=700%2C400&ssl=1 2x, https:\/\/i0.wp.com\/www.grieta.org.mx\/wp-content\/uploads\/2022\/11\/Screenshot-2022-11-18-at-17-47-51-Tabasco-El-Bosque-comunidad-engullida-por-el-mar-clama-por-ayuda-FOTOS.png?resize=1050%2C600&ssl=1 3x, https:\/\/i0.wp.com\/www.grieta.org.mx\/wp-content\/uploads\/2022\/11\/Screenshot-2022-11-18-at-17-47-51-Tabasco-El-Bosque-comunidad-engullida-por-el-mar-clama-por-ayuda-FOTOS.png?resize=1400%2C800&ssl=1 4x"},"classes":[]},{"id":29097,"url":"https:\/\/www.grieta.org.mx\/index.php\/2019\/02\/16\/destruiran-mas-de-4-mil-845-hectareas-de-bosque-con-la-implementacion-de-3-minas-que-dejo-aprobadas-epn-para-veracruz\/","url_meta":{"origin":38336,"position":3},"title":"Destruir\u00e1n mas de 4 mil 845 hect\u00e1reas de bosque con la implementaci\u00f3n de 3 minas que dej\u00f3 aprobadas EPN para Veracruz","author":"grieta","date":"16 febrero, 2019","format":false,"excerpt":"Redacci\u00f3n \/ Sin embargo El ex Presidente Enrique Pe\u00f1a Nieto otorg\u00f3 permisos para operar tres minas el 27 de noviembre de 2018, a s\u00f3lo tres d\u00edas de terminar su gesti\u00f3n, y ahora los pobladores se mantienen a la expectativa de los proyectos, principalmente por los posibles da\u00f1os ambientales que causar\u00e1n.\u2026","rel":"","context":"En &quot;CINTILLO&quot;","block_context":{"text":"CINTILLO","link":"https:\/\/www.grieta.org.mx\/index.php\/category\/cintillo\/"},"img":{"alt_text":"","src":"https:\/\/i0.wp.com\/www.grieta.org.mx\/wp-content\/uploads\/2019\/02\/textito-1100-templates-2.jpg?resize=350%2C200&ssl=1","width":350,"height":200,"srcset":"https:\/\/i0.wp.com\/www.grieta.org.mx\/wp-content\/uploads\/2019\/02\/textito-1100-templates-2.jpg?resize=350%2C200&ssl=1 1x, https:\/\/i0.wp.com\/www.grieta.org.mx\/wp-content\/uploads\/2019\/02\/textito-1100-templates-2.jpg?resize=525%2C300&ssl=1 1.5x, https:\/\/i0.wp.com\/www.grieta.org.mx\/wp-content\/uploads\/2019\/02\/textito-1100-templates-2.jpg?resize=700%2C400&ssl=1 2x, https:\/\/i0.wp.com\/www.grieta.org.mx\/wp-content\/uploads\/2019\/02\/textito-1100-templates-2.jpg?resize=1050%2C600&ssl=1 3x"},"classes":[]},{"id":693,"url":"https:\/\/www.grieta.org.mx\/index.php\/2015\/11\/16\/entrega-epn-a-empresario-minero-bosque-semidesertico-unico-en-el-mundo-para-convertirlo-en-basurero-toxico\/","url_meta":{"origin":38336,"position":4},"title":"Entrega EPN a empresario minero bosque semides\u00e9rtico \u00fanico en el mundo, para convertirlo en basurero t\u00f3xico","author":"grieta","date":"16 noviembre, 2015","format":false,"excerpt":"Revoluci\u00f3nTresPuntoCero Redacci\u00f3n Revoluci\u00f3n Un grupo de expertos en impactos ambientales de la Miner\u00eda afirmaron que est\u00e1 en riesgo el bosque semides\u00e9rtico \u00fanico en el mundo situado entre el estado de San Luis Potos\u00ed y Zacatecas por permiso irregular otorgado por el gobierno federal, encabezado por Enrique Pe\u00f1a Nieto al empresario\u2026","rel":"","context":"En &quot;CINTILLO&quot;","block_context":{"text":"CINTILLO","link":"https:\/\/www.grieta.org.mx\/index.php\/category\/cintillo\/"},"img":{"alt_text":"","src":"https:\/\/i0.wp.com\/www.grieta.org.mx\/wp-content\/uploads\/2018\/03\/14524434_1106112876131411_958039263622046936_o.jpg?resize=350%2C200&ssl=1","width":350,"height":200,"srcset":"https:\/\/i0.wp.com\/www.grieta.org.mx\/wp-content\/uploads\/2018\/03\/14524434_1106112876131411_958039263622046936_o.jpg?resize=350%2C200&ssl=1 1x, https:\/\/i0.wp.com\/www.grieta.org.mx\/wp-content\/uploads\/2018\/03\/14524434_1106112876131411_958039263622046936_o.jpg?resize=525%2C300&ssl=1 1.5x, https:\/\/i0.wp.com\/www.grieta.org.mx\/wp-content\/uploads\/2018\/03\/14524434_1106112876131411_958039263622046936_o.jpg?resize=700%2C400&ssl=1 2x"},"classes":[]},{"id":58037,"url":"https:\/\/www.grieta.org.mx\/index.php\/2021\/03\/28\/siembran-arboles-en-memoria-de-activista-y-18-asesinados-en-veracruz\/","url_meta":{"origin":38336,"position":5},"title":"Siembran \u00e1rboles en memoria de activista y 18 asesinados en Veracruz","author":"Admin","date":"28 marzo, 2021","format":false,"excerpt":"- Es la cuarta jornada de reforestaci\u00f3n que se ha llevado a cabo en la ciudad de Xalapa por desapariciones y asesinatos Juan David Castilla Arcos \/ Heraldo de M\u00e9xico Integrantes de la Coalici\u00f3n Estatal de la Diversidad Sexual y de otras organizaciones plantaron 24 \u00e1rboles en el bosque Don\u2026","rel":"","context":"En &quot;Asesinato de activistas en Veracruz&quot;","block_context":{"text":"Asesinato de activistas en Veracruz","link":"https:\/\/www.grieta.org.mx\/index.php\/category\/noticias-nacionales\/veracruz\/asesinato-de-activistas-en-veracruz\/"},"img":{"alt_text":"","src":"https:\/\/i0.wp.com\/www.grieta.org.mx\/wp-content\/uploads\/2021\/03\/Screenshot_2021-03-28-Siembran-arboles-en-memoria-de-activista-y-18-asesinados-en-Veracruz-FOTOS.png?resize=350%2C200&ssl=1","width":350,"height":200,"srcset":"https:\/\/i0.wp.com\/www.grieta.org.mx\/wp-content\/uploads\/2021\/03\/Screenshot_2021-03-28-Siembran-arboles-en-memoria-de-activista-y-18-asesinados-en-Veracruz-FOTOS.png?resize=350%2C200&ssl=1 1x, https:\/\/i0.wp.com\/www.grieta.org.mx\/wp-content\/uploads\/2021\/03\/Screenshot_2021-03-28-Siembran-arboles-en-memoria-de-activista-y-18-asesinados-en-Veracruz-FOTOS.png?resize=525%2C300&ssl=1 1.5x, https:\/\/i0.wp.com\/www.grieta.org.mx\/wp-content\/uploads\/2021\/03\/Screenshot_2021-03-28-Siembran-arboles-en-memoria-de-activista-y-18-asesinados-en-Veracruz-FOTOS.png?resize=700%2C400&ssl=1 2x, https:\/\/i0.wp.com\/www.grieta.org.mx\/wp-content\/uploads\/2021\/03\/Screenshot_2021-03-28-Siembran-arboles-en-memoria-de-activista-y-18-asesinados-en-Veracruz-FOTOS.png?resize=1050%2C600&ssl=1 3x"},"classes":[]}],"_links":{"self":[{"href":"https:\/\/www.grieta.org.mx\/index.php\/wp-json\/wp\/v2\/posts\/38336","targetHints":{"allow":["GET"]}}],"collection":[{"href":"https:\/\/www.grieta.org.mx\/index.php\/wp-json\/wp\/v2\/posts"}],"about":[{"href":"https:\/\/www.grieta.org.mx\/index.php\/wp-json\/wp\/v2\/types\/post"}],"author":[{"embeddable":true,"href":"https:\/\/www.grieta.org.mx\/index.php\/wp-json\/wp\/v2\/users\/2"}],"replies":[{"embeddable":true,"href":"https:\/\/www.grieta.org.mx\/index.php\/wp-json\/wp\/v2\/comments?post=38336"}],"version-history":[{"count":1,"href":"https:\/\/www.grieta.org.mx\/index.php\/wp-json\/wp\/v2\/posts\/38336\/revisions"}],"predecessor-version":[{"id":38347,"href":"https:\/\/www.grieta.org.mx\/index.php\/wp-json\/wp\/v2\/posts\/38336\/revisions\/38347"}],"wp:featuredmedia":[{"embeddable":true,"href":"https:\/\/www.grieta.org.mx\/index.php\/wp-json\/wp\/v2\/media\/38337"}],"wp:attachment":[{"href":"https:\/\/www.grieta.org.mx\/index.php\/wp-json\/wp\/v2\/media?parent=38336"}],"wp:term":[{"taxonomy":"category","embeddable":true,"href":"https:\/\/www.grieta.org.mx\/index.php\/wp-json\/wp\/v2\/categories?post=38336"},{"taxonomy":"post_tag","embeddable":true,"href":"https:\/\/www.grieta.org.mx\/index.php\/wp-json\/wp\/v2\/tags?post=38336"}],"curies":[{"name":"wp","href":"https:\/\/api.w.org\/{rel}","templated":true}]}}