{"id":38263,"date":"2019-08-19T20:40:36","date_gmt":"2019-08-20T01:40:36","guid":{"rendered":"http:\/\/www.grieta.org.mx\/?p=38263"},"modified":"2019-08-25T20:52:42","modified_gmt":"2019-08-26T01:52:42","slug":"danan-plaguicidas-a-ninos-en-autlan-jalisco","status":"publish","type":"post","link":"https:\/\/www.grieta.org.mx\/index.php\/2019\/08\/19\/danan-plaguicidas-a-ninos-en-autlan-jalisco\/","title":{"rendered":"Da\u00f1an plaguicidas a ni\u00f1os en Autl\u00e1n (Jalisco)"},"content":{"rendered":"<p><img loading=\"lazy\" decoding=\"async\" data-attachment-id=\"38264\" data-permalink=\"https:\/\/www.grieta.org.mx\/index.php\/2019\/08\/19\/danan-plaguicidas-a-ninos-en-autlan-jalisco\/2019-08-18_10-08-38___4035\/\" data-orig-file=\"https:\/\/www.grieta.org.mx\/wp-content\/uploads\/2019\/08\/2019-08-18_10-08-38___4035.jpg\" data-orig-size=\"750,500\" data-comments-opened=\"0\" data-image-meta=\"{&quot;aperture&quot;:&quot;0&quot;,&quot;credit&quot;:&quot;&quot;,&quot;camera&quot;:&quot;&quot;,&quot;caption&quot;:&quot;&quot;,&quot;created_timestamp&quot;:&quot;0&quot;,&quot;copyright&quot;:&quot;&quot;,&quot;focal_length&quot;:&quot;0&quot;,&quot;iso&quot;:&quot;0&quot;,&quot;shutter_speed&quot;:&quot;0&quot;,&quot;title&quot;:&quot;&quot;,&quot;orientation&quot;:&quot;1&quot;}\" data-image-title=\"2019-08-18_10-08-38___4035\" data-image-description=\"\" data-image-caption=\"\" data-medium-file=\"https:\/\/www.grieta.org.mx\/wp-content\/uploads\/2019\/08\/2019-08-18_10-08-38___4035-300x200.jpg\" data-large-file=\"https:\/\/www.grieta.org.mx\/wp-content\/uploads\/2019\/08\/2019-08-18_10-08-38___4035.jpg\" class=\" wp-image-38264 aligncenter\" src=\"http:\/\/www.grieta.org.mx\/wp-content\/uploads\/2019\/08\/2019-08-18_10-08-38___4035.jpg\" alt=\"\" width=\"800\" height=\"533\" srcset=\"https:\/\/www.grieta.org.mx\/wp-content\/uploads\/2019\/08\/2019-08-18_10-08-38___4035.jpg 750w, https:\/\/www.grieta.org.mx\/wp-content\/uploads\/2019\/08\/2019-08-18_10-08-38___4035-300x200.jpg 300w\" sizes=\"auto, (max-width: 800px) 100vw, 800px\" \/><\/p>\n<p>Foto: Violeta Mel\u00e9ndez<\/p>\n<p>Violeta Mel\u00e9ndez \/ El Noticiero NTR<\/p>\n<p>Karla Padilla inscribi\u00f3 a su hijo en la telesecundaria Venustiano Carranza de la delegaci\u00f3n El Mentidero, un territorio de vocaci\u00f3n ca\u00f1era en Autl\u00e1n de Navarro. Desde el primer a\u00f1o, a su muchacho le daban permiso de regresar temprano a casa por el dolor de cabeza del que se quejaba y que cada vez se hac\u00eda m\u00e1s frecuente, lo que tambi\u00e9n le obligaba a cambiar de pastillas para que le hicieran efecto.<\/p>\n<p>A Karla le preocupaba la situaci\u00f3n, pero no crey\u00f3 que fuera algo grave. Despu\u00e9s, platicando con su cu\u00f1ada se enter\u00f3 que su hija, estudiante de la misma telesecundaria, tambi\u00e9n regresaba con dolores de cabeza y n\u00e1useas por las que frecuentemente se automedicaba, entonces la alerta comenz\u00f3 a subir y sospecharon del plantel.<\/p>\n<p>Sus hijos no eran los \u00fanicos, m\u00e1s de alguna vez, los 53 alumnos de la secundaria experimentaron esos y otros malestares, como irritaci\u00f3n de ojos y v\u00f3mito: se estaban intoxicando de forma aguda con plaguicidas que rociaban en la parcela escolar.<\/p>\n<p>A diferencia de otras escuelas, la Venustiano Carranza de El Mentidero tiene como vecina una peque\u00f1a parcela que desde hace tres a\u00f1os incursion\u00f3 con el cultivo de pepino; cada tercer d\u00eda y alrededor de las 10 de la ma\u00f1ana, a la hora en que sirven el desayuno a los estudiantes de la secundaria, es rociada con al menos seis pesticidas para evitar los insectos que parasitan el cultivo, conocidos como trips y mosca blanca.<\/p>\n<p>Es decir, mientras aplican estos plaguicidas por aspersi\u00f3n, los 53 alumnos est\u00e1n en clase, desayunando o tomando el recreo a metros de distancia, pues solo hay un alambrado que los separa del cultivo.<\/p>\n<p>Pero adem\u00e1s de este contacto inmediato que les gener\u00f3 constantes intoxicaciones agudas, viven en una delegaci\u00f3n rodeada de cultivos de ca\u00f1a y aguacate donde incluso sus familiares trabajan. La exposici\u00f3n a los agentes activos contra plagas es permanente y de m\u00faltiples fuentes.<\/p>\n<p><strong>Hallan coctel de t\u00f3xicos<\/strong><\/p>\n<p>La ciencia lo confirm\u00f3. El 12 de abril pasado, investigadores de la Universidad de Guadalajara (UdeG) y del Centro de Investigaciones y Estudios Superiores en Antropolog\u00eda (CIESAS) analizaron muestras de orina de los 53 estudiantes de la telesecundaria de El Mentidero y, en todos encontraron presencia de al menos dos de cuatro diferentes herbicidas: glifosato, 2,4-D, picloram y molinato.<\/p>\n<p>\u201cHab\u00eda ocasiones en que los ni\u00f1os estaban desayunando entre 10 y media y 11 y ya estaban rociando (la parcela), todo eso estaban absorbiendo, de hecho los salones, las ventanas, dan al potrero y todos los vapores se concentraban en el sal\u00f3n. Comentaba el maestro que todos los ni\u00f1os se inquietaban mucho, se alocaban, no hallaba c\u00f3mo controlarlos, entonces se le sugiri\u00f3 al director que hablara con los de la parcela\u201d, relat\u00f3 Karla, a quien los investigadores que hicieron el estudio le presentaron los resultados y advirtieron los riesgos para la salud de sus hijos.<\/p>\n<p>\u201cSi siguen absorbiendo eso, el h\u00edgado sigue filtrando; primero aparecen los s\u00edntomas que ya tuvieron los ni\u00f1os y despu\u00e9s sigue el c\u00e1ncer u otras enfermedades m\u00e1s alarmantes, mortales, ahora s\u00ed que lo que se freg\u00f3 se freg\u00f3. La \u00fanica soluci\u00f3n es retirar los sembrad\u00edos de los ni\u00f1os\u201d, advirti\u00f3.<\/p>\n<p>De acuerdo con los resultados que entregaron los investigadores Humberto Gonz\u00e1lez y Felipe Lozano, el picloram, el 2,4-D y el glifosato son probables generadores de c\u00e1ncer en los humanos, alteran el equilibrio hormonal, causan hiperactividad y p\u00e9rdida de atenci\u00f3n en ni\u00f1os, adem\u00e1s de da\u00f1o renal y hep\u00e1tico a largo plazo, mientras el molinato puede perjudicar los espermatozoides cuando la exposici\u00f3n es constante. A trav\u00e9s de los estudios, se descart\u00f3 que actualmente los j\u00f3venes de la telesecundaria padezcan da\u00f1o renal.<\/p>\n<p>Pero no son los \u00fanicos. La investigaci\u00f3n de los m\u00e9dicos se extendi\u00f3 a 178 ni\u00f1os de la primaria Jos\u00e9 Mar\u00eda Morelos y al k\u00ednder de El Mentidero que, a pesar de no tener como vecino inmediato un cultivo como la telesecundaria, su orina s\u00ed arroj\u00f3 presencia de al menos uno de 10 variedades de plaguicidas, los m\u00e1s frecuentes fueron otra vez el glifosato y el molinato.<\/p>\n<p>Tambi\u00e9n se llev\u00f3 el estudio a Ahuacap\u00e1n, otra delegaci\u00f3n de Autl\u00e1n de Navarro, y en 103 ni\u00f1os de preescolar y primaria encontraron un cat\u00e1logo de 12 plaguicidas distintos, de nuevo, el glifosato result\u00f3 ser la constante entre la totalidad de los menores analizados.<\/p>\n<p>\u201cTanto en el caso de Ahuacap\u00e1n como El Mentidero, todos los ni\u00f1os est\u00e1n expulsando a trav\u00e9s de su orina pesticidas que son t\u00f3xicos y afectan su desarrollo psicol\u00f3gico, pero tambi\u00e9n su salud. No es un caso particular solamente en la telesecundaria, encontramos desde los ni\u00f1os del kinder de tres a\u00f1os presencia de pesticidas, estamos hablando de un problema de la poblaci\u00f3n\u201d, dijo el investigador encargado, Humberto Gonz\u00e1lez.<\/p>\n<p>\u201cEl Mentidero est\u00e1 totalmente rodeado de cultivos, aunque no sea muestreado (el resto de la poblaci\u00f3n) esperamos que est\u00e9 en las mismas condiciones\u201d, a\u00f1adi\u00f3 el investigador Luis Manuel Mart\u00ednez, quien sospecha que tambi\u00e9n los adultos pueden estar igual de contaminados, aunque en los ni\u00f1os el riesgo de que enfermen prematuramente o no se desarrollen correctamente es mayor.<\/p>\n<p><strong>Exigen soluci\u00f3n<\/strong><\/p>\n<p>El pasado viernes en el palacio municipal de Autl\u00e1n se reunieron autoridades e investigadores para definir l\u00edneas de acci\u00f3n en torno a esta problem\u00e1tica luego de darse a conocer el resultado de los estudios en junio, lo cual alarm\u00f3 a la poblaci\u00f3n. A pesar de la preocupaci\u00f3n e involucramiento de las madres de familia en este proceso, no fueron convocadas oficialmente, pero s\u00ed acudieron a la cita.<\/p>\n<p>El presidente municipal, Miguel \u00c1ngel \u00cd\u00f1iguez Brambila, no acudi\u00f3 y envi\u00f3 en su representaci\u00f3n al regidor Walter M\u00e9ndez Parra, quien cedi\u00f3 la voz a los investigadores que plantearon algunas soluciones al problema, como establecer m\u00e1rgenes m\u00ednimos de 300 metros de distancia entre las zonas de aspersi\u00f3n de plaguicidas y asentamientos humanos, reducir la cantidad de productos comerciales con activos altamente t\u00f3xicos y preferir agricultura org\u00e1nica, donde se combatan las plagas a trav\u00e9s de control biol\u00f3gico o alternativas no sint\u00e9ticas. Sin embargo, las autoridades presentes no mostraban una ruta de acciones clara.<\/p>\n<p>Ante la ambig\u00fcedad de los representantes del ayuntamiento e incluso del agricultor que siembra pepino con plaguicidas en la parcela escolar de la telesecundaria, Karla Padilla pidi\u00f3 al campesino a comprometerse y no seguir vertiendo sustancias mientras los adolescentes estudian, lo cual no fue contestado a causa de que el regidor \u00cd\u00f1iguez Brambila intervino y pidi\u00f3 no hacer \u201cataques directos\u201d y no \u201csatanizar\u201d una actividad que era el sustento econ\u00f3mico del se\u00f1or.<\/p>\n<p>Despu\u00e9s de m\u00e1s de tres horas donde las acciones para atacar el problema no se concretaban, la mujer volvi\u00f3 a exigir compromisos concretos, pues el pr\u00f3ximo 26 de agosto es el regreso a clases y el pepino est\u00e1 por fructificar en la parcela, con ello volver\u00e1 la aplicaci\u00f3n de pesticidas junto a los j\u00f3venes.<\/p>\n<p>Finalmente con la presi\u00f3n de Karla, el director de Desarrollo Rural de Autl\u00e1n, Goretis Lozano P\u00e9rez, se comprometi\u00f3 a hacer un censo de parcelas alrededor de las escuelas de Autl\u00e1n y proponer paquetes alternativos de bajo impacto para el control de plagas con bit\u00e1coras para darles seguimiento. Adem\u00e1s pidieron al agricultor de la parcela escolar que deje de fumigar en horarios de clases y reduzca la cantidad de sustancias que vierte, pues hasta 40 por ciento de lo aplicado v\u00eda aspersi\u00f3n se incorpora a la atm\u00f3sfera, seg\u00fan dio a conocer el investigador Manuel Mart\u00ednez.<\/p>\n<p>Los acad\u00e9micos recordaron que la mesa de trabajo se denomine \u201cpor una infancia libre de plaguicidas\u201d, pues no se trata de un problema aislado de las delegaciones ni de Autl\u00e1n, sino de todas las regiones donde no hay control ni supervisi\u00f3n de los pesticidas.<\/p>\n<p>Telesecundaria Venustiano Carranza<\/p>\n<p><strong>53<\/strong>\u00a0estudiantes fueron analizados<\/p>\n<p><strong>4\u00a0<\/strong>pesticidas distintos se encontraron en su orina<\/p>\n<p><strong>100<\/strong>\u00a0por ciento de los menores presentaron glifosato y 2,4D<\/p>\n<p><img loading=\"lazy\" decoding=\"async\" class=\"\" src=\"http:\/\/img.ntrguadalajara.com\/609_1.PNG\" width=\"647\" height=\"371\" \/><\/p>\n<p><a href=\"https:\/\/www.ntrguadalajara.com\/post.php?id_nota=132626\">https:\/\/www.ntrguadalajara.com\/post.php?id_nota=132626<\/a><\/p>\n","protected":false},"excerpt":{"rendered":"<p>Foto: Violeta Mel\u00e9ndez Violeta Mel\u00e9ndez \/ El Noticiero NTR Karla Padilla inscribi\u00f3 a su hijo en la telesecundaria Venustiano Carranza de la delegaci\u00f3n El Mentidero, un territorio de vocaci\u00f3n ca\u00f1era &hellip; <a href=\"https:\/\/www.grieta.org.mx\/index.php\/2019\/08\/19\/danan-plaguicidas-a-ninos-en-autlan-jalisco\/\" class=\"more-link\">Leer m\u00e1s<\/a><\/p>\n","protected":false},"author":2,"featured_media":38264,"comment_status":"closed","ping_status":"closed","sticky":false,"template":"","format":"standard","meta":{"ngg_post_thumbnail":0,"_jetpack_newsletter_access":"","_jetpack_dont_email_post_to_subs":false,"_jetpack_newsletter_tier_id":0,"_jetpack_memberships_contains_paywalled_content":false,"_jetpack_memberships_contains_paid_content":false,"footnotes":""},"categories":[80,20,1827,2303,2,83],"tags":[2362,2112],"class_list":["post-38263","post","type-post","status-publish","format-standard","has-post-thumbnail","hentry","category-cintillo","category-jalisco","category-la-ninez-en-la-tormenta-capitalista","category-la-ninez-en-la-tormenta-en-jalisco","category-noticias-nacionales","category-temas-nacionales","tag-la-ninez-en-la-tormenta","tag-problemas-de-salud","entry"],"jetpack_featured_media_url":"https:\/\/www.grieta.org.mx\/wp-content\/uploads\/2019\/08\/2019-08-18_10-08-38___4035.jpg","jetpack_sharing_enabled":true,"jetpack_shortlink":"https:\/\/wp.me\/p7ZJR4-9X9","jetpack_likes_enabled":false,"jetpack-related-posts":[{"id":38833,"url":"https:\/\/www.grieta.org.mx\/index.php\/2019\/09\/02\/casi-300-intoxicados-por-plaguicidas-al-ano-jalisco\/","url_meta":{"origin":38263,"position":0},"title":"Casi 300 intoxicados por plaguicidas al a\u00f1o (Jalisco)","author":"grieta","date":"2 septiembre, 2019","format":false,"excerpt":"Foto: Violeta Mel\u00e9ndez Violeta Mel\u00e9ndez \/ Noticias NTR En Jalisco, cada a\u00f1o son atendidos en los servicios de salud del gobierno del estado casi 300 personas intoxicadas por diferentes tipos de sustancias qu\u00edmicas, entre estas plaguicidas con los que tuvieron contacto. Por esta causa ha llegado a morir desde el\u2026","rel":"","context":"En &quot;CINTILLO&quot;","block_context":{"text":"CINTILLO","link":"https:\/\/www.grieta.org.mx\/index.php\/category\/cintillo\/"},"img":{"alt_text":"","src":"https:\/\/i0.wp.com\/www.grieta.org.mx\/wp-content\/uploads\/2019\/09\/2019-09-01_11-09-20___7693.jpg?resize=350%2C200&ssl=1","width":350,"height":200,"srcset":"https:\/\/i0.wp.com\/www.grieta.org.mx\/wp-content\/uploads\/2019\/09\/2019-09-01_11-09-20___7693.jpg?resize=350%2C200&ssl=1 1x, https:\/\/i0.wp.com\/www.grieta.org.mx\/wp-content\/uploads\/2019\/09\/2019-09-01_11-09-20___7693.jpg?resize=525%2C300&ssl=1 1.5x, https:\/\/i0.wp.com\/www.grieta.org.mx\/wp-content\/uploads\/2019\/09\/2019-09-01_11-09-20___7693.jpg?resize=700%2C400&ssl=1 2x"},"classes":[]},{"id":46161,"url":"https:\/\/www.grieta.org.mx\/index.php\/2020\/03\/12\/protestan-alumnas-de-udeg-contra-acoso-jalisco\/","url_meta":{"origin":38263,"position":1},"title":"Protestan alumnas de UdeG contra acoso (Jalisco)","author":"grieta","date":"12 marzo, 2020","format":false,"excerpt":"Foto: Zona Docs Redacci\u00f3n \/ El Diario NTR Alumnas de 12 preparatorias de la Universidad de Guadalajara se manifestaron este jueves frente al edificio de Rector\u00eda para exigir un cese a la violencia de g\u00e9nero. La manifestaci\u00f3n parti\u00f3 de la Prepa 1 hacia el edificio administrativo. Las estudiantes portaron cartelones\u2026","rel":"","context":"En &quot;CINTILLO&quot;","block_context":{"text":"CINTILLO","link":"https:\/\/www.grieta.org.mx\/index.php\/category\/cintillo\/"},"img":{"alt_text":"","src":"https:\/\/i0.wp.com\/www.grieta.org.mx\/wp-content\/uploads\/2020\/03\/2020-03-12_06-03-44___9505.jpg?resize=350%2C200&ssl=1","width":350,"height":200},"classes":[]},{"id":61524,"url":"https:\/\/www.grieta.org.mx\/index.php\/2021\/09\/02\/ninez-y-adolescencia-desaparecida-en-jalisco-una-crisis-inadvertida\/","url_meta":{"origin":38263,"position":2},"title":"Ni\u00f1ez y adolescencia desaparecida en Jalisco: una crisis inadvertida","author":"grieta","date":"2 septiembre, 2021","format":false,"excerpt":"Ilustraci\u00f3n Ivanna Orozco Alertas que no se emiten, protocolos de b\u00fasqueda que no se aplican y acciones de campo que no suceden son algunas de las tantas dificultades que padecen las familias que buscan a las ni\u00f1as, ni\u00f1os y\/o adolescentes desaparecidos en Jalisco; entidad que en la \u00faltima d\u00e9cada concentra\u2026","rel":"","context":"En &quot;CINTILLO&quot;","block_context":{"text":"CINTILLO","link":"https:\/\/www.grieta.org.mx\/index.php\/category\/cintillo\/"},"img":{"alt_text":"","src":"https:\/\/i0.wp.com\/www.grieta.org.mx\/wp-content\/uploads\/2021\/09\/PORTADA-NINEZ-DESAPARECIDA.png?resize=350%2C200&ssl=1","width":350,"height":200,"srcset":"https:\/\/i0.wp.com\/www.grieta.org.mx\/wp-content\/uploads\/2021\/09\/PORTADA-NINEZ-DESAPARECIDA.png?resize=350%2C200&ssl=1 1x, https:\/\/i0.wp.com\/www.grieta.org.mx\/wp-content\/uploads\/2021\/09\/PORTADA-NINEZ-DESAPARECIDA.png?resize=525%2C300&ssl=1 1.5x, https:\/\/i0.wp.com\/www.grieta.org.mx\/wp-content\/uploads\/2021\/09\/PORTADA-NINEZ-DESAPARECIDA.png?resize=700%2C400&ssl=1 2x, https:\/\/i0.wp.com\/www.grieta.org.mx\/wp-content\/uploads\/2021\/09\/PORTADA-NINEZ-DESAPARECIDA.png?resize=1050%2C600&ssl=1 3x"},"classes":[]},{"id":65948,"url":"https:\/\/www.grieta.org.mx\/index.php\/2022\/12\/07\/municipios-metropolitanos-con-mas-victimas-de-abuso-sexual-infantil-en-jalisco\/","url_meta":{"origin":38263,"position":3},"title":"Municipios metropolitanos con m\u00e1s v\u00edctimas de abuso sexual infantil en Jalisco","author":"grieta","date":"7 diciembre, 2022","format":false,"excerpt":"Imagen; Cuartoscuro Redacci\u00f3n \/ El Diario NTR Jalisco es uno de los estados con m\u00e1s v\u00edctimas de abuso sexual infantil, Guadalajara, Tlaquepaque, Tonal\u00e1, Zapopan y Puerto Vallarta son los municipios con m\u00e1s casos, de acuerdo con el estudio de investigaci\u00f3n sobre la violencia sexual y la muerte de ni\u00f1as y\u2026","rel":"","context":"En &quot;CINTILLO&quot;","block_context":{"text":"CINTILLO","link":"https:\/\/www.grieta.org.mx\/index.php\/category\/cintillo\/"},"img":{"alt_text":"","src":"https:\/\/i0.wp.com\/www.grieta.org.mx\/wp-content\/uploads\/2022\/12\/2022-12-07_06-12-21___7.jpg?resize=350%2C200&ssl=1","width":350,"height":200,"srcset":"https:\/\/i0.wp.com\/www.grieta.org.mx\/wp-content\/uploads\/2022\/12\/2022-12-07_06-12-21___7.jpg?resize=350%2C200&ssl=1 1x, https:\/\/i0.wp.com\/www.grieta.org.mx\/wp-content\/uploads\/2022\/12\/2022-12-07_06-12-21___7.jpg?resize=525%2C300&ssl=1 1.5x, https:\/\/i0.wp.com\/www.grieta.org.mx\/wp-content\/uploads\/2022\/12\/2022-12-07_06-12-21___7.jpg?resize=700%2C400&ssl=1 2x"},"classes":[]},{"id":64651,"url":"https:\/\/www.grieta.org.mx\/index.php\/2022\/07\/30\/suman-27-feminicidios-de-ninas-un-total-de-529-adolescentes-asesinados-este-sexenio-en-jalisco\/","url_meta":{"origin":38263,"position":4},"title":"Suman 27 feminicidios de ni\u00f1as, un total de 529 adolescentes asesinados este sexenio en Jalisco","author":"grieta","date":"30 julio, 2022","format":false,"excerpt":"Imagen: G. Gallo El Informador De acuerdo con informes de la Red por los Derechos de la Infancia de M\u00e9xico (REDIM), con cifras del Secretariado Ejecutivo del Sistema Nacional de Seguridad P\u00fablica, en lo que va de la actual administraci\u00f3n estatal van 27 feminicidios de menores. Por ejemplo, el pasado\u2026","rel":"","context":"En &quot;CINTILLO&quot;","block_context":{"text":"CINTILLO","link":"https:\/\/www.grieta.org.mx\/index.php\/category\/cintillo\/"},"img":{"alt_text":"","src":"https:\/\/i0.wp.com\/www.grieta.org.mx\/wp-content\/uploads\/2022\/07\/imagen_imagen_20220721-213552-20220721-gil_cmyk_crop1659179338221.jpg_1970638775.webp?resize=350%2C200&ssl=1","width":350,"height":200,"srcset":"https:\/\/i0.wp.com\/www.grieta.org.mx\/wp-content\/uploads\/2022\/07\/imagen_imagen_20220721-213552-20220721-gil_cmyk_crop1659179338221.jpg_1970638775.webp?resize=350%2C200&ssl=1 1x, https:\/\/i0.wp.com\/www.grieta.org.mx\/wp-content\/uploads\/2022\/07\/imagen_imagen_20220721-213552-20220721-gil_cmyk_crop1659179338221.jpg_1970638775.webp?resize=525%2C300&ssl=1 1.5x, https:\/\/i0.wp.com\/www.grieta.org.mx\/wp-content\/uploads\/2022\/07\/imagen_imagen_20220721-213552-20220721-gil_cmyk_crop1659179338221.jpg_1970638775.webp?resize=700%2C400&ssl=1 2x"},"classes":[]},{"id":65588,"url":"https:\/\/www.grieta.org.mx\/index.php\/2022\/10\/22\/jalisco-segundo-lugar-en-feminicidios-infantiles\/","url_meta":{"origin":38263,"position":5},"title":"Jalisco, segundo lugar en feminicidios infantiles","author":"grieta","date":"22 octubre, 2022","format":false,"excerpt":"Imagen: Cuartoscuro Redacci\u00f3n \/ El Diario TNR Jalisco se ubica en el segundo sitio a nivel nacional con m\u00e1s feminicidios infantiles y adolescentes, el cuarto lugar con m\u00e1s hospitalizaciones de menores de edad por violencia sexual, y quinto lugar en homicidios de menores de 0 a 17 a\u00f1os, precis\u00f3 Tania\u2026","rel":"","context":"En &quot;CINTILLO&quot;","block_context":{"text":"CINTILLO","link":"https:\/\/www.grieta.org.mx\/index.php\/category\/cintillo\/"},"img":{"alt_text":"","src":"https:\/\/i0.wp.com\/www.grieta.org.mx\/wp-content\/uploads\/2022\/10\/2022-10-22_03-10-55___5899.jpg?resize=350%2C200&ssl=1","width":350,"height":200,"srcset":"https:\/\/i0.wp.com\/www.grieta.org.mx\/wp-content\/uploads\/2022\/10\/2022-10-22_03-10-55___5899.jpg?resize=350%2C200&ssl=1 1x, https:\/\/i0.wp.com\/www.grieta.org.mx\/wp-content\/uploads\/2022\/10\/2022-10-22_03-10-55___5899.jpg?resize=525%2C300&ssl=1 1.5x, https:\/\/i0.wp.com\/www.grieta.org.mx\/wp-content\/uploads\/2022\/10\/2022-10-22_03-10-55___5899.jpg?resize=700%2C400&ssl=1 2x"},"classes":[]}],"_links":{"self":[{"href":"https:\/\/www.grieta.org.mx\/index.php\/wp-json\/wp\/v2\/posts\/38263","targetHints":{"allow":["GET"]}}],"collection":[{"href":"https:\/\/www.grieta.org.mx\/index.php\/wp-json\/wp\/v2\/posts"}],"about":[{"href":"https:\/\/www.grieta.org.mx\/index.php\/wp-json\/wp\/v2\/types\/post"}],"author":[{"embeddable":true,"href":"https:\/\/www.grieta.org.mx\/index.php\/wp-json\/wp\/v2\/users\/2"}],"replies":[{"embeddable":true,"href":"https:\/\/www.grieta.org.mx\/index.php\/wp-json\/wp\/v2\/comments?post=38263"}],"version-history":[{"count":1,"href":"https:\/\/www.grieta.org.mx\/index.php\/wp-json\/wp\/v2\/posts\/38263\/revisions"}],"predecessor-version":[{"id":38266,"href":"https:\/\/www.grieta.org.mx\/index.php\/wp-json\/wp\/v2\/posts\/38263\/revisions\/38266"}],"wp:featuredmedia":[{"embeddable":true,"href":"https:\/\/www.grieta.org.mx\/index.php\/wp-json\/wp\/v2\/media\/38264"}],"wp:attachment":[{"href":"https:\/\/www.grieta.org.mx\/index.php\/wp-json\/wp\/v2\/media?parent=38263"}],"wp:term":[{"taxonomy":"category","embeddable":true,"href":"https:\/\/www.grieta.org.mx\/index.php\/wp-json\/wp\/v2\/categories?post=38263"},{"taxonomy":"post_tag","embeddable":true,"href":"https:\/\/www.grieta.org.mx\/index.php\/wp-json\/wp\/v2\/tags?post=38263"}],"curies":[{"name":"wp","href":"https:\/\/api.w.org\/{rel}","templated":true}]}}