{"id":38240,"date":"2019-08-17T17:47:14","date_gmt":"2019-08-17T22:47:14","guid":{"rendered":"http:\/\/www.grieta.org.mx\/?p=38240"},"modified":"2019-08-25T18:31:12","modified_gmt":"2019-08-25T23:31:12","slug":"se-solidarizan-por-violencia-contra-las-mujeres-jalisco","status":"publish","type":"post","link":"https:\/\/www.grieta.org.mx\/index.php\/2019\/08\/17\/se-solidarizan-por-violencia-contra-las-mujeres-jalisco\/","title":{"rendered":"Se solidarizan por violencia contra las mujeres (Jalisco)"},"content":{"rendered":"<p><img loading=\"lazy\" decoding=\"async\" data-attachment-id=\"38243\" data-permalink=\"https:\/\/www.grieta.org.mx\/index.php\/2019\/08\/17\/se-solidarizan-por-violencia-contra-las-mujeres-jalisco\/imagen_feminismox_feministasx31311658x_crop1566026510984-jpg_1970638775\/\" data-orig-file=\"https:\/\/www.grieta.org.mx\/wp-content\/uploads\/2019\/08\/imagen_feminismox_feministasx31311658x_crop1566026510984.jpg_1970638775.jpg\" data-orig-size=\"770,485\" data-comments-opened=\"0\" data-image-meta=\"{&quot;aperture&quot;:&quot;0&quot;,&quot;credit&quot;:&quot;&quot;,&quot;camera&quot;:&quot;&quot;,&quot;caption&quot;:&quot;&quot;,&quot;created_timestamp&quot;:&quot;0&quot;,&quot;copyright&quot;:&quot;&quot;,&quot;focal_length&quot;:&quot;0&quot;,&quot;iso&quot;:&quot;0&quot;,&quot;shutter_speed&quot;:&quot;0&quot;,&quot;title&quot;:&quot;&quot;,&quot;orientation&quot;:&quot;0&quot;}\" data-image-title=\"imagen_feminismox_feministasx31311658x_crop1566026510984.jpg_1970638775\" data-image-description=\"\" data-image-caption=\"\" data-medium-file=\"https:\/\/www.grieta.org.mx\/wp-content\/uploads\/2019\/08\/imagen_feminismox_feministasx31311658x_crop1566026510984.jpg_1970638775-300x189.jpg\" data-large-file=\"https:\/\/www.grieta.org.mx\/wp-content\/uploads\/2019\/08\/imagen_feminismox_feministasx31311658x_crop1566026510984.jpg_1970638775.jpg\" class=\"size-full wp-image-38243 aligncenter\" src=\"http:\/\/www.grieta.org.mx\/wp-content\/uploads\/2019\/08\/imagen_feminismox_feministasx31311658x_crop1566026510984.jpg_1970638775.jpg\" alt=\"\" width=\"770\" height=\"485\" srcset=\"https:\/\/www.grieta.org.mx\/wp-content\/uploads\/2019\/08\/imagen_feminismox_feministasx31311658x_crop1566026510984.jpg_1970638775.jpg 770w, https:\/\/www.grieta.org.mx\/wp-content\/uploads\/2019\/08\/imagen_feminismox_feministasx31311658x_crop1566026510984.jpg_1970638775-300x189.jpg 300w, https:\/\/www.grieta.org.mx\/wp-content\/uploads\/2019\/08\/imagen_feminismox_feministasx31311658x_crop1566026510984.jpg_1970638775-768x484.jpg 768w\" sizes=\"auto, (max-width: 770px) 100vw, 770px\" \/><\/p>\n<p>Foto: F Atilano. \/ El Informador<\/p>\n<p><em>Exigen justicia por caso de menor violada por polic\u00edas en la Ciudad de M\u00e9xico<\/em><\/p>\n<p>Redacci\u00f3n \/ El Informador<\/p>\n<p><strong>Cerca de 200 manifestantes protestaron en la Plaza de Armas, en solidaridad y exigiendo justicia por el caso de una joven de 17 a\u00f1os quien presuntamente fue violada a principios de agosto por polic\u00edas en la Ciudad de M\u00e9xico.<\/strong><\/p>\n<p>En el lugar, el colectivo Ra\u00edces Furiosas ley\u00f3 un comunicado en el que comentaron: \u201cNos reconocemos en su indignaci\u00f3n y rabia, que es compartida, es nuestra porque en Azcapotzalco cuatro polic\u00edas hombres violaron a una mujer adolescente de 17 a\u00f1os, porque cada seis minutos un hombre viola a una mujer en M\u00e9xico, porque matan a nueve mujeres diarias en el pa\u00eds, porque a marzo de este a\u00f1o iban seis mil 196 mujeres y ni\u00f1as desaparecidas tan s\u00f3lo en Jalisco\u201d.<\/p>\n<p>Tambi\u00e9n portaban pancartas que dec\u00edan \u201cNo me cuidan los polic\u00edas, me cuidan mis amigas\u201d y con consignas exig\u00edan la aparici\u00f3n de las mujeres desaparecidas y gritaban \u201cHermana, yo s\u00ed te creo\u201d.<\/p>\n<p>A pesar de la lluvia, las manifestantes continuaron la protesta en Plaza de Armas.<\/p>\n<p>Las manifestantes arrojaron polvo brillante al aire y despu\u00e9s a los cuatro polic\u00edas que cuidan la entrada de Palacio de Gobierno, como se ha hecho en manifestaciones anteriores en la Ciudad de M\u00e9xico.<\/p>\n<p><a href=\"https:\/\/www.informador.mx\/jalisco\/Se-solidarizan-por-violencia-contra-las-mujeres-20190817-0006.html\">https:\/\/www.informador.mx\/jalisco\/Se-solidarizan-por-violencia-contra-las-mujeres-20190817-0006.html<\/a><\/p>\n","protected":false},"excerpt":{"rendered":"<p>Foto: F Atilano. \/ El Informador Exigen justicia por caso de menor violada por polic\u00edas en la Ciudad de M\u00e9xico Redacci\u00f3n \/ El Informador Cerca de 200 manifestantes protestaron en &hellip; <a href=\"https:\/\/www.grieta.org.mx\/index.php\/2019\/08\/17\/se-solidarizan-por-violencia-contra-las-mujeres-jalisco\/\" class=\"more-link\">Leer m\u00e1s<\/a><\/p>\n","protected":false},"author":2,"featured_media":38243,"comment_status":"closed","ping_status":"closed","sticky":false,"template":"","format":"standard","meta":{"ngg_post_thumbnail":0,"_jetpack_newsletter_access":"","_jetpack_dont_email_post_to_subs":false,"_jetpack_newsletter_tier_id":0,"_jetpack_memberships_contains_paywalled_content":false,"_jetpack_memberships_contains_paid_content":false,"footnotes":""},"categories":[80,20,1827,2,83,2504],"tags":[1565,1630,1435,381],"class_list":["post-38240","post","type-post","status-publish","format-standard","has-post-thumbnail","hentry","category-cintillo","category-jalisco","category-la-ninez-en-la-tormenta-capitalista","category-noticias-nacionales","category-temas-nacionales","category-violencia-contra-las-mujeres-en-jalisco","tag-violencia-contra-estudiantes","tag-violencia-contra-las-mujeres","tag-violencia-contra-ninos-y-ninas","tag-violencia-de-genero","entry"],"jetpack_featured_media_url":"https:\/\/www.grieta.org.mx\/wp-content\/uploads\/2019\/08\/imagen_feminismox_feministasx31311658x_crop1566026510984.jpg_1970638775.jpg","jetpack_sharing_enabled":true,"jetpack_shortlink":"https:\/\/wp.me\/p7ZJR4-9WM","jetpack_likes_enabled":false,"jetpack-related-posts":[{"id":38086,"url":"https:\/\/www.grieta.org.mx\/index.php\/2019\/08\/17\/marchan-mujeres-queretanas-contra-la-violencia\/","url_meta":{"origin":38240,"position":0},"title":"Marchan mujeres queretanas contra la violencia","author":"grieta","date":"17 agosto, 2019","format":false,"excerpt":"\u00a0 \u00a0 Ver\u00f3nica Ruiz | Diario de Quer\u00e9taro \u201cQueremos vivir libres, sin miedo, aut\u00f3nomas y felices\u201d, expresaron integrantes de colectivos feministas que se unieron a la protesta nacional \"No nos cuidan, nos violan\", en contra de la agresi\u00f3n sexual que sufri\u00f3 una menor de edad por parte de polic\u00edas de\u2026","rel":"","context":"En &quot;CINTILLO&quot;","block_context":{"text":"CINTILLO","link":"https:\/\/www.grieta.org.mx\/index.php\/category\/cintillo\/"},"img":{"alt_text":"","src":"https:\/\/i0.wp.com\/www.grieta.org.mx\/wp-content\/uploads\/2019\/08\/1-3.jpg?resize=350%2C200&ssl=1","width":350,"height":200,"srcset":"https:\/\/i0.wp.com\/www.grieta.org.mx\/wp-content\/uploads\/2019\/08\/1-3.jpg?resize=350%2C200&ssl=1 1x, https:\/\/i0.wp.com\/www.grieta.org.mx\/wp-content\/uploads\/2019\/08\/1-3.jpg?resize=525%2C300&ssl=1 1.5x, https:\/\/i0.wp.com\/www.grieta.org.mx\/wp-content\/uploads\/2019\/08\/1-3.jpg?resize=700%2C400&ssl=1 2x"},"classes":[]},{"id":3160,"url":"https:\/\/www.grieta.org.mx\/index.php\/2015\/11\/25\/protestan-contra-la-violencia-machista-en-guadalajara\/","url_meta":{"origin":38240,"position":1},"title":"Protestan contra la violencia machista en Guadalajara","author":"grieta","date":"25 noviembre, 2015","format":false,"excerpt":"VIRGINIA ARENAS Hombres y mujeres marcharon para exigir justicia por las desaparecidas y asesinadas. EL INFORMADOR \/ F. Atilano Tambi\u00e9n protestaron contra los feminicidios y las desapariciones forzadas de mujeres Bajo la consigna \u2018nos queremos vivas\u2019, los manifestantes avanzaron por dos carriles de Ju\u00e1rez GUADALAJARA, JALISCO (25\/NOV\/2015).- \u201dDecid\u00ed venir a\u2026","rel":"","context":"En &quot;CINTILLO&quot;","block_context":{"text":"CINTILLO","link":"https:\/\/www.grieta.org.mx\/index.php\/category\/cintillo\/"},"img":{"alt_text":"","src":"https:\/\/i0.wp.com\/www.grieta.org.mx\/wp-content\/uploads\/2018\/03\/14524434_1106112876131411_958039263622046936_o.jpg?resize=350%2C200&ssl=1","width":350,"height":200,"srcset":"https:\/\/i0.wp.com\/www.grieta.org.mx\/wp-content\/uploads\/2018\/03\/14524434_1106112876131411_958039263622046936_o.jpg?resize=350%2C200&ssl=1 1x, https:\/\/i0.wp.com\/www.grieta.org.mx\/wp-content\/uploads\/2018\/03\/14524434_1106112876131411_958039263622046936_o.jpg?resize=525%2C300&ssl=1 1.5x, https:\/\/i0.wp.com\/www.grieta.org.mx\/wp-content\/uploads\/2018\/03\/14524434_1106112876131411_958039263622046936_o.jpg?resize=700%2C400&ssl=1 2x"},"classes":[]},{"id":38097,"url":"https:\/\/www.grieta.org.mx\/index.php\/2019\/08\/16\/galeria-glitter-rosa-la-marcha-feminista-en-ciudad-juarez-chihuahua\/","url_meta":{"origin":38240,"position":2},"title":"Galer\u00eda: Glitter Rosa, la marcha feminista en Ciudad Ju\u00e1rez (Chihuahua)","author":"grieta","date":"16 agosto, 2019","format":false,"excerpt":"Redacci\u00f3n; Fotograf\u00edas: Rey J. Jauregui\/ LA VERDAD DE JU\u00c1REZ Ciudad Ju\u00e1rez \u2013 Entre gritos de consignas contra \u201cactitudes machistas\u201d, haciendo pintas y lanzando brillantina rosa, decenas de mujeres marcharon en Ciudad Ju\u00e1rez para exigir un alto a la violencia de g\u00e9nero y en protesta por la revictimizaci\u00f3n de las autoridades\u2026","rel":"","context":"En &quot;Chihuahua&quot;","block_context":{"text":"Chihuahua","link":"https:\/\/www.grieta.org.mx\/index.php\/category\/noticias-nacionales\/chihuahua\/"},"img":{"alt_text":"","src":"https:\/\/i0.wp.com\/www.grieta.org.mx\/wp-content\/uploads\/2019\/08\/Foto-Galer%C3%ADa-Mujeres.jpg?resize=350%2C200&ssl=1","width":350,"height":200,"srcset":"https:\/\/i0.wp.com\/www.grieta.org.mx\/wp-content\/uploads\/2019\/08\/Foto-Galer%C3%ADa-Mujeres.jpg?resize=350%2C200&ssl=1 1x, https:\/\/i0.wp.com\/www.grieta.org.mx\/wp-content\/uploads\/2019\/08\/Foto-Galer%C3%ADa-Mujeres.jpg?resize=525%2C300&ssl=1 1.5x, https:\/\/i0.wp.com\/www.grieta.org.mx\/wp-content\/uploads\/2019\/08\/Foto-Galer%C3%ADa-Mujeres.jpg?resize=700%2C400&ssl=1 2x, https:\/\/i0.wp.com\/www.grieta.org.mx\/wp-content\/uploads\/2019\/08\/Foto-Galer%C3%ADa-Mujeres.jpg?resize=1050%2C600&ssl=1 3x, https:\/\/i0.wp.com\/www.grieta.org.mx\/wp-content\/uploads\/2019\/08\/Foto-Galer%C3%ADa-Mujeres.jpg?resize=1400%2C800&ssl=1 4x"},"classes":[]},{"id":38174,"url":"https:\/\/www.grieta.org.mx\/index.php\/2019\/08\/16\/colectivos-feministas-gritan-justicia-sinaloa\/","url_meta":{"origin":38240,"position":3},"title":"Colectivos feministas gritan: \u00a1Justicia! (Sinaloa)","author":"grieta","date":"16 agosto, 2019","format":false,"excerpt":"Foto: Jes\u00fas Verdugo Colectivos feministas de Culiac\u00e1n se reunieron a protestar en la fiscal\u00eda por el caso de la menor que presuntamente fue violada por polic\u00edas en Azcapotzalco Jes\u00fas Verdugo \/ El Sol de Sinaloa Culiac\u00e1n, Sin. -\u00a0Decenas de mujeres\u00a0pertenecientes a\u00a0diferentes colectivos\u00a0en pro de los derechos de la mujer acudieron\u2026","rel":"","context":"En &quot;CINTILLO&quot;","block_context":{"text":"CINTILLO","link":"https:\/\/www.grieta.org.mx\/index.php\/category\/cintillo\/"},"img":{"alt_text":"","src":"https:\/\/i0.wp.com\/www.grieta.org.mx\/wp-content\/uploads\/2019\/08\/MUJERES-OKOK.jpg?resize=350%2C200&ssl=1","width":350,"height":200,"srcset":"https:\/\/i0.wp.com\/www.grieta.org.mx\/wp-content\/uploads\/2019\/08\/MUJERES-OKOK.jpg?resize=350%2C200&ssl=1 1x, https:\/\/i0.wp.com\/www.grieta.org.mx\/wp-content\/uploads\/2019\/08\/MUJERES-OKOK.jpg?resize=525%2C300&ssl=1 1.5x, https:\/\/i0.wp.com\/www.grieta.org.mx\/wp-content\/uploads\/2019\/08\/MUJERES-OKOK.jpg?resize=700%2C400&ssl=1 2x"},"classes":[]},{"id":42565,"url":"https:\/\/www.grieta.org.mx\/index.php\/2019\/12\/28\/el-centro-de-justicia-para-las-mujeres-tiene-solo-dos-defensores-de-oficio-jalisco\/","url_meta":{"origin":38240,"position":4},"title":"El Centro de Justicia para las Mujeres tiene s\u00f3lo dos defensores de oficio (Jalisco)","author":"grieta","date":"28 diciembre, 2019","format":false,"excerpt":"Detallan que uno de los abogados tiene 417 expedientes activos y el segundo 98; el Centro atiende a aproximadamente 26 personas al d\u00eda Foto: Ilustrativa Rodrigo Rivas Uribe \/ El Informador Aunque atiende un promedio de 26 personas al d\u00eda, el Centro de Justicia para las Mujeres (CJM) cuenta con\u2026","rel":"","context":"En &quot;CINTILLO&quot;","block_context":{"text":"CINTILLO","link":"https:\/\/www.grieta.org.mx\/index.php\/category\/cintillo\/"},"img":{"alt_text":"","src":"https:\/\/i0.wp.com\/www.grieta.org.mx\/wp-content\/uploads\/2019\/12\/800px-Manifestaci%C3%B3n_niunamenos_ante_el_femicidio_de_Agustina_Imvilkeried_-_Ciudad_de_Santa_Fe_-_05.jpg?resize=350%2C200&ssl=1","width":350,"height":200,"srcset":"https:\/\/i0.wp.com\/www.grieta.org.mx\/wp-content\/uploads\/2019\/12\/800px-Manifestaci%C3%B3n_niunamenos_ante_el_femicidio_de_Agustina_Imvilkeried_-_Ciudad_de_Santa_Fe_-_05.jpg?resize=350%2C200&ssl=1 1x, https:\/\/i0.wp.com\/www.grieta.org.mx\/wp-content\/uploads\/2019\/12\/800px-Manifestaci%C3%B3n_niunamenos_ante_el_femicidio_de_Agustina_Imvilkeried_-_Ciudad_de_Santa_Fe_-_05.jpg?resize=525%2C300&ssl=1 1.5x, https:\/\/i0.wp.com\/www.grieta.org.mx\/wp-content\/uploads\/2019\/12\/800px-Manifestaci%C3%B3n_niunamenos_ante_el_femicidio_de_Agustina_Imvilkeried_-_Ciudad_de_Santa_Fe_-_05.jpg?resize=700%2C400&ssl=1 2x"},"classes":[]},{"id":54443,"url":"https:\/\/www.grieta.org.mx\/index.php\/2020\/09\/17\/madre-de-nina-violada-se-amarra-a-puerta-de-acceso-de-la-segob\/","url_meta":{"origin":38240,"position":5},"title":"Madre de ni\u00f1a violada se amarra a puerta de acceso de la Segob","author":"grieta","date":"17 septiembre, 2020","format":false,"excerpt":"Sun\/Informador mx 17 septiembre 2020 Marcela Alem\u00e1n hace un llamado a la Suprema Corte de Justicia de la Naci\u00f3n para que el caso no quede impune Marcela Alem\u00e1n, madre de una ni\u00f1a que fue violada a los cuatro a\u00f1os y ahora tiene siete, lleg\u00f3 desde San Luis Potos\u00ed a la\u2026","rel":"","context":"En &quot;CINTILLO&quot;","block_context":{"text":"CINTILLO","link":"https:\/\/www.grieta.org.mx\/index.php\/category\/cintillo\/"},"img":{"alt_text":"","src":"https:\/\/i0.wp.com\/www.grieta.org.mx\/wp-content\/uploads\/2020\/10\/marcela-aleman.png?resize=350%2C200&ssl=1","width":350,"height":200,"srcset":"https:\/\/i0.wp.com\/www.grieta.org.mx\/wp-content\/uploads\/2020\/10\/marcela-aleman.png?resize=350%2C200&ssl=1 1x, https:\/\/i0.wp.com\/www.grieta.org.mx\/wp-content\/uploads\/2020\/10\/marcela-aleman.png?resize=525%2C300&ssl=1 1.5x, https:\/\/i0.wp.com\/www.grieta.org.mx\/wp-content\/uploads\/2020\/10\/marcela-aleman.png?resize=700%2C400&ssl=1 2x"},"classes":[]}],"_links":{"self":[{"href":"https:\/\/www.grieta.org.mx\/index.php\/wp-json\/wp\/v2\/posts\/38240","targetHints":{"allow":["GET"]}}],"collection":[{"href":"https:\/\/www.grieta.org.mx\/index.php\/wp-json\/wp\/v2\/posts"}],"about":[{"href":"https:\/\/www.grieta.org.mx\/index.php\/wp-json\/wp\/v2\/types\/post"}],"author":[{"embeddable":true,"href":"https:\/\/www.grieta.org.mx\/index.php\/wp-json\/wp\/v2\/users\/2"}],"replies":[{"embeddable":true,"href":"https:\/\/www.grieta.org.mx\/index.php\/wp-json\/wp\/v2\/comments?post=38240"}],"version-history":[{"count":1,"href":"https:\/\/www.grieta.org.mx\/index.php\/wp-json\/wp\/v2\/posts\/38240\/revisions"}],"predecessor-version":[{"id":38246,"href":"https:\/\/www.grieta.org.mx\/index.php\/wp-json\/wp\/v2\/posts\/38240\/revisions\/38246"}],"wp:featuredmedia":[{"embeddable":true,"href":"https:\/\/www.grieta.org.mx\/index.php\/wp-json\/wp\/v2\/media\/38243"}],"wp:attachment":[{"href":"https:\/\/www.grieta.org.mx\/index.php\/wp-json\/wp\/v2\/media?parent=38240"}],"wp:term":[{"taxonomy":"category","embeddable":true,"href":"https:\/\/www.grieta.org.mx\/index.php\/wp-json\/wp\/v2\/categories?post=38240"},{"taxonomy":"post_tag","embeddable":true,"href":"https:\/\/www.grieta.org.mx\/index.php\/wp-json\/wp\/v2\/tags?post=38240"}],"curies":[{"name":"wp","href":"https:\/\/api.w.org\/{rel}","templated":true}]}}