{"id":38227,"date":"2019-08-24T10:45:13","date_gmt":"2019-08-24T15:45:13","guid":{"rendered":"http:\/\/www.grieta.org.mx\/?p=38227"},"modified":"2019-08-24T10:45:13","modified_gmt":"2019-08-24T15:45:13","slug":"en-pobreza-riesgo-y-condiciones-deplorables-persiste-el-trabajo-jornalero-en-michoacan","status":"publish","type":"post","link":"https:\/\/www.grieta.org.mx\/index.php\/2019\/08\/24\/en-pobreza-riesgo-y-condiciones-deplorables-persiste-el-trabajo-jornalero-en-michoacan\/","title":{"rendered":"En pobreza, riesgo y condiciones deplorables, persiste el trabajo jornalero en Michoac\u00e1n"},"content":{"rendered":"<figure id=\"attachment_38228\" aria-describedby=\"caption-attachment-38228\" style=\"width: 800px\" class=\"wp-caption aligncenter\"><img loading=\"lazy\" decoding=\"async\" data-attachment-id=\"38228\" data-permalink=\"https:\/\/www.grieta.org.mx\/index.php\/2019\/08\/24\/en-pobreza-riesgo-y-condiciones-deplorables-persiste-el-trabajo-jornalero-en-michoacan\/jornaleros-los-reyes\/\" data-orig-file=\"https:\/\/www.grieta.org.mx\/wp-content\/uploads\/2019\/08\/jornaleros-los-reyes.jpg\" data-orig-size=\"700,466\" data-comments-opened=\"0\" data-image-meta=\"{&quot;aperture&quot;:&quot;5&quot;,&quot;credit&quot;:&quot;&quot;,&quot;camera&quot;:&quot;NIKON D3300&quot;,&quot;caption&quot;:&quot;????????????????????????????????????&quot;,&quot;created_timestamp&quot;:&quot;1504355120&quot;,&quot;copyright&quot;:&quot;&quot;,&quot;focal_length&quot;:&quot;18&quot;,&quot;iso&quot;:&quot;100&quot;,&quot;shutter_speed&quot;:&quot;0.004&quot;,&quot;title&quot;:&quot;&quot;,&quot;orientation&quot;:&quot;1&quot;}\" data-image-title=\"jornaleros-los-reyes\" data-image-description=\"\" data-image-caption=\"&lt;p&gt;Foto: La Voz de Michoac\u00e1n. Jornaleros de la regi\u00f3n de Los Reyes no cuentan con medidas de seguridad. &lt;\/p&gt;\n\" data-medium-file=\"https:\/\/www.grieta.org.mx\/wp-content\/uploads\/2019\/08\/jornaleros-los-reyes-300x200.jpg\" data-large-file=\"https:\/\/www.grieta.org.mx\/wp-content\/uploads\/2019\/08\/jornaleros-los-reyes.jpg\" class=\"wp-image-38228\" src=\"http:\/\/www.grieta.org.mx\/wp-content\/uploads\/2019\/08\/jornaleros-los-reyes.jpg\" alt=\"\" width=\"800\" height=\"533\" srcset=\"https:\/\/www.grieta.org.mx\/wp-content\/uploads\/2019\/08\/jornaleros-los-reyes.jpg 700w, https:\/\/www.grieta.org.mx\/wp-content\/uploads\/2019\/08\/jornaleros-los-reyes-300x200.jpg 300w\" sizes=\"auto, (max-width: 800px) 100vw, 800px\" \/><figcaption id=\"caption-attachment-38228\" class=\"wp-caption-text\">Foto: La Voz de Michoac\u00e1n. Jornaleros de la regi\u00f3n de Los Reyes no cuentan con medidas de seguridad.<\/figcaption><\/figure>\n<p>Redacci\u00f3n\/ La Voz de Michoac\u00e1n, 23 de agosto de 2019<\/p>\n<p>Michoac\u00e1n. La esclavitud moderna tiene muchos rostros, uno de ellos es el trabajo jornalero. Son alrededor de 250 mil los que laboran en tierras michoacanas, de \u00e9stos una quinta parte son menores de edad, de acuerdo a cifras oficiales.<\/p>\n<p>En el marco del D\u00eda de la Abolici\u00f3n de la Esclavitud, una realidad que sigue teniendo el estado es la de la mano de obra barata en condiciones deplorables. Los jornaleros trabajan m\u00e1s de ocho horas por salarios muy bajos y sin prestaciones, \u00absus cadenas\u00bb son la necesidad de mantener una familia.<\/p>\n<p>Si bien en algunas zonas se ha buscado mejorar los albergues de los jornaleros agr\u00edcolas con los programas federales, en otras zonas siguen olvidados, o se \u00abpasan por alto\u00bb que laboran ni\u00f1os.<\/p>\n<figure id=\"attachment_38229\" aria-describedby=\"caption-attachment-38229\" style=\"width: 800px\" class=\"wp-caption aligncenter\"><img loading=\"lazy\" decoding=\"async\" data-attachment-id=\"38229\" data-permalink=\"https:\/\/www.grieta.org.mx\/index.php\/2019\/08\/24\/en-pobreza-riesgo-y-condiciones-deplorables-persiste-el-trabajo-jornalero-en-michoacan\/https-_lavozdemichoacan-com-mx_wp-content_uploads_2018_08_jornaleros-trabajando-en-estados-unidos\/\" data-orig-file=\"https:\/\/www.grieta.org.mx\/wp-content\/uploads\/2019\/08\/https-_lavozdemichoacan.com_.mx_wp-content_uploads_2018_08_jornaleros-trabajando-en-estados-unidos.jpg\" data-orig-size=\"700,466\" data-comments-opened=\"0\" data-image-meta=\"{&quot;aperture&quot;:&quot;0&quot;,&quot;credit&quot;:&quot;&quot;,&quot;camera&quot;:&quot;&quot;,&quot;caption&quot;:&quot;&quot;,&quot;created_timestamp&quot;:&quot;0&quot;,&quot;copyright&quot;:&quot;&quot;,&quot;focal_length&quot;:&quot;0&quot;,&quot;iso&quot;:&quot;0&quot;,&quot;shutter_speed&quot;:&quot;0&quot;,&quot;title&quot;:&quot;&quot;,&quot;orientation&quot;:&quot;0&quot;}\" data-image-title=\"https _lavozdemichoacan.com.mx_wp-content_uploads_2018_08_jornaleros-trabajando-en-estados-unidos\" data-image-description=\"\" data-image-caption=\"&lt;p&gt;Foto: Notimex.&lt;\/p&gt;\n\" data-medium-file=\"https:\/\/www.grieta.org.mx\/wp-content\/uploads\/2019\/08\/https-_lavozdemichoacan.com_.mx_wp-content_uploads_2018_08_jornaleros-trabajando-en-estados-unidos-300x200.jpg\" data-large-file=\"https:\/\/www.grieta.org.mx\/wp-content\/uploads\/2019\/08\/https-_lavozdemichoacan.com_.mx_wp-content_uploads_2018_08_jornaleros-trabajando-en-estados-unidos.jpg\" class=\"wp-image-38229\" src=\"http:\/\/www.grieta.org.mx\/wp-content\/uploads\/2019\/08\/https-_lavozdemichoacan.com_.mx_wp-content_uploads_2018_08_jornaleros-trabajando-en-estados-unidos.jpg\" alt=\"\" width=\"800\" height=\"533\" srcset=\"https:\/\/www.grieta.org.mx\/wp-content\/uploads\/2019\/08\/https-_lavozdemichoacan.com_.mx_wp-content_uploads_2018_08_jornaleros-trabajando-en-estados-unidos.jpg 700w, https:\/\/www.grieta.org.mx\/wp-content\/uploads\/2019\/08\/https-_lavozdemichoacan.com_.mx_wp-content_uploads_2018_08_jornaleros-trabajando-en-estados-unidos-300x200.jpg 300w\" sizes=\"auto, (max-width: 800px) 100vw, 800px\" \/><figcaption id=\"caption-attachment-38229\" class=\"wp-caption-text\">Foto: Notimex.<\/figcaption><\/figure>\n<p>De acuerdo a informaci\u00f3n de Primer Informe Violaci\u00f3n de Derechos de las y los Jornaleros Agr\u00edcolas en M\u00e9xico\u201d, publicado en 2019 y realizado por la Red Nacional de Jornaleros y Jornaleras Agr\u00edcolas, son 260 mil los jornaleros que trabajan en Michoac\u00e1n.<\/p>\n<p>Los trabajadores reciben salarios menores de 90 pesos al d\u00eda, y el 42 por ciento de \u00e9stos tiene menos de 30 a\u00f1os de edad, pero en las filas hay tambi\u00e9n ni\u00f1os y adultos mayores.<\/p>\n<p><strong>Los \u00abjornaleritos\u00bb de Coahuayana<\/strong><\/p>\n<p>El lodo es la alfombra \u00e1spera y pegajosa sobre la que caminan los pies descalzos y maltratados de los ni\u00f1os; la zanja de riego agr\u00edcola ubicada en la orilla del campamento es su alberca, sus regaderas y el lavadero para sus madres.<\/p>\n<p>Son cerca de 150 ni\u00f1os jornaleros en los campos de Coahuayana, en el estado de Michoac\u00e1n, condenados a vivir entre la miseria, pues sus padres se oponen a recibir ayuda de los gobiernos estatal y municipal.<\/p>\n<p>A 10 kil\u00f3metros de la cabecera municipal de Coahuayana, cerca de 300 campesinos migrantes establecieron un campamento construido de madera vieja y l\u00e1minas de cart\u00f3n, de \u00e9stos 148 son ni\u00f1os que trabajan en los campos de este municipio y al menos 90 son ind\u00edgenas del estado de Guerrero. Del resto de menores, 26 pertenecen a familias migrantes de Colima; siete de Chiapas; cinco de Tabasco; cuatro de Jalisco; una de Zacatecas y 15 de otros municipios de Michoac\u00e1n.<\/p>\n<p>Los jornales para ni\u00f1os y adultos inician a las 8:00 y terminan a las 17:00 horas. Seg\u00fan los propios migrantes, el municipio de Coahuayana es uno de los m\u00e1s seguros del pa\u00eds y donde mejor les pagan (200 pesos al d\u00eda por campesino).<\/p>\n<p>Pese a que las mujeres de acuerdo con sus usos y costumbres\u2014 no deben emitir opiniones ni platicar con extra\u00f1os sin la autorizaci\u00f3n del l\u00edder de la comunidad, Margarita accede a una breve charla. Ella es madre de dos hijos y espera un tercero. Su embarazo no le impide internarse en los surcos del campo, techado en su mayor\u00eda por altas temperaturas, al estar ubicado en la Sierra Costa michoacana, colindante con Colima.<\/p>\n<p>Mago apenas habla el castellano: su lengua natal es el mixteco; sin embargo, describe en frases cortas que el trabajo es muy duro, pero es lo \u00fanico que saben hacer. Lleg\u00f3 muy chica a los cultivos y desde hace 10 a\u00f1os no va a su tierra: Tlapa, municipio ubicado en La Monta\u00f1a del estado de Guerrero, a casi 897 kil\u00f3metros de Coahuayana.<\/p>\n<p>Se\u00f1ala que ni ella ni sus familiares piensan en cambiar de actividad laboral, porque es lo que han hecho por varias generaciones y en Coahuayana es donde mejor les pagan de los campos que han recorrido del pa\u00eds. Cuenta que para ganar 200 pesos debe cumplir con un horario de ocho horas. Tiene una para comer. Se lleva a la siembra o cosecha a sus dos hijos, para trabajar. La t\u00edmida mujer de estatura baja y tez morena pertenece a una de las colonias de migrantes que llegan a Coahuayana. En enero y en mayo se trasladan a Jalisco.<\/p>\n<p><strong>Los Reyes, en la injusticia<\/strong><\/p>\n<p>Las lluvias son el constante dolor de cabeza de los jornaleros de Los Reyes, ellos viven en condiciones de vulnerabilidad ante la temporada de tormentas.<\/p>\n<p>En la localidad de San Sebasti\u00e1n ya ha habido jornaleros, que trabajan en campos de frutillas y aguacate, damnificados por las lluvias.<\/p>\n<p>Resultando parad\u00f3jico que el cultivo menos rentable, como lo es la ca\u00f1a de az\u00facar, s\u00ed tenga protegidos a los jornaleros que ocupa tanto en las labores cotidianas del cultivo (aguadores, mayordomos, aplicadores de fertilizante, entre otros) como de cosecha o corte la mayor\u00eda de estos procedentes de otros estados, quienes junto con sus familias, est\u00e1n protegidos del servicio m\u00e9dico, desde que parten de sus lugares de origen.<\/p>\n<figure id=\"attachment_38230\" aria-describedby=\"caption-attachment-38230\" style=\"width: 800px\" class=\"wp-caption aligncenter\"><img loading=\"lazy\" decoding=\"async\" data-attachment-id=\"38230\" data-permalink=\"https:\/\/www.grieta.org.mx\/index.php\/2019\/08\/24\/en-pobreza-riesgo-y-condiciones-deplorables-persiste-el-trabajo-jornalero-en-michoacan\/https-_lavozdemichoacan-com-mx_wp-content_uploads_2018_08_albergue-jornaleros-21\/\" data-orig-file=\"https:\/\/www.grieta.org.mx\/wp-content\/uploads\/2019\/08\/https-_lavozdemichoacan.com_.mx_wp-content_uploads_2018_08_ALBERGUE-JORNALEROS-21.jpg\" data-orig-size=\"700,466\" data-comments-opened=\"0\" data-image-meta=\"{&quot;aperture&quot;:&quot;0&quot;,&quot;credit&quot;:&quot;&quot;,&quot;camera&quot;:&quot;&quot;,&quot;caption&quot;:&quot;&quot;,&quot;created_timestamp&quot;:&quot;0&quot;,&quot;copyright&quot;:&quot;&quot;,&quot;focal_length&quot;:&quot;0&quot;,&quot;iso&quot;:&quot;0&quot;,&quot;shutter_speed&quot;:&quot;0&quot;,&quot;title&quot;:&quot;&quot;,&quot;orientation&quot;:&quot;0&quot;}\" data-image-title=\"https _lavozdemichoacan.com.mx_wp-content_uploads_2018_08_ALBERGUE-JORNALEROS-21\" data-image-description=\"\" data-image-caption=\"&lt;p&gt;Foto: Archivo.&lt;\/p&gt;\n\" data-medium-file=\"https:\/\/www.grieta.org.mx\/wp-content\/uploads\/2019\/08\/https-_lavozdemichoacan.com_.mx_wp-content_uploads_2018_08_ALBERGUE-JORNALEROS-21-300x200.jpg\" data-large-file=\"https:\/\/www.grieta.org.mx\/wp-content\/uploads\/2019\/08\/https-_lavozdemichoacan.com_.mx_wp-content_uploads_2018_08_ALBERGUE-JORNALEROS-21.jpg\" class=\"wp-image-38230\" src=\"http:\/\/www.grieta.org.mx\/wp-content\/uploads\/2019\/08\/https-_lavozdemichoacan.com_.mx_wp-content_uploads_2018_08_ALBERGUE-JORNALEROS-21.jpg\" alt=\"\" width=\"800\" height=\"533\" srcset=\"https:\/\/www.grieta.org.mx\/wp-content\/uploads\/2019\/08\/https-_lavozdemichoacan.com_.mx_wp-content_uploads_2018_08_ALBERGUE-JORNALEROS-21.jpg 700w, https:\/\/www.grieta.org.mx\/wp-content\/uploads\/2019\/08\/https-_lavozdemichoacan.com_.mx_wp-content_uploads_2018_08_ALBERGUE-JORNALEROS-21-300x200.jpg 300w\" sizes=\"auto, (max-width: 800px) 100vw, 800px\" \/><figcaption id=\"caption-attachment-38230\" class=\"wp-caption-text\">Foto: Archivo.<\/figcaption><\/figure>\n<p>El sector ca\u00f1ero es un ejemplo de esquema de protecci\u00f3n social, donde gobierno y ca\u00f1eros han conjugado esfuerzos para brindar la m\u00ednima protecci\u00f3n social, pues en un esquema especial desde el momento en que salen de su lugar de origen pasan a ser derechohabientes del Instituto Mexicano del Seguro Social (IMSS), adem\u00e1s de contar con una red de albergues, donde cuentan con todos los servicios a cargo de los ca\u00f1eros y que a\u00f1o con a\u00f1o antes de iniciar la zafra les da mantenimiento.<\/p>\n<p>En contraste la gran mayor\u00eda de los trabajadores del campo de los cultivos del aguacate y las berries, solo reciben su salario, corriendo por su cuenta el servicio m\u00e9dico y en el caso de jornaleros migrantes su hospedaje.<\/p>\n<p>Los jefes de familia revelaron a La Voz de Michoac\u00e1n que les cobran 200 pesos semanales (800 pesos al mes) por chozas de 3 metros por 3 metros con muros de triplay l\u00e1minas de metal, algunas cuantas con pisos de cemento, cocinando en fogones a no m\u00e1s de dos metros de las chozas con todo lo que implica el riesgo de incendio y \u201cba\u00f1os\u201d colectivos, a unos cuantos metros de la ribera del r\u00edo Itz\u00edcuaro o de \u201cEl Chivo\u201d.<\/p>\n<p><strong>Vulnerables, hasta en el traslado<\/strong><\/p>\n<p>En muchos de los casos, los jornaleros michoacanos son trasladados por camiones de sus jefes, y en algunos casos las condiciones no son seguras.<\/p>\n<p>Hace un a\u00f1o un cami\u00f3n con decenas de jornaleros agr\u00edcolas se qued\u00f3 sin frenos e impact\u00f3 con gran fuerza contra un poste de tel\u00e9fonos de M\u00e9xico y un \u00e1rbol, a la orilla de la carretera Jacona-Los Reyes, a la altura de la comunidad de Los Manguitos, perteneciente a esta comunidad de Santa Clara del municipio de Tocumbo.<\/p>\n<p>El saldo fue de varios trabajadores con golpes y contusiones, mientras que el conductor result\u00f3 lesionado de gravedad, al parecer tuvo estallamiento de v\u00edsceras.<\/p>\n<p>La unidad era el transporte en el que llevaban a todos los jornaleros, \u00e9sta se qued\u00f3 sin frenos.<\/p>\n<p><a href=\"https:\/\/lavozdemichoacan.com.mx\/regional\/en-pobreza-riesgo-y-condiciones-deplorables-persiste-el-trabajo-jornalero-en-michoacan\/\">https:\/\/lavozdemichoacan.com.mx\/regional\/en-pobreza-riesgo-y-condiciones-deplorables-persiste-el-trabajo-jornalero-en-michoacan\/<\/a><\/p>\n","protected":false},"excerpt":{"rendered":"<p>Redacci\u00f3n\/ La Voz de Michoac\u00e1n, 23 de agosto de 2019 Michoac\u00e1n. La esclavitud moderna tiene muchos rostros, uno de ellos es el trabajo jornalero. Son alrededor de 250 mil los &hellip; <a href=\"https:\/\/www.grieta.org.mx\/index.php\/2019\/08\/24\/en-pobreza-riesgo-y-condiciones-deplorables-persiste-el-trabajo-jornalero-en-michoacan\/\" class=\"more-link\">Leer m\u00e1s<\/a><\/p>\n","protected":false},"author":2,"featured_media":38228,"comment_status":"closed","ping_status":"closed","sticky":false,"template":"","format":"standard","meta":{"ngg_post_thumbnail":0,"_jetpack_newsletter_access":"","_jetpack_dont_email_post_to_subs":false,"_jetpack_newsletter_tier_id":0,"_jetpack_memberships_contains_paywalled_content":false,"_jetpack_memberships_contains_paid_content":false,"footnotes":""},"categories":[80,2278,993,910,85,1604,21],"tags":[1291,2794,2362,1056],"class_list":["post-38227","post","type-post","status-publish","format-standard","has-post-thumbnail","hentry","category-cintillo","category-crisis-en-el-sistema-de-salud-de-michoacan","category-explotacion-y-abuso-infantil-en-michoacan","category-explotacion-y-precariedad-laboral","category-jornaleros","category-jornaleros-en-michoacan-michoacan","category-michoacan","tag-explotacion-laboral","tag-jornaleros-agricolas","tag-la-ninez-en-la-tormenta","tag-lucha-de-jornaleros","entry"],"jetpack_featured_media_url":"https:\/\/www.grieta.org.mx\/wp-content\/uploads\/2019\/08\/jornaleros-los-reyes.jpg","jetpack_sharing_enabled":true,"jetpack_shortlink":"https:\/\/wp.me\/p7ZJR4-9Wz","jetpack_likes_enabled":false,"jetpack-related-posts":[{"id":41059,"url":"https:\/\/www.grieta.org.mx\/index.php\/2019\/11\/05\/jornaleros-agricolas-de-michoacan-sufren-de-explotacion-en-el-campo\/","url_meta":{"origin":38227,"position":0},"title":"Jornaleros agr\u00edcolas de Michoac\u00e1n sufren de explotaci\u00f3n en el campo","author":"grieta","date":"5 noviembre, 2019","format":false,"excerpt":"\u00a0 En el estado de Michoac\u00e1n los trabajadores del campo no reciben las atenciones adecuadas y trabajan m\u00e1s de lo correspondido con el mismo salario Luis Flores \/ Tribuna, 05 de Noviembre de 2019 Morelia, Michoac\u00e1n.- La mayor\u00eda de los trabajadores del campo perciben 200 y 250 pesos por d\u00eda\u2026","rel":"","context":"En &quot;CINTILLO&quot;","block_context":{"text":"CINTILLO","link":"https:\/\/www.grieta.org.mx\/index.php\/category\/cintillo\/"},"img":{"alt_text":"","src":"https:\/\/i0.wp.com\/www.grieta.org.mx\/wp-content\/uploads\/2019\/11\/jornaleros2019.jpg?resize=350%2C200&ssl=1","width":350,"height":200,"srcset":"https:\/\/i0.wp.com\/www.grieta.org.mx\/wp-content\/uploads\/2019\/11\/jornaleros2019.jpg?resize=350%2C200&ssl=1 1x, https:\/\/i0.wp.com\/www.grieta.org.mx\/wp-content\/uploads\/2019\/11\/jornaleros2019.jpg?resize=525%2C300&ssl=1 1.5x, https:\/\/i0.wp.com\/www.grieta.org.mx\/wp-content\/uploads\/2019\/11\/jornaleros2019.jpg?resize=700%2C400&ssl=1 2x, https:\/\/i0.wp.com\/www.grieta.org.mx\/wp-content\/uploads\/2019\/11\/jornaleros2019.jpg?resize=1050%2C600&ssl=1 3x, https:\/\/i0.wp.com\/www.grieta.org.mx\/wp-content\/uploads\/2019\/11\/jornaleros2019.jpg?resize=1400%2C800&ssl=1 4x"},"classes":[]},{"id":35431,"url":"https:\/\/www.grieta.org.mx\/index.php\/2019\/06\/12\/dia-mundial-contra-el-trabajo-infantil-en-michoacan-trabajan-100-mil\/","url_meta":{"origin":38227,"position":1},"title":"D\u00eda Mundial Contra el Trabajo Infantil: en Michoac\u00e1n trabajan 100 mil","author":"grieta","date":"12 junio, 2019","format":false,"excerpt":"Dalia Villegas Moreno\/Quadrat\u00edn, 12 de junio de 2019 MORELIA, Mich., 12 de junio de 2019.- De acuerdo con el Consejo Estatal de Poblaci\u00f3n (Coespo), en Michoac\u00e1n trabajan alrededor de 100 mil ni\u00f1os, principalmente en los campos agr\u00edcolas donde se desempe\u00f1an como jornaleros. En el Marco del D\u00eda Mundial Contra el\u2026","rel":"","context":"En &quot;CINTILLO&quot;","block_context":{"text":"CINTILLO","link":"https:\/\/www.grieta.org.mx\/index.php\/category\/cintillo\/"},"img":{"alt_text":"","src":"https:\/\/i0.wp.com\/www.grieta.org.mx\/wp-content\/uploads\/2019\/06\/trabajo-infantil-1160x700.jpg?resize=350%2C200&ssl=1","width":350,"height":200,"srcset":"https:\/\/i0.wp.com\/www.grieta.org.mx\/wp-content\/uploads\/2019\/06\/trabajo-infantil-1160x700.jpg?resize=350%2C200&ssl=1 1x, https:\/\/i0.wp.com\/www.grieta.org.mx\/wp-content\/uploads\/2019\/06\/trabajo-infantil-1160x700.jpg?resize=525%2C300&ssl=1 1.5x, https:\/\/i0.wp.com\/www.grieta.org.mx\/wp-content\/uploads\/2019\/06\/trabajo-infantil-1160x700.jpg?resize=700%2C400&ssl=1 2x, https:\/\/i0.wp.com\/www.grieta.org.mx\/wp-content\/uploads\/2019\/06\/trabajo-infantil-1160x700.jpg?resize=1050%2C600&ssl=1 3x"},"classes":[]},{"id":35949,"url":"https:\/\/www.grieta.org.mx\/index.php\/2019\/04\/15\/tanhuato-y-yurecuaro-rebasados-para-atender-a-jornaleros-agricolas-michoacan\/","url_meta":{"origin":38227,"position":2},"title":"Tanhuato y Yur\u00e9cuaro, rebasados para atender a jornaleros agr\u00edcolas (Michoac\u00e1n)","author":"grieta","date":"15 abril, 2019","format":false,"excerpt":"La CEDH acepta que en los municipios no existen las condiciones adecuadas en los albergues DANIELA OSORIO \/ El Sol de Michoac\u00e1n, 15 de abril de 2019 Los municipios receptores de jornaleros agr\u00edcolas se encuentran rebasados por la cantidad de personas que hay en este sector, y sin apoyo de\u2026","rel":"","context":"En &quot;CINTILLO&quot;","block_context":{"text":"CINTILLO","link":"https:\/\/www.grieta.org.mx\/index.php\/category\/cintillo\/"},"img":{"alt_text":"","src":"https:\/\/i0.wp.com\/www.grieta.org.mx\/wp-content\/uploads\/2019\/07\/JORNALEROS-YURECUARO.jpg?resize=350%2C200&ssl=1","width":350,"height":200,"srcset":"https:\/\/i0.wp.com\/www.grieta.org.mx\/wp-content\/uploads\/2019\/07\/JORNALEROS-YURECUARO.jpg?resize=350%2C200&ssl=1 1x, https:\/\/i0.wp.com\/www.grieta.org.mx\/wp-content\/uploads\/2019\/07\/JORNALEROS-YURECUARO.jpg?resize=525%2C300&ssl=1 1.5x, https:\/\/i0.wp.com\/www.grieta.org.mx\/wp-content\/uploads\/2019\/07\/JORNALEROS-YURECUARO.jpg?resize=700%2C400&ssl=1 2x"},"classes":[]},{"id":32070,"url":"https:\/\/www.grieta.org.mx\/index.php\/2019\/04\/12\/jornaleros-entre-pobreza-y-explotacion-michoacan\/","url_meta":{"origin":38227,"position":3},"title":"Jornaleros, entre pobreza y explotaci\u00f3n (Michoac\u00e1n)","author":"grieta","date":"12 abril, 2019","format":false,"excerpt":"En Michoac\u00e1n hay m\u00e1s de 260 mil trabajadores del sector agr\u00edcola que no son atendidos por autoridades federales, estatales y municipales DANIELA OSORIO\/ El Sol de Zamora, 12 de abril de 2019 El a\u00f1o pasado, una familia humilde de cinco integrantes pernoct\u00f3 por tres d\u00edas bajo un \u00e1rbol afuera de\u2026","rel":"","context":"En &quot;CINTILLO&quot;","block_context":{"text":"CINTILLO","link":"https:\/\/www.grieta.org.mx\/index.php\/category\/cintillo\/"},"img":{"alt_text":"","src":"https:\/\/i0.wp.com\/www.grieta.org.mx\/wp-content\/uploads\/2019\/04\/JORNALEROS-TANHUATO.jpg?resize=350%2C200&ssl=1","width":350,"height":200,"srcset":"https:\/\/i0.wp.com\/www.grieta.org.mx\/wp-content\/uploads\/2019\/04\/JORNALEROS-TANHUATO.jpg?resize=350%2C200&ssl=1 1x, https:\/\/i0.wp.com\/www.grieta.org.mx\/wp-content\/uploads\/2019\/04\/JORNALEROS-TANHUATO.jpg?resize=525%2C300&ssl=1 1.5x, https:\/\/i0.wp.com\/www.grieta.org.mx\/wp-content\/uploads\/2019\/04\/JORNALEROS-TANHUATO.jpg?resize=700%2C400&ssl=1 2x"},"classes":[]},{"id":2770,"url":"https:\/\/www.grieta.org.mx\/index.php\/2015\/03\/31\/colima-entre-los-18-estados-donde-se-explota-a-los-jornaleros-agricolas-fiob\/","url_meta":{"origin":38227,"position":4},"title":"Colima, entre los 18 estados donde se explota a los jornaleros agr\u00edcolas: FIOB","author":"grieta","date":"31 marzo, 2015","format":false,"excerpt":"\u201cColima, M\u00e9xico. Avanzada (31 de marzo de 2015).- El Frente Ind\u00edgena de Organizaciones Binacionales (FIOB) denunci\u00f3 que en 18 estados del pa\u00eds, entre ellos Colima, Sinaloa, Sonora, Baja California, Jalisco y Nayarit, los jornaleros agr\u00edcolas viven en condiciones de vulnerabilidad y constante violaci\u00f3n a sus derechos fundamentales. \u201cSin que hasta\u2026","rel":"","context":"En &quot;CINTILLO&quot;","block_context":{"text":"CINTILLO","link":"https:\/\/www.grieta.org.mx\/index.php\/category\/cintillo\/"},"img":{"alt_text":"","src":"https:\/\/i0.wp.com\/www.grieta.org.mx\/wp-content\/uploads\/2018\/03\/14524434_1106112876131411_958039263622046936_o.jpg?resize=350%2C200&ssl=1","width":350,"height":200,"srcset":"https:\/\/i0.wp.com\/www.grieta.org.mx\/wp-content\/uploads\/2018\/03\/14524434_1106112876131411_958039263622046936_o.jpg?resize=350%2C200&ssl=1 1x, https:\/\/i0.wp.com\/www.grieta.org.mx\/wp-content\/uploads\/2018\/03\/14524434_1106112876131411_958039263622046936_o.jpg?resize=525%2C300&ssl=1 1.5x, https:\/\/i0.wp.com\/www.grieta.org.mx\/wp-content\/uploads\/2018\/03\/14524434_1106112876131411_958039263622046936_o.jpg?resize=700%2C400&ssl=1 2x"},"classes":[]},{"id":25405,"url":"https:\/\/www.grieta.org.mx\/index.php\/2018\/08\/06\/denuncian-hostigamiento-contra-jornaleros-migrantes-en-michoacan\/","url_meta":{"origin":38227,"position":5},"title":"Denuncian hostigamiento contra jornaleros migrantes en Michoac\u00e1n","author":"grieta","date":"6 agosto, 2018","format":false,"excerpt":"Redacci\u00f3n\/ SDP Noticias Las familias pureh\u00e9pechas son amenazadas con \"dejarlas en la calle\" si no pagan una cuota arbitraria establecida por las autoridades del municipio de Tanhuato. Michoac\u00e1n.- Polic\u00edas municipales amenazaron a familias jornaleras que habitan el albergue de Tanhuato, Michoac\u00e1n con \u201csacarlas a la calle\u201d si no se les\u2026","rel":"","context":"En &quot;CINTILLO&quot;","block_context":{"text":"CINTILLO","link":"https:\/\/www.grieta.org.mx\/index.php\/category\/cintillo\/"},"img":{"alt_text":"","src":"https:\/\/i0.wp.com\/www.grieta.org.mx\/wp-content\/uploads\/2018\/08\/1836_jornaleros-michoacanos_620x350.jpg?resize=350%2C200&ssl=1","width":350,"height":200,"srcset":"https:\/\/i0.wp.com\/www.grieta.org.mx\/wp-content\/uploads\/2018\/08\/1836_jornaleros-michoacanos_620x350.jpg?resize=350%2C200&ssl=1 1x, https:\/\/i0.wp.com\/www.grieta.org.mx\/wp-content\/uploads\/2018\/08\/1836_jornaleros-michoacanos_620x350.jpg?resize=525%2C300&ssl=1 1.5x"},"classes":[]}],"_links":{"self":[{"href":"https:\/\/www.grieta.org.mx\/index.php\/wp-json\/wp\/v2\/posts\/38227","targetHints":{"allow":["GET"]}}],"collection":[{"href":"https:\/\/www.grieta.org.mx\/index.php\/wp-json\/wp\/v2\/posts"}],"about":[{"href":"https:\/\/www.grieta.org.mx\/index.php\/wp-json\/wp\/v2\/types\/post"}],"author":[{"embeddable":true,"href":"https:\/\/www.grieta.org.mx\/index.php\/wp-json\/wp\/v2\/users\/2"}],"replies":[{"embeddable":true,"href":"https:\/\/www.grieta.org.mx\/index.php\/wp-json\/wp\/v2\/comments?post=38227"}],"version-history":[{"count":1,"href":"https:\/\/www.grieta.org.mx\/index.php\/wp-json\/wp\/v2\/posts\/38227\/revisions"}],"predecessor-version":[{"id":38231,"href":"https:\/\/www.grieta.org.mx\/index.php\/wp-json\/wp\/v2\/posts\/38227\/revisions\/38231"}],"wp:featuredmedia":[{"embeddable":true,"href":"https:\/\/www.grieta.org.mx\/index.php\/wp-json\/wp\/v2\/media\/38228"}],"wp:attachment":[{"href":"https:\/\/www.grieta.org.mx\/index.php\/wp-json\/wp\/v2\/media?parent=38227"}],"wp:term":[{"taxonomy":"category","embeddable":true,"href":"https:\/\/www.grieta.org.mx\/index.php\/wp-json\/wp\/v2\/categories?post=38227"},{"taxonomy":"post_tag","embeddable":true,"href":"https:\/\/www.grieta.org.mx\/index.php\/wp-json\/wp\/v2\/tags?post=38227"}],"curies":[{"name":"wp","href":"https:\/\/api.w.org\/{rel}","templated":true}]}}