{"id":38221,"date":"2019-08-14T19:53:59","date_gmt":"2019-08-15T00:53:59","guid":{"rendered":"http:\/\/www.grieta.org.mx\/?p=38221"},"modified":"2019-08-23T20:04:18","modified_gmt":"2019-08-24T01:04:18","slug":"inmobiliaria-promueve-venta-de-selva-para-poner-hotel-o-condominios-jalisco","status":"publish","type":"post","link":"https:\/\/www.grieta.org.mx\/index.php\/2019\/08\/14\/inmobiliaria-promueve-venta-de-selva-para-poner-hotel-o-condominios-jalisco\/","title":{"rendered":"Inmobiliaria promueve \u201cventa de selva\u201d para poner hotel o condominios (Jalisco)"},"content":{"rendered":"<p><img loading=\"lazy\" decoding=\"async\" data-attachment-id=\"38222\" data-permalink=\"https:\/\/www.grieta.org.mx\/index.php\/2019\/08\/14\/inmobiliaria-promueve-venta-de-selva-para-poner-hotel-o-condominios-jalisco\/unnamed-7\/\" data-orig-file=\"https:\/\/www.grieta.org.mx\/wp-content\/uploads\/2019\/08\/unnamed-7.jpg\" data-orig-size=\"1000,750\" data-comments-opened=\"0\" data-image-meta=\"{&quot;aperture&quot;:&quot;0&quot;,&quot;credit&quot;:&quot;&quot;,&quot;camera&quot;:&quot;&quot;,&quot;caption&quot;:&quot;&quot;,&quot;created_timestamp&quot;:&quot;0&quot;,&quot;copyright&quot;:&quot;&quot;,&quot;focal_length&quot;:&quot;0&quot;,&quot;iso&quot;:&quot;0&quot;,&quot;shutter_speed&quot;:&quot;0&quot;,&quot;title&quot;:&quot;&quot;,&quot;orientation&quot;:&quot;0&quot;}\" data-image-title=\"unnamed-7\" data-image-description=\"\" data-image-caption=\"\" data-medium-file=\"https:\/\/www.grieta.org.mx\/wp-content\/uploads\/2019\/08\/unnamed-7-300x225.jpg\" data-large-file=\"https:\/\/www.grieta.org.mx\/wp-content\/uploads\/2019\/08\/unnamed-7.jpg\" class=\" wp-image-38222 aligncenter\" src=\"http:\/\/www.grieta.org.mx\/wp-content\/uploads\/2019\/08\/unnamed-7.jpg\" alt=\"\" width=\"800\" height=\"600\" srcset=\"https:\/\/www.grieta.org.mx\/wp-content\/uploads\/2019\/08\/unnamed-7.jpg 1000w, https:\/\/www.grieta.org.mx\/wp-content\/uploads\/2019\/08\/unnamed-7-300x225.jpg 300w, https:\/\/www.grieta.org.mx\/wp-content\/uploads\/2019\/08\/unnamed-7-768x576.jpg 768w, https:\/\/www.grieta.org.mx\/wp-content\/uploads\/2019\/08\/unnamed-7-667x500.jpg 667w\" sizes=\"auto, (max-width: 800px) 100vw, 800px\" \/><\/p>\n<p>Jos\u00e9 R\u00e9yes Burgos \/ Vallarta Opina<\/p>\n<p>En redes sociales ha causado indignaci\u00f3n la publicaci\u00f3n de una empresa inmobiliaria, misma que ha difundido fotograf\u00edas a\u00e9reas de la selva en la costa sur de la bah\u00eda, y a las cuales promueve como \u201cun sitio ideal para un hotel boutique, un complejo privado o una combinaci\u00f3n de hotel, condominios y villas privadas\u201d.<\/p>\n<p>La empresa Coldwell Banker Real State ha realizado la publicaci\u00f3n, en donde ofrece lotes en venta en medio de la selva colocando im\u00e1genes de playas como Colomitos, y la parte sur de la bah\u00eda llena de vegetaci\u00f3n, ofreciendo en esta zona sus terrenos para construir.<\/p>\n<p>Esta publicaci\u00f3n ha sido compartida por p\u00e1ginas ambientalistas que expresan su desacuerdo en ofrecer la riqueza biol\u00f3gica de la bah\u00eda como producto en venta, sin embargo, no existe ninguna denuncia formal en contra de la firma por alg\u00fan crimen ecol\u00f3gico.<\/p>\n<p><img loading=\"lazy\" decoding=\"async\" class=\"alignleft\" src=\"http:\/\/vallartaopina.net\/wp-content\/uploads\/2019\/08\/68589855_667625500406627_4178845141391376384_n.jpg\" width=\"296\" height=\"529\" \/><img loading=\"lazy\" decoding=\"async\" class=\"aligncenter\" src=\"http:\/\/vallartaopina.net\/wp-content\/uploads\/2019\/08\/68270477_403289763627380_4357958059457249280_n.jpg\" width=\"303\" height=\"545\" \/><\/p>\n<p><a href=\"http:\/\/vallartaopina.net\/2019\/08\/14\/notas-principales-del-dia\/inmobiliaria-promueve-venta-de-selva-para-poner-hotel-o-condominios\/\">http:\/\/vallartaopina.net\/2019\/08\/14\/notas-principales-del-dia\/inmobiliaria-promueve-venta-de-selva-para-poner-hotel-o-condominios\/<\/a><\/p>\n","protected":false},"excerpt":{"rendered":"<p>Jos\u00e9 R\u00e9yes Burgos \/ Vallarta Opina En redes sociales ha causado indignaci\u00f3n la publicaci\u00f3n de una empresa inmobiliaria, misma que ha difundido fotograf\u00edas a\u00e9reas de la selva en la costa &hellip; <a href=\"https:\/\/www.grieta.org.mx\/index.php\/2019\/08\/14\/inmobiliaria-promueve-venta-de-selva-para-poner-hotel-o-condominios-jalisco\/\" class=\"more-link\">Leer m\u00e1s<\/a><\/p>\n","protected":false},"author":2,"featured_media":38222,"comment_status":"closed","ping_status":"closed","sticky":false,"template":"","format":"standard","meta":{"ngg_post_thumbnail":0,"_jetpack_newsletter_access":"","_jetpack_dont_email_post_to_subs":false,"_jetpack_newsletter_tier_id":0,"_jetpack_memberships_contains_paywalled_content":false,"_jetpack_memberships_contains_paid_content":false,"footnotes":""},"categories":[80,2280,20,2],"tags":[464,252],"class_list":["post-38221","post","type-post","status-publish","format-standard","has-post-thumbnail","hentry","category-cintillo","category-conflictos-ambientales-en-jalisco","category-jalisco","category-noticias-nacionales","tag-impacto-ambiental","tag-privatizacion","entry"],"jetpack_featured_media_url":"https:\/\/www.grieta.org.mx\/wp-content\/uploads\/2019\/08\/unnamed-7.jpg","jetpack_sharing_enabled":true,"jetpack_shortlink":"https:\/\/wp.me\/p7ZJR4-9Wt","jetpack_likes_enabled":false,"jetpack-related-posts":[{"id":21400,"url":"https:\/\/www.grieta.org.mx\/index.php\/2016\/09\/07\/hostigan-a-defensores-de-bosque-en-jalisco\/","url_meta":{"origin":38221,"position":0},"title":"Hostigan a defensores de bosque en Jalisco","author":"grieta","date":"7 septiembre, 2016","format":false,"excerpt":"Empresa que pretende deforestar El Nixticuil acusa a los ambientalistas de extorsi\u00f3n y chantaje Sididh Ciudad de M\u00e9xico, 07 de septiembre de 2016.- La inmobiliaria Spinelli Corporation, que pretende deforestar el jalisciense bosque El Nixticuil para construir un fraccionamiento habitacional, denunci\u00f3 a los defensores ambientalistas del Comit\u00e9 Salvabosque por extorsi\u00f3n\u2026","rel":"","context":"En &quot;CINTILLO&quot;","block_context":{"text":"CINTILLO","link":"https:\/\/www.grieta.org.mx\/index.php\/category\/cintillo\/"},"img":{"alt_text":"","src":"https:\/\/i0.wp.com\/www.grieta.org.mx\/wp-content\/uploads\/2018\/03\/14524434_1106112876131411_958039263622046936_o.jpg?resize=350%2C200&ssl=1","width":350,"height":200,"srcset":"https:\/\/i0.wp.com\/www.grieta.org.mx\/wp-content\/uploads\/2018\/03\/14524434_1106112876131411_958039263622046936_o.jpg?resize=350%2C200&ssl=1 1x, https:\/\/i0.wp.com\/www.grieta.org.mx\/wp-content\/uploads\/2018\/03\/14524434_1106112876131411_958039263622046936_o.jpg?resize=525%2C300&ssl=1 1.5x, https:\/\/i0.wp.com\/www.grieta.org.mx\/wp-content\/uploads\/2018\/03\/14524434_1106112876131411_958039263622046936_o.jpg?resize=700%2C400&ssl=1 2x"},"classes":[]},{"id":71809,"url":"https:\/\/www.grieta.org.mx\/index.php\/2025\/06\/02\/hotel-plaza-pelicanos-bloquea-acceso-a-playa-las-glorias-con-macetones-jalisco\/","url_meta":{"origin":38221,"position":1},"title":"Hotel Plaza Pel\u00edcanos bloquea acceso a playa Las Glorias con macetones (Jalisco)","author":"grieta","date":"2 junio, 2025","format":false,"excerpt":"Imagen: Tribuna de la Bah\u00eda Miguel Gonz\u00e1lez Guerra \/ Tribuna de la Bah\u00eda Denuncias ciudadanas recibidas por CPS Noticias\u2013Tribuna de la Bah\u00eda alertaron sobre el presunto intento del hotel Plaza Pel\u00edcanos de privatizar arbitrariamente la calle Pablo Picasso, \u00fanico acceso vehicular a la popular playa Las Glorias, en la zona\u2026","rel":"","context":"En &quot;CINTILLO&quot;","block_context":{"text":"CINTILLO","link":"https:\/\/www.grieta.org.mx\/index.php\/category\/cintillo\/"},"img":{"alt_text":"","src":"https:\/\/i0.wp.com\/www.grieta.org.mx\/wp-content\/uploads\/2025\/06\/Bloquean-acceso-a-playa-Las-Glorias1.jpg?resize=350%2C200&ssl=1","width":350,"height":200,"srcset":"https:\/\/i0.wp.com\/www.grieta.org.mx\/wp-content\/uploads\/2025\/06\/Bloquean-acceso-a-playa-Las-Glorias1.jpg?resize=350%2C200&ssl=1 1x, https:\/\/i0.wp.com\/www.grieta.org.mx\/wp-content\/uploads\/2025\/06\/Bloquean-acceso-a-playa-Las-Glorias1.jpg?resize=525%2C300&ssl=1 1.5x, https:\/\/i0.wp.com\/www.grieta.org.mx\/wp-content\/uploads\/2025\/06\/Bloquean-acceso-a-playa-Las-Glorias1.jpg?resize=700%2C400&ssl=1 2x, https:\/\/i0.wp.com\/www.grieta.org.mx\/wp-content\/uploads\/2025\/06\/Bloquean-acceso-a-playa-Las-Glorias1.jpg?resize=1050%2C600&ssl=1 3x"},"classes":[]},{"id":20797,"url":"https:\/\/www.grieta.org.mx\/index.php\/2016\/09\/02\/no-le-tenemos-miedo-a-spinelli-jalisco\/","url_meta":{"origin":38221,"position":2},"title":"No le tenemos miedo a Spinelli (Jalisco)","author":"grieta","date":"2 septiembre, 2016","format":false,"excerpt":"Su demanda no nos quita el sue\u00f1o, revira el Comit\u00e9 Salvabosque Tras el recurso legal por da\u00f1o moral interpuesto por la fraccionadora, los activistas difundieron un comunicado en Facebook donde dijeron que no ser\u00e1n amedrentados, pues se les acusa de \u201csupuesta \u2018extorsi\u00f3n y chantaje\u2019\u201d; ciudadanos los apoyaron en la red\u2026","rel":"","context":"En &quot;CINTILLO&quot;","block_context":{"text":"CINTILLO","link":"https:\/\/www.grieta.org.mx\/index.php\/category\/cintillo\/"},"img":{"alt_text":"","src":"https:\/\/i0.wp.com\/www.grieta.org.mx\/wp-content\/uploads\/2018\/03\/14524434_1106112876131411_958039263622046936_o.jpg?resize=350%2C200&ssl=1","width":350,"height":200,"srcset":"https:\/\/i0.wp.com\/www.grieta.org.mx\/wp-content\/uploads\/2018\/03\/14524434_1106112876131411_958039263622046936_o.jpg?resize=350%2C200&ssl=1 1x, https:\/\/i0.wp.com\/www.grieta.org.mx\/wp-content\/uploads\/2018\/03\/14524434_1106112876131411_958039263622046936_o.jpg?resize=525%2C300&ssl=1 1.5x, https:\/\/i0.wp.com\/www.grieta.org.mx\/wp-content\/uploads\/2018\/03\/14524434_1106112876131411_958039263622046936_o.jpg?resize=700%2C400&ssl=1 2x"},"classes":[]},{"id":41196,"url":"https:\/\/www.grieta.org.mx\/index.php\/2019\/11\/12\/se-apropian-empresarios-de-tierras-de-santa-cruz\/","url_meta":{"origin":38221,"position":3},"title":"Se apropian empresarios de tierras de Santa Cruz (Jalisco)","author":"grieta","date":"12 noviembre, 2019","format":false,"excerpt":"Foto: 44LAB De acuerdo a ejidatarios, que prefieren guardar el anonimato, la asignaci\u00f3n de tierras se hizo de manera ilegal y con simulaciones, ya que nadie en el ejido conoc\u00eda a estas personas 44LAB \/ UDGTV Guadalajara, Jalisco. Para obtener las 130 hect\u00e1reas pertenecientes al uso com\u00fan del ejido de\u2026","rel":"","context":"En &quot;CINTILLO&quot;","block_context":{"text":"CINTILLO","link":"https:\/\/www.grieta.org.mx\/index.php\/category\/cintillo\/"},"img":{"alt_text":"","src":"https:\/\/i0.wp.com\/www.grieta.org.mx\/wp-content\/uploads\/2019\/11\/Santa-Cruz-ejidal-44LAB-2-1068x801.jpg?resize=350%2C200&ssl=1","width":350,"height":200,"srcset":"https:\/\/i0.wp.com\/www.grieta.org.mx\/wp-content\/uploads\/2019\/11\/Santa-Cruz-ejidal-44LAB-2-1068x801.jpg?resize=350%2C200&ssl=1 1x, https:\/\/i0.wp.com\/www.grieta.org.mx\/wp-content\/uploads\/2019\/11\/Santa-Cruz-ejidal-44LAB-2-1068x801.jpg?resize=525%2C300&ssl=1 1.5x, https:\/\/i0.wp.com\/www.grieta.org.mx\/wp-content\/uploads\/2019\/11\/Santa-Cruz-ejidal-44LAB-2-1068x801.jpg?resize=700%2C400&ssl=1 2x, https:\/\/i0.wp.com\/www.grieta.org.mx\/wp-content\/uploads\/2019\/11\/Santa-Cruz-ejidal-44LAB-2-1068x801.jpg?resize=1050%2C600&ssl=1 3x"},"classes":[]},{"id":13034,"url":"https:\/\/www.grieta.org.mx\/index.php\/2016\/05\/24\/jalisco-invierte-dinero-de-sus-burocratas-en-desarrollos-hoteleros\/","url_meta":{"origin":38221,"position":4},"title":"Jalisco invierte dinero de sus bur\u00f3cratas en desarrollos hoteleros","author":"grieta","date":"24 mayo, 2016","format":false,"excerpt":"Juan Carlos Huerta El Instituto de Pensiones del Estado de Jalisco es propietario de condominios, fincas, terrenos, estacionamientos, de unidades m\u00e9dicas, locales comerciales, departamentos y salones para eventos, adem\u00e1s es administrador de edificios. GUADALAJARA, Jalisco.- El gobierno de Jalisco invierte el fondo de pensiones de sus bur\u00f3cratas en tres proyectos\u2026","rel":"","context":"En &quot;CINTILLO&quot;","block_context":{"text":"CINTILLO","link":"https:\/\/www.grieta.org.mx\/index.php\/category\/cintillo\/"},"img":{"alt_text":"","src":"https:\/\/i0.wp.com\/www.grieta.org.mx\/wp-content\/uploads\/2018\/03\/14524434_1106112876131411_958039263622046936_o.jpg?resize=350%2C200&ssl=1","width":350,"height":200,"srcset":"https:\/\/i0.wp.com\/www.grieta.org.mx\/wp-content\/uploads\/2018\/03\/14524434_1106112876131411_958039263622046936_o.jpg?resize=350%2C200&ssl=1 1x, https:\/\/i0.wp.com\/www.grieta.org.mx\/wp-content\/uploads\/2018\/03\/14524434_1106112876131411_958039263622046936_o.jpg?resize=525%2C300&ssl=1 1.5x, https:\/\/i0.wp.com\/www.grieta.org.mx\/wp-content\/uploads\/2018\/03\/14524434_1106112876131411_958039263622046936_o.jpg?resize=700%2C400&ssl=1 2x"},"classes":[]},{"id":16729,"url":"https:\/\/www.grieta.org.mx\/index.php\/2016\/02\/01\/louis-vuitton-construye-hotel-en-jalisco\/","url_meta":{"origin":38221,"position":5},"title":"Louis Vuitton construye hotel en Jalisco","author":"grieta","date":"1 febrero, 2016","format":false,"excerpt":"Juan Carlos Huerta El Grupo Louis Vuitton Mo\u00ebt Hennessy edifica un hotel en la playa de Careyes en Jalisco, para el cual realizar\u00e1 una inversi\u00f3n de 230 millones de d\u00f3lares en su primera etapa. JALISCO.- La cadena francesa Louis Vuitton, avanza en la construcci\u00f3n del que ser\u00e1 su hotel m\u00e1s\u2026","rel":"","context":"En &quot;CINTILLO&quot;","block_context":{"text":"CINTILLO","link":"https:\/\/www.grieta.org.mx\/index.php\/category\/cintillo\/"},"img":{"alt_text":"","src":"https:\/\/i0.wp.com\/www.grieta.org.mx\/wp-content\/uploads\/2018\/03\/14524434_1106112876131411_958039263622046936_o.jpg?resize=350%2C200&ssl=1","width":350,"height":200,"srcset":"https:\/\/i0.wp.com\/www.grieta.org.mx\/wp-content\/uploads\/2018\/03\/14524434_1106112876131411_958039263622046936_o.jpg?resize=350%2C200&ssl=1 1x, https:\/\/i0.wp.com\/www.grieta.org.mx\/wp-content\/uploads\/2018\/03\/14524434_1106112876131411_958039263622046936_o.jpg?resize=525%2C300&ssl=1 1.5x, https:\/\/i0.wp.com\/www.grieta.org.mx\/wp-content\/uploads\/2018\/03\/14524434_1106112876131411_958039263622046936_o.jpg?resize=700%2C400&ssl=1 2x"},"classes":[]}],"_links":{"self":[{"href":"https:\/\/www.grieta.org.mx\/index.php\/wp-json\/wp\/v2\/posts\/38221","targetHints":{"allow":["GET"]}}],"collection":[{"href":"https:\/\/www.grieta.org.mx\/index.php\/wp-json\/wp\/v2\/posts"}],"about":[{"href":"https:\/\/www.grieta.org.mx\/index.php\/wp-json\/wp\/v2\/types\/post"}],"author":[{"embeddable":true,"href":"https:\/\/www.grieta.org.mx\/index.php\/wp-json\/wp\/v2\/users\/2"}],"replies":[{"embeddable":true,"href":"https:\/\/www.grieta.org.mx\/index.php\/wp-json\/wp\/v2\/comments?post=38221"}],"version-history":[{"count":1,"href":"https:\/\/www.grieta.org.mx\/index.php\/wp-json\/wp\/v2\/posts\/38221\/revisions"}],"predecessor-version":[{"id":38224,"href":"https:\/\/www.grieta.org.mx\/index.php\/wp-json\/wp\/v2\/posts\/38221\/revisions\/38224"}],"wp:featuredmedia":[{"embeddable":true,"href":"https:\/\/www.grieta.org.mx\/index.php\/wp-json\/wp\/v2\/media\/38222"}],"wp:attachment":[{"href":"https:\/\/www.grieta.org.mx\/index.php\/wp-json\/wp\/v2\/media?parent=38221"}],"wp:term":[{"taxonomy":"category","embeddable":true,"href":"https:\/\/www.grieta.org.mx\/index.php\/wp-json\/wp\/v2\/categories?post=38221"},{"taxonomy":"post_tag","embeddable":true,"href":"https:\/\/www.grieta.org.mx\/index.php\/wp-json\/wp\/v2\/tags?post=38221"}],"curies":[{"name":"wp","href":"https:\/\/api.w.org\/{rel}","templated":true}]}}