{"id":38218,"date":"2019-08-14T19:43:23","date_gmt":"2019-08-15T00:43:23","guid":{"rendered":"http:\/\/www.grieta.org.mx\/?p=38218"},"modified":"2019-08-23T19:50:25","modified_gmt":"2019-08-24T00:50:25","slug":"registra-jalisco-154-mujeres-asesinadas","status":"publish","type":"post","link":"https:\/\/www.grieta.org.mx\/index.php\/2019\/08\/14\/registra-jalisco-154-mujeres-asesinadas\/","title":{"rendered":"Registra Jalisco 154 mujeres asesinadas"},"content":{"rendered":"<p><img loading=\"lazy\" decoding=\"async\" data-attachment-id=\"37936\" data-permalink=\"https:\/\/www.grieta.org.mx\/index.php\/2019\/08\/16\/preocupa-la-alza-de-los-feminicidios-en-culiacan-sinaloa\/5780345ec4618877778b456e\/\" data-orig-file=\"https:\/\/www.grieta.org.mx\/wp-content\/uploads\/2019\/08\/5780345ec4618877778b456e.jpg\" data-orig-size=\"750,422\" data-comments-opened=\"0\" data-image-meta=\"{&quot;aperture&quot;:&quot;0&quot;,&quot;credit&quot;:&quot;&quot;,&quot;camera&quot;:&quot;&quot;,&quot;caption&quot;:&quot;&quot;,&quot;created_timestamp&quot;:&quot;0&quot;,&quot;copyright&quot;:&quot;&quot;,&quot;focal_length&quot;:&quot;0&quot;,&quot;iso&quot;:&quot;0&quot;,&quot;shutter_speed&quot;:&quot;0&quot;,&quot;title&quot;:&quot;&quot;,&quot;orientation&quot;:&quot;0&quot;}\" data-image-title=\"5780345ec4618877778b456e\" data-image-description=\"\" data-image-caption=\"\" data-medium-file=\"https:\/\/www.grieta.org.mx\/wp-content\/uploads\/2019\/08\/5780345ec4618877778b456e-300x169.jpg\" data-large-file=\"https:\/\/www.grieta.org.mx\/wp-content\/uploads\/2019\/08\/5780345ec4618877778b456e.jpg\" class=\" wp-image-37936 aligncenter\" src=\"http:\/\/www.grieta.org.mx\/wp-content\/uploads\/2019\/08\/5780345ec4618877778b456e.jpg\" alt=\"\" width=\"800\" height=\"450\" srcset=\"https:\/\/www.grieta.org.mx\/wp-content\/uploads\/2019\/08\/5780345ec4618877778b456e.jpg 750w, https:\/\/www.grieta.org.mx\/wp-content\/uploads\/2019\/08\/5780345ec4618877778b456e-300x169.jpg 300w\" sizes=\"auto, (max-width: 800px) 100vw, 800px\" \/><\/p>\n<p>Foto: Reuters \/ Archivo<\/p>\n<p>Violeta Mel\u00e9ndez \/ El Diario NTR<\/p>\n<p>De las 154 muertes violentas de mujeres que registra la Fiscal\u00eda de Jalisco en lo que va del a\u00f1o, solo 14.9 por ciento contin\u00faa actualmente bajo investigaci\u00f3n por feminicidio, es decir, 22 v\u00edctimas, reconoci\u00f3 Fela Pelayo L\u00f3pez, titular de la Secretar\u00eda de Igualdad Sustantiva entre Mujeres y Hombres (SISEMH).<\/p>\n<p>El porcentaje fue criticado por Alejandra Cartagena L\u00f3pez, representante del Comit\u00e9 de Am\u00e9rica Latina y El Caribe para la Defensa de los Derechos de la Mujer (Cladem), pues consider\u00f3 que es resultado de la falta de perspectiva de g\u00e9nero, aseo y cuidado en la integraci\u00f3n de carpetas de investigaci\u00f3n por parte de los ministerios p\u00fablicos, procesos en los que se desestiman detalles importantes relacionados con los cr\u00edmenes, lo que permite clasificarlos en otras categor\u00edas y minimizar la violencia contra la mujer.<\/p>\n<p>\u201cEst\u00e1n haciendo lo mismo que las autoridades de la otra administraci\u00f3n, invisibilizando la situaci\u00f3n de violencia feminicida contra las mujeres. Lo que hemos documentado nosotras es que 20 por ciento de los feminicidios se consideraban como tal y 80 por ciento como homicidio doloso o parricidio, ahora ni siquiera es el 20 por ciento. Lo que est\u00e1n haciendo es ver esta situaci\u00f3n como si fuera algo entre particulares\u201d, lament\u00f3 Cartagena en entrevista.<\/p>\n<p>El hecho de que no se catalogue como feminicidio el asesinato de una mujer perjudica a las v\u00edctimas allegadas, pues quedan fuera del programa gubernamental que asiste a las hijas e hijos de madres privadas de la vida cuyos casos s\u00ed est\u00e1n siendo investigados como tal; la estrategia, b\u00e1sicamente, busca una reparaci\u00f3n del da\u00f1o por la p\u00e9rdida humana.<\/p>\n<p>\u201cSi seguimos diciendo \u2018es que la mat\u00f3 un loco\u2019, \u2018es que est\u00e1n metidas en la delincuencia organizada\u2019, \u2018es que fue su marido, fue algo personal\u2019, no se est\u00e1 garantizando que las mujeres tengamos una vida libre de violencia (&#8230;) al no consignar como feminicidio la violencia, lo que el estado est\u00e1 haciendo es evadir su responsabilidad\u201d, a\u00f1adi\u00f3 Cartagena L\u00f3pez.<\/p>\n<p>Por su parte, Pelayo L\u00f3pez y la subsecretaria para la Transversalidad de la Perspectiva de G\u00e9nero, Mar\u00eda Elena Garc\u00eda Trujillo, aseguraron que todo asesinato contra las mujeres en Jalisco se investiga de inicio como feminicidio y responsabilizaron al Poder Judicial de no mantener esta clasificaci\u00f3n y continuar la investigaci\u00f3n bajo otros delitos.<\/p>\n<p>\u201cEn lo que corresponde a la Fiscal\u00eda Estatal, todas las muertes violentas se est\u00e1n tipificando como tal, ya al momento que pasamos a juzgar al presunto agresor, entonces ya es el Poder Judicial sobre el que recae este tema\u201d, declar\u00f3 Pelayo.<\/p>\n<p>\u201cEl Poder Judicial tiene que hacerse responsable de juzgar y de sentenciar con perspectiva de g\u00e9nero\u201d, a\u00f1adi\u00f3 Garc\u00eda Trujillo, quien presumi\u00f3 que 15 presuntos feminicidas est\u00e1n a la espera de vinculaciones a proceso.<\/p>\n<p><strong>HASTA JUNIO<\/strong><\/p>\n<p>En el periodo de enero a junio, el Secretariado Ejecutivo del Sistema Nacional de Seguridad P\u00fablica (SESNSP) ubica a Jalisco en la decimosegunda posici\u00f3n por n\u00famero de feminicidios, con 15 casos; en total, M\u00e9xico acumula 448.<\/p>\n<p>Si se analizan los homicidios dolosos de mujeres, el estado se encuentra en una peor posici\u00f3n, pues se encuentra en la tercera nacional al registrar 126 v\u00edctimas.<\/p>\n<p><strong>Ofrecen a Municipios $350 mil para alerta de g\u00e9nero<\/strong><\/p>\n<p>Para que los 11 municipios de Jalisco que cuentan con doble alerta de g\u00e9nero, es decir federal y estatal, accedan a equipamiento que les permita mejorar su estrategia de protecci\u00f3n a la mujer, el gobierno del estado anunci\u00f3 que abri\u00f3 una bolsa de 4 millones de pesos de los cuales cada ayuntamiento puede disponer de hasta\u00a0350 mil pesos.<\/p>\n<p>Los ayuntamientos con alerta de g\u00e9nero son: Puerto Vallarta, Tlajomulco de Z\u00fa\u00f1iga, Mezquitic, El Salto, Ameca, Guadalajara, Zapopan, Tlaquepaque, Tonal\u00e1, Lagos de Moreno y Zapotl\u00e1n el Grande<\/p>\n<p>Para que \u00e9stos puedan acceder al financiamiento, Fela Pelayo L\u00f3pez, titular de la Secretar\u00eda de Igualdad Sustantiva entre Mujeres y Hombres (SISEMH), dio a conocer que deber\u00e1n presentar a la dependencia el proyecto que desean desarrollar o la compra que quieran hacer para analizar su viabilidad; en caso de ser factible, se les entregar\u00eda el dinero.<\/p>\n<p>\u201cCon este recurso los Municipios podr\u00e1n adquirir pulsos de vida (&#8230;) pueden fortalecer sus unidades de b\u00fasqueda y rescate municipales para responder al Protocolo Alba, pueden crear y fortalecer unidades especializadas en las comisar\u00edas municipales para el seguimiento de mujeres que cuentan con \u00f3rdenes y medidas de protecci\u00f3n\u201d, ejemplific\u00f3 la funcionaria.<\/p>\n<p>Ser\u00e1 a partir de septiembre cuando los Municipios podr\u00e1n presentar sus proyectos para acceder a un monto m\u00e1ximo de 350 mil pesos.<\/p>\n<p>Una de las estrategias recientes para que las mujeres con \u00f3rdenes de protecci\u00f3n alerten a las autoridades en caso de emergencia es la denominada Pulso de Vida, la cual consiste en un bot\u00f3n de p\u00e1nico port\u00e1til con GPS conectado a la Polic\u00eda municipal que hasta ahora s\u00f3lo Zapopan tiene, ya que su costo unitario es de 3 mil 804 pesos netos debido a que requiere la compra de un radiolocalizador, lo que eleva el costo del dispositivo. Violeta Mel\u00e9ndez<\/p>\n<p><em>&#8220;Est\u00e1n haciendo lo mismo que las autoridades de la otra administraci\u00f3n, invisibilizando la situaci\u00f3n de violencia feminicida contra las mujeres\u201d<\/em><\/p>\n<p><strong>Alejandra Cartagena L\u00f3pez, representante de Cladem<\/strong><\/p>\n<p><strong>\u00bfQu\u00e9 es un feminicidio?<\/strong><\/p>\n<ul>\n<li>\u00a0De acuerdo con el C\u00f3digo Penal Federal, un feminicidio es el asesinato de una mujer por razones de g\u00e9nero, es decir, por el hecho de ser mujer<\/li>\n<li>\u00a0Esto se demuestra con evidencias como violencia previa, violencia sexual durante el crimen, mutilaciones, que exista una relaci\u00f3n sentimental con la v\u00edctima, amenazas previas o exposici\u00f3n de su cuerpo<\/li>\n<li>\u00a0Se castiga con prisi\u00f3n de 25 a 60 a\u00f1os. Pero cuando se trata de homicidio, las penas parten de los 12 a\u00f1os y se elevan seg\u00fan los agravantes<\/li>\n<\/ul>\n<p><a href=\"https:\/\/www.ntrguadalajara.com\/post.php?id_nota=132310\">https:\/\/www.ntrguadalajara.com\/post.php?id_nota=132310<\/a><\/p>\n","protected":false},"excerpt":{"rendered":"<p>Foto: Reuters \/ Archivo Violeta Mel\u00e9ndez \/ El Diario NTR De las 154 muertes violentas de mujeres que registra la Fiscal\u00eda de Jalisco en lo que va del a\u00f1o, solo &hellip; <a href=\"https:\/\/www.grieta.org.mx\/index.php\/2019\/08\/14\/registra-jalisco-154-mujeres-asesinadas\/\" class=\"more-link\">Leer m\u00e1s<\/a><\/p>\n","protected":false},"author":2,"featured_media":37936,"comment_status":"closed","ping_status":"closed","sticky":false,"template":"","format":"standard","meta":{"ngg_post_thumbnail":0,"_jetpack_newsletter_access":"","_jetpack_dont_email_post_to_subs":false,"_jetpack_newsletter_tier_id":0,"_jetpack_memberships_contains_paywalled_content":false,"_jetpack_memberships_contains_paid_content":false,"footnotes":""},"categories":[80,84,2107,20,2,83],"tags":[81],"class_list":["post-38218","post","type-post","status-publish","format-standard","has-post-thumbnail","hentry","category-cintillo","category-feminicidios","category-feminicidios-en-jalisco","category-jalisco","category-noticias-nacionales","category-temas-nacionales","tag-feminicidios","entry"],"jetpack_featured_media_url":"https:\/\/www.grieta.org.mx\/wp-content\/uploads\/2019\/08\/5780345ec4618877778b456e.jpg","jetpack_sharing_enabled":true,"jetpack_shortlink":"https:\/\/wp.me\/p7ZJR4-9Wq","jetpack_likes_enabled":false,"jetpack-related-posts":[{"id":66568,"url":"https:\/\/www.grieta.org.mx\/index.php\/2023\/03\/14\/jalisco-tercer-estado-en-el-que-matan-mas-ninas\/","url_meta":{"origin":38218,"position":0},"title":"Jalisco, tercer estado en el que matan m\u00e1s ni\u00f1as","author":"grieta","date":"14 marzo, 2023","format":false,"excerpt":"Imagen: Archivo NTR \/\u00a0 GP Sonia Serrano I\u00f1iguez \/ El Diario NTR De 2015 a 2022 fueron asesinadas 2 mil 166 ni\u00f1as y adolescentes en el pa\u00eds, delito en el que Jalisco ocupa el tercer lugar nacional con 140 v\u00edctimas, apenas por debajo del Estado de M\u00e9xico y Guanajuato. El\u2026","rel":"","context":"En &quot;CINTILLO&quot;","block_context":{"text":"CINTILLO","link":"https:\/\/www.grieta.org.mx\/index.php\/category\/cintillo\/"},"img":{"alt_text":"","src":"https:\/\/i0.wp.com\/www.grieta.org.mx\/wp-content\/uploads\/2023\/03\/2023-03-14_12-03-49___6344.jpg?resize=350%2C200&ssl=1","width":350,"height":200,"srcset":"https:\/\/i0.wp.com\/www.grieta.org.mx\/wp-content\/uploads\/2023\/03\/2023-03-14_12-03-49___6344.jpg?resize=350%2C200&ssl=1 1x, https:\/\/i0.wp.com\/www.grieta.org.mx\/wp-content\/uploads\/2023\/03\/2023-03-14_12-03-49___6344.jpg?resize=525%2C300&ssl=1 1.5x, https:\/\/i0.wp.com\/www.grieta.org.mx\/wp-content\/uploads\/2023\/03\/2023-03-14_12-03-49___6344.jpg?resize=700%2C400&ssl=1 2x"},"classes":[]},{"id":3157,"url":"https:\/\/www.grieta.org.mx\/index.php\/2015\/12\/17\/matan-a-3-mujeres-por-semana-en-jalisco\/","url_meta":{"origin":38218,"position":1},"title":"Matan a 3 mujeres por semana en Jalisco","author":"grieta","date":"17 diciembre, 2015","format":false,"excerpt":"Por: Redacci\u00f3n (@ProyectoDiez) 17 de diciembre 2015.- Todav\u00eda no termina el a\u00f1o, pero la cantidad de mujeres v\u00edctimas de homicidio ya rebas\u00f3 la registrada el a\u00f1o pasado. El Instituto Jalisciense de Ciencias Forenses registra 142 v\u00edctimas en lo que va del a\u00f1o, mientras que durante todo el 2014 fueron contabilizadas\u2026","rel":"","context":"En &quot;CINTILLO&quot;","block_context":{"text":"CINTILLO","link":"https:\/\/www.grieta.org.mx\/index.php\/category\/cintillo\/"},"img":{"alt_text":"","src":"https:\/\/i0.wp.com\/www.grieta.org.mx\/wp-content\/uploads\/2018\/03\/14524434_1106112876131411_958039263622046936_o.jpg?resize=350%2C200&ssl=1","width":350,"height":200,"srcset":"https:\/\/i0.wp.com\/www.grieta.org.mx\/wp-content\/uploads\/2018\/03\/14524434_1106112876131411_958039263622046936_o.jpg?resize=350%2C200&ssl=1 1x, https:\/\/i0.wp.com\/www.grieta.org.mx\/wp-content\/uploads\/2018\/03\/14524434_1106112876131411_958039263622046936_o.jpg?resize=525%2C300&ssl=1 1.5x, https:\/\/i0.wp.com\/www.grieta.org.mx\/wp-content\/uploads\/2018\/03\/14524434_1106112876131411_958039263622046936_o.jpg?resize=700%2C400&ssl=1 2x"},"classes":[]},{"id":60189,"url":"https:\/\/www.grieta.org.mx\/index.php\/2021\/06\/25\/crece-asesinatos-de-mujeres-en-17-jalisco\/","url_meta":{"origin":38218,"position":2},"title":"Crece asesinatos de mujeres en 17% (Jalisco)","author":"grieta","date":"25 junio, 2021","format":false,"excerpt":"Foto: Archivo NTR Juan Levario \/ El Diario NTR De enero a mayo, los asesinatos de mujeres se han elevado casi 17 por ciento en Jalisco. Al sumar los casos de\u00a0feminicidio\u00a0y los homicidios dolosos de mujeres, el estado concentra 126 v\u00edctimas, 18 m\u00e1s que en el mismo periodo de 2020.\u2026","rel":"","context":"En &quot;CINTILLO&quot;","block_context":{"text":"CINTILLO","link":"https:\/\/www.grieta.org.mx\/index.php\/category\/cintillo\/"},"img":{"alt_text":"","src":"https:\/\/i0.wp.com\/www.grieta.org.mx\/wp-content\/uploads\/2021\/06\/2021-06-24_11-06-16___527.jpg?resize=350%2C200&ssl=1","width":350,"height":200,"srcset":"https:\/\/i0.wp.com\/www.grieta.org.mx\/wp-content\/uploads\/2021\/06\/2021-06-24_11-06-16___527.jpg?resize=350%2C200&ssl=1 1x, https:\/\/i0.wp.com\/www.grieta.org.mx\/wp-content\/uploads\/2021\/06\/2021-06-24_11-06-16___527.jpg?resize=525%2C300&ssl=1 1.5x, https:\/\/i0.wp.com\/www.grieta.org.mx\/wp-content\/uploads\/2021\/06\/2021-06-24_11-06-16___527.jpg?resize=700%2C400&ssl=1 2x"},"classes":[]},{"id":65298,"url":"https:\/\/www.grieta.org.mx\/index.php\/2022\/09\/20\/estudiantes-reclaman-por-feminicidios-de-jalisco\/","url_meta":{"origin":38218,"position":3},"title":"Estudiantes reclaman por feminicidios de Jalisco","author":"grieta","date":"20 septiembre, 2022","format":false,"excerpt":"Imagen: JAM Edgar Flores \/ El Diario NTR Alumnos, maestros y personal directivo de la Preparatoria 20 de la Universidad de Guadalajara (UdeG) protestaron ayer a las afueras de Casa Jalisco para exigir al gobernador del estado, Enrique Alfaro Ram\u00edrez, que atienda la ola de feminicidios que aqueja no s\u00f3lo\u2026","rel":"","context":"En &quot;CINTILLO&quot;","block_context":{"text":"CINTILLO","link":"https:\/\/www.grieta.org.mx\/index.php\/category\/cintillo\/"},"img":{"alt_text":"","src":"https:\/\/i0.wp.com\/www.grieta.org.mx\/wp-content\/uploads\/2022\/09\/2022-09-19_10-09-04___1410.jpg?resize=350%2C200&ssl=1","width":350,"height":200,"srcset":"https:\/\/i0.wp.com\/www.grieta.org.mx\/wp-content\/uploads\/2022\/09\/2022-09-19_10-09-04___1410.jpg?resize=350%2C200&ssl=1 1x, https:\/\/i0.wp.com\/www.grieta.org.mx\/wp-content\/uploads\/2022\/09\/2022-09-19_10-09-04___1410.jpg?resize=525%2C300&ssl=1 1.5x, https:\/\/i0.wp.com\/www.grieta.org.mx\/wp-content\/uploads\/2022\/09\/2022-09-19_10-09-04___1410.jpg?resize=700%2C400&ssl=1 2x"},"classes":[]},{"id":53613,"url":"https:\/\/www.grieta.org.mx\/index.php\/2020\/09\/16\/colectivas-feministas-realizan-antigrita-en-guadalajara-jalisco\/","url_meta":{"origin":38218,"position":4},"title":"Colectivas feministas realizan Antigrita en Guadalajara (Jalisco)","author":"grieta","date":"16 septiembre, 2020","format":false,"excerpt":"Fotograf\u00edas: Mario Marlo Mario Marlo \/ Somos el Medio Guadalajara, 16 de septiembre. Esta tarde en la Glorieta de los y las Jaliscienses Ilustres, en Guadalajara, mujeres realizaron \u00abLa Antigrita\u00bb donde exigieron justicia por los feminicidios y las desapariciones en este estado. Las colectivas feministas que se reunieron en este\u2026","rel":"","context":"En &quot;CINTILLO&quot;","block_context":{"text":"CINTILLO","link":"https:\/\/www.grieta.org.mx\/index.php\/category\/cintillo\/"},"img":{"alt_text":"","src":"https:\/\/i0.wp.com\/www.grieta.org.mx\/wp-content\/uploads\/2020\/09\/Antigrita-5-1068x704-1.jpg?resize=350%2C200&ssl=1","width":350,"height":200,"srcset":"https:\/\/i0.wp.com\/www.grieta.org.mx\/wp-content\/uploads\/2020\/09\/Antigrita-5-1068x704-1.jpg?resize=350%2C200&ssl=1 1x, https:\/\/i0.wp.com\/www.grieta.org.mx\/wp-content\/uploads\/2020\/09\/Antigrita-5-1068x704-1.jpg?resize=525%2C300&ssl=1 1.5x, https:\/\/i0.wp.com\/www.grieta.org.mx\/wp-content\/uploads\/2020\/09\/Antigrita-5-1068x704-1.jpg?resize=700%2C400&ssl=1 2x, https:\/\/i0.wp.com\/www.grieta.org.mx\/wp-content\/uploads\/2020\/09\/Antigrita-5-1068x704-1.jpg?resize=1050%2C600&ssl=1 3x"},"classes":[]},{"id":57694,"url":"https:\/\/www.grieta.org.mx\/index.php\/2021\/03\/09\/con-listones-color-violeta-y-veladoras-feministas-exigen-frente-a-palacio-de-gobierno-justicia-para-victimas-de-feminicidio-y-desaparicion-en-jalisco\/","url_meta":{"origin":38218,"position":5},"title":"Con listones color violeta y veladoras, feministas exigen frente a Palacio de Gobierno justicia para v\u00edctimas de feminicidio y desaparici\u00f3n en Jalisco","author":"grieta","date":"9 marzo, 2021","format":false,"excerpt":"Foto: Mario Marlo Dalia Souza \/ Zona Docs En Jalisco, durante los \u00faltimos cinco a\u00f1os, las autoridades del estado\u00a0han acumulado cerca de 80 mil carpetas de investigaci\u00f3n por delitos cometidos contra mujeres; mientras que, en lo que va del a\u00f1o 2021 -hasta el 8 de marzo-,\u00a0han sido asesinadas de manera\u2026","rel":"","context":"En &quot;CINTILLO&quot;","block_context":{"text":"CINTILLO","link":"https:\/\/www.grieta.org.mx\/index.php\/category\/cintillo\/"},"img":{"alt_text":"","src":"https:\/\/i0.wp.com\/www.grieta.org.mx\/wp-content\/uploads\/2021\/03\/MEMORIAL-8-D.jpeg?resize=350%2C200&ssl=1","width":350,"height":200,"srcset":"https:\/\/i0.wp.com\/www.grieta.org.mx\/wp-content\/uploads\/2021\/03\/MEMORIAL-8-D.jpeg?resize=350%2C200&ssl=1 1x, https:\/\/i0.wp.com\/www.grieta.org.mx\/wp-content\/uploads\/2021\/03\/MEMORIAL-8-D.jpeg?resize=525%2C300&ssl=1 1.5x, https:\/\/i0.wp.com\/www.grieta.org.mx\/wp-content\/uploads\/2021\/03\/MEMORIAL-8-D.jpeg?resize=700%2C400&ssl=1 2x"},"classes":[]}],"_links":{"self":[{"href":"https:\/\/www.grieta.org.mx\/index.php\/wp-json\/wp\/v2\/posts\/38218","targetHints":{"allow":["GET"]}}],"collection":[{"href":"https:\/\/www.grieta.org.mx\/index.php\/wp-json\/wp\/v2\/posts"}],"about":[{"href":"https:\/\/www.grieta.org.mx\/index.php\/wp-json\/wp\/v2\/types\/post"}],"author":[{"embeddable":true,"href":"https:\/\/www.grieta.org.mx\/index.php\/wp-json\/wp\/v2\/users\/2"}],"replies":[{"embeddable":true,"href":"https:\/\/www.grieta.org.mx\/index.php\/wp-json\/wp\/v2\/comments?post=38218"}],"version-history":[{"count":1,"href":"https:\/\/www.grieta.org.mx\/index.php\/wp-json\/wp\/v2\/posts\/38218\/revisions"}],"predecessor-version":[{"id":38220,"href":"https:\/\/www.grieta.org.mx\/index.php\/wp-json\/wp\/v2\/posts\/38218\/revisions\/38220"}],"wp:featuredmedia":[{"embeddable":true,"href":"https:\/\/www.grieta.org.mx\/index.php\/wp-json\/wp\/v2\/media\/37936"}],"wp:attachment":[{"href":"https:\/\/www.grieta.org.mx\/index.php\/wp-json\/wp\/v2\/media?parent=38218"}],"wp:term":[{"taxonomy":"category","embeddable":true,"href":"https:\/\/www.grieta.org.mx\/index.php\/wp-json\/wp\/v2\/categories?post=38218"},{"taxonomy":"post_tag","embeddable":true,"href":"https:\/\/www.grieta.org.mx\/index.php\/wp-json\/wp\/v2\/tags?post=38218"}],"curies":[{"name":"wp","href":"https:\/\/api.w.org\/{rel}","templated":true}]}}