{"id":38109,"date":"2019-08-20T12:40:45","date_gmt":"2019-08-20T17:40:45","guid":{"rendered":"http:\/\/www.grieta.org.mx\/?p=38109"},"modified":"2019-08-21T12:58:27","modified_gmt":"2019-08-21T17:58:27","slug":"la-mineria-no-deja-desarrollo-ni-trabajo-para-los-pueblos-es-un-gran-mito-dice-estudio-de-fundar","status":"publish","type":"post","link":"https:\/\/www.grieta.org.mx\/index.php\/2019\/08\/20\/la-mineria-no-deja-desarrollo-ni-trabajo-para-los-pueblos-es-un-gran-mito-dice-estudio-de-fundar\/","title":{"rendered":"La miner\u00eda no deja desarrollo ni trabajo para los pueblos, es un gran mito, dice estudio de Fundar"},"content":{"rendered":"<figure id=\"attachment_38111\" aria-describedby=\"caption-attachment-38111\" style=\"width: 800px\" class=\"wp-caption aligncenter\"><img loading=\"lazy\" decoding=\"async\" data-attachment-id=\"38111\" data-permalink=\"https:\/\/www.grieta.org.mx\/index.php\/2019\/08\/20\/la-mineria-no-deja-desarrollo-ni-trabajo-para-los-pueblos-es-un-gran-mito-dice-estudio-de-fundar\/mina-guerrero\/\" data-orig-file=\"https:\/\/www.grieta.org.mx\/wp-content\/uploads\/2019\/08\/mina-guerrero.jpg\" data-orig-size=\"1100,580\" data-comments-opened=\"0\" data-image-meta=\"{&quot;aperture&quot;:&quot;0&quot;,&quot;credit&quot;:&quot;&quot;,&quot;camera&quot;:&quot;&quot;,&quot;caption&quot;:&quot;&quot;,&quot;created_timestamp&quot;:&quot;0&quot;,&quot;copyright&quot;:&quot;&quot;,&quot;focal_length&quot;:&quot;0&quot;,&quot;iso&quot;:&quot;0&quot;,&quot;shutter_speed&quot;:&quot;0&quot;,&quot;title&quot;:&quot;&quot;,&quot;orientation&quot;:&quot;0&quot;}\" data-image-title=\"mina-guerrero\" data-image-description=\"\" data-image-caption=\"&lt;p&gt;Mina de Los Filos y Bermejal, de la empresa Goldcorp INC, en Guerrero. Foto: Jos\u00e9 I. Hern\u00e1ndez, Cuartoscuro.&lt;\/p&gt;\n\" data-medium-file=\"https:\/\/www.grieta.org.mx\/wp-content\/uploads\/2019\/08\/mina-guerrero-300x158.jpg\" data-large-file=\"https:\/\/www.grieta.org.mx\/wp-content\/uploads\/2019\/08\/mina-guerrero-1024x540.jpg\" class=\"wp-image-38111\" src=\"http:\/\/www.grieta.org.mx\/wp-content\/uploads\/2019\/08\/mina-guerrero-1024x540.jpg\" alt=\"\" width=\"800\" height=\"422\" srcset=\"https:\/\/www.grieta.org.mx\/wp-content\/uploads\/2019\/08\/mina-guerrero-1024x540.jpg 1024w, https:\/\/www.grieta.org.mx\/wp-content\/uploads\/2019\/08\/mina-guerrero-300x158.jpg 300w, https:\/\/www.grieta.org.mx\/wp-content\/uploads\/2019\/08\/mina-guerrero-768x405.jpg 768w, https:\/\/www.grieta.org.mx\/wp-content\/uploads\/2019\/08\/mina-guerrero-948x500.jpg 948w, https:\/\/www.grieta.org.mx\/wp-content\/uploads\/2019\/08\/mina-guerrero.jpg 1100w\" sizes=\"auto, (max-width: 800px) 100vw, 800px\" \/><figcaption id=\"caption-attachment-38111\" class=\"wp-caption-text\">Mina de Los Filos y Bermejal, de la empresa Goldcorp INC, en Guerrero. Foto: Jos\u00e9 I. Hern\u00e1ndez, Cuartoscuro.<\/figcaption><\/figure>\n<p>Por Dulce Olvera \/ SinEmbargo 20 de agosto de 2019<\/p>\n<blockquote><p><strong>En los centros productores de plata como Fresnillo, Mazapali y Chalchihuites, el 58 por ciento de la poblaci\u00f3n vive en pobreza; el 64 por ciento obtiene un ingreso inferior a la l\u00ednea de bienestar; el 35 por ciento carece de servicios b\u00e1sicos en la vivienda; el 13.16 por ciento no tiene acceso a servicios de salud y un 25 por ciento presenta rezago educativo, de acuerdo con el anuario 2018 \u201cActividades extractivas en M\u00e9xico\u201d de Fundar.<\/strong><\/p><\/blockquote>\n<p>Ciudad de M\u00e9xico, 20 de agosto (SinEmbargo).- Es un \u201cgran mito\u201d que la miner\u00eda genere desarrollo y empleos para las comunidades donde realiza sus actividades, afirma el anuario 2018 \u201cActividades extractivas en M\u00e9xico\u201d de Fundar.<\/p>\n<p>En los centros productores de plata como Fresnillo, Mazapil y Chalchihuites, document\u00f3 la investigadora Beatriz Olivera del centro de an\u00e1lisis, el 58 por ciento de la poblaci\u00f3n vive en pobreza; el 64 por ciento obtiene un ingreso inferior a la l\u00ednea de bienestar; el 35 por ciento carece de servicios b\u00e1sicos en la vivienda; el 13.16 por ciento no tiene acceso a servicios de salud y un 25 por ciento presenta rezago educativo.<\/p>\n<p>En los centros productores de oro, como Caborca, Mazapil, Ocampo, la pobreza se registra en el 50 por ciento de sus habitantes; el ingreso del 55 por ciento es menor a la l\u00ednea de bienestar; y un 29 por ciento carece de servicios b\u00e1sicos en los hogares.<\/p>\n<figure id=\"attachment_38110\" aria-describedby=\"caption-attachment-38110\" style=\"width: 800px\" class=\"wp-caption aligncenter\"><img loading=\"lazy\" decoding=\"async\" data-attachment-id=\"38110\" data-permalink=\"https:\/\/www.grieta.org.mx\/index.php\/2019\/08\/20\/la-mineria-no-deja-desarrollo-ni-trabajo-para-los-pueblos-es-un-gran-mito-dice-estudio-de-fundar\/photo_2019-08-20_12-43-41\/\" data-orig-file=\"https:\/\/www.grieta.org.mx\/wp-content\/uploads\/2019\/08\/photo_2019-08-20_12-43-41.jpg\" data-orig-size=\"700,524\" data-comments-opened=\"0\" data-image-meta=\"{&quot;aperture&quot;:&quot;0&quot;,&quot;credit&quot;:&quot;&quot;,&quot;camera&quot;:&quot;&quot;,&quot;caption&quot;:&quot;&quot;,&quot;created_timestamp&quot;:&quot;0&quot;,&quot;copyright&quot;:&quot;&quot;,&quot;focal_length&quot;:&quot;0&quot;,&quot;iso&quot;:&quot;0&quot;,&quot;shutter_speed&quot;:&quot;0&quot;,&quot;title&quot;:&quot;&quot;,&quot;orientation&quot;:&quot;0&quot;}\" data-image-title=\"photo_2019-08-20_12-43-41\" data-image-description=\"\" data-image-caption=\"&lt;p&gt;\u201cNecesitamos que Presidencia tome m\u00e1s firmeza con este tema\u201d, dijo Zagal. Foto: Dulce Olvera, SinEmbargo.&lt;\/p&gt;\n\" data-medium-file=\"https:\/\/www.grieta.org.mx\/wp-content\/uploads\/2019\/08\/photo_2019-08-20_12-43-41-300x225.jpg\" data-large-file=\"https:\/\/www.grieta.org.mx\/wp-content\/uploads\/2019\/08\/photo_2019-08-20_12-43-41.jpg\" class=\"wp-image-38110\" src=\"http:\/\/www.grieta.org.mx\/wp-content\/uploads\/2019\/08\/photo_2019-08-20_12-43-41.jpg\" alt=\"\" width=\"800\" height=\"599\" srcset=\"https:\/\/www.grieta.org.mx\/wp-content\/uploads\/2019\/08\/photo_2019-08-20_12-43-41.jpg 700w, https:\/\/www.grieta.org.mx\/wp-content\/uploads\/2019\/08\/photo_2019-08-20_12-43-41-300x225.jpg 300w, https:\/\/www.grieta.org.mx\/wp-content\/uploads\/2019\/08\/photo_2019-08-20_12-43-41-668x500.jpg 668w\" sizes=\"auto, (max-width: 800px) 100vw, 800px\" \/><figcaption id=\"caption-attachment-38110\" class=\"wp-caption-text\">Foto: Dulce Olvera, SinEmbargo.<\/figcaption><\/figure>\n<blockquote><p>\u201cEs necesario que se prioricen las necesidades de las poblaciones locales de las zonas de las que extraen recursos minerales y reconfigurar el marco regulatorio minero, dado que su laxitud permite a las empresas extraer oro y plata, pero flexibiliza sus obligaciones y cargas fiscales. Es sustancial retirar los privilegios que tienen dados los escasos beneficios que aportan a las comunidades y al pa\u00eds\u201d, expuso Olivera de Fundar.<\/p><\/blockquote>\n<p>Respecto a oportunidad laboral, las actividades extractivas en el pa\u00eds (de minerales e hidrocarburos) representan solo un 0.66 por ciento (131,434 empleos, IMSS, 2018) del total del empleo asegurado a nivel nacional y, agrega, este sector econ\u00f3mico es el que contrata una mayor proporci\u00f3n (27.4 por ciento) de personal v\u00eda outsourcing sin acceso a seguridad social.<\/p>\n<p>La industria extractiva de minerales genera empleos sobre todo en Coahuila, Sonora, Zacatecas, Chihuahua y Durango. Pero increment\u00f3 76 por ciento este tipo de contrataci\u00f3n que reduce costos a las empresas en detrimento de los trabajadores de 2008 a 2013. Para 2014 (Inegi), la miner\u00eda de oro subcontrat\u00f3 al 65.2 por ciento y la de plata a un 69.3 por ciento.<\/p>\n<blockquote><p>\u201cEs sustancial que el gobierno actual deje de considerar a las actividades extractivas como importantes fuentes de empleo. Las aportaciones de estas empresas en cuanto a oferta laboral no son relevantes y son superadas por otros sectores econ\u00f3micos como la industria de la transformaci\u00f3n, servicios y comercio\u201d, dice Olivera.<\/p><\/blockquote>\n<p>De 2013 a 2018, los proyectos mineros aumentaron 77 por ciento y a finales de 2018 el 92 por ciento de las empresas extractivas eran extranjeras (en su mayor\u00eda canadienses). Y el 75 por ciento de las minas en construcci\u00f3n ser\u00e1n a cielo abierto, una t\u00e9cnica altamente contaminante con severos da\u00f1os ambientales, alert\u00f3 Fundar.<\/p>\n<p>Durante la presentaci\u00f3n del anuario de Fundar, el activista Rub\u00e9n Albarr\u00e1n hizo un llamado a la ciudadan\u00eda a \u201ctener en mente el proceso de transici\u00f3n energ\u00e9tica porque se acabaron los elementos sagrados. Debemos defender el entramado de la vida; detengamos este ecocidio. Hag\u00e1moslo ya. Van tras todo. Es por nuestros hijos; la humanidad contin\u00faa\u201d.<\/p>\n<p>El acad\u00e9mico de la UAM Ferm\u00edn Ledesma asegur\u00f3 que \u201cel capitalismo en su faceta extractivista\u201d ha avanzado en pueblos ind\u00edgenas por el discurso de que \u201ctodo ser\u00e1 mejor\u201d, con ayuda de las autoridades y los medios para enriquecer a otros y otras zonas.<\/p>\n<p><a href=\"https:\/\/www.sinembargo.mx\/20-08-2019\/3631835\">https:\/\/www.sinembargo.mx\/20-08-2019\/3631835<\/a><\/p>\n","protected":false},"excerpt":{"rendered":"<p>Por Dulce Olvera \/ SinEmbargo 20 de agosto de 2019 En los centros productores de plata como Fresnillo, Mazapali y Chalchihuites, el 58 por ciento de la poblaci\u00f3n vive en &hellip; <a href=\"https:\/\/www.grieta.org.mx\/index.php\/2019\/08\/20\/la-mineria-no-deja-desarrollo-ni-trabajo-para-los-pueblos-es-un-gran-mito-dice-estudio-de-fundar\/\" class=\"more-link\">Leer m\u00e1s<\/a><\/p>\n","protected":false},"author":2,"featured_media":38111,"comment_status":"closed","ping_status":"closed","sticky":false,"template":"","format":"standard","meta":{"ngg_post_thumbnail":0,"_jetpack_newsletter_access":"","_jetpack_dont_email_post_to_subs":false,"_jetpack_newsletter_tier_id":0,"_jetpack_memberships_contains_paywalled_content":false,"_jetpack_memberships_contains_paid_content":false,"footnotes":""},"categories":[80,1973,1505,1109,1866,76],"tags":[2216,1065,109],"class_list":["post-38109","post","type-post","status-publish","format-standard","has-post-thumbnail","hentry","category-cintillo","category-conflictos-mineros-en-zacatecas","category-danos-ambientales-y-a-la-salud-por-mineria-en-zacatecas","category-explotacion-y-precariedad-laboral-zacatecas","category-resistencia-contra-la-mineria-en-zacatecas","category-zacatecas","tag-conflictos-por-mineria","tag-despojo-de-agua-y-tierras","tag-mineria","entry"],"jetpack_featured_media_url":"https:\/\/www.grieta.org.mx\/wp-content\/uploads\/2019\/08\/mina-guerrero.jpg","jetpack_sharing_enabled":true,"jetpack_shortlink":"https:\/\/wp.me\/p7ZJR4-9UF","jetpack_likes_enabled":false,"jetpack-related-posts":[{"id":40079,"url":"https:\/\/www.grieta.org.mx\/index.php\/2019\/10\/08\/mineria-y-sustentabilidad-ambiental-son-incompatibles-asegura-investigadora-de-la-unam-zacatecas\/","url_meta":{"origin":38109,"position":0},"title":"Miner\u00eda y sustentabilidad ambiental son incompatibles, asegura investigadora de la UNAM (Zacatecas)","author":"grieta","date":"8 octubre, 2019","format":false,"excerpt":"En las comunidades se reportan fuertes impactos negativos por la miner\u00eda, y a pesar de ello, el marco regulatorio no est\u00e1 a la par de la problem\u00e1tica \u00a0 Zacatecas, 8 de octubre de 2019 Creer que la miner\u00eda es sin\u00f3nimo de progreso y desarrollo es irrisorio; se deben tomar en\u2026","rel":"","context":"En &quot;CINTILLO&quot;","block_context":{"text":"CINTILLO","link":"https:\/\/www.grieta.org.mx\/index.php\/category\/cintillo\/"},"img":{"alt_text":"","src":"https:\/\/i0.wp.com\/www.grieta.org.mx\/wp-content\/uploads\/2019\/10\/coal-1626368_960_720.jpg?resize=350%2C200&ssl=1","width":350,"height":200,"srcset":"https:\/\/i0.wp.com\/www.grieta.org.mx\/wp-content\/uploads\/2019\/10\/coal-1626368_960_720.jpg?resize=350%2C200&ssl=1 1x, https:\/\/i0.wp.com\/www.grieta.org.mx\/wp-content\/uploads\/2019\/10\/coal-1626368_960_720.jpg?resize=525%2C300&ssl=1 1.5x"},"classes":[]},{"id":38782,"url":"https:\/\/www.grieta.org.mx\/index.php\/2019\/09\/03\/rema-interpone-nuevo-juicio-zacatecas\/","url_meta":{"origin":38109,"position":1},"title":"REMA interpone nuevo juicio (Zacatecas)","author":"grieta","date":"3 septiembre, 2019","format":false,"excerpt":"Silvia Alvarado \/ NTR Zacatecas, 03 de septiembre de 2019 La Red Mexicana de Afectados por la Miner\u00eda (REMA) inform\u00f3 que fue interpuesto ante el Tribunal Unitario Agrario, el segundo juicio de nulidad del acta de asamblea realizada el 14 de octubre de 218 en El Potrero, en el que\u2026","rel":"","context":"En &quot;CINTILLO&quot;","block_context":{"text":"CINTILLO","link":"https:\/\/www.grieta.org.mx\/index.php\/category\/cintillo\/"},"img":{"alt_text":"","src":"https:\/\/i0.wp.com\/www.grieta.org.mx\/wp-content\/uploads\/2019\/09\/rema-1.jpeg?resize=350%2C200&ssl=1","width":350,"height":200,"srcset":"https:\/\/i0.wp.com\/www.grieta.org.mx\/wp-content\/uploads\/2019\/09\/rema-1.jpeg?resize=350%2C200&ssl=1 1x, https:\/\/i0.wp.com\/www.grieta.org.mx\/wp-content\/uploads\/2019\/09\/rema-1.jpeg?resize=525%2C300&ssl=1 1.5x, https:\/\/i0.wp.com\/www.grieta.org.mx\/wp-content\/uploads\/2019\/09\/rema-1.jpeg?resize=700%2C400&ssl=1 2x"},"classes":[]},{"id":1397,"url":"https:\/\/www.grieta.org.mx\/index.php\/2015\/01\/31\/dejan-zacatecas-200-mineras-en-dos-anos-miles-pierden-empleo\/","url_meta":{"origin":38109,"position":2},"title":"Dejan Zacatecas 200 mineras en dos a\u00f1os; miles pierden empleo","author":"grieta","date":"31 enero, 2015","format":false,"excerpt":"La Jornada \/ Zacatecas, Zac. 31\/01\/2015 Alrededor de 200 empresas mineras asentadas en Zacatecas han abandonado trabajos de proyecci\u00f3n, exploraci\u00f3n y labores extractivas durante los dos a\u00f1os recientes por causas atribuibles a la ca\u00edda en los precios internacionales de los metales preciosos y por los impuestos que el Congreso de\u2026","rel":"","context":"En &quot;CINTILLO&quot;","block_context":{"text":"CINTILLO","link":"https:\/\/www.grieta.org.mx\/index.php\/category\/cintillo\/"},"img":{"alt_text":"","src":"https:\/\/i0.wp.com\/www.grieta.org.mx\/wp-content\/uploads\/2018\/03\/14524434_1106112876131411_958039263622046936_o.jpg?resize=350%2C200&ssl=1","width":350,"height":200,"srcset":"https:\/\/i0.wp.com\/www.grieta.org.mx\/wp-content\/uploads\/2018\/03\/14524434_1106112876131411_958039263622046936_o.jpg?resize=350%2C200&ssl=1 1x, https:\/\/i0.wp.com\/www.grieta.org.mx\/wp-content\/uploads\/2018\/03\/14524434_1106112876131411_958039263622046936_o.jpg?resize=525%2C300&ssl=1 1.5x, https:\/\/i0.wp.com\/www.grieta.org.mx\/wp-content\/uploads\/2018\/03\/14524434_1106112876131411_958039263622046936_o.jpg?resize=700%2C400&ssl=1 2x"},"classes":[]},{"id":3501,"url":"https:\/\/www.grieta.org.mx\/index.php\/2015\/02\/19\/buscan-mineras-frenar-area-protegida\/","url_meta":{"origin":38109,"position":3},"title":"Buscan mineras frenar \u00e1rea protegida (Zacatecas)","author":"grieta","date":"19 febrero, 2015","format":false,"excerpt":"Karina Su\u00e1rez\/Mural La compa\u00f1\u00edas mineras de Zacatecas cierran filas para frenar el proyecto de declarar 2.5 millones de hect\u00e1reas en \u00e1rea natural protegida. Desde junio pasado a la fecha, est\u00e1 el proyecto para declarar como \u00e1rea natural protegida, con car\u00e1cter de Reserva de la Biosfera, a la regi\u00f3n denominada Desierto\u2026","rel":"","context":"En &quot;CINTILLO&quot;","block_context":{"text":"CINTILLO","link":"https:\/\/www.grieta.org.mx\/index.php\/category\/cintillo\/"},"img":{"alt_text":"","src":"https:\/\/i0.wp.com\/www.grieta.org.mx\/wp-content\/uploads\/2018\/03\/14524434_1106112876131411_958039263622046936_o.jpg?resize=350%2C200&ssl=1","width":350,"height":200,"srcset":"https:\/\/i0.wp.com\/www.grieta.org.mx\/wp-content\/uploads\/2018\/03\/14524434_1106112876131411_958039263622046936_o.jpg?resize=350%2C200&ssl=1 1x, https:\/\/i0.wp.com\/www.grieta.org.mx\/wp-content\/uploads\/2018\/03\/14524434_1106112876131411_958039263622046936_o.jpg?resize=525%2C300&ssl=1 1.5x, https:\/\/i0.wp.com\/www.grieta.org.mx\/wp-content\/uploads\/2018\/03\/14524434_1106112876131411_958039263622046936_o.jpg?resize=700%2C400&ssl=1 2x"},"classes":[]},{"id":43062,"url":"https:\/\/www.grieta.org.mx\/index.php\/2020\/01\/13\/ratifican-ejidatarios-rechazo-a-presa-milpillas-zacatecas\/","url_meta":{"origin":38109,"position":4},"title":"Ratifican ejidatarios rechazo a presa Milpillas (Zacatecas)","author":"grieta","date":"13 enero, 2020","format":false,"excerpt":"MIRIAM SERRANO\/ NTR Zacatecas, 13 de enero de 2020 JIM\u00c9NEZ DEL TE\u00daL.- Luego de que el pasado 4 enero se llev\u00f3 a cabo una asamblea en el Ejido Atotonilco, se inform\u00f3 que ejidatarios de esta localidad y de El Potrero de manera un\u00e1nime ratificaron su rechazo a la autorizaci\u00f3n de\u2026","rel":"","context":"En &quot;CINTILLO&quot;","block_context":{"text":"CINTILLO","link":"https:\/\/www.grieta.org.mx\/index.php\/category\/cintillo\/"},"img":{"alt_text":"","src":"https:\/\/i0.wp.com\/www.grieta.org.mx\/wp-content\/uploads\/2018\/03\/14524434_1106112876131411_958039263622046936_o.jpg?resize=350%2C200&ssl=1","width":350,"height":200,"srcset":"https:\/\/i0.wp.com\/www.grieta.org.mx\/wp-content\/uploads\/2018\/03\/14524434_1106112876131411_958039263622046936_o.jpg?resize=350%2C200&ssl=1 1x, https:\/\/i0.wp.com\/www.grieta.org.mx\/wp-content\/uploads\/2018\/03\/14524434_1106112876131411_958039263622046936_o.jpg?resize=525%2C300&ssl=1 1.5x, https:\/\/i0.wp.com\/www.grieta.org.mx\/wp-content\/uploads\/2018\/03\/14524434_1106112876131411_958039263622046936_o.jpg?resize=700%2C400&ssl=1 2x"},"classes":[]},{"id":3494,"url":"https:\/\/www.grieta.org.mx\/index.php\/2015\/06\/01\/agua-en-zacatecas-altamente-contaminada\/","url_meta":{"origin":38109,"position":5},"title":"Agua en Zacatecas, altamente contaminada","author":"grieta","date":"1 junio, 2015","format":false,"excerpt":"NTR Periodismo Cr\u00edtico Zacatecas Agua en Zacatecas, altamente contaminada Publicado: Lunes, 01 Junio 2015 STAFF\/NTRZACATECAS.COM Darcy Tetreault, investigador de la Unidad Acad\u00e9mica en Estudios en Desarrollo de la UAZ, present\u00f3 un estudio sobre los hallazgos de los altos niveles de contaminaci\u00f3n en el agua que se distribuye en Guadalupe y\u2026","rel":"","context":"En &quot;CINTILLO&quot;","block_context":{"text":"CINTILLO","link":"https:\/\/www.grieta.org.mx\/index.php\/category\/cintillo\/"},"img":{"alt_text":"","src":"https:\/\/i0.wp.com\/www.grieta.org.mx\/wp-content\/uploads\/2018\/03\/14524434_1106112876131411_958039263622046936_o.jpg?resize=350%2C200&ssl=1","width":350,"height":200,"srcset":"https:\/\/i0.wp.com\/www.grieta.org.mx\/wp-content\/uploads\/2018\/03\/14524434_1106112876131411_958039263622046936_o.jpg?resize=350%2C200&ssl=1 1x, https:\/\/i0.wp.com\/www.grieta.org.mx\/wp-content\/uploads\/2018\/03\/14524434_1106112876131411_958039263622046936_o.jpg?resize=525%2C300&ssl=1 1.5x, https:\/\/i0.wp.com\/www.grieta.org.mx\/wp-content\/uploads\/2018\/03\/14524434_1106112876131411_958039263622046936_o.jpg?resize=700%2C400&ssl=1 2x"},"classes":[]}],"_links":{"self":[{"href":"https:\/\/www.grieta.org.mx\/index.php\/wp-json\/wp\/v2\/posts\/38109","targetHints":{"allow":["GET"]}}],"collection":[{"href":"https:\/\/www.grieta.org.mx\/index.php\/wp-json\/wp\/v2\/posts"}],"about":[{"href":"https:\/\/www.grieta.org.mx\/index.php\/wp-json\/wp\/v2\/types\/post"}],"author":[{"embeddable":true,"href":"https:\/\/www.grieta.org.mx\/index.php\/wp-json\/wp\/v2\/users\/2"}],"replies":[{"embeddable":true,"href":"https:\/\/www.grieta.org.mx\/index.php\/wp-json\/wp\/v2\/comments?post=38109"}],"version-history":[{"count":1,"href":"https:\/\/www.grieta.org.mx\/index.php\/wp-json\/wp\/v2\/posts\/38109\/revisions"}],"predecessor-version":[{"id":38112,"href":"https:\/\/www.grieta.org.mx\/index.php\/wp-json\/wp\/v2\/posts\/38109\/revisions\/38112"}],"wp:featuredmedia":[{"embeddable":true,"href":"https:\/\/www.grieta.org.mx\/index.php\/wp-json\/wp\/v2\/media\/38111"}],"wp:attachment":[{"href":"https:\/\/www.grieta.org.mx\/index.php\/wp-json\/wp\/v2\/media?parent=38109"}],"wp:term":[{"taxonomy":"category","embeddable":true,"href":"https:\/\/www.grieta.org.mx\/index.php\/wp-json\/wp\/v2\/categories?post=38109"},{"taxonomy":"post_tag","embeddable":true,"href":"https:\/\/www.grieta.org.mx\/index.php\/wp-json\/wp\/v2\/tags?post=38109"}],"curies":[{"name":"wp","href":"https:\/\/api.w.org\/{rel}","templated":true}]}}